{"id":175361,"date":"2017-07-11T09:55:17","date_gmt":"2017-07-11T07:55:17","guid":{"rendered":"http:\/\/www.mojabochnia.pl\/?p=175361"},"modified":"2017-07-11T10:15:43","modified_gmt":"2017-07-11T08:15:43","slug":"2-mln-zl-na-termomodernizacja-budynku-mechanika","status":"publish","type":"post","link":"https:\/\/www.mojabochnia.pl\/?p=175361","title":{"rendered":"2 mln z\u0142 na termomodernizacj\u0119 budynku &#8222;Mechanika&#8221;"},"content":{"rendered":"<p>Zdobyte pieni\u0105dze pozwol\u0105 na popraw\u0119 efektywno\u015bci energetycznej mechanika, zar\u00f3wno budynku g\u0142\u00f3wnego, jak i<em> warsztat\u00f3w dydaktycznych. Obecnie budynki charakteryzuj\u0105 si\u0119 wysokim zapotrzebowaniem na energi\u0119 ciepln\u0105. Podczas prac wymieniona zostanie instalacja centralnego ogrzewania, zamontowane b\u0119d\u0105 zawory termostatyczne. Docieplone zostan\u0105 stropodachy i \u015bciany zewn\u0119trzne. Wymieniona zostanie r\u00f3wnie\u017c stolarka okienna (w budynku warsztat\u00f3w) i drzwiowa<\/em> &#8211; podaje biuro prasowe starostwa. <\/p>\n<p>Warto\u015b\u0107 zadania szacowana jest na kwot\u0119 2,02 mln z\u0142, natomiast dofinansowanie ze \u015brodk\u00f3w unijnych wyniesie 1,21 mln z\u0142. Zako\u0144czenia projektu mo\u017cemy spodziewa\u0107 si\u0119 z ko\u0144cem 2017 roku. <\/p>\n<p>Zesp\u00f3\u0142 Szk\u00f3\u0142 Nr 1 w Bochni jest najwi\u0119ksz\u0105 szko\u0142\u0105 w powiecie boche\u0144skim. Z klas i pracowni tej plac\u00f3wki korzysta prawie 1300 os\u00f3b. Kszta\u0142cenie jest prowadzone w oko\u0142o 20 zawodach, dla kilku z nich w budynku warsztat\u00f3w realizowane s\u0105 zaj\u0119cia praktyczne. Opr\u00f3cz obowi\u0105zkowych lekcji prowadzone s\u0105 tu r\u00f3wnie\u017c zaj\u0119cia pozalekcyjne i ko\u0142a zainteresowa\u0144.<\/p>\n<p>Pe\u0142na nazwa projektu: Termomodernizacja budynk\u00f3w u\u017cyteczno\u015bci publicznej Zespo\u0142u Szk\u00f3\u0142 Nr 1 im. Stanis\u0142awa Staszica-budynek g\u0142\u00f3wny i warsztaty dydaktyczne w ramach projektu pn. G\u0142\u0119boka modernizacja energetyczna obiekt\u00f3w u\u017cyteczno\u015bci publicznej Powiatu Boche\u0144skiego.<\/p>\n","protected":false},"excerpt":{"rendered":"<p>7 lipca wicemarsza\u0142ek Wojew\u00f3dztwa Ma\u0142opolskiego Stanis\u0142aw Sorys oraz wicestarosta J\u00f3zef Mroczek uroczy\u015bcie podpisali w tarnowskim ratuszu umow\u0119 na dofinansowanie w wysoko\u015bci 1,21 mln z\u0142 ze \u015brodk\u00f3w Regionalnego Programu Operacyjnego WM 2014-2020 na termomodernizacj\u0119 Zespo\u0142u Szk\u00f3l Nr 1 w Bochni.<\/p>\n","protected":false},"author":13,"featured_media":175362,"comment_status":"open","ping_status":"closed","sticky":false,"template":"","format":"standard","meta":{"_acf_changed":false,"footnotes":""},"categories":[5,6251,6250],"tags":[17253,17381,17398,17249,1585],"class_list":["post-175361","post","type-post","status-publish","format-standard","has-post-thumbnail","hentry","category-biezace-wydarzenia","category-polityka-i-wydarzenia","category-tematyka","tag-dotacja","tag-mechanik","tag-powiat","tag-szkola","tag-termomodernizacja","main_tag-szkola"],"acf":[],"yoast_head":"<!-- This site is optimized with the Yoast SEO plugin v26.9 - https:\/\/yoast.com\/product\/yoast-seo-wordpress\/ -->\n<title>2 mln z\u0142 na termomodernizacj\u0119 budynku &quot;Mechanika&quot; - mojabochnia.pl - portal informacyjny<\/title>\n<meta name=\"robots\" content=\"index, follow, max-snippet:-1, max-image-preview:large, max-video-preview:-1\" \/>\n<link rel=\"canonical\" href=\"https:\/\/www.mojabochnia.pl\/?p=175361\" \/>\n<meta property=\"og:locale\" content=\"pl_PL\" \/>\n<meta property=\"og:type\" content=\"article\" \/>\n<meta property=\"og:title\" content=\"2 mln z\u0142 na termomodernizacj\u0119 budynku &quot;Mechanika&quot; - mojabochnia.pl - portal informacyjny\" \/>\n<meta property=\"og:description\" content=\"7 lipca wicemarsza\u0142ek Wojew\u00f3dztwa Ma\u0142opolskiego Stanis\u0142aw Sorys oraz wicestarosta J\u00f3zef Mroczek uroczy\u015bcie podpisali w tarnowskim ratuszu umow\u0119 na dofinansowanie w wysoko\u015bci 1,21 mln z\u0142 ze \u015brodk\u00f3w Regionalnego Programu Operacyjnego WM 2014-2020 na termomodernizacj\u0119 Zespo\u0142u Szk\u00f3l Nr 1 w Bochni.\" \/>\n<meta property=\"og:url\" content=\"https:\/\/www.mojabochnia.pl\/?p=175361\" \/>\n<meta property=\"og:site_name\" content=\"mojabochnia.pl - portal informacyjny\" \/>\n<meta property=\"article:publisher\" content=\"https:\/\/www.facebook.com\/mojabochnia\" \/>\n<meta property=\"article:published_time\" content=\"2017-07-11T07:55:17+00:00\" \/>\n<meta property=\"article:modified_time\" content=\"2017-07-11T08:15:43+00:00\" \/>\n<meta property=\"og:image\" content=\"https:\/\/www.mojabochnia.pl\/wp-content\/uploads\/2017\/07\/2421.jpg\" \/>\n\t<meta property=\"og:image:width\" content=\"880\" \/>\n\t<meta property=\"og:image:height\" content=\"494\" \/>\n\t<meta property=\"og:image:type\" content=\"image\/jpeg\" \/>\n<meta name=\"author\" content=\"redakcja\" \/>\n<meta name=\"twitter:card\" content=\"summary_large_image\" \/>\n<meta name=\"twitter:label1\" content=\"Written by\" \/>\n\t<meta name=\"twitter:data1\" content=\"redakcja\" \/>\n\t<meta name=\"twitter:label2\" content=\"Est. reading time\" \/>\n\t<meta name=\"twitter:data2\" content=\"1 minuta\" \/>\n<script type=\"application\/ld+json\" class=\"yoast-schema-graph\">{\"@context\":\"https:\/\/schema.org\",\"@graph\":[{\"@type\":\"Article\",\"@id\":\"https:\/\/www.mojabochnia.pl\/?p=175361#article\",\"isPartOf\":{\"@id\":\"https:\/\/www.mojabochnia.pl\/?p=175361\"},\"author\":{\"name\":\"redakcja\",\"@id\":\"https:\/\/www.mojabochnia.pl\/#\/schema\/person\/7e2f20ead9902216a3384f13606c0ab7\"},\"headline\":\"2 mln z\u0142 na termomodernizacj\u0119 budynku &#8222;Mechanika&#8221;\",\"datePublished\":\"2017-07-11T07:55:17+00:00\",\"dateModified\":\"2017-07-11T08:15:43+00:00\",\"mainEntityOfPage\":{\"@id\":\"https:\/\/www.mojabochnia.pl\/?p=175361\"},\"wordCount\":202,\"commentCount\":0,\"publisher\":{\"@id\":\"https:\/\/www.mojabochnia.pl\/#organization\"},\"image\":{\"@id\":\"https:\/\/www.mojabochnia.pl\/?p=175361#primaryimage\"},\"thumbnailUrl\":\"https:\/\/www.mojabochnia.pl\/wp-content\/uploads\/2017\/07\/2421.jpg\",\"keywords\":[\"dotacja\",\"mechanik\",\"powiat\",\"szko\u0142a\",\"termomodernizacja\"],\"articleSection\":[\"2_ostatnie\",\"polityka i wydarzenia\",\"tematyka\"],\"inLanguage\":\"pl-PL\",\"potentialAction\":[{\"@type\":\"CommentAction\",\"name\":\"Comment\",\"target\":[\"https:\/\/www.mojabochnia.pl\/?p=175361#respond\"]}]},{\"@type\":\"WebPage\",\"@id\":\"https:\/\/www.mojabochnia.pl\/?p=175361\",\"url\":\"https:\/\/www.mojabochnia.pl\/?p=175361\",\"name\":\"2 mln z\u0142 na termomodernizacj\u0119 budynku \\\"Mechanika\\\" - mojabochnia.pl - portal informacyjny\",\"isPartOf\":{\"@id\":\"https:\/\/www.mojabochnia.pl\/#website\"},\"primaryImageOfPage\":{\"@id\":\"https:\/\/www.mojabochnia.pl\/?p=175361#primaryimage\"},\"image\":{\"@id\":\"https:\/\/www.mojabochnia.pl\/?p=175361#primaryimage\"},\"thumbnailUrl\":\"https:\/\/www.mojabochnia.pl\/wp-content\/uploads\/2017\/07\/2421.jpg\",\"datePublished\":\"2017-07-11T07:55:17+00:00\",\"dateModified\":\"2017-07-11T08:15:43+00:00\",\"breadcrumb\":{\"@id\":\"https:\/\/www.mojabochnia.pl\/?p=175361#breadcrumb\"},\"inLanguage\":\"pl-PL\",\"potentialAction\":[{\"@type\":\"ReadAction\",\"target\":[\"https:\/\/www.mojabochnia.pl\/?p=175361\"]}]},{\"@type\":\"ImageObject\",\"inLanguage\":\"pl-PL\",\"@id\":\"https:\/\/www.mojabochnia.pl\/?p=175361#primaryimage\",\"url\":\"https:\/\/www.mojabochnia.pl\/wp-content\/uploads\/2017\/07\/2421.jpg\",\"contentUrl\":\"https:\/\/www.mojabochnia.pl\/wp-content\/uploads\/2017\/07\/2421.jpg\",\"width\":880,\"height\":494,\"caption\":\"materia\u0142y prasowe\"},{\"@type\":\"BreadcrumbList\",\"@id\":\"https:\/\/www.mojabochnia.pl\/?p=175361#breadcrumb\",\"itemListElement\":[{\"@type\":\"ListItem\",\"position\":1,\"name\":\"Home\",\"item\":\"https:\/\/www.mojabochnia.pl\/\"},{\"@type\":\"ListItem\",\"position\":2,\"name\":\"2 mln z\u0142 na termomodernizacj\u0119 budynku &#8222;Mechanika&#8221;\"}]},{\"@type\":\"WebSite\",\"@id\":\"https:\/\/www.mojabochnia.pl\/#website\",\"url\":\"https:\/\/www.mojabochnia.pl\/\",\"name\":\"mojabochnia.pl - portal informacyjny\",\"description\":\"mojaBochnia to portal informacyjny o Bochni. Codziennie o Bochni piszemy i pokazujemy najwa\u017cniejsze wydarzenia\",\"publisher\":{\"@id\":\"https:\/\/www.mojabochnia.pl\/#organization\"},\"potentialAction\":[{\"@type\":\"SearchAction\",\"target\":{\"@type\":\"EntryPoint\",\"urlTemplate\":\"https:\/\/www.mojabochnia.pl\/?s={search_term_string}\"},\"query-input\":{\"@type\":\"PropertyValueSpecification\",\"valueRequired\":true,\"valueName\":\"search_term_string\"}}],\"inLanguage\":\"pl-PL\"},{\"@type\":\"Organization\",\"@id\":\"https:\/\/www.mojabochnia.pl\/#organization\",\"name\":\"mojabochnia.pl - portal informacyjny\",\"url\":\"https:\/\/www.mojabochnia.pl\/\",\"logo\":{\"@type\":\"ImageObject\",\"inLanguage\":\"pl-PL\",\"@id\":\"https:\/\/www.mojabochnia.pl\/#\/schema\/logo\/image\/\",\"url\":\"https:\/\/www.mojabochnia.pl\/wp-content\/uploads\/2017\/08\/logo-mb-opt.png\",\"contentUrl\":\"https:\/\/www.mojabochnia.pl\/wp-content\/uploads\/2017\/08\/logo-mb-opt.png\",\"width\":250,\"height\":48,\"caption\":\"mojabochnia.pl - portal informacyjny\"},\"image\":{\"@id\":\"https:\/\/www.mojabochnia.pl\/#\/schema\/logo\/image\/\"},\"sameAs\":[\"https:\/\/www.facebook.com\/mojabochnia\"]},{\"@type\":\"Person\",\"@id\":\"https:\/\/www.mojabochnia.pl\/#\/schema\/person\/7e2f20ead9902216a3384f13606c0ab7\",\"name\":\"redakcja\",\"sameAs\":[\"http:\/\/\"],\"url\":\"https:\/\/www.mojabochnia.pl\/?author=13\"}]}<\/script>\n<!-- \/ Yoast SEO plugin. -->","yoast_head_json":{"title":"2 mln z\u0142 na termomodernizacj\u0119 budynku \"Mechanika\" - mojabochnia.pl - portal informacyjny","robots":{"index":"index","follow":"follow","max-snippet":"max-snippet:-1","max-image-preview":"max-image-preview:large","max-video-preview":"max-video-preview:-1"},"canonical":"https:\/\/www.mojabochnia.pl\/?p=175361","og_locale":"pl_PL","og_type":"article","og_title":"2 mln z\u0142 na termomodernizacj\u0119 budynku \"Mechanika\" - mojabochnia.pl - portal informacyjny","og_description":"7 lipca wicemarsza\u0142ek Wojew\u00f3dztwa Ma\u0142opolskiego Stanis\u0142aw Sorys oraz wicestarosta J\u00f3zef Mroczek uroczy\u015bcie podpisali w tarnowskim ratuszu umow\u0119 na dofinansowanie w wysoko\u015bci 1,21 mln z\u0142 ze \u015brodk\u00f3w Regionalnego Programu Operacyjnego WM 2014-2020 na termomodernizacj\u0119 Zespo\u0142u Szk\u00f3l Nr 1 w Bochni.","og_url":"https:\/\/www.mojabochnia.pl\/?p=175361","og_site_name":"mojabochnia.pl - portal informacyjny","article_publisher":"https:\/\/www.facebook.com\/mojabochnia","article_published_time":"2017-07-11T07:55:17+00:00","article_modified_time":"2017-07-11T08:15:43+00:00","og_image":[{"width":880,"height":494,"url":"https:\/\/www.mojabochnia.pl\/wp-content\/uploads\/2017\/07\/2421.jpg","type":"image\/jpeg"}],"author":"redakcja","twitter_card":"summary_large_image","twitter_misc":{"Written by":"redakcja","Est. reading time":"1 minuta"},"schema":{"@context":"https:\/\/schema.org","@graph":[{"@type":"Article","@id":"https:\/\/www.mojabochnia.pl\/?p=175361#article","isPartOf":{"@id":"https:\/\/www.mojabochnia.pl\/?p=175361"},"author":{"name":"redakcja","@id":"https:\/\/www.mojabochnia.pl\/#\/schema\/person\/7e2f20ead9902216a3384f13606c0ab7"},"headline":"2 mln z\u0142 na termomodernizacj\u0119 budynku &#8222;Mechanika&#8221;","datePublished":"2017-07-11T07:55:17+00:00","dateModified":"2017-07-11T08:15:43+00:00","mainEntityOfPage":{"@id":"https:\/\/www.mojabochnia.pl\/?p=175361"},"wordCount":202,"commentCount":0,"publisher":{"@id":"https:\/\/www.mojabochnia.pl\/#organization"},"image":{"@id":"https:\/\/www.mojabochnia.pl\/?p=175361#primaryimage"},"thumbnailUrl":"https:\/\/www.mojabochnia.pl\/wp-content\/uploads\/2017\/07\/2421.jpg","keywords":["dotacja","mechanik","powiat","szko\u0142a","termomodernizacja"],"articleSection":["2_ostatnie","polityka i wydarzenia","tematyka"],"inLanguage":"pl-PL","potentialAction":[{"@type":"CommentAction","name":"Comment","target":["https:\/\/www.mojabochnia.pl\/?p=175361#respond"]}]},{"@type":"WebPage","@id":"https:\/\/www.mojabochnia.pl\/?p=175361","url":"https:\/\/www.mojabochnia.pl\/?p=175361","name":"2 mln z\u0142 na termomodernizacj\u0119 budynku \"Mechanika\" - mojabochnia.pl - portal informacyjny","isPartOf":{"@id":"https:\/\/www.mojabochnia.pl\/#website"},"primaryImageOfPage":{"@id":"https:\/\/www.mojabochnia.pl\/?p=175361#primaryimage"},"image":{"@id":"https:\/\/www.mojabochnia.pl\/?p=175361#primaryimage"},"thumbnailUrl":"https:\/\/www.mojabochnia.pl\/wp-content\/uploads\/2017\/07\/2421.jpg","datePublished":"2017-07-11T07:55:17+00:00","dateModified":"2017-07-11T08:15:43+00:00","breadcrumb":{"@id":"https:\/\/www.mojabochnia.pl\/?p=175361#breadcrumb"},"inLanguage":"pl-PL","potentialAction":[{"@type":"ReadAction","target":["https:\/\/www.mojabochnia.pl\/?p=175361"]}]},{"@type":"ImageObject","inLanguage":"pl-PL","@id":"https:\/\/www.mojabochnia.pl\/?p=175361#primaryimage","url":"https:\/\/www.mojabochnia.pl\/wp-content\/uploads\/2017\/07\/2421.jpg","contentUrl":"https:\/\/www.mojabochnia.pl\/wp-content\/uploads\/2017\/07\/2421.jpg","width":880,"height":494,"caption":"materia\u0142y prasowe"},{"@type":"BreadcrumbList","@id":"https:\/\/www.mojabochnia.pl\/?p=175361#breadcrumb","itemListElement":[{"@type":"ListItem","position":1,"name":"Home","item":"https:\/\/www.mojabochnia.pl\/"},{"@type":"ListItem","position":2,"name":"2 mln z\u0142 na termomodernizacj\u0119 budynku &#8222;Mechanika&#8221;"}]},{"@type":"WebSite","@id":"https:\/\/www.mojabochnia.pl\/#website","url":"https:\/\/www.mojabochnia.pl\/","name":"mojabochnia.pl - portal informacyjny","description":"mojaBochnia to portal informacyjny o Bochni. Codziennie o Bochni piszemy i pokazujemy najwa\u017cniejsze wydarzenia","publisher":{"@id":"https:\/\/www.mojabochnia.pl\/#organization"},"potentialAction":[{"@type":"SearchAction","target":{"@type":"EntryPoint","urlTemplate":"https:\/\/www.mojabochnia.pl\/?s={search_term_string}"},"query-input":{"@type":"PropertyValueSpecification","valueRequired":true,"valueName":"search_term_string"}}],"inLanguage":"pl-PL"},{"@type":"Organization","@id":"https:\/\/www.mojabochnia.pl\/#organization","name":"mojabochnia.pl - portal informacyjny","url":"https:\/\/www.mojabochnia.pl\/","logo":{"@type":"ImageObject","inLanguage":"pl-PL","@id":"https:\/\/www.mojabochnia.pl\/#\/schema\/logo\/image\/","url":"https:\/\/www.mojabochnia.pl\/wp-content\/uploads\/2017\/08\/logo-mb-opt.png","contentUrl":"https:\/\/www.mojabochnia.pl\/wp-content\/uploads\/2017\/08\/logo-mb-opt.png","width":250,"height":48,"caption":"mojabochnia.pl - portal informacyjny"},"image":{"@id":"https:\/\/www.mojabochnia.pl\/#\/schema\/logo\/image\/"},"sameAs":["https:\/\/www.facebook.com\/mojabochnia"]},{"@type":"Person","@id":"https:\/\/www.mojabochnia.pl\/#\/schema\/person\/7e2f20ead9902216a3384f13606c0ab7","name":"redakcja","sameAs":["http:\/\/"],"url":"https:\/\/www.mojabochnia.pl\/?author=13"}]}},"_links":{"self":[{"href":"https:\/\/www.mojabochnia.pl\/index.php?rest_route=\/wp\/v2\/posts\/175361","targetHints":{"allow":["GET"]}}],"collection":[{"href":"https:\/\/www.mojabochnia.pl\/index.php?rest_route=\/wp\/v2\/posts"}],"about":[{"href":"https:\/\/www.mojabochnia.pl\/index.php?rest_route=\/wp\/v2\/types\/post"}],"author":[{"embeddable":true,"href":"https:\/\/www.mojabochnia.pl\/index.php?rest_route=\/wp\/v2\/users\/13"}],"replies":[{"embeddable":true,"href":"https:\/\/www.mojabochnia.pl\/index.php?rest_route=%2Fwp%2Fv2%2Fcomments&post=175361"}],"version-history":[{"count":2,"href":"https:\/\/www.mojabochnia.pl\/index.php?rest_route=\/wp\/v2\/posts\/175361\/revisions"}],"predecessor-version":[{"id":175368,"href":"https:\/\/www.mojabochnia.pl\/index.php?rest_route=\/wp\/v2\/posts\/175361\/revisions\/175368"}],"wp:featuredmedia":[{"embeddable":true,"href":"https:\/\/www.mojabochnia.pl\/index.php?rest_route=\/wp\/v2\/media\/175362"}],"wp:attachment":[{"href":"https:\/\/www.mojabochnia.pl\/index.php?rest_route=%2Fwp%2Fv2%2Fmedia&parent=175361"}],"wp:term":[{"taxonomy":"category","embeddable":true,"href":"https:\/\/www.mojabochnia.pl\/index.php?rest_route=%2Fwp%2Fv2%2Fcategories&post=175361"},{"taxonomy":"post_tag","embeddable":true,"href":"https:\/\/www.mojabochnia.pl\/index.php?rest_route=%2Fwp%2Fv2%2Ftags&post=175361"}],"curies":[{"name":"wp","href":"https:\/\/api.w.org\/{rel}","templated":true}]}}