{"id":174959,"date":"2017-07-06T07:20:05","date_gmt":"2017-07-06T05:20:05","guid":{"rendered":"http:\/\/www.mojabochnia.pl\/?p=174959"},"modified":"2017-07-05T09:25:01","modified_gmt":"2017-07-05T07:25:01","slug":"weekend-charytatywny-piknik-rodzinny-w-sobolowie","status":"publish","type":"post","link":"https:\/\/www.mojabochnia.pl\/?p=174959","title":{"rendered":"Weekend: Charytatywny Piknik Rodzinny w Sobolowie"},"content":{"rendered":"<p>Niekt\u00f3re z tegorocznych atrakcji:<\/p>\n<p>&#8211; Charytatywny turniej pi\u0142ki no\u017cnej (sobota)<\/p>\n<p>Pokaz gotowania podczas pikniku da finalista programu MasterChef &#8211; Charles Daigneault<\/p>\n<p>&#8211; Tradycyjny konkurs z nagrodami (niedziela). Nagrody g\u0142\u00f3wne: Robot kuchenny, lot szybowcem, basen i inne atrakcyjne fanty.<\/p>\n<p>&#8211; Zje\u017cd\u017calnie, jazda konna, malowanie twarzy mn\u00f3stwo dobrego jedzenia i lody.<\/p>\n<p>&#8211; Konkurs z nagrodami, z kt\u00f3rego cze\u015b\u0107 dochod\u00f3w zostanie przekazana na rehabilitacj\u0119 \u0141ukasza.<\/p>\n<p>Organizatorem imprezy jest Stowarzyszenie RAZEM \u0141atwiej.<\/p>\n","protected":false},"excerpt":{"rendered":"<p>8 i 9 lipca na Stadionie LKS Naprz\u00f3d Sobol\u00f3w odb\u0119dzie si\u0119 V Charytatywny Piknik Rodzinny. W tym roku organizatorzy zbieraj\u0105 na leczenie \u0141ukasza Mardosza, kt\u00f3ry mia\u0142 wypadek w pracy 22 grudnia 2016 r. Od tego czasu jest nieprzytomny i wymaga rehabilitacji, kt\u00f3ra jest potwornie droga. W czasie wydarzenia b\u0119dzie prowadzona zbi\u00f3rka pieni\u0119dzy na rehabilitacj\u0119 \u0141ukasza.<\/p>\n","protected":false},"author":13,"featured_media":174961,"comment_status":"open","ping_status":"closed","sticky":false,"template":"","format":"standard","meta":{"_acf_changed":false,"footnotes":""},"categories":[5,6251,6250],"tags":[17762,17436,17204,19687],"class_list":["post-174959","post","type-post","status-publish","format-standard","has-post-thumbnail","hentry","category-biezace-wydarzenia","category-polityka-i-wydarzenia","category-tematyka","tag-piknik-charytatywny","tag-pomoc","tag-sobolow","tag-stowarzyszenie-razem-latwiej","main_tag-pomoc"],"acf":[],"yoast_head":"<!-- This site is optimized with the Yoast SEO plugin v26.9 - https:\/\/yoast.com\/product\/yoast-seo-wordpress\/ -->\n<title>Weekend: Charytatywny Piknik Rodzinny w Sobolowie - mojabochnia.pl - portal informacyjny<\/title>\n<meta name=\"robots\" content=\"index, follow, max-snippet:-1, max-image-preview:large, max-video-preview:-1\" \/>\n<link rel=\"canonical\" href=\"https:\/\/www.mojabochnia.pl\/?p=174959\" \/>\n<meta property=\"og:locale\" content=\"pl_PL\" \/>\n<meta property=\"og:type\" content=\"article\" \/>\n<meta property=\"og:title\" content=\"Weekend: Charytatywny Piknik Rodzinny w Sobolowie - mojabochnia.pl - portal informacyjny\" \/>\n<meta property=\"og:description\" content=\"8 i 9 lipca na Stadionie LKS Naprz\u00f3d Sobol\u00f3w odb\u0119dzie si\u0119 V Charytatywny Piknik Rodzinny. W tym roku organizatorzy zbieraj\u0105 na leczenie \u0141ukasza Mardosza, kt\u00f3ry mia\u0142 wypadek w pracy 22 grudnia 2016 r. Od tego czasu jest nieprzytomny i wymaga rehabilitacji, kt\u00f3ra jest potwornie droga. W czasie wydarzenia b\u0119dzie prowadzona zbi\u00f3rka pieni\u0119dzy na rehabilitacj\u0119 \u0141ukasza.\" \/>\n<meta property=\"og:url\" content=\"https:\/\/www.mojabochnia.pl\/?p=174959\" \/>\n<meta property=\"og:site_name\" content=\"mojabochnia.pl - portal informacyjny\" \/>\n<meta property=\"article:publisher\" content=\"https:\/\/www.facebook.com\/mojabochnia\" \/>\n<meta property=\"article:published_time\" content=\"2017-07-06T05:20:05+00:00\" \/>\n<meta property=\"og:image\" content=\"https:\/\/www.mojabochnia.pl\/wp-content\/uploads\/2017\/07\/plakat.jpg\" \/>\n\t<meta property=\"og:image:width\" content=\"1448\" \/>\n\t<meta property=\"og:image:height\" content=\"2048\" \/>\n\t<meta property=\"og:image:type\" content=\"image\/jpeg\" \/>\n<meta name=\"author\" content=\"redakcja\" \/>\n<meta name=\"twitter:card\" content=\"summary_large_image\" \/>\n<meta name=\"twitter:label1\" content=\"Written by\" \/>\n\t<meta name=\"twitter:data1\" content=\"redakcja\" \/>\n<script type=\"application\/ld+json\" class=\"yoast-schema-graph\">{\"@context\":\"https:\/\/schema.org\",\"@graph\":[{\"@type\":\"Article\",\"@id\":\"https:\/\/www.mojabochnia.pl\/?p=174959#article\",\"isPartOf\":{\"@id\":\"https:\/\/www.mojabochnia.pl\/?p=174959\"},\"author\":{\"name\":\"redakcja\",\"@id\":\"https:\/\/www.mojabochnia.pl\/#\/schema\/person\/7e2f20ead9902216a3384f13606c0ab7\"},\"headline\":\"Weekend: Charytatywny Piknik Rodzinny w Sobolowie\",\"datePublished\":\"2017-07-06T05:20:05+00:00\",\"mainEntityOfPage\":{\"@id\":\"https:\/\/www.mojabochnia.pl\/?p=174959\"},\"wordCount\":83,\"commentCount\":0,\"publisher\":{\"@id\":\"https:\/\/www.mojabochnia.pl\/#organization\"},\"image\":{\"@id\":\"https:\/\/www.mojabochnia.pl\/?p=174959#primaryimage\"},\"thumbnailUrl\":\"https:\/\/www.mojabochnia.pl\/wp-content\/uploads\/2017\/07\/plakat.jpg\",\"keywords\":[\"piknik charytatywny\",\"pomoc\",\"sobol\u00f3w\",\"stowarzyszenie razem \u0142atwiej\"],\"articleSection\":[\"2_ostatnie\",\"polityka i wydarzenia\",\"tematyka\"],\"inLanguage\":\"pl-PL\",\"potentialAction\":[{\"@type\":\"CommentAction\",\"name\":\"Comment\",\"target\":[\"https:\/\/www.mojabochnia.pl\/?p=174959#respond\"]}]},{\"@type\":\"WebPage\",\"@id\":\"https:\/\/www.mojabochnia.pl\/?p=174959\",\"url\":\"https:\/\/www.mojabochnia.pl\/?p=174959\",\"name\":\"Weekend: Charytatywny Piknik Rodzinny w Sobolowie - mojabochnia.pl - portal informacyjny\",\"isPartOf\":{\"@id\":\"https:\/\/www.mojabochnia.pl\/#website\"},\"primaryImageOfPage\":{\"@id\":\"https:\/\/www.mojabochnia.pl\/?p=174959#primaryimage\"},\"image\":{\"@id\":\"https:\/\/www.mojabochnia.pl\/?p=174959#primaryimage\"},\"thumbnailUrl\":\"https:\/\/www.mojabochnia.pl\/wp-content\/uploads\/2017\/07\/plakat.jpg\",\"datePublished\":\"2017-07-06T05:20:05+00:00\",\"breadcrumb\":{\"@id\":\"https:\/\/www.mojabochnia.pl\/?p=174959#breadcrumb\"},\"inLanguage\":\"pl-PL\",\"potentialAction\":[{\"@type\":\"ReadAction\",\"target\":[\"https:\/\/www.mojabochnia.pl\/?p=174959\"]}]},{\"@type\":\"ImageObject\",\"inLanguage\":\"pl-PL\",\"@id\":\"https:\/\/www.mojabochnia.pl\/?p=174959#primaryimage\",\"url\":\"https:\/\/www.mojabochnia.pl\/wp-content\/uploads\/2017\/07\/plakat.jpg\",\"contentUrl\":\"https:\/\/www.mojabochnia.pl\/wp-content\/uploads\/2017\/07\/plakat.jpg\",\"width\":1448,\"height\":2048,\"caption\":\"plakat\"},{\"@type\":\"BreadcrumbList\",\"@id\":\"https:\/\/www.mojabochnia.pl\/?p=174959#breadcrumb\",\"itemListElement\":[{\"@type\":\"ListItem\",\"position\":1,\"name\":\"Home\",\"item\":\"https:\/\/www.mojabochnia.pl\/\"},{\"@type\":\"ListItem\",\"position\":2,\"name\":\"Weekend: Charytatywny Piknik Rodzinny w Sobolowie\"}]},{\"@type\":\"WebSite\",\"@id\":\"https:\/\/www.mojabochnia.pl\/#website\",\"url\":\"https:\/\/www.mojabochnia.pl\/\",\"name\":\"mojabochnia.pl - portal informacyjny\",\"description\":\"mojaBochnia to portal informacyjny o Bochni. Codziennie o Bochni piszemy i pokazujemy najwa\u017cniejsze wydarzenia\",\"publisher\":{\"@id\":\"https:\/\/www.mojabochnia.pl\/#organization\"},\"potentialAction\":[{\"@type\":\"SearchAction\",\"target\":{\"@type\":\"EntryPoint\",\"urlTemplate\":\"https:\/\/www.mojabochnia.pl\/?s={search_term_string}\"},\"query-input\":{\"@type\":\"PropertyValueSpecification\",\"valueRequired\":true,\"valueName\":\"search_term_string\"}}],\"inLanguage\":\"pl-PL\"},{\"@type\":\"Organization\",\"@id\":\"https:\/\/www.mojabochnia.pl\/#organization\",\"name\":\"mojabochnia.pl - portal informacyjny\",\"url\":\"https:\/\/www.mojabochnia.pl\/\",\"logo\":{\"@type\":\"ImageObject\",\"inLanguage\":\"pl-PL\",\"@id\":\"https:\/\/www.mojabochnia.pl\/#\/schema\/logo\/image\/\",\"url\":\"https:\/\/www.mojabochnia.pl\/wp-content\/uploads\/2017\/08\/logo-mb-opt.png\",\"contentUrl\":\"https:\/\/www.mojabochnia.pl\/wp-content\/uploads\/2017\/08\/logo-mb-opt.png\",\"width\":250,\"height\":48,\"caption\":\"mojabochnia.pl - portal informacyjny\"},\"image\":{\"@id\":\"https:\/\/www.mojabochnia.pl\/#\/schema\/logo\/image\/\"},\"sameAs\":[\"https:\/\/www.facebook.com\/mojabochnia\"]},{\"@type\":\"Person\",\"@id\":\"https:\/\/www.mojabochnia.pl\/#\/schema\/person\/7e2f20ead9902216a3384f13606c0ab7\",\"name\":\"redakcja\",\"sameAs\":[\"http:\/\/\"],\"url\":\"https:\/\/www.mojabochnia.pl\/?author=13\"}]}<\/script>\n<!-- \/ Yoast SEO plugin. -->","yoast_head_json":{"title":"Weekend: Charytatywny Piknik Rodzinny w Sobolowie - mojabochnia.pl - portal informacyjny","robots":{"index":"index","follow":"follow","max-snippet":"max-snippet:-1","max-image-preview":"max-image-preview:large","max-video-preview":"max-video-preview:-1"},"canonical":"https:\/\/www.mojabochnia.pl\/?p=174959","og_locale":"pl_PL","og_type":"article","og_title":"Weekend: Charytatywny Piknik Rodzinny w Sobolowie - mojabochnia.pl - portal informacyjny","og_description":"8 i 9 lipca na Stadionie LKS Naprz\u00f3d Sobol\u00f3w odb\u0119dzie si\u0119 V Charytatywny Piknik Rodzinny. W tym roku organizatorzy zbieraj\u0105 na leczenie \u0141ukasza Mardosza, kt\u00f3ry mia\u0142 wypadek w pracy 22 grudnia 2016 r. Od tego czasu jest nieprzytomny i wymaga rehabilitacji, kt\u00f3ra jest potwornie droga. W czasie wydarzenia b\u0119dzie prowadzona zbi\u00f3rka pieni\u0119dzy na rehabilitacj\u0119 \u0141ukasza.","og_url":"https:\/\/www.mojabochnia.pl\/?p=174959","og_site_name":"mojabochnia.pl - portal informacyjny","article_publisher":"https:\/\/www.facebook.com\/mojabochnia","article_published_time":"2017-07-06T05:20:05+00:00","og_image":[{"width":1448,"height":2048,"url":"https:\/\/www.mojabochnia.pl\/wp-content\/uploads\/2017\/07\/plakat.jpg","type":"image\/jpeg"}],"author":"redakcja","twitter_card":"summary_large_image","twitter_misc":{"Written by":"redakcja"},"schema":{"@context":"https:\/\/schema.org","@graph":[{"@type":"Article","@id":"https:\/\/www.mojabochnia.pl\/?p=174959#article","isPartOf":{"@id":"https:\/\/www.mojabochnia.pl\/?p=174959"},"author":{"name":"redakcja","@id":"https:\/\/www.mojabochnia.pl\/#\/schema\/person\/7e2f20ead9902216a3384f13606c0ab7"},"headline":"Weekend: Charytatywny Piknik Rodzinny w Sobolowie","datePublished":"2017-07-06T05:20:05+00:00","mainEntityOfPage":{"@id":"https:\/\/www.mojabochnia.pl\/?p=174959"},"wordCount":83,"commentCount":0,"publisher":{"@id":"https:\/\/www.mojabochnia.pl\/#organization"},"image":{"@id":"https:\/\/www.mojabochnia.pl\/?p=174959#primaryimage"},"thumbnailUrl":"https:\/\/www.mojabochnia.pl\/wp-content\/uploads\/2017\/07\/plakat.jpg","keywords":["piknik charytatywny","pomoc","sobol\u00f3w","stowarzyszenie razem \u0142atwiej"],"articleSection":["2_ostatnie","polityka i wydarzenia","tematyka"],"inLanguage":"pl-PL","potentialAction":[{"@type":"CommentAction","name":"Comment","target":["https:\/\/www.mojabochnia.pl\/?p=174959#respond"]}]},{"@type":"WebPage","@id":"https:\/\/www.mojabochnia.pl\/?p=174959","url":"https:\/\/www.mojabochnia.pl\/?p=174959","name":"Weekend: Charytatywny Piknik Rodzinny w Sobolowie - mojabochnia.pl - portal informacyjny","isPartOf":{"@id":"https:\/\/www.mojabochnia.pl\/#website"},"primaryImageOfPage":{"@id":"https:\/\/www.mojabochnia.pl\/?p=174959#primaryimage"},"image":{"@id":"https:\/\/www.mojabochnia.pl\/?p=174959#primaryimage"},"thumbnailUrl":"https:\/\/www.mojabochnia.pl\/wp-content\/uploads\/2017\/07\/plakat.jpg","datePublished":"2017-07-06T05:20:05+00:00","breadcrumb":{"@id":"https:\/\/www.mojabochnia.pl\/?p=174959#breadcrumb"},"inLanguage":"pl-PL","potentialAction":[{"@type":"ReadAction","target":["https:\/\/www.mojabochnia.pl\/?p=174959"]}]},{"@type":"ImageObject","inLanguage":"pl-PL","@id":"https:\/\/www.mojabochnia.pl\/?p=174959#primaryimage","url":"https:\/\/www.mojabochnia.pl\/wp-content\/uploads\/2017\/07\/plakat.jpg","contentUrl":"https:\/\/www.mojabochnia.pl\/wp-content\/uploads\/2017\/07\/plakat.jpg","width":1448,"height":2048,"caption":"plakat"},{"@type":"BreadcrumbList","@id":"https:\/\/www.mojabochnia.pl\/?p=174959#breadcrumb","itemListElement":[{"@type":"ListItem","position":1,"name":"Home","item":"https:\/\/www.mojabochnia.pl\/"},{"@type":"ListItem","position":2,"name":"Weekend: Charytatywny Piknik Rodzinny w Sobolowie"}]},{"@type":"WebSite","@id":"https:\/\/www.mojabochnia.pl\/#website","url":"https:\/\/www.mojabochnia.pl\/","name":"mojabochnia.pl - portal informacyjny","description":"mojaBochnia to portal informacyjny o Bochni. Codziennie o Bochni piszemy i pokazujemy najwa\u017cniejsze wydarzenia","publisher":{"@id":"https:\/\/www.mojabochnia.pl\/#organization"},"potentialAction":[{"@type":"SearchAction","target":{"@type":"EntryPoint","urlTemplate":"https:\/\/www.mojabochnia.pl\/?s={search_term_string}"},"query-input":{"@type":"PropertyValueSpecification","valueRequired":true,"valueName":"search_term_string"}}],"inLanguage":"pl-PL"},{"@type":"Organization","@id":"https:\/\/www.mojabochnia.pl\/#organization","name":"mojabochnia.pl - portal informacyjny","url":"https:\/\/www.mojabochnia.pl\/","logo":{"@type":"ImageObject","inLanguage":"pl-PL","@id":"https:\/\/www.mojabochnia.pl\/#\/schema\/logo\/image\/","url":"https:\/\/www.mojabochnia.pl\/wp-content\/uploads\/2017\/08\/logo-mb-opt.png","contentUrl":"https:\/\/www.mojabochnia.pl\/wp-content\/uploads\/2017\/08\/logo-mb-opt.png","width":250,"height":48,"caption":"mojabochnia.pl - portal informacyjny"},"image":{"@id":"https:\/\/www.mojabochnia.pl\/#\/schema\/logo\/image\/"},"sameAs":["https:\/\/www.facebook.com\/mojabochnia"]},{"@type":"Person","@id":"https:\/\/www.mojabochnia.pl\/#\/schema\/person\/7e2f20ead9902216a3384f13606c0ab7","name":"redakcja","sameAs":["http:\/\/"],"url":"https:\/\/www.mojabochnia.pl\/?author=13"}]}},"_links":{"self":[{"href":"https:\/\/www.mojabochnia.pl\/index.php?rest_route=\/wp\/v2\/posts\/174959","targetHints":{"allow":["GET"]}}],"collection":[{"href":"https:\/\/www.mojabochnia.pl\/index.php?rest_route=\/wp\/v2\/posts"}],"about":[{"href":"https:\/\/www.mojabochnia.pl\/index.php?rest_route=\/wp\/v2\/types\/post"}],"author":[{"embeddable":true,"href":"https:\/\/www.mojabochnia.pl\/index.php?rest_route=\/wp\/v2\/users\/13"}],"replies":[{"embeddable":true,"href":"https:\/\/www.mojabochnia.pl\/index.php?rest_route=%2Fwp%2Fv2%2Fcomments&post=174959"}],"version-history":[{"count":1,"href":"https:\/\/www.mojabochnia.pl\/index.php?rest_route=\/wp\/v2\/posts\/174959\/revisions"}],"predecessor-version":[{"id":174960,"href":"https:\/\/www.mojabochnia.pl\/index.php?rest_route=\/wp\/v2\/posts\/174959\/revisions\/174960"}],"wp:featuredmedia":[{"embeddable":true,"href":"https:\/\/www.mojabochnia.pl\/index.php?rest_route=\/wp\/v2\/media\/174961"}],"wp:attachment":[{"href":"https:\/\/www.mojabochnia.pl\/index.php?rest_route=%2Fwp%2Fv2%2Fmedia&parent=174959"}],"wp:term":[{"taxonomy":"category","embeddable":true,"href":"https:\/\/www.mojabochnia.pl\/index.php?rest_route=%2Fwp%2Fv2%2Fcategories&post=174959"},{"taxonomy":"post_tag","embeddable":true,"href":"https:\/\/www.mojabochnia.pl\/index.php?rest_route=%2Fwp%2Fv2%2Ftags&post=174959"}],"curies":[{"name":"wp","href":"https:\/\/api.w.org\/{rel}","templated":true}]}}