{"id":17442,"date":"2009-11-17T15:00:56","date_gmt":"2009-11-17T14:00:56","guid":{"rendered":"http:\/\/www.mojabochnia.pl\/?p=17442"},"modified":"2009-11-23T08:58:17","modified_gmt":"2009-11-23T07:58:17","slug":"podsumowanie-sezonu-mateusz-rzucidlo","status":"publish","type":"post","link":"https:\/\/www.mojabochnia.pl\/?p=17442","title":{"rendered":"Podsumowanie sezonu &#8211; Mateusz Rzucid\u0142o"},"content":{"rendered":"<p>17-latek z Bochni wszed\u0142 w \u015bwiat kartingu ponad 10 lat temu. Pierwsze kroki na torze stawia\u0142 pod czujnym okiem Roberta Kubicy, kt\u00f3ry ju\u017c wtedy by\u0142 dla niego wzorem. Wsparciem i rad\u0105 s\u0142u\u017cy\u0142 tak\u017ce jego tata, kt\u00f3ry chc\u0105c urzeczywistni\u0107 marzenia ch\u0142opca o startach w zawodach za\u0142o\u017cy\u0142 zesp\u00f3\u0142 kartingowy.  10 lat temu Mateusz odni\u00f3s\u0142 pierwszy sukces, rok p\u00f3\u017aniej si\u0119gn\u0105\u0142 po pierwszy puchar. W wieku 10 lat zacz\u0105\u0142 startowa\u0107 w Pucharze Polski, a w 2003 roku si\u0119gn\u0105\u0142 po tytu\u0142 mistrza. Kolejne lata ci\u0119\u017ckiej pracy podczas trening\u00f3w przynosi\u0142y kolejne sukcesy. Wysokie lokaty umo\u017cliwi\u0142y mu starty w Mi\u0119dzynarodowych Mistrzostwach \u015awiata czy Mistrzostwach Europy.<\/p>\n<p>Podczas zako\u0144czonego sezonu Mateusz Rzucid\u0142o startowa\u0142 zar\u00f3wno w Mistrzostwach Polski (KF2) jak i w Mistrzostwach Niemiec (KF2). <em>\u2013 Ka\u017cdy kolejny sezon jest dla mnie nauk\u0105. Nie ma dw\u00f3ch takich samych tor\u00f3w, wszystkie wymagaj\u0105 indywidualnego podej\u015bcia. To, \u017ce w tym sezonie startowa\u0142em w Polsce i w Niemczech pozwoli\u0142o mi zebra\u0107 du\u017co nowych do\u015bwiadcze\u0144. Z ka\u017cdego startu wynosz\u0119 co\u015b nowego<\/em> \u2013 m\u00f3wi kierowca.<\/p>\n<p>Pierwsze dwie rundy Mistrzostw Polski zosta\u0142y rozegrane na odnowionym torze w Starym Kisielinie. Obfite opady deszczu sprawi\u0142y, \u017ce w walce o pierwsze punkty przewag\u0119 nad pr\u0119dko\u015bci\u0105 jazdy mia\u0142o do\u015bwiadczenie i opanowanie. \u2013 Uda\u0142o mi si\u0119 mimo z\u0142ych warunk\u00f3w pogodowych zaj\u0105\u0107 2 pozycj\u0119 i ten sam wynik powt\u00f3rzy\u0107 dzie\u0144 p\u00f3\u017aniej podczas drugiej rundy. Radom by\u0142 miejscem rywalizacji o tytu\u0142 najlepszego z polskich kierowc\u00f3w podczas kolejnych dw\u00f3ch rund. <em>\u2013 Mateusz musia\u0142 wystartowa\u0107 tam w\u00f3zkiem wyposa\u017conym w silnik treningowy, by\u0142o to zwi\u0105zane z wcze\u015bniejszymi problemami. Przed zawodami w Radomiu mieli\u015bmy za ma\u0142o czasu, aby naprawi\u0107 wszystkie usterki po innych zawodach \u2013<\/em> m\u00f3wi Wojciech Rzucid\u0142o.<\/p>\n<p>Mateuszowi, kt\u00f3ry aby oszcz\u0119dzi\u0107 silnik nie jecha\u0142 we wszystkich treningach nie uda\u0142o si\u0119 uko\u0144czy\u0107 wy\u015bcigu. Nast\u0119pnie przyszed\u0142 czas na Pozna\u0144, czyli 5 i 6 rund\u0119. Tu 17-letni kierowca dwukrotnie stawa\u0142 na podium. W pierwszym dniu zmaga\u0144 nikt nie by\u0142 w stanie go pokona\u0107. Drugiego dnia zaj\u0105\u0142 2 miejsce. Niestety ze wzgl\u0119du na ma\u0142\u0105 liczb\u0119 zawodnik\u00f3w podczas dw\u00f3ch ostatnich rund kierowcy startuj\u0105cy w kategorii KF2 mogli jedynie dla samej rado\u015bci p\u0142yn\u0105cej z jazdy wykona\u0107 po kilka okr\u0105\u017ce\u0144. Ostatecznie Mateusz zaj\u0105\u0142 3 miejsce w klasyfikacji generalnej Kartingowych Mistrzostw Polski.<\/p>\n<p>Ju\u017c podczas pierwszej rundy Kartingowych Mistrzostw Niemiec pojawi\u0142y si\u0119 problemy ze sprz\u0119tem. Zawodnikom Rzucid\u0142o Karting Teamu zatar\u0142y si\u0119 silniki. Wykluczy\u0142o ich to z przedfna\u0142\u00f3w. &#8211;<em> W ostatnim wy\u015bcigu startowali z dw\u00f3ch ostatnich pozycji. Mateusz zako\u0144czy\u0142 wy\u015bcig na 23 pozycji<\/em> \u2013 wspomina Wojciech Rzucid\u0142o. Silniki nie spisywa\u0142y si\u0119 jak nale\u017cy tak\u017ce podczas kolejnych rund Deutsche Meisterschaft. Mimo, \u017ce od s\u0105siad\u00f3w nie uda\u0142o si\u0119 przywie\u017a\u0107 \u017cadnych tytu\u0142\u00f3w boche\u0144ski kierowca dobrze wspomina tamtejsze zawody <em>\u2013 Mia\u0142em okazj\u0119 je\u017adzi\u0107 na torach, na kt\u00f3rych wcze\u015bniej nie by\u0142em i \u015bciga\u0107 si\u0119 z zawodnikami, z kt\u00f3rymi nie mia\u0142em okazji tego robi\u0107.<\/em><\/p>\n<p>Podczas Europejskiego Fina\u0142u Easykarta, kt\u00f3ry odby\u0142 si\u0119 na kieleckim torze Mateusz mia\u0142 okazj\u0119 do jazdy innym sprz\u0119tem ni\u017c do tej pory. Konkurencja by\u0142a du\u017ca, bo do walki miejsce na podium przyst\u0105pi\u0142a elita zawodnik\u00f3w z Niemiec, Austrii, Czech, W\u0119gier, Rosji, W\u0142och, S\u0142owacji oraz oczywi\u015bcie z Polski. <em>\u2013 By\u0142y to pierwsze zawody, w kt\u00f3rych startowa\u0142em w\u00f3zkiem wyposa\u017conym w skrzyni\u0119 bieg\u00f3w. Tym bardziej cieszy mnie, fakt zdobycia trzeciego miejsca. Sam koniec sezonu okaza\u0142 si\u0119 dla kierowcy mniej \u0142askawy. Podczas zawod\u00f3w Bridgestone Cup w Lonato (W\u0142ochy) 17-latek zosta\u0142 kontuzjowany. Kiedy walczy\u0142 o pozycj\u0119, kart przeciwnika uderzy w niego \u0142ami\u0105c mu r\u0119k\u0119.<\/em><\/p>\n<p>W nadchodz\u0105cym sezonie Mateusz chcia\u0142by wymieni\u0107 tor kartingowy na wy\u015bcigowy. <em>\u2013 Moim celem jest jazda w wy\u015bcigach d\u0142ugodystansowych Volkswagen Polo Cup w Polsce lub w Niemczech<\/em> \u2013 zdradza. Aktualnie trwa nab\u00f3r na kierowc\u00f3w, kt\u00f3rzy b\u0119d\u0105 siedzieli za kierownic\u0105 \u201epol\u00f3wek\u201d. Trzymamy kciuki, aby Mateuszowi uda\u0142o si\u0119 spr\u00f3bowa\u0107 swoich si\u0142 w \u201edoros\u0142ym \u015bciganiu\u201d. Zapraszamy tak\u017ce na nasz\u0105 stron\u0119 <a onclick=\"javascript:pageTracker._trackPageview('\/outgoing\/www.karting.com.pl');\"  href=\"http:\/\/www.karting.com.pl\">www.karting.com.pl<\/a>, gdzie na bie\u017c\u0105co b\u0119dziemy informowa\u0107 o dalszej karierze Mateusza oraz innych wydarzeniach ze \u015bwiata kartingu. Zach\u0119camy do obejrzenia foto-galerii oraz filmik\u00f3w.<\/p>\n<p>[opracowa\u0142a Aleksandra Nizio\u0142ek]<\/p>\n","protected":false},"excerpt":{"rendered":"<p>Starty w zawodach nie zale\u017cnie od tego czy ko\u0144cz\u0105 si\u0119 sukcesem czy nie, daj\u0105 kierowcy o wiele wi\u0119cej ni\u017c puchar czy medal \u2013 pozwalaj\u0105 zdoby\u0107 kolejne do\u015bwiadczenia. Jaki by\u0142 ten sezon dla 17-letniego kierowcy,  czego nowego si\u0119 nauczy\u0142 i jakie na plany na przysz\u0142o\u015b\u0107?<\/p>\n","protected":false},"author":9,"featured_media":0,"comment_status":"open","ping_status":"closed","sticky":false,"template":"","format":"standard","meta":{"_acf_changed":false,"footnotes":""},"categories":[5,29,6249],"tags":[2576,17624,3661],"class_list":["post-17442","post","type-post","status-publish","format-standard","hentry","category-biezace-wydarzenia","category-sport","category-szczegolne","tag-karting","tag-mateusz-rzucidlo","tag-rzucidlo-karting-team"],"acf":[],"yoast_head":"<!-- This site is optimized with the Yoast SEO plugin v26.9 - https:\/\/yoast.com\/product\/yoast-seo-wordpress\/ -->\n<title>Podsumowanie sezonu - Mateusz Rzucid\u0142o - mojabochnia.pl - portal informacyjny<\/title>\n<meta name=\"robots\" content=\"index, follow, max-snippet:-1, max-image-preview:large, max-video-preview:-1\" \/>\n<link rel=\"canonical\" href=\"https:\/\/www.mojabochnia.pl\/?p=17442\" \/>\n<meta property=\"og:locale\" content=\"pl_PL\" \/>\n<meta property=\"og:type\" content=\"article\" \/>\n<meta property=\"og:title\" content=\"Podsumowanie sezonu - Mateusz Rzucid\u0142o - mojabochnia.pl - portal informacyjny\" \/>\n<meta property=\"og:description\" content=\"Starty w zawodach nie zale\u017cnie od tego czy ko\u0144cz\u0105 si\u0119 sukcesem czy nie, daj\u0105 kierowcy o wiele wi\u0119cej ni\u017c puchar czy medal \u2013 pozwalaj\u0105 zdoby\u0107 kolejne do\u015bwiadczenia. Jaki by\u0142 ten sezon dla 17-letniego kierowcy, czego nowego si\u0119 nauczy\u0142 i jakie na plany na przysz\u0142o\u015b\u0107?\" \/>\n<meta property=\"og:url\" content=\"https:\/\/www.mojabochnia.pl\/?p=17442\" \/>\n<meta property=\"og:site_name\" content=\"mojabochnia.pl - portal informacyjny\" \/>\n<meta property=\"article:publisher\" content=\"https:\/\/www.facebook.com\/mojabochnia\" \/>\n<meta property=\"article:published_time\" content=\"2009-11-17T14:00:56+00:00\" \/>\n<meta property=\"article:modified_time\" content=\"2009-11-23T07:58:17+00:00\" \/>\n<meta name=\"author\" content=\"Aleksander Rzepecki\" \/>\n<meta name=\"twitter:card\" content=\"summary_large_image\" \/>\n<meta name=\"twitter:label1\" content=\"Written by\" \/>\n\t<meta name=\"twitter:data1\" content=\"Aleksander Rzepecki\" \/>\n\t<meta name=\"twitter:label2\" content=\"Est. reading time\" \/>\n\t<meta name=\"twitter:data2\" content=\"4 minuty\" \/>\n<script type=\"application\/ld+json\" class=\"yoast-schema-graph\">{\"@context\":\"https:\/\/schema.org\",\"@graph\":[{\"@type\":\"Article\",\"@id\":\"https:\/\/www.mojabochnia.pl\/?p=17442#article\",\"isPartOf\":{\"@id\":\"https:\/\/www.mojabochnia.pl\/?p=17442\"},\"author\":{\"name\":\"Aleksander Rzepecki\",\"@id\":\"https:\/\/www.mojabochnia.pl\/#\/schema\/person\/6cc2563b6df80713ce6940e6ed184c6c\"},\"headline\":\"Podsumowanie sezonu &#8211; Mateusz Rzucid\u0142o\",\"datePublished\":\"2009-11-17T14:00:56+00:00\",\"dateModified\":\"2009-11-23T07:58:17+00:00\",\"mainEntityOfPage\":{\"@id\":\"https:\/\/www.mojabochnia.pl\/?p=17442\"},\"wordCount\":744,\"commentCount\":0,\"publisher\":{\"@id\":\"https:\/\/www.mojabochnia.pl\/#organization\"},\"keywords\":[\"karting\",\"mateusz rzucid\u0142o\",\"rzucid\u0142o karting team\"],\"articleSection\":[\"2_ostatnie\",\"sport\",\"Szczeg\u00f3lne\"],\"inLanguage\":\"pl-PL\",\"potentialAction\":[{\"@type\":\"CommentAction\",\"name\":\"Comment\",\"target\":[\"https:\/\/www.mojabochnia.pl\/?p=17442#respond\"]}]},{\"@type\":\"WebPage\",\"@id\":\"https:\/\/www.mojabochnia.pl\/?p=17442\",\"url\":\"https:\/\/www.mojabochnia.pl\/?p=17442\",\"name\":\"Podsumowanie sezonu - Mateusz Rzucid\u0142o - mojabochnia.pl - portal informacyjny\",\"isPartOf\":{\"@id\":\"https:\/\/www.mojabochnia.pl\/#website\"},\"datePublished\":\"2009-11-17T14:00:56+00:00\",\"dateModified\":\"2009-11-23T07:58:17+00:00\",\"breadcrumb\":{\"@id\":\"https:\/\/www.mojabochnia.pl\/?p=17442#breadcrumb\"},\"inLanguage\":\"pl-PL\",\"potentialAction\":[{\"@type\":\"ReadAction\",\"target\":[\"https:\/\/www.mojabochnia.pl\/?p=17442\"]}]},{\"@type\":\"BreadcrumbList\",\"@id\":\"https:\/\/www.mojabochnia.pl\/?p=17442#breadcrumb\",\"itemListElement\":[{\"@type\":\"ListItem\",\"position\":1,\"name\":\"Home\",\"item\":\"https:\/\/www.mojabochnia.pl\/\"},{\"@type\":\"ListItem\",\"position\":2,\"name\":\"Podsumowanie sezonu &#8211; Mateusz Rzucid\u0142o\"}]},{\"@type\":\"WebSite\",\"@id\":\"https:\/\/www.mojabochnia.pl\/#website\",\"url\":\"https:\/\/www.mojabochnia.pl\/\",\"name\":\"mojabochnia.pl - portal informacyjny\",\"description\":\"mojaBochnia to portal informacyjny o Bochni. Codziennie o Bochni piszemy i pokazujemy najwa\u017cniejsze wydarzenia\",\"publisher\":{\"@id\":\"https:\/\/www.mojabochnia.pl\/#organization\"},\"potentialAction\":[{\"@type\":\"SearchAction\",\"target\":{\"@type\":\"EntryPoint\",\"urlTemplate\":\"https:\/\/www.mojabochnia.pl\/?s={search_term_string}\"},\"query-input\":{\"@type\":\"PropertyValueSpecification\",\"valueRequired\":true,\"valueName\":\"search_term_string\"}}],\"inLanguage\":\"pl-PL\"},{\"@type\":\"Organization\",\"@id\":\"https:\/\/www.mojabochnia.pl\/#organization\",\"name\":\"mojabochnia.pl - portal informacyjny\",\"url\":\"https:\/\/www.mojabochnia.pl\/\",\"logo\":{\"@type\":\"ImageObject\",\"inLanguage\":\"pl-PL\",\"@id\":\"https:\/\/www.mojabochnia.pl\/#\/schema\/logo\/image\/\",\"url\":\"https:\/\/www.mojabochnia.pl\/wp-content\/uploads\/2017\/08\/logo-mb-opt.png\",\"contentUrl\":\"https:\/\/www.mojabochnia.pl\/wp-content\/uploads\/2017\/08\/logo-mb-opt.png\",\"width\":250,\"height\":48,\"caption\":\"mojabochnia.pl - portal informacyjny\"},\"image\":{\"@id\":\"https:\/\/www.mojabochnia.pl\/#\/schema\/logo\/image\/\"},\"sameAs\":[\"https:\/\/www.facebook.com\/mojabochnia\"]},{\"@type\":\"Person\",\"@id\":\"https:\/\/www.mojabochnia.pl\/#\/schema\/person\/6cc2563b6df80713ce6940e6ed184c6c\",\"name\":\"Aleksander Rzepecki\",\"url\":\"https:\/\/www.mojabochnia.pl\/?author=9\"}]}<\/script>\n<!-- \/ Yoast SEO plugin. -->","yoast_head_json":{"title":"Podsumowanie sezonu - Mateusz Rzucid\u0142o - mojabochnia.pl - portal informacyjny","robots":{"index":"index","follow":"follow","max-snippet":"max-snippet:-1","max-image-preview":"max-image-preview:large","max-video-preview":"max-video-preview:-1"},"canonical":"https:\/\/www.mojabochnia.pl\/?p=17442","og_locale":"pl_PL","og_type":"article","og_title":"Podsumowanie sezonu - Mateusz Rzucid\u0142o - mojabochnia.pl - portal informacyjny","og_description":"Starty w zawodach nie zale\u017cnie od tego czy ko\u0144cz\u0105 si\u0119 sukcesem czy nie, daj\u0105 kierowcy o wiele wi\u0119cej ni\u017c puchar czy medal \u2013 pozwalaj\u0105 zdoby\u0107 kolejne do\u015bwiadczenia. Jaki by\u0142 ten sezon dla 17-letniego kierowcy, czego nowego si\u0119 nauczy\u0142 i jakie na plany na przysz\u0142o\u015b\u0107?","og_url":"https:\/\/www.mojabochnia.pl\/?p=17442","og_site_name":"mojabochnia.pl - portal informacyjny","article_publisher":"https:\/\/www.facebook.com\/mojabochnia","article_published_time":"2009-11-17T14:00:56+00:00","article_modified_time":"2009-11-23T07:58:17+00:00","author":"Aleksander Rzepecki","twitter_card":"summary_large_image","twitter_misc":{"Written by":"Aleksander Rzepecki","Est. reading time":"4 minuty"},"schema":{"@context":"https:\/\/schema.org","@graph":[{"@type":"Article","@id":"https:\/\/www.mojabochnia.pl\/?p=17442#article","isPartOf":{"@id":"https:\/\/www.mojabochnia.pl\/?p=17442"},"author":{"name":"Aleksander Rzepecki","@id":"https:\/\/www.mojabochnia.pl\/#\/schema\/person\/6cc2563b6df80713ce6940e6ed184c6c"},"headline":"Podsumowanie sezonu &#8211; Mateusz Rzucid\u0142o","datePublished":"2009-11-17T14:00:56+00:00","dateModified":"2009-11-23T07:58:17+00:00","mainEntityOfPage":{"@id":"https:\/\/www.mojabochnia.pl\/?p=17442"},"wordCount":744,"commentCount":0,"publisher":{"@id":"https:\/\/www.mojabochnia.pl\/#organization"},"keywords":["karting","mateusz rzucid\u0142o","rzucid\u0142o karting team"],"articleSection":["2_ostatnie","sport","Szczeg\u00f3lne"],"inLanguage":"pl-PL","potentialAction":[{"@type":"CommentAction","name":"Comment","target":["https:\/\/www.mojabochnia.pl\/?p=17442#respond"]}]},{"@type":"WebPage","@id":"https:\/\/www.mojabochnia.pl\/?p=17442","url":"https:\/\/www.mojabochnia.pl\/?p=17442","name":"Podsumowanie sezonu - Mateusz Rzucid\u0142o - mojabochnia.pl - portal informacyjny","isPartOf":{"@id":"https:\/\/www.mojabochnia.pl\/#website"},"datePublished":"2009-11-17T14:00:56+00:00","dateModified":"2009-11-23T07:58:17+00:00","breadcrumb":{"@id":"https:\/\/www.mojabochnia.pl\/?p=17442#breadcrumb"},"inLanguage":"pl-PL","potentialAction":[{"@type":"ReadAction","target":["https:\/\/www.mojabochnia.pl\/?p=17442"]}]},{"@type":"BreadcrumbList","@id":"https:\/\/www.mojabochnia.pl\/?p=17442#breadcrumb","itemListElement":[{"@type":"ListItem","position":1,"name":"Home","item":"https:\/\/www.mojabochnia.pl\/"},{"@type":"ListItem","position":2,"name":"Podsumowanie sezonu &#8211; Mateusz Rzucid\u0142o"}]},{"@type":"WebSite","@id":"https:\/\/www.mojabochnia.pl\/#website","url":"https:\/\/www.mojabochnia.pl\/","name":"mojabochnia.pl - portal informacyjny","description":"mojaBochnia to portal informacyjny o Bochni. Codziennie o Bochni piszemy i pokazujemy najwa\u017cniejsze wydarzenia","publisher":{"@id":"https:\/\/www.mojabochnia.pl\/#organization"},"potentialAction":[{"@type":"SearchAction","target":{"@type":"EntryPoint","urlTemplate":"https:\/\/www.mojabochnia.pl\/?s={search_term_string}"},"query-input":{"@type":"PropertyValueSpecification","valueRequired":true,"valueName":"search_term_string"}}],"inLanguage":"pl-PL"},{"@type":"Organization","@id":"https:\/\/www.mojabochnia.pl\/#organization","name":"mojabochnia.pl - portal informacyjny","url":"https:\/\/www.mojabochnia.pl\/","logo":{"@type":"ImageObject","inLanguage":"pl-PL","@id":"https:\/\/www.mojabochnia.pl\/#\/schema\/logo\/image\/","url":"https:\/\/www.mojabochnia.pl\/wp-content\/uploads\/2017\/08\/logo-mb-opt.png","contentUrl":"https:\/\/www.mojabochnia.pl\/wp-content\/uploads\/2017\/08\/logo-mb-opt.png","width":250,"height":48,"caption":"mojabochnia.pl - portal informacyjny"},"image":{"@id":"https:\/\/www.mojabochnia.pl\/#\/schema\/logo\/image\/"},"sameAs":["https:\/\/www.facebook.com\/mojabochnia"]},{"@type":"Person","@id":"https:\/\/www.mojabochnia.pl\/#\/schema\/person\/6cc2563b6df80713ce6940e6ed184c6c","name":"Aleksander Rzepecki","url":"https:\/\/www.mojabochnia.pl\/?author=9"}]}},"_links":{"self":[{"href":"https:\/\/www.mojabochnia.pl\/index.php?rest_route=\/wp\/v2\/posts\/17442","targetHints":{"allow":["GET"]}}],"collection":[{"href":"https:\/\/www.mojabochnia.pl\/index.php?rest_route=\/wp\/v2\/posts"}],"about":[{"href":"https:\/\/www.mojabochnia.pl\/index.php?rest_route=\/wp\/v2\/types\/post"}],"author":[{"embeddable":true,"href":"https:\/\/www.mojabochnia.pl\/index.php?rest_route=\/wp\/v2\/users\/9"}],"replies":[{"embeddable":true,"href":"https:\/\/www.mojabochnia.pl\/index.php?rest_route=%2Fwp%2Fv2%2Fcomments&post=17442"}],"version-history":[{"count":0,"href":"https:\/\/www.mojabochnia.pl\/index.php?rest_route=\/wp\/v2\/posts\/17442\/revisions"}],"wp:attachment":[{"href":"https:\/\/www.mojabochnia.pl\/index.php?rest_route=%2Fwp%2Fv2%2Fmedia&parent=17442"}],"wp:term":[{"taxonomy":"category","embeddable":true,"href":"https:\/\/www.mojabochnia.pl\/index.php?rest_route=%2Fwp%2Fv2%2Fcategories&post=17442"},{"taxonomy":"post_tag","embeddable":true,"href":"https:\/\/www.mojabochnia.pl\/index.php?rest_route=%2Fwp%2Fv2%2Ftags&post=17442"}],"curies":[{"name":"wp","href":"https:\/\/api.w.org\/{rel}","templated":true}]}}