{"id":174058,"date":"2017-06-20T11:32:00","date_gmt":"2017-06-20T09:32:00","guid":{"rendered":"http:\/\/www.mojabochnia.pl\/?p=174058"},"modified":"2017-06-20T11:32:00","modified_gmt":"2017-06-20T09:32:00","slug":"57-tys-zl-dla-jednostek-osp","status":"publish","type":"post","link":"https:\/\/www.mojabochnia.pl\/?p=174058","title":{"rendered":"57 tys. z\u0142 dla jednostek OSP"},"content":{"rendered":"<p>Zestawienie doposa\u017cenia jednostek OSP z terenu Powiatu Boche\u0144skiego:<\/p>\n<p>1. OSP Much\u00f3wka na zakup selektywnego alarmowania w kwocie 4 000 z\u0142.<br \/>\n2. OSP Brze\u017anica na zakup selektywnego alarmowania w kwocie 4 000 z\u0142.<br \/>\n3. OSP Rdzawa na zakup selektywnego alarmowania w kwocie 4 000 z\u0142.<br \/>\n4. OSP Wolica na zakup selektywnego alarmowania w kwocie 4 000 z\u0142.<br \/>\n5. OSP Chron\u00f3w na zakup selektywnego alarmowania w kwocie 4 000 z\u0142.<br \/>\n6. OSP \u0141azy na zakup selektywnego alarmowania w kwocie 4 000 z\u0142.<br \/>\n7. OSP Siedlec na zakup 2 aparat\u00f3w oddechowych wraz z osprz\u0119tem w kwocie 5 000 z\u0142.<br \/>\n8. OSP Kobyle na zakup aparatu powietrznego wraz  z mask\u0105 w kwocie 4 000 z\u0142.<br \/>\n9. OSP Tarnawa na zakup aparatu AED w kwocie 3 500 z\u0142.<br \/>\n10. OSP Sobol\u00f3w na zakup sprz\u0119tu i umundurowania w kwocie 1 500 z\u0142.<br \/>\n11. OSP Mikluszowice na zakup sprz\u0119tu do oznakowania terenu akcji, kamizelek odblaskowych i linki ratowniczej w kwocie 1 500 z\u0142<br \/>\n12. OSP Okulice na zakup zastawu PSP R1 w kwocie 3 000 z\u0142<br \/>\n13. OSP Lipnica Dolna na zakup odzie\u017cy ochronnej w kwocie 1 500 z\u0142.<br \/>\n14. OSP Pogwizd\u00f3w na zakup Mundur\u00f3w dla M\u0142odzie\u017cowej Dru\u017cyny Po\u017carniczej w kwocie 1 500 z\u0142<br \/>\n15. OSP Drwinia na zakup skafandr\u00f3w do pracy w wodzie i detektor\u00f3w wielogazowych w kwocie 1 500 z\u0142<br \/>\n16. OSP Leszczyna na dofinansowanie do zakupu samochodu ratowniczo-ga\u015bniczego w kwocie 10 000 z\u0142<\/p>\n<p><em>Ustawa o ochronie przeciwpo\u017carowej daje mo\u017cliwo\u015b\u0107 jednostkom samorz\u0105du terytorialnego udzielania \u015brodk\u00f3w pieni\u0119\u017cnych w formie dotacji na wyposa\u017cenie jednostek ochotniczych stra\u017cy po\u017carnych. Jednostki OSP zwracaj\u0105 si\u0119 z pro\u015bb\u0105 o udzielenie dotacji na zakup niezb\u0119dnego sprz\u0119tu. Wnioski te zostaj\u0105 przedstawione do zaopiniowania Komendantowi Powiatowemu PSP, po pozytywnej opinii komendanta zostaj\u0105 przedstawione Zarz\u0105dowi Powiatu. Program dofinansowania ma na celu wzmocnienie potencja\u0142u bojowego jednostek OSP, zakup niezb\u0119dnego sprz\u0119tu znacznie usprawni prac\u0119 stra\u017cak\u00f3w i poprawi ich bezpiecze\u0144stwo podczas wykonywania dzia\u0142a\u0144 ratowniczych<\/em> &#8211; podaje biuro prasowe powiatu.  <\/p>\n<p>Umowy na dofinansowanie z poszczeg\u00f3lnymi jednostkami podpisane zostan\u0105 w najbli\u017cszym czasie. <\/p>\n<p>W 2016 roku z doposa\u017cenia skorzysta\u0142o 17 jednostek z terenu Powiatu Boche\u0144skiego. Jednostki te otrzyma\u0142y sprz\u0119t po\u017carniczy oraz umundurowanie na \u0142\u0105czn\u0105 kwot\u0119 50 tys. z\u0142otych. Ponadto Zarz\u0105d Powiatu przeznaczy\u0142 r\u00f3wnie\u017c 70 tys. z\u0142 na zakup lekkiego samochodu kwatermistrzowskiego dla Komendy Powiatowej Pa\u0144stwowej Stra\u017cy Po\u017carnej w Bochni.<\/p>\n","protected":false},"excerpt":{"rendered":"<p>Po raz kolejny Zarz\u0105d Powiatu w Bochni przyzna\u0142 dofinansowanie na zakup sprz\u0119tu i wyposa\u017cenia dla jednostek Ochotniczych Stra\u017cy Po\u017carnych z terenu Powiatu Boche\u0144skiego. Pieni\u0105dze maj\u0105 pom\u00f3c w ochronie przeciwpo\u017carowej. W tym roku wsparcie dosta\u0142o 16 jednostek.<\/p>\n","protected":false},"author":13,"featured_media":171881,"comment_status":"open","ping_status":"closed","sticky":false,"template":"","format":"standard","meta":{"_acf_changed":false,"footnotes":""},"categories":[5,6251,6250],"tags":[17755,17398,17141],"class_list":["post-174058","post","type-post","status-publish","format-standard","has-post-thumbnail","hentry","category-biezace-wydarzenia","category-polityka-i-wydarzenia","category-tematyka","tag-osp","tag-powiat","tag-straz-pozarna","main_tag-straz-pozarna"],"acf":[],"yoast_head":"<!-- This site is optimized with the Yoast SEO plugin v26.9 - https:\/\/yoast.com\/product\/yoast-seo-wordpress\/ -->\n<title>57 tys. z\u0142 dla jednostek OSP - mojabochnia.pl - portal informacyjny<\/title>\n<meta name=\"robots\" content=\"index, follow, max-snippet:-1, max-image-preview:large, max-video-preview:-1\" \/>\n<link rel=\"canonical\" href=\"https:\/\/www.mojabochnia.pl\/?p=174058\" \/>\n<meta property=\"og:locale\" content=\"pl_PL\" \/>\n<meta property=\"og:type\" content=\"article\" \/>\n<meta property=\"og:title\" content=\"57 tys. z\u0142 dla jednostek OSP - mojabochnia.pl - portal informacyjny\" \/>\n<meta property=\"og:description\" content=\"Po raz kolejny Zarz\u0105d Powiatu w Bochni przyzna\u0142 dofinansowanie na zakup sprz\u0119tu i wyposa\u017cenia dla jednostek Ochotniczych Stra\u017cy Po\u017carnych z terenu Powiatu Boche\u0144skiego. Pieni\u0105dze maj\u0105 pom\u00f3c w ochronie przeciwpo\u017carowej. W tym roku wsparcie dosta\u0142o 16 jednostek.\" \/>\n<meta property=\"og:url\" content=\"https:\/\/www.mojabochnia.pl\/?p=174058\" \/>\n<meta property=\"og:site_name\" content=\"mojabochnia.pl - portal informacyjny\" \/>\n<meta property=\"article:publisher\" content=\"https:\/\/www.facebook.com\/mojabochnia\" \/>\n<meta property=\"article:published_time\" content=\"2017-06-20T09:32:00+00:00\" \/>\n<meta property=\"og:image\" content=\"https:\/\/www.mojabochnia.pl\/wp-content\/uploads\/2017\/05\/IMG_4245.jpg\" \/>\n\t<meta property=\"og:image:width\" content=\"800\" \/>\n\t<meta property=\"og:image:height\" content=\"534\" \/>\n\t<meta property=\"og:image:type\" content=\"image\/jpeg\" \/>\n<meta name=\"author\" content=\"redakcja\" \/>\n<meta name=\"twitter:card\" content=\"summary_large_image\" \/>\n<meta name=\"twitter:label1\" content=\"Written by\" \/>\n\t<meta name=\"twitter:data1\" content=\"redakcja\" \/>\n\t<meta name=\"twitter:label2\" content=\"Est. reading time\" \/>\n\t<meta name=\"twitter:data2\" content=\"2 minuty\" \/>\n<script type=\"application\/ld+json\" class=\"yoast-schema-graph\">{\"@context\":\"https:\/\/schema.org\",\"@graph\":[{\"@type\":\"Article\",\"@id\":\"https:\/\/www.mojabochnia.pl\/?p=174058#article\",\"isPartOf\":{\"@id\":\"https:\/\/www.mojabochnia.pl\/?p=174058\"},\"author\":{\"name\":\"redakcja\",\"@id\":\"https:\/\/www.mojabochnia.pl\/#\/schema\/person\/7e2f20ead9902216a3384f13606c0ab7\"},\"headline\":\"57 tys. z\u0142 dla jednostek OSP\",\"datePublished\":\"2017-06-20T09:32:00+00:00\",\"mainEntityOfPage\":{\"@id\":\"https:\/\/www.mojabochnia.pl\/?p=174058\"},\"wordCount\":372,\"commentCount\":0,\"publisher\":{\"@id\":\"https:\/\/www.mojabochnia.pl\/#organization\"},\"image\":{\"@id\":\"https:\/\/www.mojabochnia.pl\/?p=174058#primaryimage\"},\"thumbnailUrl\":\"https:\/\/www.mojabochnia.pl\/wp-content\/uploads\/2017\/05\/IMG_4245.jpg\",\"keywords\":[\"osp\",\"powiat\",\"stra\u017c po\u017carna\"],\"articleSection\":[\"2_ostatnie\",\"polityka i wydarzenia\",\"tematyka\"],\"inLanguage\":\"pl-PL\",\"potentialAction\":[{\"@type\":\"CommentAction\",\"name\":\"Comment\",\"target\":[\"https:\/\/www.mojabochnia.pl\/?p=174058#respond\"]}]},{\"@type\":\"WebPage\",\"@id\":\"https:\/\/www.mojabochnia.pl\/?p=174058\",\"url\":\"https:\/\/www.mojabochnia.pl\/?p=174058\",\"name\":\"57 tys. z\u0142 dla jednostek OSP - mojabochnia.pl - portal informacyjny\",\"isPartOf\":{\"@id\":\"https:\/\/www.mojabochnia.pl\/#website\"},\"primaryImageOfPage\":{\"@id\":\"https:\/\/www.mojabochnia.pl\/?p=174058#primaryimage\"},\"image\":{\"@id\":\"https:\/\/www.mojabochnia.pl\/?p=174058#primaryimage\"},\"thumbnailUrl\":\"https:\/\/www.mojabochnia.pl\/wp-content\/uploads\/2017\/05\/IMG_4245.jpg\",\"datePublished\":\"2017-06-20T09:32:00+00:00\",\"breadcrumb\":{\"@id\":\"https:\/\/www.mojabochnia.pl\/?p=174058#breadcrumb\"},\"inLanguage\":\"pl-PL\",\"potentialAction\":[{\"@type\":\"ReadAction\",\"target\":[\"https:\/\/www.mojabochnia.pl\/?p=174058\"]}]},{\"@type\":\"ImageObject\",\"inLanguage\":\"pl-PL\",\"@id\":\"https:\/\/www.mojabochnia.pl\/?p=174058#primaryimage\",\"url\":\"https:\/\/www.mojabochnia.pl\/wp-content\/uploads\/2017\/05\/IMG_4245.jpg\",\"contentUrl\":\"https:\/\/www.mojabochnia.pl\/wp-content\/uploads\/2017\/05\/IMG_4245.jpg\",\"width\":800,\"height\":534,\"caption\":\"Pawe\u0142 Michalczyk\"},{\"@type\":\"BreadcrumbList\",\"@id\":\"https:\/\/www.mojabochnia.pl\/?p=174058#breadcrumb\",\"itemListElement\":[{\"@type\":\"ListItem\",\"position\":1,\"name\":\"Home\",\"item\":\"https:\/\/www.mojabochnia.pl\/\"},{\"@type\":\"ListItem\",\"position\":2,\"name\":\"57 tys. z\u0142 dla jednostek OSP\"}]},{\"@type\":\"WebSite\",\"@id\":\"https:\/\/www.mojabochnia.pl\/#website\",\"url\":\"https:\/\/www.mojabochnia.pl\/\",\"name\":\"mojabochnia.pl - portal informacyjny\",\"description\":\"mojaBochnia to portal informacyjny o Bochni. Codziennie o Bochni piszemy i pokazujemy najwa\u017cniejsze wydarzenia\",\"publisher\":{\"@id\":\"https:\/\/www.mojabochnia.pl\/#organization\"},\"potentialAction\":[{\"@type\":\"SearchAction\",\"target\":{\"@type\":\"EntryPoint\",\"urlTemplate\":\"https:\/\/www.mojabochnia.pl\/?s={search_term_string}\"},\"query-input\":{\"@type\":\"PropertyValueSpecification\",\"valueRequired\":true,\"valueName\":\"search_term_string\"}}],\"inLanguage\":\"pl-PL\"},{\"@type\":\"Organization\",\"@id\":\"https:\/\/www.mojabochnia.pl\/#organization\",\"name\":\"mojabochnia.pl - portal informacyjny\",\"url\":\"https:\/\/www.mojabochnia.pl\/\",\"logo\":{\"@type\":\"ImageObject\",\"inLanguage\":\"pl-PL\",\"@id\":\"https:\/\/www.mojabochnia.pl\/#\/schema\/logo\/image\/\",\"url\":\"https:\/\/www.mojabochnia.pl\/wp-content\/uploads\/2017\/08\/logo-mb-opt.png\",\"contentUrl\":\"https:\/\/www.mojabochnia.pl\/wp-content\/uploads\/2017\/08\/logo-mb-opt.png\",\"width\":250,\"height\":48,\"caption\":\"mojabochnia.pl - portal informacyjny\"},\"image\":{\"@id\":\"https:\/\/www.mojabochnia.pl\/#\/schema\/logo\/image\/\"},\"sameAs\":[\"https:\/\/www.facebook.com\/mojabochnia\"]},{\"@type\":\"Person\",\"@id\":\"https:\/\/www.mojabochnia.pl\/#\/schema\/person\/7e2f20ead9902216a3384f13606c0ab7\",\"name\":\"redakcja\",\"sameAs\":[\"http:\/\/\"],\"url\":\"https:\/\/www.mojabochnia.pl\/?author=13\"}]}<\/script>\n<!-- \/ Yoast SEO plugin. -->","yoast_head_json":{"title":"57 tys. z\u0142 dla jednostek OSP - mojabochnia.pl - portal informacyjny","robots":{"index":"index","follow":"follow","max-snippet":"max-snippet:-1","max-image-preview":"max-image-preview:large","max-video-preview":"max-video-preview:-1"},"canonical":"https:\/\/www.mojabochnia.pl\/?p=174058","og_locale":"pl_PL","og_type":"article","og_title":"57 tys. z\u0142 dla jednostek OSP - mojabochnia.pl - portal informacyjny","og_description":"Po raz kolejny Zarz\u0105d Powiatu w Bochni przyzna\u0142 dofinansowanie na zakup sprz\u0119tu i wyposa\u017cenia dla jednostek Ochotniczych Stra\u017cy Po\u017carnych z terenu Powiatu Boche\u0144skiego. Pieni\u0105dze maj\u0105 pom\u00f3c w ochronie przeciwpo\u017carowej. W tym roku wsparcie dosta\u0142o 16 jednostek.","og_url":"https:\/\/www.mojabochnia.pl\/?p=174058","og_site_name":"mojabochnia.pl - portal informacyjny","article_publisher":"https:\/\/www.facebook.com\/mojabochnia","article_published_time":"2017-06-20T09:32:00+00:00","og_image":[{"width":800,"height":534,"url":"https:\/\/www.mojabochnia.pl\/wp-content\/uploads\/2017\/05\/IMG_4245.jpg","type":"image\/jpeg"}],"author":"redakcja","twitter_card":"summary_large_image","twitter_misc":{"Written by":"redakcja","Est. reading time":"2 minuty"},"schema":{"@context":"https:\/\/schema.org","@graph":[{"@type":"Article","@id":"https:\/\/www.mojabochnia.pl\/?p=174058#article","isPartOf":{"@id":"https:\/\/www.mojabochnia.pl\/?p=174058"},"author":{"name":"redakcja","@id":"https:\/\/www.mojabochnia.pl\/#\/schema\/person\/7e2f20ead9902216a3384f13606c0ab7"},"headline":"57 tys. z\u0142 dla jednostek OSP","datePublished":"2017-06-20T09:32:00+00:00","mainEntityOfPage":{"@id":"https:\/\/www.mojabochnia.pl\/?p=174058"},"wordCount":372,"commentCount":0,"publisher":{"@id":"https:\/\/www.mojabochnia.pl\/#organization"},"image":{"@id":"https:\/\/www.mojabochnia.pl\/?p=174058#primaryimage"},"thumbnailUrl":"https:\/\/www.mojabochnia.pl\/wp-content\/uploads\/2017\/05\/IMG_4245.jpg","keywords":["osp","powiat","stra\u017c po\u017carna"],"articleSection":["2_ostatnie","polityka i wydarzenia","tematyka"],"inLanguage":"pl-PL","potentialAction":[{"@type":"CommentAction","name":"Comment","target":["https:\/\/www.mojabochnia.pl\/?p=174058#respond"]}]},{"@type":"WebPage","@id":"https:\/\/www.mojabochnia.pl\/?p=174058","url":"https:\/\/www.mojabochnia.pl\/?p=174058","name":"57 tys. z\u0142 dla jednostek OSP - mojabochnia.pl - portal informacyjny","isPartOf":{"@id":"https:\/\/www.mojabochnia.pl\/#website"},"primaryImageOfPage":{"@id":"https:\/\/www.mojabochnia.pl\/?p=174058#primaryimage"},"image":{"@id":"https:\/\/www.mojabochnia.pl\/?p=174058#primaryimage"},"thumbnailUrl":"https:\/\/www.mojabochnia.pl\/wp-content\/uploads\/2017\/05\/IMG_4245.jpg","datePublished":"2017-06-20T09:32:00+00:00","breadcrumb":{"@id":"https:\/\/www.mojabochnia.pl\/?p=174058#breadcrumb"},"inLanguage":"pl-PL","potentialAction":[{"@type":"ReadAction","target":["https:\/\/www.mojabochnia.pl\/?p=174058"]}]},{"@type":"ImageObject","inLanguage":"pl-PL","@id":"https:\/\/www.mojabochnia.pl\/?p=174058#primaryimage","url":"https:\/\/www.mojabochnia.pl\/wp-content\/uploads\/2017\/05\/IMG_4245.jpg","contentUrl":"https:\/\/www.mojabochnia.pl\/wp-content\/uploads\/2017\/05\/IMG_4245.jpg","width":800,"height":534,"caption":"Pawe\u0142 Michalczyk"},{"@type":"BreadcrumbList","@id":"https:\/\/www.mojabochnia.pl\/?p=174058#breadcrumb","itemListElement":[{"@type":"ListItem","position":1,"name":"Home","item":"https:\/\/www.mojabochnia.pl\/"},{"@type":"ListItem","position":2,"name":"57 tys. z\u0142 dla jednostek OSP"}]},{"@type":"WebSite","@id":"https:\/\/www.mojabochnia.pl\/#website","url":"https:\/\/www.mojabochnia.pl\/","name":"mojabochnia.pl - portal informacyjny","description":"mojaBochnia to portal informacyjny o Bochni. Codziennie o Bochni piszemy i pokazujemy najwa\u017cniejsze wydarzenia","publisher":{"@id":"https:\/\/www.mojabochnia.pl\/#organization"},"potentialAction":[{"@type":"SearchAction","target":{"@type":"EntryPoint","urlTemplate":"https:\/\/www.mojabochnia.pl\/?s={search_term_string}"},"query-input":{"@type":"PropertyValueSpecification","valueRequired":true,"valueName":"search_term_string"}}],"inLanguage":"pl-PL"},{"@type":"Organization","@id":"https:\/\/www.mojabochnia.pl\/#organization","name":"mojabochnia.pl - portal informacyjny","url":"https:\/\/www.mojabochnia.pl\/","logo":{"@type":"ImageObject","inLanguage":"pl-PL","@id":"https:\/\/www.mojabochnia.pl\/#\/schema\/logo\/image\/","url":"https:\/\/www.mojabochnia.pl\/wp-content\/uploads\/2017\/08\/logo-mb-opt.png","contentUrl":"https:\/\/www.mojabochnia.pl\/wp-content\/uploads\/2017\/08\/logo-mb-opt.png","width":250,"height":48,"caption":"mojabochnia.pl - portal informacyjny"},"image":{"@id":"https:\/\/www.mojabochnia.pl\/#\/schema\/logo\/image\/"},"sameAs":["https:\/\/www.facebook.com\/mojabochnia"]},{"@type":"Person","@id":"https:\/\/www.mojabochnia.pl\/#\/schema\/person\/7e2f20ead9902216a3384f13606c0ab7","name":"redakcja","sameAs":["http:\/\/"],"url":"https:\/\/www.mojabochnia.pl\/?author=13"}]}},"_links":{"self":[{"href":"https:\/\/www.mojabochnia.pl\/index.php?rest_route=\/wp\/v2\/posts\/174058","targetHints":{"allow":["GET"]}}],"collection":[{"href":"https:\/\/www.mojabochnia.pl\/index.php?rest_route=\/wp\/v2\/posts"}],"about":[{"href":"https:\/\/www.mojabochnia.pl\/index.php?rest_route=\/wp\/v2\/types\/post"}],"author":[{"embeddable":true,"href":"https:\/\/www.mojabochnia.pl\/index.php?rest_route=\/wp\/v2\/users\/13"}],"replies":[{"embeddable":true,"href":"https:\/\/www.mojabochnia.pl\/index.php?rest_route=%2Fwp%2Fv2%2Fcomments&post=174058"}],"version-history":[{"count":1,"href":"https:\/\/www.mojabochnia.pl\/index.php?rest_route=\/wp\/v2\/posts\/174058\/revisions"}],"predecessor-version":[{"id":174059,"href":"https:\/\/www.mojabochnia.pl\/index.php?rest_route=\/wp\/v2\/posts\/174058\/revisions\/174059"}],"wp:featuredmedia":[{"embeddable":true,"href":"https:\/\/www.mojabochnia.pl\/index.php?rest_route=\/wp\/v2\/media\/171881"}],"wp:attachment":[{"href":"https:\/\/www.mojabochnia.pl\/index.php?rest_route=%2Fwp%2Fv2%2Fmedia&parent=174058"}],"wp:term":[{"taxonomy":"category","embeddable":true,"href":"https:\/\/www.mojabochnia.pl\/index.php?rest_route=%2Fwp%2Fv2%2Fcategories&post=174058"},{"taxonomy":"post_tag","embeddable":true,"href":"https:\/\/www.mojabochnia.pl\/index.php?rest_route=%2Fwp%2Fv2%2Ftags&post=174058"}],"curies":[{"name":"wp","href":"https:\/\/api.w.org\/{rel}","templated":true}]}}