{"id":172222,"date":"2017-05-26T11:48:30","date_gmt":"2017-05-26T09:48:30","guid":{"rendered":"http:\/\/www.mojabochnia.pl\/?p=172222"},"modified":"2017-05-26T08:05:32","modified_gmt":"2017-05-26T06:05:32","slug":"lapanow-radny-nie-glosuje","status":"publish","type":"post","link":"https:\/\/www.mojabochnia.pl\/?p=172222","title":{"rendered":"\u0141apan\u00f3w: protest radnego, do ko\u0144ca kadencji nie g\u0142osuje za absolutorium"},"content":{"rendered":"<p>Andrzej \u015aliwa t\u0142umaczy, \u017ce w 2015 roku rada nie udzieli\u0142a absolutorium z tytu\u0142u wykonania bud\u017cetu za rok 2014. Przez wi\u0119ksz\u0105 cz\u0119\u015b\u0107 tego roku rz\u0105dzi\u0142 jeszcze Jan Kulig, ale absolutorium co do zasady otrzymuje urz\u0119duj\u0105cy w\u00f3jt, wtedy ju\u017c Robert Roj. Mimo pozytywnej opinii Regionalnej Izby Obrachunkowej, rada absolutorium nie uchwali\u0142a, w Biuletynie Informacji Publicznej za 2015 r. nie ma w og\u00f3le uchwa\u0142y Rady Gminy \u0141apan\u00f3w w sprawie absolutorium za 2014 r. St\u0105d protest radnego. <em>Je\u017celi w og\u00f3le nie ma potrzeby podj\u0119cia uchwa\u0142y o absolutorium, to po co w og\u00f3le j\u0105 g\u0142osowa\u0107. G\u0142os w sumie nie ma znaczenia, bo funkcjonujemy bez tamtej uchwa\u0142y, wi\u0119c mo\u017cemy funkcjonowa\u0107 bez absolutorium<\/em> \u2013 m\u00f3wi Andrzej \u015aliwa. Na nasze pytanie, czy sw\u00f3j protest b\u0119dzie kontynuowa\u0142 do ko\u0144ca kadencji, radny odpar\u0142 twierdz\u0105co.<\/p>\n<p>W\u00f3jt uwa\u017ca, \u017ce ocena wykonania bud\u017cetu powinna sprowadza\u0107 si\u0119 do por\u00f3wnania plan\u00f3w z wynikami ich realizacji. <em>Je\u017celi kto\u015b wstrzymuje si\u0119, t\u0142umacz\u0105c \u017ce w kt\u00f3rym\u015b tam roku by\u0142o inaczej, na tym poziomie nie powinno by\u0107 polityki. Pan radny ani nie g\u0142osuje za przyj\u0119ciem bud\u017cetu, ani za absolutorium, a chcia\u0142by mie\u0107 jakie\u015b inwestycje na terenie swojej miejscowo\u015bci, jego wyb\u00f3r<\/em> \u2013 m\u00f3wi w\u00f3jt Robert Roj. <\/p>\n<p>Gospodarz \u0141apanowa dosta\u0142 absolutorium wi\u0119kszo\u015bci\u0105 14 g\u0142os\u00f3w przy jednym wstrzymuj\u0105cym si\u0119.<\/p>\n","protected":false},"excerpt":{"rendered":"<p>Radny z \u0141apanowa nie g\u0142osuje ani \u201eza\u201d, ani \u201eprzeciw\u201d absolutorium dla w\u00f3jta w prote\u015bcie przeciwko post\u0119powaniu ca\u0142ej rady. Andrzej \u015aliwa po raz kolejny wstrzyma\u0142 si\u0119 od g\u0142osu podczas oceny pracy w\u00f3jta za poprzedni rok. I zapowiada, \u017ce b\u0119dzie tak robi\u0142 do ko\u0144ca kadencji.<\/p>\n","protected":false},"author":4,"featured_media":172225,"comment_status":"open","ping_status":"closed","sticky":false,"template":"","format":"standard","meta":{"_acf_changed":false,"footnotes":""},"categories":[5,6251,6250],"tags":[17689,4633,17233,2761],"class_list":["post-172222","post","type-post","status-publish","format-standard","has-post-thumbnail","hentry","category-biezace-wydarzenia","category-polityka-i-wydarzenia","category-tematyka","tag-absolutorium","tag-andrzej-sliwa","tag-lapanow","tag-robert-roj","main_tag-lapanow"],"acf":[],"yoast_head":"<!-- This site is optimized with the Yoast SEO plugin v26.9 - https:\/\/yoast.com\/product\/yoast-seo-wordpress\/ -->\n<title>\u0141apan\u00f3w: protest radnego, do ko\u0144ca kadencji nie g\u0142osuje za absolutorium - mojabochnia.pl - portal informacyjny<\/title>\n<meta name=\"robots\" content=\"index, follow, max-snippet:-1, max-image-preview:large, max-video-preview:-1\" \/>\n<link rel=\"canonical\" href=\"https:\/\/www.mojabochnia.pl\/?p=172222\" \/>\n<meta property=\"og:locale\" content=\"pl_PL\" \/>\n<meta property=\"og:type\" content=\"article\" \/>\n<meta property=\"og:title\" content=\"\u0141apan\u00f3w: protest radnego, do ko\u0144ca kadencji nie g\u0142osuje za absolutorium - mojabochnia.pl - portal informacyjny\" \/>\n<meta property=\"og:description\" content=\"Radny z \u0141apanowa nie g\u0142osuje ani \u201eza\u201d, ani \u201eprzeciw\u201d absolutorium dla w\u00f3jta w prote\u015bcie przeciwko post\u0119powaniu ca\u0142ej rady. Andrzej \u015aliwa po raz kolejny wstrzyma\u0142 si\u0119 od g\u0142osu podczas oceny pracy w\u00f3jta za poprzedni rok. I zapowiada, \u017ce b\u0119dzie tak robi\u0142 do ko\u0144ca kadencji.\" \/>\n<meta property=\"og:url\" content=\"https:\/\/www.mojabochnia.pl\/?p=172222\" \/>\n<meta property=\"og:site_name\" content=\"mojabochnia.pl - portal informacyjny\" \/>\n<meta property=\"article:publisher\" content=\"https:\/\/www.facebook.com\/mojabochnia\" \/>\n<meta property=\"article:published_time\" content=\"2017-05-26T09:48:30+00:00\" \/>\n<meta property=\"og:image\" content=\"https:\/\/www.mojabochnia.pl\/wp-content\/uploads\/2017\/05\/IMG_9179.jpg\" \/>\n\t<meta property=\"og:image:width\" content=\"800\" \/>\n\t<meta property=\"og:image:height\" content=\"534\" \/>\n\t<meta property=\"og:image:type\" content=\"image\/jpeg\" \/>\n<meta name=\"author\" content=\"Pawe\u0142 Michalczyk\" \/>\n<meta name=\"twitter:card\" content=\"summary_large_image\" \/>\n<meta name=\"twitter:label1\" content=\"Written by\" \/>\n\t<meta name=\"twitter:data1\" content=\"Pawe\u0142 Michalczyk\" \/>\n\t<meta name=\"twitter:label2\" content=\"Est. reading time\" \/>\n\t<meta name=\"twitter:data2\" content=\"1 minuta\" \/>\n<script type=\"application\/ld+json\" class=\"yoast-schema-graph\">{\"@context\":\"https:\/\/schema.org\",\"@graph\":[{\"@type\":\"Article\",\"@id\":\"https:\/\/www.mojabochnia.pl\/?p=172222#article\",\"isPartOf\":{\"@id\":\"https:\/\/www.mojabochnia.pl\/?p=172222\"},\"author\":{\"name\":\"Pawe\u0142 Michalczyk\",\"@id\":\"https:\/\/www.mojabochnia.pl\/#\/schema\/person\/ea042e4724a77627963f02166828ead4\"},\"headline\":\"\u0141apan\u00f3w: protest radnego, do ko\u0144ca kadencji nie g\u0142osuje za absolutorium\",\"datePublished\":\"2017-05-26T09:48:30+00:00\",\"mainEntityOfPage\":{\"@id\":\"https:\/\/www.mojabochnia.pl\/?p=172222\"},\"wordCount\":255,\"commentCount\":0,\"publisher\":{\"@id\":\"https:\/\/www.mojabochnia.pl\/#organization\"},\"image\":{\"@id\":\"https:\/\/www.mojabochnia.pl\/?p=172222#primaryimage\"},\"thumbnailUrl\":\"https:\/\/www.mojabochnia.pl\/wp-content\/uploads\/2017\/05\/IMG_9179.jpg\",\"keywords\":[\"absolutorium\",\"andrzej \u015bliwa\",\"\u0141apan\u00f3w\",\"robert roj\"],\"articleSection\":[\"2_ostatnie\",\"polityka i wydarzenia\",\"tematyka\"],\"inLanguage\":\"pl-PL\",\"potentialAction\":[{\"@type\":\"CommentAction\",\"name\":\"Comment\",\"target\":[\"https:\/\/www.mojabochnia.pl\/?p=172222#respond\"]}]},{\"@type\":\"WebPage\",\"@id\":\"https:\/\/www.mojabochnia.pl\/?p=172222\",\"url\":\"https:\/\/www.mojabochnia.pl\/?p=172222\",\"name\":\"\u0141apan\u00f3w: protest radnego, do ko\u0144ca kadencji nie g\u0142osuje za absolutorium - mojabochnia.pl - portal informacyjny\",\"isPartOf\":{\"@id\":\"https:\/\/www.mojabochnia.pl\/#website\"},\"primaryImageOfPage\":{\"@id\":\"https:\/\/www.mojabochnia.pl\/?p=172222#primaryimage\"},\"image\":{\"@id\":\"https:\/\/www.mojabochnia.pl\/?p=172222#primaryimage\"},\"thumbnailUrl\":\"https:\/\/www.mojabochnia.pl\/wp-content\/uploads\/2017\/05\/IMG_9179.jpg\",\"datePublished\":\"2017-05-26T09:48:30+00:00\",\"breadcrumb\":{\"@id\":\"https:\/\/www.mojabochnia.pl\/?p=172222#breadcrumb\"},\"inLanguage\":\"pl-PL\",\"potentialAction\":[{\"@type\":\"ReadAction\",\"target\":[\"https:\/\/www.mojabochnia.pl\/?p=172222\"]}]},{\"@type\":\"ImageObject\",\"inLanguage\":\"pl-PL\",\"@id\":\"https:\/\/www.mojabochnia.pl\/?p=172222#primaryimage\",\"url\":\"https:\/\/www.mojabochnia.pl\/wp-content\/uploads\/2017\/05\/IMG_9179.jpg\",\"contentUrl\":\"https:\/\/www.mojabochnia.pl\/wp-content\/uploads\/2017\/05\/IMG_9179.jpg\",\"width\":800,\"height\":534,\"caption\":\"Pawe\u0142 Michalczyk\"},{\"@type\":\"BreadcrumbList\",\"@id\":\"https:\/\/www.mojabochnia.pl\/?p=172222#breadcrumb\",\"itemListElement\":[{\"@type\":\"ListItem\",\"position\":1,\"name\":\"Home\",\"item\":\"https:\/\/www.mojabochnia.pl\/\"},{\"@type\":\"ListItem\",\"position\":2,\"name\":\"\u0141apan\u00f3w: protest radnego, do ko\u0144ca kadencji nie g\u0142osuje za absolutorium\"}]},{\"@type\":\"WebSite\",\"@id\":\"https:\/\/www.mojabochnia.pl\/#website\",\"url\":\"https:\/\/www.mojabochnia.pl\/\",\"name\":\"mojabochnia.pl - portal informacyjny\",\"description\":\"mojaBochnia to portal informacyjny o Bochni. Codziennie o Bochni piszemy i pokazujemy najwa\u017cniejsze wydarzenia\",\"publisher\":{\"@id\":\"https:\/\/www.mojabochnia.pl\/#organization\"},\"potentialAction\":[{\"@type\":\"SearchAction\",\"target\":{\"@type\":\"EntryPoint\",\"urlTemplate\":\"https:\/\/www.mojabochnia.pl\/?s={search_term_string}\"},\"query-input\":{\"@type\":\"PropertyValueSpecification\",\"valueRequired\":true,\"valueName\":\"search_term_string\"}}],\"inLanguage\":\"pl-PL\"},{\"@type\":\"Organization\",\"@id\":\"https:\/\/www.mojabochnia.pl\/#organization\",\"name\":\"mojabochnia.pl - portal informacyjny\",\"url\":\"https:\/\/www.mojabochnia.pl\/\",\"logo\":{\"@type\":\"ImageObject\",\"inLanguage\":\"pl-PL\",\"@id\":\"https:\/\/www.mojabochnia.pl\/#\/schema\/logo\/image\/\",\"url\":\"https:\/\/www.mojabochnia.pl\/wp-content\/uploads\/2017\/08\/logo-mb-opt.png\",\"contentUrl\":\"https:\/\/www.mojabochnia.pl\/wp-content\/uploads\/2017\/08\/logo-mb-opt.png\",\"width\":250,\"height\":48,\"caption\":\"mojabochnia.pl - portal informacyjny\"},\"image\":{\"@id\":\"https:\/\/www.mojabochnia.pl\/#\/schema\/logo\/image\/\"},\"sameAs\":[\"https:\/\/www.facebook.com\/mojabochnia\"]},{\"@type\":\"Person\",\"@id\":\"https:\/\/www.mojabochnia.pl\/#\/schema\/person\/ea042e4724a77627963f02166828ead4\",\"name\":\"Pawe\u0142 Michalczyk\",\"url\":\"https:\/\/www.mojabochnia.pl\/?author=4\"}]}<\/script>\n<!-- \/ Yoast SEO plugin. -->","yoast_head_json":{"title":"\u0141apan\u00f3w: protest radnego, do ko\u0144ca kadencji nie g\u0142osuje za absolutorium - mojabochnia.pl - portal informacyjny","robots":{"index":"index","follow":"follow","max-snippet":"max-snippet:-1","max-image-preview":"max-image-preview:large","max-video-preview":"max-video-preview:-1"},"canonical":"https:\/\/www.mojabochnia.pl\/?p=172222","og_locale":"pl_PL","og_type":"article","og_title":"\u0141apan\u00f3w: protest radnego, do ko\u0144ca kadencji nie g\u0142osuje za absolutorium - mojabochnia.pl - portal informacyjny","og_description":"Radny z \u0141apanowa nie g\u0142osuje ani \u201eza\u201d, ani \u201eprzeciw\u201d absolutorium dla w\u00f3jta w prote\u015bcie przeciwko post\u0119powaniu ca\u0142ej rady. Andrzej \u015aliwa po raz kolejny wstrzyma\u0142 si\u0119 od g\u0142osu podczas oceny pracy w\u00f3jta za poprzedni rok. I zapowiada, \u017ce b\u0119dzie tak robi\u0142 do ko\u0144ca kadencji.","og_url":"https:\/\/www.mojabochnia.pl\/?p=172222","og_site_name":"mojabochnia.pl - portal informacyjny","article_publisher":"https:\/\/www.facebook.com\/mojabochnia","article_published_time":"2017-05-26T09:48:30+00:00","og_image":[{"width":800,"height":534,"url":"https:\/\/www.mojabochnia.pl\/wp-content\/uploads\/2017\/05\/IMG_9179.jpg","type":"image\/jpeg"}],"author":"Pawe\u0142 Michalczyk","twitter_card":"summary_large_image","twitter_misc":{"Written by":"Pawe\u0142 Michalczyk","Est. reading time":"1 minuta"},"schema":{"@context":"https:\/\/schema.org","@graph":[{"@type":"Article","@id":"https:\/\/www.mojabochnia.pl\/?p=172222#article","isPartOf":{"@id":"https:\/\/www.mojabochnia.pl\/?p=172222"},"author":{"name":"Pawe\u0142 Michalczyk","@id":"https:\/\/www.mojabochnia.pl\/#\/schema\/person\/ea042e4724a77627963f02166828ead4"},"headline":"\u0141apan\u00f3w: protest radnego, do ko\u0144ca kadencji nie g\u0142osuje za absolutorium","datePublished":"2017-05-26T09:48:30+00:00","mainEntityOfPage":{"@id":"https:\/\/www.mojabochnia.pl\/?p=172222"},"wordCount":255,"commentCount":0,"publisher":{"@id":"https:\/\/www.mojabochnia.pl\/#organization"},"image":{"@id":"https:\/\/www.mojabochnia.pl\/?p=172222#primaryimage"},"thumbnailUrl":"https:\/\/www.mojabochnia.pl\/wp-content\/uploads\/2017\/05\/IMG_9179.jpg","keywords":["absolutorium","andrzej \u015bliwa","\u0141apan\u00f3w","robert roj"],"articleSection":["2_ostatnie","polityka i wydarzenia","tematyka"],"inLanguage":"pl-PL","potentialAction":[{"@type":"CommentAction","name":"Comment","target":["https:\/\/www.mojabochnia.pl\/?p=172222#respond"]}]},{"@type":"WebPage","@id":"https:\/\/www.mojabochnia.pl\/?p=172222","url":"https:\/\/www.mojabochnia.pl\/?p=172222","name":"\u0141apan\u00f3w: protest radnego, do ko\u0144ca kadencji nie g\u0142osuje za absolutorium - mojabochnia.pl - portal informacyjny","isPartOf":{"@id":"https:\/\/www.mojabochnia.pl\/#website"},"primaryImageOfPage":{"@id":"https:\/\/www.mojabochnia.pl\/?p=172222#primaryimage"},"image":{"@id":"https:\/\/www.mojabochnia.pl\/?p=172222#primaryimage"},"thumbnailUrl":"https:\/\/www.mojabochnia.pl\/wp-content\/uploads\/2017\/05\/IMG_9179.jpg","datePublished":"2017-05-26T09:48:30+00:00","breadcrumb":{"@id":"https:\/\/www.mojabochnia.pl\/?p=172222#breadcrumb"},"inLanguage":"pl-PL","potentialAction":[{"@type":"ReadAction","target":["https:\/\/www.mojabochnia.pl\/?p=172222"]}]},{"@type":"ImageObject","inLanguage":"pl-PL","@id":"https:\/\/www.mojabochnia.pl\/?p=172222#primaryimage","url":"https:\/\/www.mojabochnia.pl\/wp-content\/uploads\/2017\/05\/IMG_9179.jpg","contentUrl":"https:\/\/www.mojabochnia.pl\/wp-content\/uploads\/2017\/05\/IMG_9179.jpg","width":800,"height":534,"caption":"Pawe\u0142 Michalczyk"},{"@type":"BreadcrumbList","@id":"https:\/\/www.mojabochnia.pl\/?p=172222#breadcrumb","itemListElement":[{"@type":"ListItem","position":1,"name":"Home","item":"https:\/\/www.mojabochnia.pl\/"},{"@type":"ListItem","position":2,"name":"\u0141apan\u00f3w: protest radnego, do ko\u0144ca kadencji nie g\u0142osuje za absolutorium"}]},{"@type":"WebSite","@id":"https:\/\/www.mojabochnia.pl\/#website","url":"https:\/\/www.mojabochnia.pl\/","name":"mojabochnia.pl - portal informacyjny","description":"mojaBochnia to portal informacyjny o Bochni. Codziennie o Bochni piszemy i pokazujemy najwa\u017cniejsze wydarzenia","publisher":{"@id":"https:\/\/www.mojabochnia.pl\/#organization"},"potentialAction":[{"@type":"SearchAction","target":{"@type":"EntryPoint","urlTemplate":"https:\/\/www.mojabochnia.pl\/?s={search_term_string}"},"query-input":{"@type":"PropertyValueSpecification","valueRequired":true,"valueName":"search_term_string"}}],"inLanguage":"pl-PL"},{"@type":"Organization","@id":"https:\/\/www.mojabochnia.pl\/#organization","name":"mojabochnia.pl - portal informacyjny","url":"https:\/\/www.mojabochnia.pl\/","logo":{"@type":"ImageObject","inLanguage":"pl-PL","@id":"https:\/\/www.mojabochnia.pl\/#\/schema\/logo\/image\/","url":"https:\/\/www.mojabochnia.pl\/wp-content\/uploads\/2017\/08\/logo-mb-opt.png","contentUrl":"https:\/\/www.mojabochnia.pl\/wp-content\/uploads\/2017\/08\/logo-mb-opt.png","width":250,"height":48,"caption":"mojabochnia.pl - portal informacyjny"},"image":{"@id":"https:\/\/www.mojabochnia.pl\/#\/schema\/logo\/image\/"},"sameAs":["https:\/\/www.facebook.com\/mojabochnia"]},{"@type":"Person","@id":"https:\/\/www.mojabochnia.pl\/#\/schema\/person\/ea042e4724a77627963f02166828ead4","name":"Pawe\u0142 Michalczyk","url":"https:\/\/www.mojabochnia.pl\/?author=4"}]}},"_links":{"self":[{"href":"https:\/\/www.mojabochnia.pl\/index.php?rest_route=\/wp\/v2\/posts\/172222","targetHints":{"allow":["GET"]}}],"collection":[{"href":"https:\/\/www.mojabochnia.pl\/index.php?rest_route=\/wp\/v2\/posts"}],"about":[{"href":"https:\/\/www.mojabochnia.pl\/index.php?rest_route=\/wp\/v2\/types\/post"}],"author":[{"embeddable":true,"href":"https:\/\/www.mojabochnia.pl\/index.php?rest_route=\/wp\/v2\/users\/4"}],"replies":[{"embeddable":true,"href":"https:\/\/www.mojabochnia.pl\/index.php?rest_route=%2Fwp%2Fv2%2Fcomments&post=172222"}],"version-history":[{"count":7,"href":"https:\/\/www.mojabochnia.pl\/index.php?rest_route=\/wp\/v2\/posts\/172222\/revisions"}],"predecessor-version":[{"id":172230,"href":"https:\/\/www.mojabochnia.pl\/index.php?rest_route=\/wp\/v2\/posts\/172222\/revisions\/172230"}],"wp:featuredmedia":[{"embeddable":true,"href":"https:\/\/www.mojabochnia.pl\/index.php?rest_route=\/wp\/v2\/media\/172225"}],"wp:attachment":[{"href":"https:\/\/www.mojabochnia.pl\/index.php?rest_route=%2Fwp%2Fv2%2Fmedia&parent=172222"}],"wp:term":[{"taxonomy":"category","embeddable":true,"href":"https:\/\/www.mojabochnia.pl\/index.php?rest_route=%2Fwp%2Fv2%2Fcategories&post=172222"},{"taxonomy":"post_tag","embeddable":true,"href":"https:\/\/www.mojabochnia.pl\/index.php?rest_route=%2Fwp%2Fv2%2Ftags&post=172222"}],"curies":[{"name":"wp","href":"https:\/\/api.w.org\/{rel}","templated":true}]}}