{"id":172134,"date":"2017-05-25T10:07:37","date_gmt":"2017-05-25T08:07:37","guid":{"rendered":"http:\/\/www.mojabochnia.pl\/?p=172134"},"modified":"2017-05-25T10:07:37","modified_gmt":"2017-05-25T08:07:37","slug":"podkladki-pod-tablice-rejestracyjne-rozeszly-sie-w-25-dnia","status":"publish","type":"post","link":"https:\/\/www.mojabochnia.pl\/?p=172134","title":{"rendered":"Podk\u0142adki pod tablice rejestracyjne rozesz\u0142y si\u0119 w 2,5 dnia"},"content":{"rendered":"<p>Jak poinformowa\u0142 nas Tomasz Ryncarz, naczelnik wydzia\u0142u promocji miasta Bochni, trzy tysi\u0105ce podk\u0142adek pod tablice (1,5 tys. zestaw\u00f3w na prz\u00f3d i ty\u0142) rozdano w 2,5 dnia. Zam\u00f3wiono kolejne trzy tysi\u0105ce podk\u0142adek.<\/p>\n<p>Cena jednej sztuki to 2,32 z\u0142, czyli 6960 z\u0142 za 3 tysi\u0105ce podk\u0142adek.<\/p>\n<p>Nowa dostawa powinna by\u0107 dost\u0119pna od najbli\u017cszego poniedzia\u0142ku. Zestawy mo\u017cna odbiera\u0107 w dzienniku podawczym Urz\u0119du Miasta Bochnia oraz w siedzibie Krytej P\u0142ywalni w Bochni.<br \/>\n<figure id=\"attachment_171482\" aria-describedby=\"caption-attachment-171482\" style=\"width: 468px\" class=\"wp-caption alignnone\"><a onclick=\"javascript:pageTracker._trackPageview('\/downloads\/wp-content\/uploads\/2017\/05\/IMG_3501.jpg');\"  href=\"http:\/\/www.mojabochnia.pl\/wp-content\/uploads\/2017\/05\/IMG_3501.jpg\"><img loading=\"lazy\" decoding=\"async\" src=\"http:\/\/www.mojabochnia.pl\/wp-content\/uploads\/2017\/05\/IMG_3501-468x312.jpg\" alt=\"Pawe\u0142 Michalczyk\" width=\"468\" height=\"312\" class=\"size-medium wp-image-171482\" srcset=\"https:\/\/www.mojabochnia.pl\/wp-content\/uploads\/2017\/05\/IMG_3501-468x312.jpg 468w, https:\/\/www.mojabochnia.pl\/wp-content\/uploads\/2017\/05\/IMG_3501-120x80.jpg 120w, https:\/\/www.mojabochnia.pl\/wp-content\/uploads\/2017\/05\/IMG_3501-768x513.jpg 768w, https:\/\/www.mojabochnia.pl\/wp-content\/uploads\/2017\/05\/IMG_3501-660x441.jpg 660w, https:\/\/www.mojabochnia.pl\/wp-content\/uploads\/2017\/05\/IMG_3501-152x101.jpg 152w, https:\/\/www.mojabochnia.pl\/wp-content\/uploads\/2017\/05\/IMG_3501.jpg 800w\" sizes=\"auto, (max-width: 468px) 100vw, 468px\" \/><\/a><figcaption id=\"caption-attachment-171482\" class=\"wp-caption-text\">Pawe\u0142 Michalczyk<\/figcaption><\/figure><\/p>\n","protected":false},"excerpt":{"rendered":"<p>Kampania &#8222;Ambasador&#8221; wydzia\u0142u promocji magistratu okaza\u0142a si\u0119 strza\u0142em w dziesi\u0105tk\u0119. 3 tysi\u0105ce przygotowanych przez magistrat podk\u0142adek pod tablice rejestracyjne z symbolami Bochni rozesz\u0142y si\u0119 w b\u0142yskawicznym tempie. Ju\u017c zam\u00f3wiono kolejn\u0105 porcj\u0119.<\/p>\n","protected":false},"author":4,"featured_media":0,"comment_status":"open","ping_status":"closed","sticky":false,"template":"","format":"standard","meta":{"_acf_changed":false,"footnotes":""},"categories":[5,6251,6250],"tags":[19556,19580,17521,5902,6918],"class_list":["post-172134","post","type-post","status-publish","format-standard","hentry","category-biezace-wydarzenia","category-polityka-i-wydarzenia","category-tematyka","tag-afera-naklejkowa","tag-ambasador","tag-promocja","tag-tablica","tag-tablice-rejestracyjne","main_tag-promocja-2"],"acf":[],"yoast_head":"<!-- This site is optimized with the Yoast SEO plugin v26.9 - https:\/\/yoast.com\/product\/yoast-seo-wordpress\/ -->\n<title>Podk\u0142adki pod tablice rejestracyjne rozesz\u0142y si\u0119 w 2,5 dnia - mojabochnia.pl - portal informacyjny<\/title>\n<meta name=\"robots\" content=\"index, follow, max-snippet:-1, max-image-preview:large, max-video-preview:-1\" \/>\n<link rel=\"canonical\" href=\"https:\/\/www.mojabochnia.pl\/?p=172134\" \/>\n<meta property=\"og:locale\" content=\"pl_PL\" \/>\n<meta property=\"og:type\" content=\"article\" \/>\n<meta property=\"og:title\" content=\"Podk\u0142adki pod tablice rejestracyjne rozesz\u0142y si\u0119 w 2,5 dnia - mojabochnia.pl - portal informacyjny\" \/>\n<meta property=\"og:description\" content=\"Kampania &quot;Ambasador&quot; wydzia\u0142u promocji magistratu okaza\u0142a si\u0119 strza\u0142em w dziesi\u0105tk\u0119. 3 tysi\u0105ce przygotowanych przez magistrat podk\u0142adek pod tablice rejestracyjne z symbolami Bochni rozesz\u0142y si\u0119 w b\u0142yskawicznym tempie. Ju\u017c zam\u00f3wiono kolejn\u0105 porcj\u0119.\" \/>\n<meta property=\"og:url\" content=\"https:\/\/www.mojabochnia.pl\/?p=172134\" \/>\n<meta property=\"og:site_name\" content=\"mojabochnia.pl - portal informacyjny\" \/>\n<meta property=\"article:publisher\" content=\"https:\/\/www.facebook.com\/mojabochnia\" \/>\n<meta property=\"article:published_time\" content=\"2017-05-25T08:07:37+00:00\" \/>\n<meta property=\"og:image\" content=\"https:\/\/www.mojabochnia.pl\/wp-content\/uploads\/2017\/05\/IMG_3501.jpg\" \/>\n\t<meta property=\"og:image:width\" content=\"800\" \/>\n\t<meta property=\"og:image:height\" content=\"534\" \/>\n\t<meta property=\"og:image:type\" content=\"image\/jpeg\" \/>\n<meta name=\"author\" content=\"Pawe\u0142 Michalczyk\" \/>\n<meta name=\"twitter:card\" content=\"summary_large_image\" \/>\n<meta name=\"twitter:label1\" content=\"Written by\" \/>\n\t<meta name=\"twitter:data1\" content=\"Pawe\u0142 Michalczyk\" \/>\n<script type=\"application\/ld+json\" class=\"yoast-schema-graph\">{\"@context\":\"https:\/\/schema.org\",\"@graph\":[{\"@type\":\"Article\",\"@id\":\"https:\/\/www.mojabochnia.pl\/?p=172134#article\",\"isPartOf\":{\"@id\":\"https:\/\/www.mojabochnia.pl\/?p=172134\"},\"author\":{\"name\":\"Pawe\u0142 Michalczyk\",\"@id\":\"https:\/\/www.mojabochnia.pl\/#\/schema\/person\/ea042e4724a77627963f02166828ead4\"},\"headline\":\"Podk\u0142adki pod tablice rejestracyjne rozesz\u0142y si\u0119 w 2,5 dnia\",\"datePublished\":\"2017-05-25T08:07:37+00:00\",\"mainEntityOfPage\":{\"@id\":\"https:\/\/www.mojabochnia.pl\/?p=172134\"},\"wordCount\":98,\"commentCount\":0,\"publisher\":{\"@id\":\"https:\/\/www.mojabochnia.pl\/#organization\"},\"image\":{\"@id\":\"https:\/\/www.mojabochnia.pl\/?p=172134#primaryimage\"},\"thumbnailUrl\":\"http:\/\/www.mojabochnia.pl\/wp-content\/uploads\/2017\/05\/IMG_3501-468x312.jpg\",\"keywords\":[\"afera naklejkowa\",\"ambasador\",\"Promocja\",\"tablica\",\"tablice rejestracyjne\"],\"articleSection\":[\"2_ostatnie\",\"polityka i wydarzenia\",\"tematyka\"],\"inLanguage\":\"pl-PL\",\"potentialAction\":[{\"@type\":\"CommentAction\",\"name\":\"Comment\",\"target\":[\"https:\/\/www.mojabochnia.pl\/?p=172134#respond\"]}]},{\"@type\":\"WebPage\",\"@id\":\"https:\/\/www.mojabochnia.pl\/?p=172134\",\"url\":\"https:\/\/www.mojabochnia.pl\/?p=172134\",\"name\":\"Podk\u0142adki pod tablice rejestracyjne rozesz\u0142y si\u0119 w 2,5 dnia - mojabochnia.pl - portal informacyjny\",\"isPartOf\":{\"@id\":\"https:\/\/www.mojabochnia.pl\/#website\"},\"primaryImageOfPage\":{\"@id\":\"https:\/\/www.mojabochnia.pl\/?p=172134#primaryimage\"},\"image\":{\"@id\":\"https:\/\/www.mojabochnia.pl\/?p=172134#primaryimage\"},\"thumbnailUrl\":\"http:\/\/www.mojabochnia.pl\/wp-content\/uploads\/2017\/05\/IMG_3501-468x312.jpg\",\"datePublished\":\"2017-05-25T08:07:37+00:00\",\"breadcrumb\":{\"@id\":\"https:\/\/www.mojabochnia.pl\/?p=172134#breadcrumb\"},\"inLanguage\":\"pl-PL\",\"potentialAction\":[{\"@type\":\"ReadAction\",\"target\":[\"https:\/\/www.mojabochnia.pl\/?p=172134\"]}]},{\"@type\":\"ImageObject\",\"inLanguage\":\"pl-PL\",\"@id\":\"https:\/\/www.mojabochnia.pl\/?p=172134#primaryimage\",\"url\":\"https:\/\/www.mojabochnia.pl\/wp-content\/uploads\/2017\/05\/IMG_3501.jpg\",\"contentUrl\":\"https:\/\/www.mojabochnia.pl\/wp-content\/uploads\/2017\/05\/IMG_3501.jpg\",\"width\":800,\"height\":534,\"caption\":\"Pawe\u0142 Michalczyk\"},{\"@type\":\"BreadcrumbList\",\"@id\":\"https:\/\/www.mojabochnia.pl\/?p=172134#breadcrumb\",\"itemListElement\":[{\"@type\":\"ListItem\",\"position\":1,\"name\":\"Home\",\"item\":\"https:\/\/www.mojabochnia.pl\/\"},{\"@type\":\"ListItem\",\"position\":2,\"name\":\"Podk\u0142adki pod tablice rejestracyjne rozesz\u0142y si\u0119 w 2,5 dnia\"}]},{\"@type\":\"WebSite\",\"@id\":\"https:\/\/www.mojabochnia.pl\/#website\",\"url\":\"https:\/\/www.mojabochnia.pl\/\",\"name\":\"mojabochnia.pl - portal informacyjny\",\"description\":\"mojaBochnia to portal informacyjny o Bochni. Codziennie o Bochni piszemy i pokazujemy najwa\u017cniejsze wydarzenia\",\"publisher\":{\"@id\":\"https:\/\/www.mojabochnia.pl\/#organization\"},\"potentialAction\":[{\"@type\":\"SearchAction\",\"target\":{\"@type\":\"EntryPoint\",\"urlTemplate\":\"https:\/\/www.mojabochnia.pl\/?s={search_term_string}\"},\"query-input\":{\"@type\":\"PropertyValueSpecification\",\"valueRequired\":true,\"valueName\":\"search_term_string\"}}],\"inLanguage\":\"pl-PL\"},{\"@type\":\"Organization\",\"@id\":\"https:\/\/www.mojabochnia.pl\/#organization\",\"name\":\"mojabochnia.pl - portal informacyjny\",\"url\":\"https:\/\/www.mojabochnia.pl\/\",\"logo\":{\"@type\":\"ImageObject\",\"inLanguage\":\"pl-PL\",\"@id\":\"https:\/\/www.mojabochnia.pl\/#\/schema\/logo\/image\/\",\"url\":\"https:\/\/www.mojabochnia.pl\/wp-content\/uploads\/2017\/08\/logo-mb-opt.png\",\"contentUrl\":\"https:\/\/www.mojabochnia.pl\/wp-content\/uploads\/2017\/08\/logo-mb-opt.png\",\"width\":250,\"height\":48,\"caption\":\"mojabochnia.pl - portal informacyjny\"},\"image\":{\"@id\":\"https:\/\/www.mojabochnia.pl\/#\/schema\/logo\/image\/\"},\"sameAs\":[\"https:\/\/www.facebook.com\/mojabochnia\"]},{\"@type\":\"Person\",\"@id\":\"https:\/\/www.mojabochnia.pl\/#\/schema\/person\/ea042e4724a77627963f02166828ead4\",\"name\":\"Pawe\u0142 Michalczyk\",\"url\":\"https:\/\/www.mojabochnia.pl\/?author=4\"}]}<\/script>\n<!-- \/ Yoast SEO plugin. -->","yoast_head_json":{"title":"Podk\u0142adki pod tablice rejestracyjne rozesz\u0142y si\u0119 w 2,5 dnia - mojabochnia.pl - portal informacyjny","robots":{"index":"index","follow":"follow","max-snippet":"max-snippet:-1","max-image-preview":"max-image-preview:large","max-video-preview":"max-video-preview:-1"},"canonical":"https:\/\/www.mojabochnia.pl\/?p=172134","og_locale":"pl_PL","og_type":"article","og_title":"Podk\u0142adki pod tablice rejestracyjne rozesz\u0142y si\u0119 w 2,5 dnia - mojabochnia.pl - portal informacyjny","og_description":"Kampania \"Ambasador\" wydzia\u0142u promocji magistratu okaza\u0142a si\u0119 strza\u0142em w dziesi\u0105tk\u0119. 3 tysi\u0105ce przygotowanych przez magistrat podk\u0142adek pod tablice rejestracyjne z symbolami Bochni rozesz\u0142y si\u0119 w b\u0142yskawicznym tempie. Ju\u017c zam\u00f3wiono kolejn\u0105 porcj\u0119.","og_url":"https:\/\/www.mojabochnia.pl\/?p=172134","og_site_name":"mojabochnia.pl - portal informacyjny","article_publisher":"https:\/\/www.facebook.com\/mojabochnia","article_published_time":"2017-05-25T08:07:37+00:00","og_image":[{"width":800,"height":534,"url":"https:\/\/www.mojabochnia.pl\/wp-content\/uploads\/2017\/05\/IMG_3501.jpg","type":"image\/jpeg"}],"author":"Pawe\u0142 Michalczyk","twitter_card":"summary_large_image","twitter_misc":{"Written by":"Pawe\u0142 Michalczyk"},"schema":{"@context":"https:\/\/schema.org","@graph":[{"@type":"Article","@id":"https:\/\/www.mojabochnia.pl\/?p=172134#article","isPartOf":{"@id":"https:\/\/www.mojabochnia.pl\/?p=172134"},"author":{"name":"Pawe\u0142 Michalczyk","@id":"https:\/\/www.mojabochnia.pl\/#\/schema\/person\/ea042e4724a77627963f02166828ead4"},"headline":"Podk\u0142adki pod tablice rejestracyjne rozesz\u0142y si\u0119 w 2,5 dnia","datePublished":"2017-05-25T08:07:37+00:00","mainEntityOfPage":{"@id":"https:\/\/www.mojabochnia.pl\/?p=172134"},"wordCount":98,"commentCount":0,"publisher":{"@id":"https:\/\/www.mojabochnia.pl\/#organization"},"image":{"@id":"https:\/\/www.mojabochnia.pl\/?p=172134#primaryimage"},"thumbnailUrl":"http:\/\/www.mojabochnia.pl\/wp-content\/uploads\/2017\/05\/IMG_3501-468x312.jpg","keywords":["afera naklejkowa","ambasador","Promocja","tablica","tablice rejestracyjne"],"articleSection":["2_ostatnie","polityka i wydarzenia","tematyka"],"inLanguage":"pl-PL","potentialAction":[{"@type":"CommentAction","name":"Comment","target":["https:\/\/www.mojabochnia.pl\/?p=172134#respond"]}]},{"@type":"WebPage","@id":"https:\/\/www.mojabochnia.pl\/?p=172134","url":"https:\/\/www.mojabochnia.pl\/?p=172134","name":"Podk\u0142adki pod tablice rejestracyjne rozesz\u0142y si\u0119 w 2,5 dnia - mojabochnia.pl - portal informacyjny","isPartOf":{"@id":"https:\/\/www.mojabochnia.pl\/#website"},"primaryImageOfPage":{"@id":"https:\/\/www.mojabochnia.pl\/?p=172134#primaryimage"},"image":{"@id":"https:\/\/www.mojabochnia.pl\/?p=172134#primaryimage"},"thumbnailUrl":"http:\/\/www.mojabochnia.pl\/wp-content\/uploads\/2017\/05\/IMG_3501-468x312.jpg","datePublished":"2017-05-25T08:07:37+00:00","breadcrumb":{"@id":"https:\/\/www.mojabochnia.pl\/?p=172134#breadcrumb"},"inLanguage":"pl-PL","potentialAction":[{"@type":"ReadAction","target":["https:\/\/www.mojabochnia.pl\/?p=172134"]}]},{"@type":"ImageObject","inLanguage":"pl-PL","@id":"https:\/\/www.mojabochnia.pl\/?p=172134#primaryimage","url":"https:\/\/www.mojabochnia.pl\/wp-content\/uploads\/2017\/05\/IMG_3501.jpg","contentUrl":"https:\/\/www.mojabochnia.pl\/wp-content\/uploads\/2017\/05\/IMG_3501.jpg","width":800,"height":534,"caption":"Pawe\u0142 Michalczyk"},{"@type":"BreadcrumbList","@id":"https:\/\/www.mojabochnia.pl\/?p=172134#breadcrumb","itemListElement":[{"@type":"ListItem","position":1,"name":"Home","item":"https:\/\/www.mojabochnia.pl\/"},{"@type":"ListItem","position":2,"name":"Podk\u0142adki pod tablice rejestracyjne rozesz\u0142y si\u0119 w 2,5 dnia"}]},{"@type":"WebSite","@id":"https:\/\/www.mojabochnia.pl\/#website","url":"https:\/\/www.mojabochnia.pl\/","name":"mojabochnia.pl - portal informacyjny","description":"mojaBochnia to portal informacyjny o Bochni. Codziennie o Bochni piszemy i pokazujemy najwa\u017cniejsze wydarzenia","publisher":{"@id":"https:\/\/www.mojabochnia.pl\/#organization"},"potentialAction":[{"@type":"SearchAction","target":{"@type":"EntryPoint","urlTemplate":"https:\/\/www.mojabochnia.pl\/?s={search_term_string}"},"query-input":{"@type":"PropertyValueSpecification","valueRequired":true,"valueName":"search_term_string"}}],"inLanguage":"pl-PL"},{"@type":"Organization","@id":"https:\/\/www.mojabochnia.pl\/#organization","name":"mojabochnia.pl - portal informacyjny","url":"https:\/\/www.mojabochnia.pl\/","logo":{"@type":"ImageObject","inLanguage":"pl-PL","@id":"https:\/\/www.mojabochnia.pl\/#\/schema\/logo\/image\/","url":"https:\/\/www.mojabochnia.pl\/wp-content\/uploads\/2017\/08\/logo-mb-opt.png","contentUrl":"https:\/\/www.mojabochnia.pl\/wp-content\/uploads\/2017\/08\/logo-mb-opt.png","width":250,"height":48,"caption":"mojabochnia.pl - portal informacyjny"},"image":{"@id":"https:\/\/www.mojabochnia.pl\/#\/schema\/logo\/image\/"},"sameAs":["https:\/\/www.facebook.com\/mojabochnia"]},{"@type":"Person","@id":"https:\/\/www.mojabochnia.pl\/#\/schema\/person\/ea042e4724a77627963f02166828ead4","name":"Pawe\u0142 Michalczyk","url":"https:\/\/www.mojabochnia.pl\/?author=4"}]}},"_links":{"self":[{"href":"https:\/\/www.mojabochnia.pl\/index.php?rest_route=\/wp\/v2\/posts\/172134","targetHints":{"allow":["GET"]}}],"collection":[{"href":"https:\/\/www.mojabochnia.pl\/index.php?rest_route=\/wp\/v2\/posts"}],"about":[{"href":"https:\/\/www.mojabochnia.pl\/index.php?rest_route=\/wp\/v2\/types\/post"}],"author":[{"embeddable":true,"href":"https:\/\/www.mojabochnia.pl\/index.php?rest_route=\/wp\/v2\/users\/4"}],"replies":[{"embeddable":true,"href":"https:\/\/www.mojabochnia.pl\/index.php?rest_route=%2Fwp%2Fv2%2Fcomments&post=172134"}],"version-history":[{"count":2,"href":"https:\/\/www.mojabochnia.pl\/index.php?rest_route=\/wp\/v2\/posts\/172134\/revisions"}],"predecessor-version":[{"id":172136,"href":"https:\/\/www.mojabochnia.pl\/index.php?rest_route=\/wp\/v2\/posts\/172134\/revisions\/172136"}],"wp:attachment":[{"href":"https:\/\/www.mojabochnia.pl\/index.php?rest_route=%2Fwp%2Fv2%2Fmedia&parent=172134"}],"wp:term":[{"taxonomy":"category","embeddable":true,"href":"https:\/\/www.mojabochnia.pl\/index.php?rest_route=%2Fwp%2Fv2%2Fcategories&post=172134"},{"taxonomy":"post_tag","embeddable":true,"href":"https:\/\/www.mojabochnia.pl\/index.php?rest_route=%2Fwp%2Fv2%2Ftags&post=172134"}],"curies":[{"name":"wp","href":"https:\/\/api.w.org\/{rel}","templated":true}]}}