{"id":172103,"date":"2017-05-24T10:26:00","date_gmt":"2017-05-24T08:26:00","guid":{"rendered":"http:\/\/www.mojabochnia.pl\/?p=172103"},"modified":"2017-05-25T09:07:00","modified_gmt":"2017-05-25T07:07:00","slug":"wniosek-o-wyniesienie-przejscia-dla-pieszych-na-hutniczej","status":"publish","type":"post","link":"https:\/\/www.mojabochnia.pl\/?p=172103","title":{"rendered":"B\u0119dzie podniesienie przej\u015bcia dla pieszych na Hutniczej"},"content":{"rendered":"<p>O sprawie informowali\u015bmy na \u0142amach mojaBochnia.pl 11 maja &#8211; wi\u0119cej <a href=\"http:\/\/www.mojabochnia.pl\/?p=171180\">tutaj<\/a>. Posiedzenie komisji znak\u00f3w ju\u017c si\u0119 odby\u0142o. W jego trakcie policja z\u0142o\u017cy\u0142a wniosek, aby przed skrzy\u017cowaniem z ul. Wygoda zamontowa\u0107 element, kt\u00f3ry zmusi kierowc\u00f3w do redukcji biegu i wolniejszej jazdy. Ul. Hutnicza jest drog\u0105 mieijsk\u0105, dlatego inwestycja nale\u017cy do magistratu.<\/p>\n<p><em>Na ul. Hutniczej od strony ul. Proszowskiej miasto ma wykona\u0107 wyniesione przej\u015bcie dla pieszych. Ma by\u0107 te\u017c przesuni\u0119cie znaku D6 przed przej\u015bcie dla pieszych, ustawienie znak\u00f3w \u201eStop\u201d o wymiar wi\u0119kszych i odmalowanie wszystkich linii <\/em>\u2013 m\u00f3wi Wies\u0142aw Pajor, szef wydzia\u0142u komunikacji w boche\u0144skim starostwie.<\/p>\n<p>Pierwotnie w urz\u0119dzie miasta my\u015blano o wyniesieniu ca\u0142ego skrzy\u017cowania. By\u0142o to pok\u0142osie wniosku radnego Mariana W\u0142osi\u0144skiego z kwietniowej sesji. <em>Przedstawiciele Urz\u0119du Miasta wraz z Policja byli na miejscu i wst\u0119pnie ustalili konieczno\u015b\u0107 zmiany oznakowania, oraz ewentualnego wyniesienia skrzy\u017cowania a dok\u0142adniej tarczy skrzy\u017cowana do poziomu chodnika (z zachowaniem niwelety chodnika) lub wyniesienie skrzy\u017cowania od strony ul. Hutniczej. Poniewa\u017c ul. Wygoda jest w zarz\u0105dzie Powiatu a ul. Hutnicz\u0105 zarz\u0105dza miasto, konieczne jest porozumienie ze Starost\u0105 co do oznakowania i ewentualnej przebudowy tego miejsca. Urz\u0105d Miasta zwr\u00f3ci si\u0119 w najbli\u017cszym czasie do Starostwa Powiatowego z propozycjami rozwi\u0105za\u0144 dotycz\u0105cych poprawy bezpiecze\u0144stwa na skrzy\u017cowaniu Wygoda\/Hutnicza, na kt\u00f3rym w ostatnim czasie z powodu niezachowywania przez kierowc\u00f3w nale\u017cytej ostro\u017cno\u015bci, wymuszaniu pierwsze\u0144stwa i nadmiernej pr\u0119dko\u015bci, dochodzi\u0142o do gro\u017anych wypadk\u00f3w<\/em> &#8211; informuje nas Andrzej Koprowski, asystent burmistrza Bochni (informacja z 23 maja). <\/p>\n<p>Dzisiaj rano jednak naczelnik wydzia\u0142u ruchu drogowego boche\u0144skiej komendy potwierdzi\u0142 nam jednak, \u017ce wniosek z\u0142o\u017cony przez policj\u0119 na posiedzeniu komisji znak\u00f3w nie dotyczy\u0142 wyniesienia ca\u0142ego skrzy\u017cowania, ale jedynie przej\u015bcia dla pieszych. Nie wymaga to tylu formalno\u015bci.<\/p>\n<p>Na razie nie wiadomo, kiedy wniosek komisji znak\u00f3w zostanie wykonany przez miasto. Ustalono, \u017ce na pocz\u0105tek zostan\u0105 wymienione znaki i domalowane linie bezwzgl\u0119dnego zatrzymania. Wyniesienie przej\u015bcia dla pieszych nast\u0105pi w drugiej kolejno\u015bci. <\/p>\n","protected":false},"excerpt":{"rendered":"<p>Wyniesione przej\u015bcie dla pieszych ma przyczyni\u0107 si\u0119 do poprawy bezpiecze\u0144stwa na feralnym skrzy\u017cowaniu w Bochni. U zbiegu ulic Hutniczej i Wygoda dosz\u0142o ostatnio do kilku gro\u017anych wypadk\u00f3w, m.in. z udzia\u0142em policyjnego radiowozu w kt\u00f3rym 4 osoby trafi\u0142y do szpitala. Wszystko przez to, \u017ce kierowcy jad\u0105c ul. Hutnicz\u0105 od strony ul. Proszowskiej nie zauwa\u017caj\u0105 skrzy\u017cowania przy kt\u00f3rym musz\u0105 si\u0119 zatrzyma\u0107. Tak w\u0142a\u015bnie dosz\u0142o do wielu wypadk\u00f3w. <\/p>\n","protected":false},"author":4,"featured_media":171190,"comment_status":"open","ping_status":"closed","sticky":false,"template":"","format":"standard","meta":{"_acf_changed":false,"footnotes":""},"categories":[5,6251,6250],"tags":[17328,6412,1916,5310,3587,17150],"class_list":["post-172103","post","type-post","status-publish","format-standard","has-post-thumbnail","hentry","category-biezace-wydarzenia","category-polityka-i-wydarzenia","category-tematyka","tag-bezpieczenstwo","tag-komisja-znakow","tag-skrzyzowanie","tag-ul-hutnicza","tag-ul-wygoda","tag-wypadek","main_tag-skrzyzowanie"],"acf":[],"yoast_head":"<!-- This site is optimized with the Yoast SEO plugin v26.9 - https:\/\/yoast.com\/product\/yoast-seo-wordpress\/ -->\n<title>B\u0119dzie podniesienie przej\u015bcia dla pieszych na Hutniczej - mojabochnia.pl - portal informacyjny<\/title>\n<meta name=\"robots\" content=\"index, follow, max-snippet:-1, max-image-preview:large, max-video-preview:-1\" \/>\n<link rel=\"canonical\" href=\"https:\/\/www.mojabochnia.pl\/?p=172103\" \/>\n<meta property=\"og:locale\" content=\"pl_PL\" \/>\n<meta property=\"og:type\" content=\"article\" \/>\n<meta property=\"og:title\" content=\"B\u0119dzie podniesienie przej\u015bcia dla pieszych na Hutniczej - mojabochnia.pl - portal informacyjny\" \/>\n<meta property=\"og:description\" content=\"Wyniesione przej\u015bcie dla pieszych ma przyczyni\u0107 si\u0119 do poprawy bezpiecze\u0144stwa na feralnym skrzy\u017cowaniu w Bochni. U zbiegu ulic Hutniczej i Wygoda dosz\u0142o ostatnio do kilku gro\u017anych wypadk\u00f3w, m.in. z udzia\u0142em policyjnego radiowozu w kt\u00f3rym 4 osoby trafi\u0142y do szpitala. Wszystko przez to, \u017ce kierowcy jad\u0105c ul. Hutnicz\u0105 od strony ul. Proszowskiej nie zauwa\u017caj\u0105 skrzy\u017cowania przy kt\u00f3rym musz\u0105 si\u0119 zatrzyma\u0107. Tak w\u0142a\u015bnie dosz\u0142o do wielu wypadk\u00f3w.\" \/>\n<meta property=\"og:url\" content=\"https:\/\/www.mojabochnia.pl\/?p=172103\" \/>\n<meta property=\"og:site_name\" content=\"mojabochnia.pl - portal informacyjny\" \/>\n<meta property=\"article:publisher\" content=\"https:\/\/www.facebook.com\/mojabochnia\" \/>\n<meta property=\"article:published_time\" content=\"2017-05-24T08:26:00+00:00\" \/>\n<meta property=\"article:modified_time\" content=\"2017-05-25T07:07:00+00:00\" \/>\n<meta property=\"og:image\" content=\"https:\/\/www.mojabochnia.pl\/wp-content\/uploads\/2017\/05\/IMG_3164.jpg\" \/>\n\t<meta property=\"og:image:width\" content=\"800\" \/>\n\t<meta property=\"og:image:height\" content=\"534\" \/>\n\t<meta property=\"og:image:type\" content=\"image\/jpeg\" \/>\n<meta name=\"author\" content=\"Pawe\u0142 Michalczyk\" \/>\n<meta name=\"twitter:card\" content=\"summary_large_image\" \/>\n<meta name=\"twitter:label1\" content=\"Written by\" \/>\n\t<meta name=\"twitter:data1\" content=\"Pawe\u0142 Michalczyk\" \/>\n\t<meta name=\"twitter:label2\" content=\"Est. reading time\" \/>\n\t<meta name=\"twitter:data2\" content=\"2 minuty\" \/>\n<script type=\"application\/ld+json\" class=\"yoast-schema-graph\">{\"@context\":\"https:\/\/schema.org\",\"@graph\":[{\"@type\":\"Article\",\"@id\":\"https:\/\/www.mojabochnia.pl\/?p=172103#article\",\"isPartOf\":{\"@id\":\"https:\/\/www.mojabochnia.pl\/?p=172103\"},\"author\":{\"name\":\"Pawe\u0142 Michalczyk\",\"@id\":\"https:\/\/www.mojabochnia.pl\/#\/schema\/person\/ea042e4724a77627963f02166828ead4\"},\"headline\":\"B\u0119dzie podniesienie przej\u015bcia dla pieszych na Hutniczej\",\"datePublished\":\"2017-05-24T08:26:00+00:00\",\"dateModified\":\"2017-05-25T07:07:00+00:00\",\"mainEntityOfPage\":{\"@id\":\"https:\/\/www.mojabochnia.pl\/?p=172103\"},\"wordCount\":372,\"commentCount\":0,\"publisher\":{\"@id\":\"https:\/\/www.mojabochnia.pl\/#organization\"},\"image\":{\"@id\":\"https:\/\/www.mojabochnia.pl\/?p=172103#primaryimage\"},\"thumbnailUrl\":\"https:\/\/www.mojabochnia.pl\/wp-content\/uploads\/2017\/05\/IMG_3164.jpg\",\"keywords\":[\"bezpiecze\u0144stwo\",\"komisja znak\u00f3w\",\"skrzy\u017cowanie\",\"ul hutnicza\",\"ul. wygoda\",\"wypadek\"],\"articleSection\":[\"2_ostatnie\",\"polityka i wydarzenia\",\"tematyka\"],\"inLanguage\":\"pl-PL\",\"potentialAction\":[{\"@type\":\"CommentAction\",\"name\":\"Comment\",\"target\":[\"https:\/\/www.mojabochnia.pl\/?p=172103#respond\"]}]},{\"@type\":\"WebPage\",\"@id\":\"https:\/\/www.mojabochnia.pl\/?p=172103\",\"url\":\"https:\/\/www.mojabochnia.pl\/?p=172103\",\"name\":\"B\u0119dzie podniesienie przej\u015bcia dla pieszych na Hutniczej - mojabochnia.pl - portal informacyjny\",\"isPartOf\":{\"@id\":\"https:\/\/www.mojabochnia.pl\/#website\"},\"primaryImageOfPage\":{\"@id\":\"https:\/\/www.mojabochnia.pl\/?p=172103#primaryimage\"},\"image\":{\"@id\":\"https:\/\/www.mojabochnia.pl\/?p=172103#primaryimage\"},\"thumbnailUrl\":\"https:\/\/www.mojabochnia.pl\/wp-content\/uploads\/2017\/05\/IMG_3164.jpg\",\"datePublished\":\"2017-05-24T08:26:00+00:00\",\"dateModified\":\"2017-05-25T07:07:00+00:00\",\"breadcrumb\":{\"@id\":\"https:\/\/www.mojabochnia.pl\/?p=172103#breadcrumb\"},\"inLanguage\":\"pl-PL\",\"potentialAction\":[{\"@type\":\"ReadAction\",\"target\":[\"https:\/\/www.mojabochnia.pl\/?p=172103\"]}]},{\"@type\":\"ImageObject\",\"inLanguage\":\"pl-PL\",\"@id\":\"https:\/\/www.mojabochnia.pl\/?p=172103#primaryimage\",\"url\":\"https:\/\/www.mojabochnia.pl\/wp-content\/uploads\/2017\/05\/IMG_3164.jpg\",\"contentUrl\":\"https:\/\/www.mojabochnia.pl\/wp-content\/uploads\/2017\/05\/IMG_3164.jpg\",\"width\":800,\"height\":534,\"caption\":\"Pawe\u0142 Michalczyk\"},{\"@type\":\"BreadcrumbList\",\"@id\":\"https:\/\/www.mojabochnia.pl\/?p=172103#breadcrumb\",\"itemListElement\":[{\"@type\":\"ListItem\",\"position\":1,\"name\":\"Home\",\"item\":\"https:\/\/www.mojabochnia.pl\/\"},{\"@type\":\"ListItem\",\"position\":2,\"name\":\"B\u0119dzie podniesienie przej\u015bcia dla pieszych na Hutniczej\"}]},{\"@type\":\"WebSite\",\"@id\":\"https:\/\/www.mojabochnia.pl\/#website\",\"url\":\"https:\/\/www.mojabochnia.pl\/\",\"name\":\"mojabochnia.pl - portal informacyjny\",\"description\":\"mojaBochnia to portal informacyjny o Bochni. Codziennie o Bochni piszemy i pokazujemy najwa\u017cniejsze wydarzenia\",\"publisher\":{\"@id\":\"https:\/\/www.mojabochnia.pl\/#organization\"},\"potentialAction\":[{\"@type\":\"SearchAction\",\"target\":{\"@type\":\"EntryPoint\",\"urlTemplate\":\"https:\/\/www.mojabochnia.pl\/?s={search_term_string}\"},\"query-input\":{\"@type\":\"PropertyValueSpecification\",\"valueRequired\":true,\"valueName\":\"search_term_string\"}}],\"inLanguage\":\"pl-PL\"},{\"@type\":\"Organization\",\"@id\":\"https:\/\/www.mojabochnia.pl\/#organization\",\"name\":\"mojabochnia.pl - portal informacyjny\",\"url\":\"https:\/\/www.mojabochnia.pl\/\",\"logo\":{\"@type\":\"ImageObject\",\"inLanguage\":\"pl-PL\",\"@id\":\"https:\/\/www.mojabochnia.pl\/#\/schema\/logo\/image\/\",\"url\":\"https:\/\/www.mojabochnia.pl\/wp-content\/uploads\/2017\/08\/logo-mb-opt.png\",\"contentUrl\":\"https:\/\/www.mojabochnia.pl\/wp-content\/uploads\/2017\/08\/logo-mb-opt.png\",\"width\":250,\"height\":48,\"caption\":\"mojabochnia.pl - portal informacyjny\"},\"image\":{\"@id\":\"https:\/\/www.mojabochnia.pl\/#\/schema\/logo\/image\/\"},\"sameAs\":[\"https:\/\/www.facebook.com\/mojabochnia\"]},{\"@type\":\"Person\",\"@id\":\"https:\/\/www.mojabochnia.pl\/#\/schema\/person\/ea042e4724a77627963f02166828ead4\",\"name\":\"Pawe\u0142 Michalczyk\",\"url\":\"https:\/\/www.mojabochnia.pl\/?author=4\"}]}<\/script>\n<!-- \/ Yoast SEO plugin. -->","yoast_head_json":{"title":"B\u0119dzie podniesienie przej\u015bcia dla pieszych na Hutniczej - mojabochnia.pl - portal informacyjny","robots":{"index":"index","follow":"follow","max-snippet":"max-snippet:-1","max-image-preview":"max-image-preview:large","max-video-preview":"max-video-preview:-1"},"canonical":"https:\/\/www.mojabochnia.pl\/?p=172103","og_locale":"pl_PL","og_type":"article","og_title":"B\u0119dzie podniesienie przej\u015bcia dla pieszych na Hutniczej - mojabochnia.pl - portal informacyjny","og_description":"Wyniesione przej\u015bcie dla pieszych ma przyczyni\u0107 si\u0119 do poprawy bezpiecze\u0144stwa na feralnym skrzy\u017cowaniu w Bochni. U zbiegu ulic Hutniczej i Wygoda dosz\u0142o ostatnio do kilku gro\u017anych wypadk\u00f3w, m.in. z udzia\u0142em policyjnego radiowozu w kt\u00f3rym 4 osoby trafi\u0142y do szpitala. Wszystko przez to, \u017ce kierowcy jad\u0105c ul. Hutnicz\u0105 od strony ul. Proszowskiej nie zauwa\u017caj\u0105 skrzy\u017cowania przy kt\u00f3rym musz\u0105 si\u0119 zatrzyma\u0107. Tak w\u0142a\u015bnie dosz\u0142o do wielu wypadk\u00f3w.","og_url":"https:\/\/www.mojabochnia.pl\/?p=172103","og_site_name":"mojabochnia.pl - portal informacyjny","article_publisher":"https:\/\/www.facebook.com\/mojabochnia","article_published_time":"2017-05-24T08:26:00+00:00","article_modified_time":"2017-05-25T07:07:00+00:00","og_image":[{"width":800,"height":534,"url":"https:\/\/www.mojabochnia.pl\/wp-content\/uploads\/2017\/05\/IMG_3164.jpg","type":"image\/jpeg"}],"author":"Pawe\u0142 Michalczyk","twitter_card":"summary_large_image","twitter_misc":{"Written by":"Pawe\u0142 Michalczyk","Est. reading time":"2 minuty"},"schema":{"@context":"https:\/\/schema.org","@graph":[{"@type":"Article","@id":"https:\/\/www.mojabochnia.pl\/?p=172103#article","isPartOf":{"@id":"https:\/\/www.mojabochnia.pl\/?p=172103"},"author":{"name":"Pawe\u0142 Michalczyk","@id":"https:\/\/www.mojabochnia.pl\/#\/schema\/person\/ea042e4724a77627963f02166828ead4"},"headline":"B\u0119dzie podniesienie przej\u015bcia dla pieszych na Hutniczej","datePublished":"2017-05-24T08:26:00+00:00","dateModified":"2017-05-25T07:07:00+00:00","mainEntityOfPage":{"@id":"https:\/\/www.mojabochnia.pl\/?p=172103"},"wordCount":372,"commentCount":0,"publisher":{"@id":"https:\/\/www.mojabochnia.pl\/#organization"},"image":{"@id":"https:\/\/www.mojabochnia.pl\/?p=172103#primaryimage"},"thumbnailUrl":"https:\/\/www.mojabochnia.pl\/wp-content\/uploads\/2017\/05\/IMG_3164.jpg","keywords":["bezpiecze\u0144stwo","komisja znak\u00f3w","skrzy\u017cowanie","ul hutnicza","ul. wygoda","wypadek"],"articleSection":["2_ostatnie","polityka i wydarzenia","tematyka"],"inLanguage":"pl-PL","potentialAction":[{"@type":"CommentAction","name":"Comment","target":["https:\/\/www.mojabochnia.pl\/?p=172103#respond"]}]},{"@type":"WebPage","@id":"https:\/\/www.mojabochnia.pl\/?p=172103","url":"https:\/\/www.mojabochnia.pl\/?p=172103","name":"B\u0119dzie podniesienie przej\u015bcia dla pieszych na Hutniczej - mojabochnia.pl - portal informacyjny","isPartOf":{"@id":"https:\/\/www.mojabochnia.pl\/#website"},"primaryImageOfPage":{"@id":"https:\/\/www.mojabochnia.pl\/?p=172103#primaryimage"},"image":{"@id":"https:\/\/www.mojabochnia.pl\/?p=172103#primaryimage"},"thumbnailUrl":"https:\/\/www.mojabochnia.pl\/wp-content\/uploads\/2017\/05\/IMG_3164.jpg","datePublished":"2017-05-24T08:26:00+00:00","dateModified":"2017-05-25T07:07:00+00:00","breadcrumb":{"@id":"https:\/\/www.mojabochnia.pl\/?p=172103#breadcrumb"},"inLanguage":"pl-PL","potentialAction":[{"@type":"ReadAction","target":["https:\/\/www.mojabochnia.pl\/?p=172103"]}]},{"@type":"ImageObject","inLanguage":"pl-PL","@id":"https:\/\/www.mojabochnia.pl\/?p=172103#primaryimage","url":"https:\/\/www.mojabochnia.pl\/wp-content\/uploads\/2017\/05\/IMG_3164.jpg","contentUrl":"https:\/\/www.mojabochnia.pl\/wp-content\/uploads\/2017\/05\/IMG_3164.jpg","width":800,"height":534,"caption":"Pawe\u0142 Michalczyk"},{"@type":"BreadcrumbList","@id":"https:\/\/www.mojabochnia.pl\/?p=172103#breadcrumb","itemListElement":[{"@type":"ListItem","position":1,"name":"Home","item":"https:\/\/www.mojabochnia.pl\/"},{"@type":"ListItem","position":2,"name":"B\u0119dzie podniesienie przej\u015bcia dla pieszych na Hutniczej"}]},{"@type":"WebSite","@id":"https:\/\/www.mojabochnia.pl\/#website","url":"https:\/\/www.mojabochnia.pl\/","name":"mojabochnia.pl - portal informacyjny","description":"mojaBochnia to portal informacyjny o Bochni. Codziennie o Bochni piszemy i pokazujemy najwa\u017cniejsze wydarzenia","publisher":{"@id":"https:\/\/www.mojabochnia.pl\/#organization"},"potentialAction":[{"@type":"SearchAction","target":{"@type":"EntryPoint","urlTemplate":"https:\/\/www.mojabochnia.pl\/?s={search_term_string}"},"query-input":{"@type":"PropertyValueSpecification","valueRequired":true,"valueName":"search_term_string"}}],"inLanguage":"pl-PL"},{"@type":"Organization","@id":"https:\/\/www.mojabochnia.pl\/#organization","name":"mojabochnia.pl - portal informacyjny","url":"https:\/\/www.mojabochnia.pl\/","logo":{"@type":"ImageObject","inLanguage":"pl-PL","@id":"https:\/\/www.mojabochnia.pl\/#\/schema\/logo\/image\/","url":"https:\/\/www.mojabochnia.pl\/wp-content\/uploads\/2017\/08\/logo-mb-opt.png","contentUrl":"https:\/\/www.mojabochnia.pl\/wp-content\/uploads\/2017\/08\/logo-mb-opt.png","width":250,"height":48,"caption":"mojabochnia.pl - portal informacyjny"},"image":{"@id":"https:\/\/www.mojabochnia.pl\/#\/schema\/logo\/image\/"},"sameAs":["https:\/\/www.facebook.com\/mojabochnia"]},{"@type":"Person","@id":"https:\/\/www.mojabochnia.pl\/#\/schema\/person\/ea042e4724a77627963f02166828ead4","name":"Pawe\u0142 Michalczyk","url":"https:\/\/www.mojabochnia.pl\/?author=4"}]}},"_links":{"self":[{"href":"https:\/\/www.mojabochnia.pl\/index.php?rest_route=\/wp\/v2\/posts\/172103","targetHints":{"allow":["GET"]}}],"collection":[{"href":"https:\/\/www.mojabochnia.pl\/index.php?rest_route=\/wp\/v2\/posts"}],"about":[{"href":"https:\/\/www.mojabochnia.pl\/index.php?rest_route=\/wp\/v2\/types\/post"}],"author":[{"embeddable":true,"href":"https:\/\/www.mojabochnia.pl\/index.php?rest_route=\/wp\/v2\/users\/4"}],"replies":[{"embeddable":true,"href":"https:\/\/www.mojabochnia.pl\/index.php?rest_route=%2Fwp%2Fv2%2Fcomments&post=172103"}],"version-history":[{"count":3,"href":"https:\/\/www.mojabochnia.pl\/index.php?rest_route=\/wp\/v2\/posts\/172103\/revisions"}],"predecessor-version":[{"id":172127,"href":"https:\/\/www.mojabochnia.pl\/index.php?rest_route=\/wp\/v2\/posts\/172103\/revisions\/172127"}],"wp:featuredmedia":[{"embeddable":true,"href":"https:\/\/www.mojabochnia.pl\/index.php?rest_route=\/wp\/v2\/media\/171190"}],"wp:attachment":[{"href":"https:\/\/www.mojabochnia.pl\/index.php?rest_route=%2Fwp%2Fv2%2Fmedia&parent=172103"}],"wp:term":[{"taxonomy":"category","embeddable":true,"href":"https:\/\/www.mojabochnia.pl\/index.php?rest_route=%2Fwp%2Fv2%2Fcategories&post=172103"},{"taxonomy":"post_tag","embeddable":true,"href":"https:\/\/www.mojabochnia.pl\/index.php?rest_route=%2Fwp%2Fv2%2Ftags&post=172103"}],"curies":[{"name":"wp","href":"https:\/\/api.w.org\/{rel}","templated":true}]}}