{"id":169200,"date":"2017-03-25T15:40:59","date_gmt":"2017-03-25T14:40:59","guid":{"rendered":"http:\/\/www.mojabochnia.pl\/?p=169200"},"modified":"2017-03-24T15:43:11","modified_gmt":"2017-03-24T14:43:11","slug":"wtorek-relacja-z-wyprawy-do-australii","status":"publish","type":"post","link":"https:\/\/www.mojabochnia.pl\/?p=169200","title":{"rendered":"Wtorek: relacja z wyprawy do Australii"},"content":{"rendered":"<p>Ma\u0142\u017ce\u0144stwo z Bochni, kt\u00f3rego wsp\u00f3ln\u0105 pasji s\u0105 podr\u00f3\u017ce, Anna i Janusz Sulisz po raz drugi b\u0119dzie go\u015bci\u0107 w ramach cyklu \u201eBochniacy z pasj\u0105\u201d.  Od lat odwiedzaj\u0105 oni r\u00f3\u017cne zak\u0105tki naszego globu, zw\u0142aszcza w miejsca, gdzie Polak\u00f3w jest ma\u0142o \u2013  Tajlandia, Wietnam, Mauritius, Malezja, Singapur, ostatnio Australia. Obydwoje zwi\u0105zani z telewizj\u0105 cyfrow\u0105 i mediami, organizowali targi SAT KRAK w Krakowie. Janusz Sulisz od 1997 roku jest dziennikarzem i redaktorem naczelnym Magazynu Telewizji Cyfrowej SAT Kurier oraz portalu www.satkurier.pl. Jest tak\u017ce prezesem Stowarzyszenia Bochnia i S\u00f3l, kt\u00f3re za cel postawi\u0142o sobie szeroko poj\u0119t\u0105 promocj\u0105 Bochni w Polsce i na \u015bwiecie na portalu www.bochniaisol.pl. Janusz i Anna Sulisz byli wsp\u00f3\u0142organizatorami Miasteczka Cyfrowego TVP w Bochni w 2012 r., z okazji wy\u0142\u0105czenia telewizji analogowej. Poza tym pasj\u0105 Janusza s\u0105 malarstwo (sam maluje, ma te\u017c poka\u017an\u0105 galeri\u0119 obraz\u00f3w, kt\u00f3r\u0105 kiedy\u015b mo\u017ce poka\u017ce w Bibliotece) oraz historia Bochni, kt\u00f3ra jako miasto jest wed\u0142ug niego niedoceniana i ma\u0142o znana. <\/p>\n<p>Od kilku lat przy okazji s\u0142u\u017cbowych podr\u00f3\u017cy Anny i Janusza Sulisz\u00f3w, magazyn SAT Kurier zacz\u0105\u0142 publikowa\u0107 artyku\u0142y o r\u00f3\u017cnych krajach pt. \u201ePodr\u00f3\u017ce z anten\u0105\u201d, gdzie pokazuje si\u0119 wybrany kraj od strony kuchni, obyczaj\u00f3w, turystyki i odbioru telewizji. Teksty te s\u0105 dost\u0119pne na stronie www.satkurier.pl, a wkr\u00f3tce ruszy osobny portal www.podrozezantena.pl wspieraj\u0105cy organizacj\u0119 festiwalu podr\u00f3\u017cniczego w Bochni oraz ciekawych wycieczek do wielu interesuj\u0105cych kraj\u00f3w.<\/p>\n<p>Ostatnia wyprawa od 12 lutego do 8 marca 2016 r. do Australii (Perth, Margaret River, Brisbane, Fraser Island) jest powodem do podzielenia si\u0119 do\u015bwiadczeniami z pobytu w kraju, kt\u00f3ry wielu osobom wydaje si\u0119 krajem wielko\u015bci Polski, a faktycznie jest wielko\u015bci ca\u0142ej Europy. Je\u015bli komu\u015b wydaje si\u0119, \u017ce zwiedzi ca\u0142\u0105 Australi\u0119 w 2 tygodnie to si\u0119 myli. Jeden z Australijczyk\u00f3w powiedzia\u0142, \u017ce tylko na zwiedzenie Western Australii trzeba 7 miesi\u0119cy, a na Tasmani\u0119 1 miesi\u0105c.<\/p>\n<p>Wielu Polak\u00f3w marzy o emigracji lub podr\u00f3\u017cy do Australii, wi\u0119c warto przyj\u015b\u0107, by dowiedzie\u0107 si\u0119 co\u015b wi\u0119cej o tym kraju \u2013 kontynencie. Spotkanie z kangurami, koala, w\u0119\u017cami i dzik\u0105 przyrod\u0105, jaskiniami i lasami karri, a tak\u017ce dystansami jakie oferuje Australia, to jest co\u015b co przyci\u0105ga podr\u00f3\u017cnik\u00f3w i imigrant\u00f3w. To kraj poniek\u0105d bardzo niebezpieczny, bo te\u017c zupe\u0142nie inny ni\u017c Polska, mimo tego rajska pogoda i ocean przyci\u0105ga. Nie ma tam gonitwy za pieni\u0119dzmi, jak w Polsce \u2013 tam \u017cyje si\u0119 w nieco wolniejszym rytmie. Nie jest to tani kraj, tak jak Tajlandia czy Wietnam, ale podobno kto raz zakocha si\u0119 w Australii to b\u0119dzie tam chcia\u0142 wraca\u0107 lub zosta\u0107.<\/p>\n<p>Spotkanie rozpocznie si\u0119 28 marca o godz. 18.00 w Sali klubu Biblioteki, ul. Mickiewicza 5, I pi\u0119tro. Wst\u0119p wolny.<\/p>\n","protected":false},"excerpt":{"rendered":"<p>Powiatowa i Miejska Biblioteka Publiczna w Bochni oraz Stowarzyszenie Bochnia i S\u00f3l zapraszaj\u0105 na XV spotkanie z cyklu \u201eBochniacy z pasj\u0105\u201d z Ann\u0105 i Januszem Sulisz \u201eAustralia \u2013 emigrowa\u0107 czy podr\u00f3\u017cowa\u0107?\u201d &#8211; 28 marca o godz. 18.00, sala klubu Biblioteki<\/p>\n","protected":false},"author":13,"featured_media":169202,"comment_status":"open","ping_status":"closed","sticky":false,"template":"","format":"standard","meta":{"_acf_changed":false,"footnotes":""},"categories":[5,92,6250],"tags":[17162,10998,13652,17836,17346],"class_list":["post-169200","post","type-post","status-publish","format-standard","has-post-thumbnail","hentry","category-biezace-wydarzenia","category-kultura","category-tematyka","tag-biblioteka","tag-bochniacy-z-pasja","tag-janusz-sulisz","tag-podroze","tag-spotkanie","main_tag-biblioteka"],"acf":[],"yoast_head":"<!-- This site is optimized with the Yoast SEO plugin v26.9 - https:\/\/yoast.com\/product\/yoast-seo-wordpress\/ -->\n<title>Wtorek: relacja z wyprawy do Australii - mojabochnia.pl - portal informacyjny<\/title>\n<meta name=\"robots\" content=\"index, follow, max-snippet:-1, max-image-preview:large, max-video-preview:-1\" \/>\n<link rel=\"canonical\" href=\"https:\/\/www.mojabochnia.pl\/?p=169200\" \/>\n<meta property=\"og:locale\" content=\"pl_PL\" \/>\n<meta property=\"og:type\" content=\"article\" \/>\n<meta property=\"og:title\" content=\"Wtorek: relacja z wyprawy do Australii - mojabochnia.pl - portal informacyjny\" \/>\n<meta property=\"og:description\" content=\"Powiatowa i Miejska Biblioteka Publiczna w Bochni oraz Stowarzyszenie Bochnia i S\u00f3l zapraszaj\u0105 na XV spotkanie z cyklu \u201eBochniacy z pasj\u0105\u201d z Ann\u0105 i Januszem Sulisz \u201eAustralia \u2013 emigrowa\u0107 czy podr\u00f3\u017cowa\u0107?\u201d - 28 marca o godz. 18.00, sala klubu Biblioteki\" \/>\n<meta property=\"og:url\" content=\"https:\/\/www.mojabochnia.pl\/?p=169200\" \/>\n<meta property=\"og:site_name\" content=\"mojabochnia.pl - portal informacyjny\" \/>\n<meta property=\"article:publisher\" content=\"https:\/\/www.facebook.com\/mojabochnia\" \/>\n<meta property=\"article:published_time\" content=\"2017-03-25T14:40:59+00:00\" \/>\n<meta property=\"og:image\" content=\"https:\/\/www.mojabochnia.pl\/wp-content\/uploads\/2017\/03\/ZAPROSZENIE-SULISZ.jpg\" \/>\n\t<meta property=\"og:image:width\" content=\"896\" \/>\n\t<meta property=\"og:image:height\" content=\"1400\" \/>\n\t<meta property=\"og:image:type\" content=\"image\/jpeg\" \/>\n<meta name=\"author\" content=\"redakcja\" \/>\n<meta name=\"twitter:card\" content=\"summary_large_image\" \/>\n<meta name=\"twitter:label1\" content=\"Written by\" \/>\n\t<meta name=\"twitter:data1\" content=\"redakcja\" \/>\n\t<meta name=\"twitter:label2\" content=\"Est. reading time\" \/>\n\t<meta name=\"twitter:data2\" content=\"2 minuty\" \/>\n<script type=\"application\/ld+json\" class=\"yoast-schema-graph\">{\"@context\":\"https:\/\/schema.org\",\"@graph\":[{\"@type\":\"Article\",\"@id\":\"https:\/\/www.mojabochnia.pl\/?p=169200#article\",\"isPartOf\":{\"@id\":\"https:\/\/www.mojabochnia.pl\/?p=169200\"},\"author\":{\"name\":\"redakcja\",\"@id\":\"https:\/\/www.mojabochnia.pl\/#\/schema\/person\/7e2f20ead9902216a3384f13606c0ab7\"},\"headline\":\"Wtorek: relacja z wyprawy do Australii\",\"datePublished\":\"2017-03-25T14:40:59+00:00\",\"mainEntityOfPage\":{\"@id\":\"https:\/\/www.mojabochnia.pl\/?p=169200\"},\"wordCount\":484,\"commentCount\":0,\"publisher\":{\"@id\":\"https:\/\/www.mojabochnia.pl\/#organization\"},\"image\":{\"@id\":\"https:\/\/www.mojabochnia.pl\/?p=169200#primaryimage\"},\"thumbnailUrl\":\"https:\/\/www.mojabochnia.pl\/wp-content\/uploads\/2017\/03\/ZAPROSZENIE-SULISZ.jpg\",\"keywords\":[\"biblioteka\",\"bochniacy z pasj\u0105\",\"Janusz Sulisz\",\"podr\u00f3\u017ce\",\"spotkanie\"],\"articleSection\":[\"2_ostatnie\",\"kultura\",\"tematyka\"],\"inLanguage\":\"pl-PL\",\"potentialAction\":[{\"@type\":\"CommentAction\",\"name\":\"Comment\",\"target\":[\"https:\/\/www.mojabochnia.pl\/?p=169200#respond\"]}]},{\"@type\":\"WebPage\",\"@id\":\"https:\/\/www.mojabochnia.pl\/?p=169200\",\"url\":\"https:\/\/www.mojabochnia.pl\/?p=169200\",\"name\":\"Wtorek: relacja z wyprawy do Australii - mojabochnia.pl - portal informacyjny\",\"isPartOf\":{\"@id\":\"https:\/\/www.mojabochnia.pl\/#website\"},\"primaryImageOfPage\":{\"@id\":\"https:\/\/www.mojabochnia.pl\/?p=169200#primaryimage\"},\"image\":{\"@id\":\"https:\/\/www.mojabochnia.pl\/?p=169200#primaryimage\"},\"thumbnailUrl\":\"https:\/\/www.mojabochnia.pl\/wp-content\/uploads\/2017\/03\/ZAPROSZENIE-SULISZ.jpg\",\"datePublished\":\"2017-03-25T14:40:59+00:00\",\"breadcrumb\":{\"@id\":\"https:\/\/www.mojabochnia.pl\/?p=169200#breadcrumb\"},\"inLanguage\":\"pl-PL\",\"potentialAction\":[{\"@type\":\"ReadAction\",\"target\":[\"https:\/\/www.mojabochnia.pl\/?p=169200\"]}]},{\"@type\":\"ImageObject\",\"inLanguage\":\"pl-PL\",\"@id\":\"https:\/\/www.mojabochnia.pl\/?p=169200#primaryimage\",\"url\":\"https:\/\/www.mojabochnia.pl\/wp-content\/uploads\/2017\/03\/ZAPROSZENIE-SULISZ.jpg\",\"contentUrl\":\"https:\/\/www.mojabochnia.pl\/wp-content\/uploads\/2017\/03\/ZAPROSZENIE-SULISZ.jpg\",\"width\":896,\"height\":1400,\"caption\":\"afisz\"},{\"@type\":\"BreadcrumbList\",\"@id\":\"https:\/\/www.mojabochnia.pl\/?p=169200#breadcrumb\",\"itemListElement\":[{\"@type\":\"ListItem\",\"position\":1,\"name\":\"Home\",\"item\":\"https:\/\/www.mojabochnia.pl\/\"},{\"@type\":\"ListItem\",\"position\":2,\"name\":\"Wtorek: relacja z wyprawy do Australii\"}]},{\"@type\":\"WebSite\",\"@id\":\"https:\/\/www.mojabochnia.pl\/#website\",\"url\":\"https:\/\/www.mojabochnia.pl\/\",\"name\":\"mojabochnia.pl - portal informacyjny\",\"description\":\"mojaBochnia to portal informacyjny o Bochni. Codziennie o Bochni piszemy i pokazujemy najwa\u017cniejsze wydarzenia\",\"publisher\":{\"@id\":\"https:\/\/www.mojabochnia.pl\/#organization\"},\"potentialAction\":[{\"@type\":\"SearchAction\",\"target\":{\"@type\":\"EntryPoint\",\"urlTemplate\":\"https:\/\/www.mojabochnia.pl\/?s={search_term_string}\"},\"query-input\":{\"@type\":\"PropertyValueSpecification\",\"valueRequired\":true,\"valueName\":\"search_term_string\"}}],\"inLanguage\":\"pl-PL\"},{\"@type\":\"Organization\",\"@id\":\"https:\/\/www.mojabochnia.pl\/#organization\",\"name\":\"mojabochnia.pl - portal informacyjny\",\"url\":\"https:\/\/www.mojabochnia.pl\/\",\"logo\":{\"@type\":\"ImageObject\",\"inLanguage\":\"pl-PL\",\"@id\":\"https:\/\/www.mojabochnia.pl\/#\/schema\/logo\/image\/\",\"url\":\"https:\/\/www.mojabochnia.pl\/wp-content\/uploads\/2017\/08\/logo-mb-opt.png\",\"contentUrl\":\"https:\/\/www.mojabochnia.pl\/wp-content\/uploads\/2017\/08\/logo-mb-opt.png\",\"width\":250,\"height\":48,\"caption\":\"mojabochnia.pl - portal informacyjny\"},\"image\":{\"@id\":\"https:\/\/www.mojabochnia.pl\/#\/schema\/logo\/image\/\"},\"sameAs\":[\"https:\/\/www.facebook.com\/mojabochnia\"]},{\"@type\":\"Person\",\"@id\":\"https:\/\/www.mojabochnia.pl\/#\/schema\/person\/7e2f20ead9902216a3384f13606c0ab7\",\"name\":\"redakcja\",\"sameAs\":[\"http:\/\/\"],\"url\":\"https:\/\/www.mojabochnia.pl\/?author=13\"}]}<\/script>\n<!-- \/ Yoast SEO plugin. -->","yoast_head_json":{"title":"Wtorek: relacja z wyprawy do Australii - mojabochnia.pl - portal informacyjny","robots":{"index":"index","follow":"follow","max-snippet":"max-snippet:-1","max-image-preview":"max-image-preview:large","max-video-preview":"max-video-preview:-1"},"canonical":"https:\/\/www.mojabochnia.pl\/?p=169200","og_locale":"pl_PL","og_type":"article","og_title":"Wtorek: relacja z wyprawy do Australii - mojabochnia.pl - portal informacyjny","og_description":"Powiatowa i Miejska Biblioteka Publiczna w Bochni oraz Stowarzyszenie Bochnia i S\u00f3l zapraszaj\u0105 na XV spotkanie z cyklu \u201eBochniacy z pasj\u0105\u201d z Ann\u0105 i Januszem Sulisz \u201eAustralia \u2013 emigrowa\u0107 czy podr\u00f3\u017cowa\u0107?\u201d - 28 marca o godz. 18.00, sala klubu Biblioteki","og_url":"https:\/\/www.mojabochnia.pl\/?p=169200","og_site_name":"mojabochnia.pl - portal informacyjny","article_publisher":"https:\/\/www.facebook.com\/mojabochnia","article_published_time":"2017-03-25T14:40:59+00:00","og_image":[{"width":896,"height":1400,"url":"https:\/\/www.mojabochnia.pl\/wp-content\/uploads\/2017\/03\/ZAPROSZENIE-SULISZ.jpg","type":"image\/jpeg"}],"author":"redakcja","twitter_card":"summary_large_image","twitter_misc":{"Written by":"redakcja","Est. reading time":"2 minuty"},"schema":{"@context":"https:\/\/schema.org","@graph":[{"@type":"Article","@id":"https:\/\/www.mojabochnia.pl\/?p=169200#article","isPartOf":{"@id":"https:\/\/www.mojabochnia.pl\/?p=169200"},"author":{"name":"redakcja","@id":"https:\/\/www.mojabochnia.pl\/#\/schema\/person\/7e2f20ead9902216a3384f13606c0ab7"},"headline":"Wtorek: relacja z wyprawy do Australii","datePublished":"2017-03-25T14:40:59+00:00","mainEntityOfPage":{"@id":"https:\/\/www.mojabochnia.pl\/?p=169200"},"wordCount":484,"commentCount":0,"publisher":{"@id":"https:\/\/www.mojabochnia.pl\/#organization"},"image":{"@id":"https:\/\/www.mojabochnia.pl\/?p=169200#primaryimage"},"thumbnailUrl":"https:\/\/www.mojabochnia.pl\/wp-content\/uploads\/2017\/03\/ZAPROSZENIE-SULISZ.jpg","keywords":["biblioteka","bochniacy z pasj\u0105","Janusz Sulisz","podr\u00f3\u017ce","spotkanie"],"articleSection":["2_ostatnie","kultura","tematyka"],"inLanguage":"pl-PL","potentialAction":[{"@type":"CommentAction","name":"Comment","target":["https:\/\/www.mojabochnia.pl\/?p=169200#respond"]}]},{"@type":"WebPage","@id":"https:\/\/www.mojabochnia.pl\/?p=169200","url":"https:\/\/www.mojabochnia.pl\/?p=169200","name":"Wtorek: relacja z wyprawy do Australii - mojabochnia.pl - portal informacyjny","isPartOf":{"@id":"https:\/\/www.mojabochnia.pl\/#website"},"primaryImageOfPage":{"@id":"https:\/\/www.mojabochnia.pl\/?p=169200#primaryimage"},"image":{"@id":"https:\/\/www.mojabochnia.pl\/?p=169200#primaryimage"},"thumbnailUrl":"https:\/\/www.mojabochnia.pl\/wp-content\/uploads\/2017\/03\/ZAPROSZENIE-SULISZ.jpg","datePublished":"2017-03-25T14:40:59+00:00","breadcrumb":{"@id":"https:\/\/www.mojabochnia.pl\/?p=169200#breadcrumb"},"inLanguage":"pl-PL","potentialAction":[{"@type":"ReadAction","target":["https:\/\/www.mojabochnia.pl\/?p=169200"]}]},{"@type":"ImageObject","inLanguage":"pl-PL","@id":"https:\/\/www.mojabochnia.pl\/?p=169200#primaryimage","url":"https:\/\/www.mojabochnia.pl\/wp-content\/uploads\/2017\/03\/ZAPROSZENIE-SULISZ.jpg","contentUrl":"https:\/\/www.mojabochnia.pl\/wp-content\/uploads\/2017\/03\/ZAPROSZENIE-SULISZ.jpg","width":896,"height":1400,"caption":"afisz"},{"@type":"BreadcrumbList","@id":"https:\/\/www.mojabochnia.pl\/?p=169200#breadcrumb","itemListElement":[{"@type":"ListItem","position":1,"name":"Home","item":"https:\/\/www.mojabochnia.pl\/"},{"@type":"ListItem","position":2,"name":"Wtorek: relacja z wyprawy do Australii"}]},{"@type":"WebSite","@id":"https:\/\/www.mojabochnia.pl\/#website","url":"https:\/\/www.mojabochnia.pl\/","name":"mojabochnia.pl - portal informacyjny","description":"mojaBochnia to portal informacyjny o Bochni. Codziennie o Bochni piszemy i pokazujemy najwa\u017cniejsze wydarzenia","publisher":{"@id":"https:\/\/www.mojabochnia.pl\/#organization"},"potentialAction":[{"@type":"SearchAction","target":{"@type":"EntryPoint","urlTemplate":"https:\/\/www.mojabochnia.pl\/?s={search_term_string}"},"query-input":{"@type":"PropertyValueSpecification","valueRequired":true,"valueName":"search_term_string"}}],"inLanguage":"pl-PL"},{"@type":"Organization","@id":"https:\/\/www.mojabochnia.pl\/#organization","name":"mojabochnia.pl - portal informacyjny","url":"https:\/\/www.mojabochnia.pl\/","logo":{"@type":"ImageObject","inLanguage":"pl-PL","@id":"https:\/\/www.mojabochnia.pl\/#\/schema\/logo\/image\/","url":"https:\/\/www.mojabochnia.pl\/wp-content\/uploads\/2017\/08\/logo-mb-opt.png","contentUrl":"https:\/\/www.mojabochnia.pl\/wp-content\/uploads\/2017\/08\/logo-mb-opt.png","width":250,"height":48,"caption":"mojabochnia.pl - portal informacyjny"},"image":{"@id":"https:\/\/www.mojabochnia.pl\/#\/schema\/logo\/image\/"},"sameAs":["https:\/\/www.facebook.com\/mojabochnia"]},{"@type":"Person","@id":"https:\/\/www.mojabochnia.pl\/#\/schema\/person\/7e2f20ead9902216a3384f13606c0ab7","name":"redakcja","sameAs":["http:\/\/"],"url":"https:\/\/www.mojabochnia.pl\/?author=13"}]}},"_links":{"self":[{"href":"https:\/\/www.mojabochnia.pl\/index.php?rest_route=\/wp\/v2\/posts\/169200","targetHints":{"allow":["GET"]}}],"collection":[{"href":"https:\/\/www.mojabochnia.pl\/index.php?rest_route=\/wp\/v2\/posts"}],"about":[{"href":"https:\/\/www.mojabochnia.pl\/index.php?rest_route=\/wp\/v2\/types\/post"}],"author":[{"embeddable":true,"href":"https:\/\/www.mojabochnia.pl\/index.php?rest_route=\/wp\/v2\/users\/13"}],"replies":[{"embeddable":true,"href":"https:\/\/www.mojabochnia.pl\/index.php?rest_route=%2Fwp%2Fv2%2Fcomments&post=169200"}],"version-history":[{"count":2,"href":"https:\/\/www.mojabochnia.pl\/index.php?rest_route=\/wp\/v2\/posts\/169200\/revisions"}],"predecessor-version":[{"id":169204,"href":"https:\/\/www.mojabochnia.pl\/index.php?rest_route=\/wp\/v2\/posts\/169200\/revisions\/169204"}],"wp:featuredmedia":[{"embeddable":true,"href":"https:\/\/www.mojabochnia.pl\/index.php?rest_route=\/wp\/v2\/media\/169202"}],"wp:attachment":[{"href":"https:\/\/www.mojabochnia.pl\/index.php?rest_route=%2Fwp%2Fv2%2Fmedia&parent=169200"}],"wp:term":[{"taxonomy":"category","embeddable":true,"href":"https:\/\/www.mojabochnia.pl\/index.php?rest_route=%2Fwp%2Fv2%2Fcategories&post=169200"},{"taxonomy":"post_tag","embeddable":true,"href":"https:\/\/www.mojabochnia.pl\/index.php?rest_route=%2Fwp%2Fv2%2Ftags&post=169200"}],"curies":[{"name":"wp","href":"https:\/\/api.w.org\/{rel}","templated":true}]}}