{"id":169059,"date":"2017-03-21T10:39:48","date_gmt":"2017-03-21T09:39:48","guid":{"rendered":"http:\/\/www.mojabochnia.pl\/?p=169059"},"modified":"2017-03-21T10:39:48","modified_gmt":"2017-03-21T09:39:48","slug":"co-zamiast-parkride-obok-dworca-pkp","status":"publish","type":"post","link":"https:\/\/www.mojabochnia.pl\/?p=169059","title":{"rendered":"Co zamiast Park&#038;Ride obok dworca PKP?"},"content":{"rendered":"<p>Dzia\u0142ka na kt\u00f3rej mia\u0142 powsta\u0107 4-poziomowy parking s\u0142u\u017cy obecnie jako darmowe miejsce do parkowania. Liczba miejsc postojowych ci\u0105gle jednak jest niewystarczaj\u0105ca. Dlatego w\u0142adze miasta nie zarzuci\u0142y zamiaru budowy parkingu wielopoziomowego zgodnie z programem funkcjonalno-u\u017cytkowym.<\/p>\n<p><em>Jedna cz\u0119\u015b\u0107 to na pewno parking wielopoziomowy na du\u017cej dzia\u0142ce po lewej stronie dworca, po prawej stronie nieco mniejszy Bike&#038;Ride. Ta nazwa zacz\u0119\u0142a funkcjonowa\u0107 i uwa\u017cam, \u017ce powinno tam by\u0107 miejsce dla motorower\u00f3w i rower\u00f3w w kontek\u015bcie szybkiej kolei aglomeracyjnej, zupe\u0142nie inna jako\u015b\u0107 podr\u00f3\u017cowania, szybciej, wi\u0119c my\u015bl\u0119 \u017ce z bus\u00f3w ludzie si\u0119 przesi\u0105d\u0105 na to, do czego zach\u0119caj\u0105 r\u00f3wnie\u017c ceny. Obok tego nieco mniejszy parking na autobusy wycieczkowe, a po drugiej stronie, gdzie w tej chwili mamy parking dla samochod\u00f3w osobowych, chcemy wr\u00f3ci\u0107 do korzeni, czyli mini dworca autobusowego, busowego <\/em>\u2013 m\u00f3wi Robert Cerazy, zast\u0119pca burmistrza Bochni.<\/p>\n<p>Mia\u0142by to by\u0107 element przeorganizowania sposobu funkcjonowania Placu Pu\u0142askiego. <em>Chcemy stamt\u0105d te busy nie tyle wyrzuci\u0107, co przebudowa\u0107 ten plac, \u017ceby rzeczywi\u015bcie by\u0142 to tylko przystanek dla wysiadaj\u0105cych i wsiadaj\u0105cych, a nie dworzec autobusowy. Ludzie, kt\u00f3rzy do nas przyje\u017cd\u017caj\u0105, interpretuj\u0105 Plac Pu\u0142askiego w\u0142a\u015bnie jako dworzec autobusowy. W planie rewitalizacji centrum ta funkcja nieco si\u0119 zmieni<\/em> \u2013 zapowiada zast\u0119pca burmistrza. <\/p>\n<p>Kilka miesi\u0119cy temu boche\u0144scy radni ogl\u0105dali prezentacj\u0119 parkingu obrotowego wykonanego ze stali. Mia\u0142by on powsta\u0107 w partnerstwie publiczno-prywatnym. Niedawno do magistratu zg\u0142osi\u0142 si\u0119 kolejny oferent z propozycj\u0105 budowy parkingu automatycznego o podobnej zasadzie dzia\u0142ania. <\/p>\n<p>Na razie nie ma jednak decyzji o og\u0142oszeniu przetargu. Najprawdopodobniej temat powr\u00f3ci w maju, bo teraz urz\u0119dnicy s\u0105 skoncentrowani na projekcie rewitalizacji \u015br\u00f3dmie\u015bcia w zwi\u0105zku z trwaj\u0105cym do ko\u0144ca marca naborem wniosk\u00f3w. <\/p>\n","protected":false},"excerpt":{"rendered":"<p>Ci\u0105gle nie wiadomo, co powstanie w miejsce niezrealizowanego parkingu Park&#038;Ride w Bochni. W\u0142adze miasta rozwa\u017caj\u0105 r\u00f3\u017cne mo\u017cliwo\u015bci rozwi\u0105zania problemu miejsc parkingowych obok dworca PKP. <\/p>\n","protected":false},"author":4,"featured_media":162095,"comment_status":"open","ping_status":"closed","sticky":false,"template":"","format":"standard","meta":{"_acf_changed":false,"footnotes":""},"categories":[5,6251,6250],"tags":[14091,15997,14090,438,17469],"class_list":["post-169059","post","type-post","status-publish","format-standard","has-post-thumbnail","hentry","category-biezace-wydarzenia","category-polityka-i-wydarzenia","category-tematyka","tag-dworzec-pkp","tag-parkride","tag-parking-wielopoziomowy","tag-pkp","tag-plac-pulaskiego","main_tag-parking"],"acf":[],"yoast_head":"<!-- This site is optimized with the Yoast SEO plugin v26.9 - https:\/\/yoast.com\/product\/yoast-seo-wordpress\/ -->\n<title>Co zamiast Park&amp;Ride obok dworca PKP? - mojabochnia.pl - portal informacyjny<\/title>\n<meta name=\"robots\" content=\"index, follow, max-snippet:-1, max-image-preview:large, max-video-preview:-1\" \/>\n<link rel=\"canonical\" href=\"https:\/\/www.mojabochnia.pl\/?p=169059\" \/>\n<meta property=\"og:locale\" content=\"pl_PL\" \/>\n<meta property=\"og:type\" content=\"article\" \/>\n<meta property=\"og:title\" content=\"Co zamiast Park&amp;Ride obok dworca PKP? - mojabochnia.pl - portal informacyjny\" \/>\n<meta property=\"og:description\" content=\"Ci\u0105gle nie wiadomo, co powstanie w miejsce niezrealizowanego parkingu Park&amp;Ride w Bochni. W\u0142adze miasta rozwa\u017caj\u0105 r\u00f3\u017cne mo\u017cliwo\u015bci rozwi\u0105zania problemu miejsc parkingowych obok dworca PKP.\" \/>\n<meta property=\"og:url\" content=\"https:\/\/www.mojabochnia.pl\/?p=169059\" \/>\n<meta property=\"og:site_name\" content=\"mojabochnia.pl - portal informacyjny\" \/>\n<meta property=\"article:publisher\" content=\"https:\/\/www.facebook.com\/mojabochnia\" \/>\n<meta property=\"article:published_time\" content=\"2017-03-21T09:39:48+00:00\" \/>\n<meta property=\"og:image\" content=\"https:\/\/www.mojabochnia.pl\/wp-content\/uploads\/2016\/11\/IMG_20150721_154711.jpg\" \/>\n\t<meta property=\"og:image:width\" content=\"660\" \/>\n\t<meta property=\"og:image:height\" content=\"372\" \/>\n\t<meta property=\"og:image:type\" content=\"image\/jpeg\" \/>\n<meta name=\"author\" content=\"Pawe\u0142 Michalczyk\" \/>\n<meta name=\"twitter:card\" content=\"summary_large_image\" \/>\n<meta name=\"twitter:label1\" content=\"Written by\" \/>\n\t<meta name=\"twitter:data1\" content=\"Pawe\u0142 Michalczyk\" \/>\n\t<meta name=\"twitter:label2\" content=\"Est. reading time\" \/>\n\t<meta name=\"twitter:data2\" content=\"2 minuty\" \/>\n<script type=\"application\/ld+json\" class=\"yoast-schema-graph\">{\"@context\":\"https:\/\/schema.org\",\"@graph\":[{\"@type\":\"Article\",\"@id\":\"https:\/\/www.mojabochnia.pl\/?p=169059#article\",\"isPartOf\":{\"@id\":\"https:\/\/www.mojabochnia.pl\/?p=169059\"},\"author\":{\"name\":\"Pawe\u0142 Michalczyk\",\"@id\":\"https:\/\/www.mojabochnia.pl\/#\/schema\/person\/ea042e4724a77627963f02166828ead4\"},\"headline\":\"Co zamiast Park&#038;Ride obok dworca PKP?\",\"datePublished\":\"2017-03-21T09:39:48+00:00\",\"mainEntityOfPage\":{\"@id\":\"https:\/\/www.mojabochnia.pl\/?p=169059\"},\"wordCount\":318,\"commentCount\":0,\"publisher\":{\"@id\":\"https:\/\/www.mojabochnia.pl\/#organization\"},\"image\":{\"@id\":\"https:\/\/www.mojabochnia.pl\/?p=169059#primaryimage\"},\"thumbnailUrl\":\"https:\/\/www.mojabochnia.pl\/wp-content\/uploads\/2016\/11\/IMG_20150721_154711.jpg\",\"keywords\":[\"dworzec pkp\",\"park&amp;ride\",\"parking wielopoziomowy\",\"PKP\",\"plac pu\u0142askiego\"],\"articleSection\":[\"2_ostatnie\",\"polityka i wydarzenia\",\"tematyka\"],\"inLanguage\":\"pl-PL\",\"potentialAction\":[{\"@type\":\"CommentAction\",\"name\":\"Comment\",\"target\":[\"https:\/\/www.mojabochnia.pl\/?p=169059#respond\"]}]},{\"@type\":\"WebPage\",\"@id\":\"https:\/\/www.mojabochnia.pl\/?p=169059\",\"url\":\"https:\/\/www.mojabochnia.pl\/?p=169059\",\"name\":\"Co zamiast Park&Ride obok dworca PKP? - mojabochnia.pl - portal informacyjny\",\"isPartOf\":{\"@id\":\"https:\/\/www.mojabochnia.pl\/#website\"},\"primaryImageOfPage\":{\"@id\":\"https:\/\/www.mojabochnia.pl\/?p=169059#primaryimage\"},\"image\":{\"@id\":\"https:\/\/www.mojabochnia.pl\/?p=169059#primaryimage\"},\"thumbnailUrl\":\"https:\/\/www.mojabochnia.pl\/wp-content\/uploads\/2016\/11\/IMG_20150721_154711.jpg\",\"datePublished\":\"2017-03-21T09:39:48+00:00\",\"breadcrumb\":{\"@id\":\"https:\/\/www.mojabochnia.pl\/?p=169059#breadcrumb\"},\"inLanguage\":\"pl-PL\",\"potentialAction\":[{\"@type\":\"ReadAction\",\"target\":[\"https:\/\/www.mojabochnia.pl\/?p=169059\"]}]},{\"@type\":\"ImageObject\",\"inLanguage\":\"pl-PL\",\"@id\":\"https:\/\/www.mojabochnia.pl\/?p=169059#primaryimage\",\"url\":\"https:\/\/www.mojabochnia.pl\/wp-content\/uploads\/2016\/11\/IMG_20150721_154711.jpg\",\"contentUrl\":\"https:\/\/www.mojabochnia.pl\/wp-content\/uploads\/2016\/11\/IMG_20150721_154711.jpg\",\"width\":660,\"height\":372,\"caption\":\"Pawe\u0142 Michalczyk\"},{\"@type\":\"BreadcrumbList\",\"@id\":\"https:\/\/www.mojabochnia.pl\/?p=169059#breadcrumb\",\"itemListElement\":[{\"@type\":\"ListItem\",\"position\":1,\"name\":\"Home\",\"item\":\"https:\/\/www.mojabochnia.pl\/\"},{\"@type\":\"ListItem\",\"position\":2,\"name\":\"Co zamiast Park&#038;Ride obok dworca PKP?\"}]},{\"@type\":\"WebSite\",\"@id\":\"https:\/\/www.mojabochnia.pl\/#website\",\"url\":\"https:\/\/www.mojabochnia.pl\/\",\"name\":\"mojabochnia.pl - portal informacyjny\",\"description\":\"mojaBochnia to portal informacyjny o Bochni. Codziennie o Bochni piszemy i pokazujemy najwa\u017cniejsze wydarzenia\",\"publisher\":{\"@id\":\"https:\/\/www.mojabochnia.pl\/#organization\"},\"potentialAction\":[{\"@type\":\"SearchAction\",\"target\":{\"@type\":\"EntryPoint\",\"urlTemplate\":\"https:\/\/www.mojabochnia.pl\/?s={search_term_string}\"},\"query-input\":{\"@type\":\"PropertyValueSpecification\",\"valueRequired\":true,\"valueName\":\"search_term_string\"}}],\"inLanguage\":\"pl-PL\"},{\"@type\":\"Organization\",\"@id\":\"https:\/\/www.mojabochnia.pl\/#organization\",\"name\":\"mojabochnia.pl - portal informacyjny\",\"url\":\"https:\/\/www.mojabochnia.pl\/\",\"logo\":{\"@type\":\"ImageObject\",\"inLanguage\":\"pl-PL\",\"@id\":\"https:\/\/www.mojabochnia.pl\/#\/schema\/logo\/image\/\",\"url\":\"https:\/\/www.mojabochnia.pl\/wp-content\/uploads\/2017\/08\/logo-mb-opt.png\",\"contentUrl\":\"https:\/\/www.mojabochnia.pl\/wp-content\/uploads\/2017\/08\/logo-mb-opt.png\",\"width\":250,\"height\":48,\"caption\":\"mojabochnia.pl - portal informacyjny\"},\"image\":{\"@id\":\"https:\/\/www.mojabochnia.pl\/#\/schema\/logo\/image\/\"},\"sameAs\":[\"https:\/\/www.facebook.com\/mojabochnia\"]},{\"@type\":\"Person\",\"@id\":\"https:\/\/www.mojabochnia.pl\/#\/schema\/person\/ea042e4724a77627963f02166828ead4\",\"name\":\"Pawe\u0142 Michalczyk\",\"url\":\"https:\/\/www.mojabochnia.pl\/?author=4\"}]}<\/script>\n<!-- \/ Yoast SEO plugin. -->","yoast_head_json":{"title":"Co zamiast Park&Ride obok dworca PKP? - mojabochnia.pl - portal informacyjny","robots":{"index":"index","follow":"follow","max-snippet":"max-snippet:-1","max-image-preview":"max-image-preview:large","max-video-preview":"max-video-preview:-1"},"canonical":"https:\/\/www.mojabochnia.pl\/?p=169059","og_locale":"pl_PL","og_type":"article","og_title":"Co zamiast Park&Ride obok dworca PKP? - mojabochnia.pl - portal informacyjny","og_description":"Ci\u0105gle nie wiadomo, co powstanie w miejsce niezrealizowanego parkingu Park&Ride w Bochni. W\u0142adze miasta rozwa\u017caj\u0105 r\u00f3\u017cne mo\u017cliwo\u015bci rozwi\u0105zania problemu miejsc parkingowych obok dworca PKP.","og_url":"https:\/\/www.mojabochnia.pl\/?p=169059","og_site_name":"mojabochnia.pl - portal informacyjny","article_publisher":"https:\/\/www.facebook.com\/mojabochnia","article_published_time":"2017-03-21T09:39:48+00:00","og_image":[{"width":660,"height":372,"url":"https:\/\/www.mojabochnia.pl\/wp-content\/uploads\/2016\/11\/IMG_20150721_154711.jpg","type":"image\/jpeg"}],"author":"Pawe\u0142 Michalczyk","twitter_card":"summary_large_image","twitter_misc":{"Written by":"Pawe\u0142 Michalczyk","Est. reading time":"2 minuty"},"schema":{"@context":"https:\/\/schema.org","@graph":[{"@type":"Article","@id":"https:\/\/www.mojabochnia.pl\/?p=169059#article","isPartOf":{"@id":"https:\/\/www.mojabochnia.pl\/?p=169059"},"author":{"name":"Pawe\u0142 Michalczyk","@id":"https:\/\/www.mojabochnia.pl\/#\/schema\/person\/ea042e4724a77627963f02166828ead4"},"headline":"Co zamiast Park&#038;Ride obok dworca PKP?","datePublished":"2017-03-21T09:39:48+00:00","mainEntityOfPage":{"@id":"https:\/\/www.mojabochnia.pl\/?p=169059"},"wordCount":318,"commentCount":0,"publisher":{"@id":"https:\/\/www.mojabochnia.pl\/#organization"},"image":{"@id":"https:\/\/www.mojabochnia.pl\/?p=169059#primaryimage"},"thumbnailUrl":"https:\/\/www.mojabochnia.pl\/wp-content\/uploads\/2016\/11\/IMG_20150721_154711.jpg","keywords":["dworzec pkp","park&amp;ride","parking wielopoziomowy","PKP","plac pu\u0142askiego"],"articleSection":["2_ostatnie","polityka i wydarzenia","tematyka"],"inLanguage":"pl-PL","potentialAction":[{"@type":"CommentAction","name":"Comment","target":["https:\/\/www.mojabochnia.pl\/?p=169059#respond"]}]},{"@type":"WebPage","@id":"https:\/\/www.mojabochnia.pl\/?p=169059","url":"https:\/\/www.mojabochnia.pl\/?p=169059","name":"Co zamiast Park&Ride obok dworca PKP? - mojabochnia.pl - portal informacyjny","isPartOf":{"@id":"https:\/\/www.mojabochnia.pl\/#website"},"primaryImageOfPage":{"@id":"https:\/\/www.mojabochnia.pl\/?p=169059#primaryimage"},"image":{"@id":"https:\/\/www.mojabochnia.pl\/?p=169059#primaryimage"},"thumbnailUrl":"https:\/\/www.mojabochnia.pl\/wp-content\/uploads\/2016\/11\/IMG_20150721_154711.jpg","datePublished":"2017-03-21T09:39:48+00:00","breadcrumb":{"@id":"https:\/\/www.mojabochnia.pl\/?p=169059#breadcrumb"},"inLanguage":"pl-PL","potentialAction":[{"@type":"ReadAction","target":["https:\/\/www.mojabochnia.pl\/?p=169059"]}]},{"@type":"ImageObject","inLanguage":"pl-PL","@id":"https:\/\/www.mojabochnia.pl\/?p=169059#primaryimage","url":"https:\/\/www.mojabochnia.pl\/wp-content\/uploads\/2016\/11\/IMG_20150721_154711.jpg","contentUrl":"https:\/\/www.mojabochnia.pl\/wp-content\/uploads\/2016\/11\/IMG_20150721_154711.jpg","width":660,"height":372,"caption":"Pawe\u0142 Michalczyk"},{"@type":"BreadcrumbList","@id":"https:\/\/www.mojabochnia.pl\/?p=169059#breadcrumb","itemListElement":[{"@type":"ListItem","position":1,"name":"Home","item":"https:\/\/www.mojabochnia.pl\/"},{"@type":"ListItem","position":2,"name":"Co zamiast Park&#038;Ride obok dworca PKP?"}]},{"@type":"WebSite","@id":"https:\/\/www.mojabochnia.pl\/#website","url":"https:\/\/www.mojabochnia.pl\/","name":"mojabochnia.pl - portal informacyjny","description":"mojaBochnia to portal informacyjny o Bochni. Codziennie o Bochni piszemy i pokazujemy najwa\u017cniejsze wydarzenia","publisher":{"@id":"https:\/\/www.mojabochnia.pl\/#organization"},"potentialAction":[{"@type":"SearchAction","target":{"@type":"EntryPoint","urlTemplate":"https:\/\/www.mojabochnia.pl\/?s={search_term_string}"},"query-input":{"@type":"PropertyValueSpecification","valueRequired":true,"valueName":"search_term_string"}}],"inLanguage":"pl-PL"},{"@type":"Organization","@id":"https:\/\/www.mojabochnia.pl\/#organization","name":"mojabochnia.pl - portal informacyjny","url":"https:\/\/www.mojabochnia.pl\/","logo":{"@type":"ImageObject","inLanguage":"pl-PL","@id":"https:\/\/www.mojabochnia.pl\/#\/schema\/logo\/image\/","url":"https:\/\/www.mojabochnia.pl\/wp-content\/uploads\/2017\/08\/logo-mb-opt.png","contentUrl":"https:\/\/www.mojabochnia.pl\/wp-content\/uploads\/2017\/08\/logo-mb-opt.png","width":250,"height":48,"caption":"mojabochnia.pl - portal informacyjny"},"image":{"@id":"https:\/\/www.mojabochnia.pl\/#\/schema\/logo\/image\/"},"sameAs":["https:\/\/www.facebook.com\/mojabochnia"]},{"@type":"Person","@id":"https:\/\/www.mojabochnia.pl\/#\/schema\/person\/ea042e4724a77627963f02166828ead4","name":"Pawe\u0142 Michalczyk","url":"https:\/\/www.mojabochnia.pl\/?author=4"}]}},"_links":{"self":[{"href":"https:\/\/www.mojabochnia.pl\/index.php?rest_route=\/wp\/v2\/posts\/169059","targetHints":{"allow":["GET"]}}],"collection":[{"href":"https:\/\/www.mojabochnia.pl\/index.php?rest_route=\/wp\/v2\/posts"}],"about":[{"href":"https:\/\/www.mojabochnia.pl\/index.php?rest_route=\/wp\/v2\/types\/post"}],"author":[{"embeddable":true,"href":"https:\/\/www.mojabochnia.pl\/index.php?rest_route=\/wp\/v2\/users\/4"}],"replies":[{"embeddable":true,"href":"https:\/\/www.mojabochnia.pl\/index.php?rest_route=%2Fwp%2Fv2%2Fcomments&post=169059"}],"version-history":[{"count":2,"href":"https:\/\/www.mojabochnia.pl\/index.php?rest_route=\/wp\/v2\/posts\/169059\/revisions"}],"predecessor-version":[{"id":169061,"href":"https:\/\/www.mojabochnia.pl\/index.php?rest_route=\/wp\/v2\/posts\/169059\/revisions\/169061"}],"wp:featuredmedia":[{"embeddable":true,"href":"https:\/\/www.mojabochnia.pl\/index.php?rest_route=\/wp\/v2\/media\/162095"}],"wp:attachment":[{"href":"https:\/\/www.mojabochnia.pl\/index.php?rest_route=%2Fwp%2Fv2%2Fmedia&parent=169059"}],"wp:term":[{"taxonomy":"category","embeddable":true,"href":"https:\/\/www.mojabochnia.pl\/index.php?rest_route=%2Fwp%2Fv2%2Fcategories&post=169059"},{"taxonomy":"post_tag","embeddable":true,"href":"https:\/\/www.mojabochnia.pl\/index.php?rest_route=%2Fwp%2Fv2%2Ftags&post=169059"}],"curies":[{"name":"wp","href":"https:\/\/api.w.org\/{rel}","templated":true}]}}