{"id":168420,"date":"2017-03-03T17:12:41","date_gmt":"2017-03-03T16:12:41","guid":{"rendered":"http:\/\/www.mojabochnia.pl\/?p=168420"},"modified":"2017-03-03T17:19:04","modified_gmt":"2017-03-03T16:19:04","slug":"powiat-kto-wykorzystuje-temat-wtz-proszowki-do-celow-politycznych","status":"publish","type":"post","link":"https:\/\/www.mojabochnia.pl\/?p=168420","title":{"rendered":"Powiat: kto wykorzystuje temat WTZ Prosz\u00f3wki do cel\u00f3w politycznych?"},"content":{"rendered":"<p>Od kilku miesi\u0119cy trwaj\u0105 przymiarki do wykupu przez powiat budynku, w kt\u00f3rym znajduj\u0105 si\u0119 warsztaty. Prowadz\u0105ca je sp\u00f3\u0142dzielnia inwalid\u00f3w jest od listopada w stanie likwidacji. Starosta wprawdzie zadeklarowa\u0142 pomoc, ci\u0105gle jednak nie wiadomo kiedy dojdzie do sfinalizowania transakcji pomi\u0119dzy zarz\u0105dem a likwidatorem. Podczas ostatniej sesji Ludwik W\u0119grzyn przedstawi\u0142 stanowisko zarz\u0105du powiatu w sprawie WTZ Prosz\u00f3wki. Zaznaczy\u0142, \u017ce stan likwidacji restrukturyzacyjnej, w jakim jest od listopada Boche\u0144ska Sp\u00f3\u0142dzielnia Inwalid\u00f3w nie oznacza, \u017ce sp\u00f3\u0142dzielnia musi zosta\u0107 zlikwidowana w sensie maj\u0105tkowym. <em>Ona ma by\u0107 wyprowadzona z pewnej zapa\u015bci finansowej. Powsta\u0142 temat wydzielenia i zakupu tej nieruchomo\u015bci<\/em> \u2013 wyja\u015bni\u0142 starosta.  <\/p>\n<p>Ludwik W\u0119grzyn doda\u0142, \u017ce sprawa od kilku miesi\u0119cy wzbudza emocje cz\u0119\u015bci opinii spo\u0142ecznej. <em>Los dyskusji podgrzewanej przez niekt\u00f3rych pracownik\u00f3w Warsztat\u00f3w Terapii Zaj\u0119ciowej i wykorzystywany do cel\u00f3w politycznych wywierania nacisku na organy powiatu, aby zakupi\u0107 w spos\u00f3b niezgodny z prawem i nieodpowiedzialny cz\u0119\u015b\u0107 nieruchomo\u015bci<\/em> &#8211; m\u00f3wi\u0142. <\/p>\n<p>Starosta poinformowa\u0142, \u017ce po wielu dyskusjach, zarz\u0105d powiatu 22 lutego podj\u0105\u0142 uchwa\u0142\u0119 \u201ew sprawie woli nabycia nieruchomo\u015bci po\u0142o\u017conej w Prosz\u00f3wkach z przeznaczeniem na \u201eWarsztaty Terapii Zaj\u0119ciowej\u201d. Powiat mia\u0142by kupi\u0107 od likwidatora cz\u0119\u015b\u0107 zabudowanej nieruchomo\u015bci \u201ew granicach niezb\u0119dnych do funkcjonowania Warsztat\u00f3w Terapii Zaj\u0119ciowej\u201d. Najpierw jednak likwidator ma dokona\u0107 wyodr\u0119bnienia pod wzgl\u0119dem konstrukcyjnym i instalacyjnym cz\u0119\u015bci budynku z przeznaczeniem pod WTZ, a tak\u017ce geodezyjnego wydzielenia budynku wraz z dzia\u0142k\u0105, ma te\u017c uzyska\u0107 ostateczn\u0105 decyzj\u0119 w\u00f3jta gminy Bochnia zatwierdzaj\u0105cej podzia\u0142. Dalej likwidator ma sporz\u0105dzi\u0107 operat szacunkowy okre\u015blaj\u0105cy warto\u015b\u0107 nieruchomo\u015bci, a tak\u017ce za\u0142o\u017cy\u0107 odr\u0119bn\u0105 ksi\u0119g\u0119 wieczyst\u0105 dla nowo powsta\u0142ej dzia\u0142ki. <\/p>\n<p>Problem le\u017cy m.in. w  tym, \u017ce trzeba najpierw wybudowa\u0107 \u015bcian\u0119, kt\u00f3ra oddzieli budynek warsztat\u00f3w od budynku sp\u00f3\u0142dzielni. Bogdan Kl\u0119sk, ojciec jednej z uczestniczek WTZ Prosz\u00f3wki, argumentowa\u0142 \u017ce likwidator powinien dosta\u0107 ze strony w\u0142adz powiatu pisemne zapewnienie o tym, \u017ce do transakcji dojdzie. <em>Wybuduje t\u0119 \u015bcian\u0119, w\u0142o\u017cy 200 tys. z\u0142, na ko\u0144cu si\u0119 oka\u017ce \u017ce powiat tego nie kupuje. Ja bym by\u0142 g\u0142upi na jego miejscu, gdybym wchodzi\u0142 w takie rzeczy. Musi by\u0107 co\u015b na papierze<\/em> \u2013 powiedzia\u0142. <\/p>\n<p>Radny Krzysztof Ko\u0142odziejczyk stwierdzi\u0142, \u017ce uchwa\u0142a zarz\u0105du powiatu nie by\u0142aby gotowa, gdyby nie determinacja rodzic\u00f3w podopiecznych WTZ z Prosz\u00f3wek. Odni\u00f3s\u0142 si\u0119 te\u017c do uwagi Ludwika W\u0119grzyna o wykorzystywaniu tematu do cel\u00f3w politycznych. <em>To s\u0105 s\u0142owa rzucane przez ludzi, kt\u00f3rzy poza polityk\u0105 praktycznie w swoim \u017cyciu nic innego nie robili. Rozumiem, \u017ce trudno zrozumie\u0107, \u017ce mo\u017cna co\u015b robi\u0107 dla innych, nie patrz\u0105c na skutki polityczne. Ale w takich sytuacjach powinno si\u0119 zachowa\u0107 pow\u015bci\u0105gliwo\u015b\u0107<\/em> \u2013 powiedzia\u0142 Krzysztof Ko\u0142odziejczyk. <em>Uwa\u017cam, \u017ce gdyby nie presja polityczna koalicjanta PSL-u, czyli PiS-u, trudno by by\u0142o dzisiaj m\u00f3wi\u0107 o podj\u0119ciu tej uchwa\u0142y. Przedstawicielom PiS-u i radnym dzi\u0119kuj\u0119 za tak\u0105 postaw\u0119<\/em> \u2013 doda\u0142.<\/p>\n<p><em>\u0141atwo jest m\u00f3wi\u0107, gdy si\u0119 nie odpowiada. Zarz\u0105d powiatu odpowiada za gospodark\u0119 maj\u0105tkow\u0105 i finansow\u0105 powiatu.  \u017beby wyda\u0107 bud\u017cetowe pieni\u0105dze, musz\u0105 by\u0107 spe\u0142nione okre\u015blone warunki i zasady<\/em> &#8211; odpowiedzia\u0142 na wcze\u015bniejsze wyst\u0105pienia starosta. <\/p>\n<p>Radny Stanis\u0142aw Bukowiec wyst\u0105pi\u0142 z wnioskiem o wykonanie przez powiat w\u0142asnej wyceny obiekt\u00f3w, kt\u00f3re mia\u0142yby by\u0107 przedmiotem zakupu. W trakcie dyskusji pad\u0142a bowiem informacja, \u017ce likwidator dysponuje wycen\u0105 dotycz\u0105c\u0105 ca\u0142ej nieruchomo\u015bci wraz z gara\u017cami. Wniosek podzieli\u0142 sal\u0119 obrad.<\/p>\n<p><em>Skoro koszt wybudowania tej \u015bciany mo\u017ce si\u0119 waha\u0107 mi\u0119dzy 100 a 200 tys. z\u0142, to podwy\u017cszy to warto\u015b\u0107 tego budynku, kt\u00f3ry b\u0119dzie nabywany przez powiat. Wi\u0119c pytam, po co nam wycena w tym momencie<\/em> \u2013 zwr\u00f3ci\u0142 uwag\u0119 Micha\u0142 G\u00f3ra, radny i cz\u0142onek zarz\u0105du powiatu.<\/p>\n<p>Za wnioskiem zag\u0142osowa\u0142o 7 radnych, 3 osoby by\u0142y przeciw, a 11 wstrzyma\u0142o si\u0119 od g\u0142osu. <\/p>\n","protected":false},"excerpt":{"rendered":"<p>Temat przysz\u0142o\u015bci WTZ w Prosz\u00f3wkach budzi coraz wi\u0119cej emocji politycznych. Na ostatni\u0105 sesj\u0119 Rady Powiatu po raz kolejny przyszli rodzice podopiecznych. Z ust starosty pad\u0142o stwierdzenie o podgrzewaniu dyskusji przez &#8222;niekt\u00f3rych pracownik\u00f3w&#8221; WTZ, a radny Krzysztof Ko\u0142odziejczyk stwierdzi\u0142 wr\u0119cz \u017ce dzi\u0119ki naciskom radnych z PiS-u zarz\u0105d powiatu podj\u0105\u0142 uchwa\u0142\u0119 dotycz\u0105c\u0105 przysz\u0142o\u015bci warsztat\u00f3w. <\/p>\n","protected":false},"author":4,"featured_media":154975,"comment_status":"open","ping_status":"closed","sticky":false,"template":"","format":"standard","meta":{"_acf_changed":false,"footnotes":""},"categories":[5,6251,6250],"tags":[1035,17398,547,17499,19356],"class_list":["post-168420","post","type-post","status-publish","format-standard","has-post-thumbnail","hentry","category-biezace-wydarzenia","category-polityka-i-wydarzenia","category-tematyka","tag-likwidator","tag-powiat","tag-spoldzielnia-inwalidow","tag-wtz","tag-wycena","main_tag-wtz"],"acf":[],"yoast_head":"<!-- This site is optimized with the Yoast SEO plugin v26.9 - https:\/\/yoast.com\/product\/yoast-seo-wordpress\/ -->\n<title>Powiat: kto wykorzystuje temat WTZ Prosz\u00f3wki do cel\u00f3w politycznych? - mojabochnia.pl - portal informacyjny<\/title>\n<meta name=\"robots\" content=\"index, follow, max-snippet:-1, max-image-preview:large, max-video-preview:-1\" \/>\n<link rel=\"canonical\" href=\"https:\/\/www.mojabochnia.pl\/?p=168420\" \/>\n<meta property=\"og:locale\" content=\"pl_PL\" \/>\n<meta property=\"og:type\" content=\"article\" \/>\n<meta property=\"og:title\" content=\"Powiat: kto wykorzystuje temat WTZ Prosz\u00f3wki do cel\u00f3w politycznych? - mojabochnia.pl - portal informacyjny\" \/>\n<meta property=\"og:description\" content=\"Temat przysz\u0142o\u015bci WTZ w Prosz\u00f3wkach budzi coraz wi\u0119cej emocji politycznych. Na ostatni\u0105 sesj\u0119 Rady Powiatu po raz kolejny przyszli rodzice podopiecznych. Z ust starosty pad\u0142o stwierdzenie o podgrzewaniu dyskusji przez &quot;niekt\u00f3rych pracownik\u00f3w&quot; WTZ, a radny Krzysztof Ko\u0142odziejczyk stwierdzi\u0142 wr\u0119cz \u017ce dzi\u0119ki naciskom radnych z PiS-u zarz\u0105d powiatu podj\u0105\u0142 uchwa\u0142\u0119 dotycz\u0105c\u0105 przysz\u0142o\u015bci warsztat\u00f3w.\" \/>\n<meta property=\"og:url\" content=\"https:\/\/www.mojabochnia.pl\/?p=168420\" \/>\n<meta property=\"og:site_name\" content=\"mojabochnia.pl - portal informacyjny\" \/>\n<meta property=\"article:publisher\" content=\"https:\/\/www.facebook.com\/mojabochnia\" \/>\n<meta property=\"article:published_time\" content=\"2017-03-03T16:12:41+00:00\" \/>\n<meta property=\"article:modified_time\" content=\"2017-03-03T16:19:04+00:00\" \/>\n<meta property=\"og:image\" content=\"https:\/\/www.mojabochnia.pl\/wp-content\/uploads\/2016\/07\/IMG_20141230_120649.jpg\" \/>\n\t<meta property=\"og:image:width\" content=\"800\" \/>\n\t<meta property=\"og:image:height\" content=\"450\" \/>\n\t<meta property=\"og:image:type\" content=\"image\/jpeg\" \/>\n<meta name=\"author\" content=\"Pawe\u0142 Michalczyk\" \/>\n<meta name=\"twitter:card\" content=\"summary_large_image\" \/>\n<meta name=\"twitter:label1\" content=\"Written by\" \/>\n\t<meta name=\"twitter:data1\" content=\"Pawe\u0142 Michalczyk\" \/>\n\t<meta name=\"twitter:label2\" content=\"Est. reading time\" \/>\n\t<meta name=\"twitter:data2\" content=\"3 minuty\" \/>\n<script type=\"application\/ld+json\" class=\"yoast-schema-graph\">{\"@context\":\"https:\/\/schema.org\",\"@graph\":[{\"@type\":\"Article\",\"@id\":\"https:\/\/www.mojabochnia.pl\/?p=168420#article\",\"isPartOf\":{\"@id\":\"https:\/\/www.mojabochnia.pl\/?p=168420\"},\"author\":{\"name\":\"Pawe\u0142 Michalczyk\",\"@id\":\"https:\/\/www.mojabochnia.pl\/#\/schema\/person\/ea042e4724a77627963f02166828ead4\"},\"headline\":\"Powiat: kto wykorzystuje temat WTZ Prosz\u00f3wki do cel\u00f3w politycznych?\",\"datePublished\":\"2017-03-03T16:12:41+00:00\",\"dateModified\":\"2017-03-03T16:19:04+00:00\",\"mainEntityOfPage\":{\"@id\":\"https:\/\/www.mojabochnia.pl\/?p=168420\"},\"wordCount\":678,\"commentCount\":0,\"publisher\":{\"@id\":\"https:\/\/www.mojabochnia.pl\/#organization\"},\"image\":{\"@id\":\"https:\/\/www.mojabochnia.pl\/?p=168420#primaryimage\"},\"thumbnailUrl\":\"https:\/\/www.mojabochnia.pl\/wp-content\/uploads\/2016\/07\/IMG_20141230_120649.jpg\",\"keywords\":[\"likwidator\",\"powiat\",\"sp\u00f3\u0142dzielnia inwalid\u00f3w\",\"wtz\",\"wycena\"],\"articleSection\":[\"2_ostatnie\",\"polityka i wydarzenia\",\"tematyka\"],\"inLanguage\":\"pl-PL\",\"potentialAction\":[{\"@type\":\"CommentAction\",\"name\":\"Comment\",\"target\":[\"https:\/\/www.mojabochnia.pl\/?p=168420#respond\"]}]},{\"@type\":\"WebPage\",\"@id\":\"https:\/\/www.mojabochnia.pl\/?p=168420\",\"url\":\"https:\/\/www.mojabochnia.pl\/?p=168420\",\"name\":\"Powiat: kto wykorzystuje temat WTZ Prosz\u00f3wki do cel\u00f3w politycznych? - mojabochnia.pl - portal informacyjny\",\"isPartOf\":{\"@id\":\"https:\/\/www.mojabochnia.pl\/#website\"},\"primaryImageOfPage\":{\"@id\":\"https:\/\/www.mojabochnia.pl\/?p=168420#primaryimage\"},\"image\":{\"@id\":\"https:\/\/www.mojabochnia.pl\/?p=168420#primaryimage\"},\"thumbnailUrl\":\"https:\/\/www.mojabochnia.pl\/wp-content\/uploads\/2016\/07\/IMG_20141230_120649.jpg\",\"datePublished\":\"2017-03-03T16:12:41+00:00\",\"dateModified\":\"2017-03-03T16:19:04+00:00\",\"breadcrumb\":{\"@id\":\"https:\/\/www.mojabochnia.pl\/?p=168420#breadcrumb\"},\"inLanguage\":\"pl-PL\",\"potentialAction\":[{\"@type\":\"ReadAction\",\"target\":[\"https:\/\/www.mojabochnia.pl\/?p=168420\"]}]},{\"@type\":\"ImageObject\",\"inLanguage\":\"pl-PL\",\"@id\":\"https:\/\/www.mojabochnia.pl\/?p=168420#primaryimage\",\"url\":\"https:\/\/www.mojabochnia.pl\/wp-content\/uploads\/2016\/07\/IMG_20141230_120649.jpg\",\"contentUrl\":\"https:\/\/www.mojabochnia.pl\/wp-content\/uploads\/2016\/07\/IMG_20141230_120649.jpg\",\"width\":800,\"height\":450,\"caption\":\"Pawe\u0142 Michalczyk\"},{\"@type\":\"BreadcrumbList\",\"@id\":\"https:\/\/www.mojabochnia.pl\/?p=168420#breadcrumb\",\"itemListElement\":[{\"@type\":\"ListItem\",\"position\":1,\"name\":\"Home\",\"item\":\"https:\/\/www.mojabochnia.pl\/\"},{\"@type\":\"ListItem\",\"position\":2,\"name\":\"Powiat: kto wykorzystuje temat WTZ Prosz\u00f3wki do cel\u00f3w politycznych?\"}]},{\"@type\":\"WebSite\",\"@id\":\"https:\/\/www.mojabochnia.pl\/#website\",\"url\":\"https:\/\/www.mojabochnia.pl\/\",\"name\":\"mojabochnia.pl - portal informacyjny\",\"description\":\"mojaBochnia to portal informacyjny o Bochni. Codziennie o Bochni piszemy i pokazujemy najwa\u017cniejsze wydarzenia\",\"publisher\":{\"@id\":\"https:\/\/www.mojabochnia.pl\/#organization\"},\"potentialAction\":[{\"@type\":\"SearchAction\",\"target\":{\"@type\":\"EntryPoint\",\"urlTemplate\":\"https:\/\/www.mojabochnia.pl\/?s={search_term_string}\"},\"query-input\":{\"@type\":\"PropertyValueSpecification\",\"valueRequired\":true,\"valueName\":\"search_term_string\"}}],\"inLanguage\":\"pl-PL\"},{\"@type\":\"Organization\",\"@id\":\"https:\/\/www.mojabochnia.pl\/#organization\",\"name\":\"mojabochnia.pl - portal informacyjny\",\"url\":\"https:\/\/www.mojabochnia.pl\/\",\"logo\":{\"@type\":\"ImageObject\",\"inLanguage\":\"pl-PL\",\"@id\":\"https:\/\/www.mojabochnia.pl\/#\/schema\/logo\/image\/\",\"url\":\"https:\/\/www.mojabochnia.pl\/wp-content\/uploads\/2017\/08\/logo-mb-opt.png\",\"contentUrl\":\"https:\/\/www.mojabochnia.pl\/wp-content\/uploads\/2017\/08\/logo-mb-opt.png\",\"width\":250,\"height\":48,\"caption\":\"mojabochnia.pl - portal informacyjny\"},\"image\":{\"@id\":\"https:\/\/www.mojabochnia.pl\/#\/schema\/logo\/image\/\"},\"sameAs\":[\"https:\/\/www.facebook.com\/mojabochnia\"]},{\"@type\":\"Person\",\"@id\":\"https:\/\/www.mojabochnia.pl\/#\/schema\/person\/ea042e4724a77627963f02166828ead4\",\"name\":\"Pawe\u0142 Michalczyk\",\"url\":\"https:\/\/www.mojabochnia.pl\/?author=4\"}]}<\/script>\n<!-- \/ Yoast SEO plugin. -->","yoast_head_json":{"title":"Powiat: kto wykorzystuje temat WTZ Prosz\u00f3wki do cel\u00f3w politycznych? - mojabochnia.pl - portal informacyjny","robots":{"index":"index","follow":"follow","max-snippet":"max-snippet:-1","max-image-preview":"max-image-preview:large","max-video-preview":"max-video-preview:-1"},"canonical":"https:\/\/www.mojabochnia.pl\/?p=168420","og_locale":"pl_PL","og_type":"article","og_title":"Powiat: kto wykorzystuje temat WTZ Prosz\u00f3wki do cel\u00f3w politycznych? - mojabochnia.pl - portal informacyjny","og_description":"Temat przysz\u0142o\u015bci WTZ w Prosz\u00f3wkach budzi coraz wi\u0119cej emocji politycznych. Na ostatni\u0105 sesj\u0119 Rady Powiatu po raz kolejny przyszli rodzice podopiecznych. Z ust starosty pad\u0142o stwierdzenie o podgrzewaniu dyskusji przez \"niekt\u00f3rych pracownik\u00f3w\" WTZ, a radny Krzysztof Ko\u0142odziejczyk stwierdzi\u0142 wr\u0119cz \u017ce dzi\u0119ki naciskom radnych z PiS-u zarz\u0105d powiatu podj\u0105\u0142 uchwa\u0142\u0119 dotycz\u0105c\u0105 przysz\u0142o\u015bci warsztat\u00f3w.","og_url":"https:\/\/www.mojabochnia.pl\/?p=168420","og_site_name":"mojabochnia.pl - portal informacyjny","article_publisher":"https:\/\/www.facebook.com\/mojabochnia","article_published_time":"2017-03-03T16:12:41+00:00","article_modified_time":"2017-03-03T16:19:04+00:00","og_image":[{"width":800,"height":450,"url":"https:\/\/www.mojabochnia.pl\/wp-content\/uploads\/2016\/07\/IMG_20141230_120649.jpg","type":"image\/jpeg"}],"author":"Pawe\u0142 Michalczyk","twitter_card":"summary_large_image","twitter_misc":{"Written by":"Pawe\u0142 Michalczyk","Est. reading time":"3 minuty"},"schema":{"@context":"https:\/\/schema.org","@graph":[{"@type":"Article","@id":"https:\/\/www.mojabochnia.pl\/?p=168420#article","isPartOf":{"@id":"https:\/\/www.mojabochnia.pl\/?p=168420"},"author":{"name":"Pawe\u0142 Michalczyk","@id":"https:\/\/www.mojabochnia.pl\/#\/schema\/person\/ea042e4724a77627963f02166828ead4"},"headline":"Powiat: kto wykorzystuje temat WTZ Prosz\u00f3wki do cel\u00f3w politycznych?","datePublished":"2017-03-03T16:12:41+00:00","dateModified":"2017-03-03T16:19:04+00:00","mainEntityOfPage":{"@id":"https:\/\/www.mojabochnia.pl\/?p=168420"},"wordCount":678,"commentCount":0,"publisher":{"@id":"https:\/\/www.mojabochnia.pl\/#organization"},"image":{"@id":"https:\/\/www.mojabochnia.pl\/?p=168420#primaryimage"},"thumbnailUrl":"https:\/\/www.mojabochnia.pl\/wp-content\/uploads\/2016\/07\/IMG_20141230_120649.jpg","keywords":["likwidator","powiat","sp\u00f3\u0142dzielnia inwalid\u00f3w","wtz","wycena"],"articleSection":["2_ostatnie","polityka i wydarzenia","tematyka"],"inLanguage":"pl-PL","potentialAction":[{"@type":"CommentAction","name":"Comment","target":["https:\/\/www.mojabochnia.pl\/?p=168420#respond"]}]},{"@type":"WebPage","@id":"https:\/\/www.mojabochnia.pl\/?p=168420","url":"https:\/\/www.mojabochnia.pl\/?p=168420","name":"Powiat: kto wykorzystuje temat WTZ Prosz\u00f3wki do cel\u00f3w politycznych? - mojabochnia.pl - portal informacyjny","isPartOf":{"@id":"https:\/\/www.mojabochnia.pl\/#website"},"primaryImageOfPage":{"@id":"https:\/\/www.mojabochnia.pl\/?p=168420#primaryimage"},"image":{"@id":"https:\/\/www.mojabochnia.pl\/?p=168420#primaryimage"},"thumbnailUrl":"https:\/\/www.mojabochnia.pl\/wp-content\/uploads\/2016\/07\/IMG_20141230_120649.jpg","datePublished":"2017-03-03T16:12:41+00:00","dateModified":"2017-03-03T16:19:04+00:00","breadcrumb":{"@id":"https:\/\/www.mojabochnia.pl\/?p=168420#breadcrumb"},"inLanguage":"pl-PL","potentialAction":[{"@type":"ReadAction","target":["https:\/\/www.mojabochnia.pl\/?p=168420"]}]},{"@type":"ImageObject","inLanguage":"pl-PL","@id":"https:\/\/www.mojabochnia.pl\/?p=168420#primaryimage","url":"https:\/\/www.mojabochnia.pl\/wp-content\/uploads\/2016\/07\/IMG_20141230_120649.jpg","contentUrl":"https:\/\/www.mojabochnia.pl\/wp-content\/uploads\/2016\/07\/IMG_20141230_120649.jpg","width":800,"height":450,"caption":"Pawe\u0142 Michalczyk"},{"@type":"BreadcrumbList","@id":"https:\/\/www.mojabochnia.pl\/?p=168420#breadcrumb","itemListElement":[{"@type":"ListItem","position":1,"name":"Home","item":"https:\/\/www.mojabochnia.pl\/"},{"@type":"ListItem","position":2,"name":"Powiat: kto wykorzystuje temat WTZ Prosz\u00f3wki do cel\u00f3w politycznych?"}]},{"@type":"WebSite","@id":"https:\/\/www.mojabochnia.pl\/#website","url":"https:\/\/www.mojabochnia.pl\/","name":"mojabochnia.pl - portal informacyjny","description":"mojaBochnia to portal informacyjny o Bochni. Codziennie o Bochni piszemy i pokazujemy najwa\u017cniejsze wydarzenia","publisher":{"@id":"https:\/\/www.mojabochnia.pl\/#organization"},"potentialAction":[{"@type":"SearchAction","target":{"@type":"EntryPoint","urlTemplate":"https:\/\/www.mojabochnia.pl\/?s={search_term_string}"},"query-input":{"@type":"PropertyValueSpecification","valueRequired":true,"valueName":"search_term_string"}}],"inLanguage":"pl-PL"},{"@type":"Organization","@id":"https:\/\/www.mojabochnia.pl\/#organization","name":"mojabochnia.pl - portal informacyjny","url":"https:\/\/www.mojabochnia.pl\/","logo":{"@type":"ImageObject","inLanguage":"pl-PL","@id":"https:\/\/www.mojabochnia.pl\/#\/schema\/logo\/image\/","url":"https:\/\/www.mojabochnia.pl\/wp-content\/uploads\/2017\/08\/logo-mb-opt.png","contentUrl":"https:\/\/www.mojabochnia.pl\/wp-content\/uploads\/2017\/08\/logo-mb-opt.png","width":250,"height":48,"caption":"mojabochnia.pl - portal informacyjny"},"image":{"@id":"https:\/\/www.mojabochnia.pl\/#\/schema\/logo\/image\/"},"sameAs":["https:\/\/www.facebook.com\/mojabochnia"]},{"@type":"Person","@id":"https:\/\/www.mojabochnia.pl\/#\/schema\/person\/ea042e4724a77627963f02166828ead4","name":"Pawe\u0142 Michalczyk","url":"https:\/\/www.mojabochnia.pl\/?author=4"}]}},"_links":{"self":[{"href":"https:\/\/www.mojabochnia.pl\/index.php?rest_route=\/wp\/v2\/posts\/168420","targetHints":{"allow":["GET"]}}],"collection":[{"href":"https:\/\/www.mojabochnia.pl\/index.php?rest_route=\/wp\/v2\/posts"}],"about":[{"href":"https:\/\/www.mojabochnia.pl\/index.php?rest_route=\/wp\/v2\/types\/post"}],"author":[{"embeddable":true,"href":"https:\/\/www.mojabochnia.pl\/index.php?rest_route=\/wp\/v2\/users\/4"}],"replies":[{"embeddable":true,"href":"https:\/\/www.mojabochnia.pl\/index.php?rest_route=%2Fwp%2Fv2%2Fcomments&post=168420"}],"version-history":[{"count":4,"href":"https:\/\/www.mojabochnia.pl\/index.php?rest_route=\/wp\/v2\/posts\/168420\/revisions"}],"predecessor-version":[{"id":168426,"href":"https:\/\/www.mojabochnia.pl\/index.php?rest_route=\/wp\/v2\/posts\/168420\/revisions\/168426"}],"wp:featuredmedia":[{"embeddable":true,"href":"https:\/\/www.mojabochnia.pl\/index.php?rest_route=\/wp\/v2\/media\/154975"}],"wp:attachment":[{"href":"https:\/\/www.mojabochnia.pl\/index.php?rest_route=%2Fwp%2Fv2%2Fmedia&parent=168420"}],"wp:term":[{"taxonomy":"category","embeddable":true,"href":"https:\/\/www.mojabochnia.pl\/index.php?rest_route=%2Fwp%2Fv2%2Fcategories&post=168420"},{"taxonomy":"post_tag","embeddable":true,"href":"https:\/\/www.mojabochnia.pl\/index.php?rest_route=%2Fwp%2Fv2%2Ftags&post=168420"}],"curies":[{"name":"wp","href":"https:\/\/api.w.org\/{rel}","templated":true}]}}