{"id":168400,"date":"2017-03-03T13:48:55","date_gmt":"2017-03-03T12:48:55","guid":{"rendered":"http:\/\/www.mojabochnia.pl\/?p=168400"},"modified":"2017-03-03T13:50:35","modified_gmt":"2017-03-03T12:50:35","slug":"zaprojektowali-zamek-dla-krola","status":"publish","type":"post","link":"https:\/\/www.mojabochnia.pl\/?p=168400","title":{"rendered":"Zaprojektowali zamek dla kr\u00f3la Kazimierza Wielkiego"},"content":{"rendered":"<p>Na konkurs wp\u0142yn\u0119\u0142y 252 prace, jednak 54 nie spe\u0142nia\u0142y warunk\u00f3w regulaminu.<\/p>\n<p>Komisja konkursowa w sk\u0142adzie: Miros\u0142awa \u015awi\u0119tek (Powiatowa i Miejska Biblioteka Publiczna), Jan Flasza (Muzeum) i Przemys\u0142aw Konieczny (Miejski Dom Kultury) przyzna\u0142a nast\u0119puj\u0105ce nagrody i wyr\u00f3\u017cnienia:<\/p>\n<p>KATEGORIA klasy I-III<br \/>\nI Antonina Ga\u0142czy\u0144ska, kl. II a, Szko\u0142a Podstawowa Nr 4<br \/>\nII Szymon Norek, kl. I a, Szko\u0142a Podstawowa Nr 5<br \/>\nIII Zofia Obuszko, kl. I c, Szko\u0142a Podstawowa Nr 1<\/p>\n<p>Wyr\u00f3\u017cnienia<br \/>\nMicha\u0142 Zag\u00f3rski, kl. II b, Szko\u0142a Podstawowa Nr 7<br \/>\nJulia Mroczek, kl. II a, Szko\u0142a Podstawowa Nr 4<br \/>\nPiotr Mucha, kl. II a, Szko\u0142a Podstawowa Nr 4<br \/>\nMaja Morelewska, kl. II a, Szko\u0142a Podstawowa Nr 4<\/p>\n<p>KATEGORIA klasy IV-VI<br \/>\nI Julia S\u0142oka, kl. IV c, Szko\u0142a Podstawowa Nr 7<br \/>\nII Anna Trojak, kl. VI c, Szko\u0142a Podstawowa Nr 4<br \/>\nIII Wiktoria Czekaj, kl. IV a, Szko\u0142a Podstawowa Nr 4<\/p>\n<p>Wyr\u00f3\u017cnienia<br \/>\nKacper W\u0142odek, kl. IV b, Szko\u0142a Podstawowa Nr 2<br \/>\nKatarzyna Musialska, kl. VI c, Szko\u0142a Podstawowa Nr 4<\/p>\n<p>KATEGORIA  Gimnazjum<br \/>\nI Katarzyna W\u00f3jcik, kl. I b, Gimnazjum nr 1<\/p>\n<p>Wyr\u00f3\u017cnienia<br \/>\nWeronika We\u0142na, kl. III g, Gimnazjum nr 1<\/p>\n<p>Wystaw\u0119 pokonkursow\u0105 mo\u017cna ogl\u0105da\u0107 w Miejskim Domu Kultury do ko\u0144ca marca br.<\/p>\n\t  \r\n\t\r\n\t    <div class=\"mb-gallery\">\r\n\t    <a href=\"https:\/\/www.mojabochnia.pl\/?attachment_id=168401\" class=\"\"><img loading=\"lazy\" decoding=\"async\" width=\"67\" height=\"100\" src=\"https:\/\/www.mojabochnia.pl\/wp-content\/uploads\/2017\/03\/zamek-1-120x180.jpg\" class=\"attachment-100x100 size-100x100\" alt=\"\" srcset=\"https:\/\/www.mojabochnia.pl\/wp-content\/uploads\/2017\/03\/zamek-1-120x180.jpg 120w, https:\/\/www.mojabochnia.pl\/wp-content\/uploads\/2017\/03\/zamek-1-468x701.jpg 468w, https:\/\/www.mojabochnia.pl\/wp-content\/uploads\/2017\/03\/zamek-1-152x228.jpg 152w, https:\/\/www.mojabochnia.pl\/wp-content\/uploads\/2017\/03\/zamek-1.jpg 641w\" sizes=\"auto, (max-width: 67px) 100vw, 67px\" \/><\/a><a href=\"https:\/\/www.mojabochnia.pl\/?attachment_id=168402\" class=\"\"><img loading=\"lazy\" decoding=\"async\" width=\"100\" height=\"67\" src=\"https:\/\/www.mojabochnia.pl\/wp-content\/uploads\/2017\/03\/zamek-2-120x80.jpg\" class=\"attachment-100x100 size-100x100\" alt=\"\" srcset=\"https:\/\/www.mojabochnia.pl\/wp-content\/uploads\/2017\/03\/zamek-2-120x80.jpg 120w, https:\/\/www.mojabochnia.pl\/wp-content\/uploads\/2017\/03\/zamek-2-468x312.jpg 468w, https:\/\/www.mojabochnia.pl\/wp-content\/uploads\/2017\/03\/zamek-2-768x513.jpg 768w, https:\/\/www.mojabochnia.pl\/wp-content\/uploads\/2017\/03\/zamek-2-660x441.jpg 660w, https:\/\/www.mojabochnia.pl\/wp-content\/uploads\/2017\/03\/zamek-2-152x101.jpg 152w, https:\/\/www.mojabochnia.pl\/wp-content\/uploads\/2017\/03\/zamek-2.jpg 960w\" sizes=\"auto, (max-width: 100px) 100vw, 100px\" \/><\/a><a href=\"https:\/\/www.mojabochnia.pl\/?attachment_id=168403\" class=\"\"><img loading=\"lazy\" decoding=\"async\" width=\"100\" height=\"67\" src=\"https:\/\/www.mojabochnia.pl\/wp-content\/uploads\/2017\/03\/zamek-3-120x80.jpg\" class=\"attachment-100x100 size-100x100\" alt=\"\" srcset=\"https:\/\/www.mojabochnia.pl\/wp-content\/uploads\/2017\/03\/zamek-3-120x80.jpg 120w, https:\/\/www.mojabochnia.pl\/wp-content\/uploads\/2017\/03\/zamek-3-468x312.jpg 468w, https:\/\/www.mojabochnia.pl\/wp-content\/uploads\/2017\/03\/zamek-3-768x513.jpg 768w, https:\/\/www.mojabochnia.pl\/wp-content\/uploads\/2017\/03\/zamek-3-660x441.jpg 660w, https:\/\/www.mojabochnia.pl\/wp-content\/uploads\/2017\/03\/zamek-3-152x101.jpg 152w, https:\/\/www.mojabochnia.pl\/wp-content\/uploads\/2017\/03\/zamek-3.jpg 960w\" sizes=\"auto, (max-width: 100px) 100vw, 100px\" \/><\/a><a href=\"https:\/\/www.mojabochnia.pl\/?attachment_id=168404\" class=\"\"><img loading=\"lazy\" decoding=\"async\" width=\"100\" height=\"67\" src=\"https:\/\/www.mojabochnia.pl\/wp-content\/uploads\/2017\/03\/zamek-4-120x80.jpg\" class=\"attachment-100x100 size-100x100\" alt=\"\" srcset=\"https:\/\/www.mojabochnia.pl\/wp-content\/uploads\/2017\/03\/zamek-4-120x80.jpg 120w, https:\/\/www.mojabochnia.pl\/wp-content\/uploads\/2017\/03\/zamek-4-468x312.jpg 468w, https:\/\/www.mojabochnia.pl\/wp-content\/uploads\/2017\/03\/zamek-4-768x513.jpg 768w, https:\/\/www.mojabochnia.pl\/wp-content\/uploads\/2017\/03\/zamek-4-660x441.jpg 660w, https:\/\/www.mojabochnia.pl\/wp-content\/uploads\/2017\/03\/zamek-4-152x101.jpg 152w, https:\/\/www.mojabochnia.pl\/wp-content\/uploads\/2017\/03\/zamek-4.jpg 960w\" sizes=\"auto, (max-width: 100px) 100vw, 100px\" \/><\/a><a href=\"https:\/\/www.mojabochnia.pl\/?attachment_id=168405\" class=\"\"><img loading=\"lazy\" decoding=\"async\" width=\"100\" height=\"67\" src=\"https:\/\/www.mojabochnia.pl\/wp-content\/uploads\/2017\/03\/zamek-5-120x80.jpg\" class=\"attachment-100x100 size-100x100\" alt=\"\" srcset=\"https:\/\/www.mojabochnia.pl\/wp-content\/uploads\/2017\/03\/zamek-5-120x80.jpg 120w, https:\/\/www.mojabochnia.pl\/wp-content\/uploads\/2017\/03\/zamek-5-468x312.jpg 468w, https:\/\/www.mojabochnia.pl\/wp-content\/uploads\/2017\/03\/zamek-5-768x513.jpg 768w, https:\/\/www.mojabochnia.pl\/wp-content\/uploads\/2017\/03\/zamek-5-660x441.jpg 660w, https:\/\/www.mojabochnia.pl\/wp-content\/uploads\/2017\/03\/zamek-5-152x101.jpg 152w, https:\/\/www.mojabochnia.pl\/wp-content\/uploads\/2017\/03\/zamek-5.jpg 960w\" sizes=\"auto, (max-width: 100px) 100vw, 100px\" \/><\/a><a href=\"https:\/\/www.mojabochnia.pl\/?attachment_id=168406\" class=\"\"><img loading=\"lazy\" decoding=\"async\" width=\"100\" height=\"67\" src=\"https:\/\/www.mojabochnia.pl\/wp-content\/uploads\/2017\/03\/zamek-6-120x80.jpg\" class=\"attachment-100x100 size-100x100\" alt=\"\" srcset=\"https:\/\/www.mojabochnia.pl\/wp-content\/uploads\/2017\/03\/zamek-6-120x80.jpg 120w, https:\/\/www.mojabochnia.pl\/wp-content\/uploads\/2017\/03\/zamek-6-468x312.jpg 468w, https:\/\/www.mojabochnia.pl\/wp-content\/uploads\/2017\/03\/zamek-6-768x513.jpg 768w, https:\/\/www.mojabochnia.pl\/wp-content\/uploads\/2017\/03\/zamek-6-660x441.jpg 660w, https:\/\/www.mojabochnia.pl\/wp-content\/uploads\/2017\/03\/zamek-6-152x101.jpg 152w, https:\/\/www.mojabochnia.pl\/wp-content\/uploads\/2017\/03\/zamek-6.jpg 960w\" sizes=\"auto, (max-width: 100px) 100vw, 100px\" \/><\/a><a href=\"https:\/\/www.mojabochnia.pl\/?attachment_id=168407\" class=\"\"><img loading=\"lazy\" decoding=\"async\" width=\"67\" height=\"100\" src=\"https:\/\/www.mojabochnia.pl\/wp-content\/uploads\/2017\/03\/zamek-7-120x180.jpg\" class=\"attachment-100x100 size-100x100\" alt=\"\" srcset=\"https:\/\/www.mojabochnia.pl\/wp-content\/uploads\/2017\/03\/zamek-7-120x180.jpg 120w, https:\/\/www.mojabochnia.pl\/wp-content\/uploads\/2017\/03\/zamek-7-468x701.jpg 468w, https:\/\/www.mojabochnia.pl\/wp-content\/uploads\/2017\/03\/zamek-7-152x228.jpg 152w, https:\/\/www.mojabochnia.pl\/wp-content\/uploads\/2017\/03\/zamek-7.jpg 641w\" sizes=\"auto, (max-width: 67px) 100vw, 67px\" \/><\/a>\t    <\/div>\r\n\t    ","protected":false},"excerpt":{"rendered":"<p>Z okazji Boche\u0144skiego Dnia Kr\u00f3la Kazimierza Wielkiego Burmistrz Bochni i Miejski Dom Kultury og\u0142osili konkurs plastyczny \u201eZaprojektuj zamek dla kr\u00f3la\u201d. Rozstrzygni\u0119cie konkursu i wr\u0119czenie nagr\u00f3d odby\u0142o si\u0119 u st\u00f3p pomnika kr\u00f3la Kazimierza na boche\u0144skim Rynku w pi\u0105tek 3 marca 2017 r. w samo po\u0142udnie.<\/p>\n","protected":false},"author":13,"featured_media":168406,"comment_status":"open","ping_status":"closed","sticky":false,"template":"","format":"standard","meta":{"_acf_changed":false,"footnotes":""},"categories":[5,6247,92,6246,6250],"tags":[16579,17309,17431],"class_list":["post-168400","post","type-post","status-publish","format-standard","has-post-thumbnail","hentry","category-biezace-wydarzenia","category-fotogaleria","category-kultura","category-medium","category-tematyka","tag-bochenski-dzien-krola-kazimierza","tag-kazimierz-wielki","tag-zamek-zupny","main_tag-kazimierz-wielki"],"acf":[],"yoast_head":"<!-- This site is optimized with the Yoast SEO plugin v26.9 - https:\/\/yoast.com\/product\/yoast-seo-wordpress\/ -->\n<title>Zaprojektowali zamek dla kr\u00f3la Kazimierza Wielkiego - mojabochnia.pl - portal informacyjny<\/title>\n<meta name=\"robots\" content=\"index, follow, max-snippet:-1, max-image-preview:large, max-video-preview:-1\" \/>\n<link rel=\"canonical\" href=\"https:\/\/www.mojabochnia.pl\/?p=168400\" \/>\n<meta property=\"og:locale\" content=\"pl_PL\" \/>\n<meta property=\"og:type\" content=\"article\" \/>\n<meta property=\"og:title\" content=\"Zaprojektowali zamek dla kr\u00f3la Kazimierza Wielkiego - mojabochnia.pl - portal informacyjny\" \/>\n<meta property=\"og:description\" content=\"Z okazji Boche\u0144skiego Dnia Kr\u00f3la Kazimierza Wielkiego Burmistrz Bochni i Miejski Dom Kultury og\u0142osili konkurs plastyczny \u201eZaprojektuj zamek dla kr\u00f3la\u201d. Rozstrzygni\u0119cie konkursu i wr\u0119czenie nagr\u00f3d odby\u0142o si\u0119 u st\u00f3p pomnika kr\u00f3la Kazimierza na boche\u0144skim Rynku w pi\u0105tek 3 marca 2017 r. w samo po\u0142udnie.\" \/>\n<meta property=\"og:url\" content=\"https:\/\/www.mojabochnia.pl\/?p=168400\" \/>\n<meta property=\"og:site_name\" content=\"mojabochnia.pl - portal informacyjny\" \/>\n<meta property=\"article:publisher\" content=\"https:\/\/www.facebook.com\/mojabochnia\" \/>\n<meta property=\"article:published_time\" content=\"2017-03-03T12:48:55+00:00\" \/>\n<meta property=\"article:modified_time\" content=\"2017-03-03T12:50:35+00:00\" \/>\n<meta property=\"og:image\" content=\"https:\/\/www.mojabochnia.pl\/wp-content\/uploads\/2017\/03\/zamek-6.jpg\" \/>\n\t<meta property=\"og:image:width\" content=\"960\" \/>\n\t<meta property=\"og:image:height\" content=\"641\" \/>\n\t<meta property=\"og:image:type\" content=\"image\/jpeg\" \/>\n<meta name=\"author\" content=\"redakcja\" \/>\n<meta name=\"twitter:card\" content=\"summary_large_image\" \/>\n<meta name=\"twitter:label1\" content=\"Written by\" \/>\n\t<meta name=\"twitter:data1\" content=\"redakcja\" \/>\n\t<meta name=\"twitter:label2\" content=\"Est. reading time\" \/>\n\t<meta name=\"twitter:data2\" content=\"1 minuta\" \/>\n<script type=\"application\/ld+json\" class=\"yoast-schema-graph\">{\"@context\":\"https:\/\/schema.org\",\"@graph\":[{\"@type\":\"Article\",\"@id\":\"https:\/\/www.mojabochnia.pl\/?p=168400#article\",\"isPartOf\":{\"@id\":\"https:\/\/www.mojabochnia.pl\/?p=168400\"},\"author\":{\"name\":\"redakcja\",\"@id\":\"https:\/\/www.mojabochnia.pl\/#\/schema\/person\/7e2f20ead9902216a3384f13606c0ab7\"},\"headline\":\"Zaprojektowali zamek dla kr\u00f3la Kazimierza Wielkiego\",\"datePublished\":\"2017-03-03T12:48:55+00:00\",\"dateModified\":\"2017-03-03T12:50:35+00:00\",\"mainEntityOfPage\":{\"@id\":\"https:\/\/www.mojabochnia.pl\/?p=168400\"},\"wordCount\":219,\"commentCount\":0,\"publisher\":{\"@id\":\"https:\/\/www.mojabochnia.pl\/#organization\"},\"image\":{\"@id\":\"https:\/\/www.mojabochnia.pl\/?p=168400#primaryimage\"},\"thumbnailUrl\":\"https:\/\/www.mojabochnia.pl\/wp-content\/uploads\/2017\/03\/zamek-6.jpg\",\"keywords\":[\"boche\u0144ski dzie\u0144 kr\u00f3la kazimierza\",\"kazimierz wielki\",\"zamek \u017cupny\"],\"articleSection\":[\"2_ostatnie\",\"fotogaleria\",\"kultura\",\"Medium\",\"tematyka\"],\"inLanguage\":\"pl-PL\",\"potentialAction\":[{\"@type\":\"CommentAction\",\"name\":\"Comment\",\"target\":[\"https:\/\/www.mojabochnia.pl\/?p=168400#respond\"]}]},{\"@type\":\"WebPage\",\"@id\":\"https:\/\/www.mojabochnia.pl\/?p=168400\",\"url\":\"https:\/\/www.mojabochnia.pl\/?p=168400\",\"name\":\"Zaprojektowali zamek dla kr\u00f3la Kazimierza Wielkiego - mojabochnia.pl - portal informacyjny\",\"isPartOf\":{\"@id\":\"https:\/\/www.mojabochnia.pl\/#website\"},\"primaryImageOfPage\":{\"@id\":\"https:\/\/www.mojabochnia.pl\/?p=168400#primaryimage\"},\"image\":{\"@id\":\"https:\/\/www.mojabochnia.pl\/?p=168400#primaryimage\"},\"thumbnailUrl\":\"https:\/\/www.mojabochnia.pl\/wp-content\/uploads\/2017\/03\/zamek-6.jpg\",\"datePublished\":\"2017-03-03T12:48:55+00:00\",\"dateModified\":\"2017-03-03T12:50:35+00:00\",\"breadcrumb\":{\"@id\":\"https:\/\/www.mojabochnia.pl\/?p=168400#breadcrumb\"},\"inLanguage\":\"pl-PL\",\"potentialAction\":[{\"@type\":\"ReadAction\",\"target\":[\"https:\/\/www.mojabochnia.pl\/?p=168400\"]}]},{\"@type\":\"ImageObject\",\"inLanguage\":\"pl-PL\",\"@id\":\"https:\/\/www.mojabochnia.pl\/?p=168400#primaryimage\",\"url\":\"https:\/\/www.mojabochnia.pl\/wp-content\/uploads\/2017\/03\/zamek-6.jpg\",\"contentUrl\":\"https:\/\/www.mojabochnia.pl\/wp-content\/uploads\/2017\/03\/zamek-6.jpg\",\"width\":960,\"height\":641,\"caption\":\"Maciej Pi\u0105tek \/ UM Bochnia\"},{\"@type\":\"BreadcrumbList\",\"@id\":\"https:\/\/www.mojabochnia.pl\/?p=168400#breadcrumb\",\"itemListElement\":[{\"@type\":\"ListItem\",\"position\":1,\"name\":\"Home\",\"item\":\"https:\/\/www.mojabochnia.pl\/\"},{\"@type\":\"ListItem\",\"position\":2,\"name\":\"Zaprojektowali zamek dla kr\u00f3la Kazimierza Wielkiego\"}]},{\"@type\":\"WebSite\",\"@id\":\"https:\/\/www.mojabochnia.pl\/#website\",\"url\":\"https:\/\/www.mojabochnia.pl\/\",\"name\":\"mojabochnia.pl - portal informacyjny\",\"description\":\"mojaBochnia to portal informacyjny o Bochni. Codziennie o Bochni piszemy i pokazujemy najwa\u017cniejsze wydarzenia\",\"publisher\":{\"@id\":\"https:\/\/www.mojabochnia.pl\/#organization\"},\"potentialAction\":[{\"@type\":\"SearchAction\",\"target\":{\"@type\":\"EntryPoint\",\"urlTemplate\":\"https:\/\/www.mojabochnia.pl\/?s={search_term_string}\"},\"query-input\":{\"@type\":\"PropertyValueSpecification\",\"valueRequired\":true,\"valueName\":\"search_term_string\"}}],\"inLanguage\":\"pl-PL\"},{\"@type\":\"Organization\",\"@id\":\"https:\/\/www.mojabochnia.pl\/#organization\",\"name\":\"mojabochnia.pl - portal informacyjny\",\"url\":\"https:\/\/www.mojabochnia.pl\/\",\"logo\":{\"@type\":\"ImageObject\",\"inLanguage\":\"pl-PL\",\"@id\":\"https:\/\/www.mojabochnia.pl\/#\/schema\/logo\/image\/\",\"url\":\"https:\/\/www.mojabochnia.pl\/wp-content\/uploads\/2017\/08\/logo-mb-opt.png\",\"contentUrl\":\"https:\/\/www.mojabochnia.pl\/wp-content\/uploads\/2017\/08\/logo-mb-opt.png\",\"width\":250,\"height\":48,\"caption\":\"mojabochnia.pl - portal informacyjny\"},\"image\":{\"@id\":\"https:\/\/www.mojabochnia.pl\/#\/schema\/logo\/image\/\"},\"sameAs\":[\"https:\/\/www.facebook.com\/mojabochnia\"]},{\"@type\":\"Person\",\"@id\":\"https:\/\/www.mojabochnia.pl\/#\/schema\/person\/7e2f20ead9902216a3384f13606c0ab7\",\"name\":\"redakcja\",\"sameAs\":[\"http:\/\/\"],\"url\":\"https:\/\/www.mojabochnia.pl\/?author=13\"}]}<\/script>\n<!-- \/ Yoast SEO plugin. -->","yoast_head_json":{"title":"Zaprojektowali zamek dla kr\u00f3la Kazimierza Wielkiego - mojabochnia.pl - portal informacyjny","robots":{"index":"index","follow":"follow","max-snippet":"max-snippet:-1","max-image-preview":"max-image-preview:large","max-video-preview":"max-video-preview:-1"},"canonical":"https:\/\/www.mojabochnia.pl\/?p=168400","og_locale":"pl_PL","og_type":"article","og_title":"Zaprojektowali zamek dla kr\u00f3la Kazimierza Wielkiego - mojabochnia.pl - portal informacyjny","og_description":"Z okazji Boche\u0144skiego Dnia Kr\u00f3la Kazimierza Wielkiego Burmistrz Bochni i Miejski Dom Kultury og\u0142osili konkurs plastyczny \u201eZaprojektuj zamek dla kr\u00f3la\u201d. Rozstrzygni\u0119cie konkursu i wr\u0119czenie nagr\u00f3d odby\u0142o si\u0119 u st\u00f3p pomnika kr\u00f3la Kazimierza na boche\u0144skim Rynku w pi\u0105tek 3 marca 2017 r. w samo po\u0142udnie.","og_url":"https:\/\/www.mojabochnia.pl\/?p=168400","og_site_name":"mojabochnia.pl - portal informacyjny","article_publisher":"https:\/\/www.facebook.com\/mojabochnia","article_published_time":"2017-03-03T12:48:55+00:00","article_modified_time":"2017-03-03T12:50:35+00:00","og_image":[{"width":960,"height":641,"url":"https:\/\/www.mojabochnia.pl\/wp-content\/uploads\/2017\/03\/zamek-6.jpg","type":"image\/jpeg"}],"author":"redakcja","twitter_card":"summary_large_image","twitter_misc":{"Written by":"redakcja","Est. reading time":"1 minuta"},"schema":{"@context":"https:\/\/schema.org","@graph":[{"@type":"Article","@id":"https:\/\/www.mojabochnia.pl\/?p=168400#article","isPartOf":{"@id":"https:\/\/www.mojabochnia.pl\/?p=168400"},"author":{"name":"redakcja","@id":"https:\/\/www.mojabochnia.pl\/#\/schema\/person\/7e2f20ead9902216a3384f13606c0ab7"},"headline":"Zaprojektowali zamek dla kr\u00f3la Kazimierza Wielkiego","datePublished":"2017-03-03T12:48:55+00:00","dateModified":"2017-03-03T12:50:35+00:00","mainEntityOfPage":{"@id":"https:\/\/www.mojabochnia.pl\/?p=168400"},"wordCount":219,"commentCount":0,"publisher":{"@id":"https:\/\/www.mojabochnia.pl\/#organization"},"image":{"@id":"https:\/\/www.mojabochnia.pl\/?p=168400#primaryimage"},"thumbnailUrl":"https:\/\/www.mojabochnia.pl\/wp-content\/uploads\/2017\/03\/zamek-6.jpg","keywords":["boche\u0144ski dzie\u0144 kr\u00f3la kazimierza","kazimierz wielki","zamek \u017cupny"],"articleSection":["2_ostatnie","fotogaleria","kultura","Medium","tematyka"],"inLanguage":"pl-PL","potentialAction":[{"@type":"CommentAction","name":"Comment","target":["https:\/\/www.mojabochnia.pl\/?p=168400#respond"]}]},{"@type":"WebPage","@id":"https:\/\/www.mojabochnia.pl\/?p=168400","url":"https:\/\/www.mojabochnia.pl\/?p=168400","name":"Zaprojektowali zamek dla kr\u00f3la Kazimierza Wielkiego - mojabochnia.pl - portal informacyjny","isPartOf":{"@id":"https:\/\/www.mojabochnia.pl\/#website"},"primaryImageOfPage":{"@id":"https:\/\/www.mojabochnia.pl\/?p=168400#primaryimage"},"image":{"@id":"https:\/\/www.mojabochnia.pl\/?p=168400#primaryimage"},"thumbnailUrl":"https:\/\/www.mojabochnia.pl\/wp-content\/uploads\/2017\/03\/zamek-6.jpg","datePublished":"2017-03-03T12:48:55+00:00","dateModified":"2017-03-03T12:50:35+00:00","breadcrumb":{"@id":"https:\/\/www.mojabochnia.pl\/?p=168400#breadcrumb"},"inLanguage":"pl-PL","potentialAction":[{"@type":"ReadAction","target":["https:\/\/www.mojabochnia.pl\/?p=168400"]}]},{"@type":"ImageObject","inLanguage":"pl-PL","@id":"https:\/\/www.mojabochnia.pl\/?p=168400#primaryimage","url":"https:\/\/www.mojabochnia.pl\/wp-content\/uploads\/2017\/03\/zamek-6.jpg","contentUrl":"https:\/\/www.mojabochnia.pl\/wp-content\/uploads\/2017\/03\/zamek-6.jpg","width":960,"height":641,"caption":"Maciej Pi\u0105tek \/ UM Bochnia"},{"@type":"BreadcrumbList","@id":"https:\/\/www.mojabochnia.pl\/?p=168400#breadcrumb","itemListElement":[{"@type":"ListItem","position":1,"name":"Home","item":"https:\/\/www.mojabochnia.pl\/"},{"@type":"ListItem","position":2,"name":"Zaprojektowali zamek dla kr\u00f3la Kazimierza Wielkiego"}]},{"@type":"WebSite","@id":"https:\/\/www.mojabochnia.pl\/#website","url":"https:\/\/www.mojabochnia.pl\/","name":"mojabochnia.pl - portal informacyjny","description":"mojaBochnia to portal informacyjny o Bochni. Codziennie o Bochni piszemy i pokazujemy najwa\u017cniejsze wydarzenia","publisher":{"@id":"https:\/\/www.mojabochnia.pl\/#organization"},"potentialAction":[{"@type":"SearchAction","target":{"@type":"EntryPoint","urlTemplate":"https:\/\/www.mojabochnia.pl\/?s={search_term_string}"},"query-input":{"@type":"PropertyValueSpecification","valueRequired":true,"valueName":"search_term_string"}}],"inLanguage":"pl-PL"},{"@type":"Organization","@id":"https:\/\/www.mojabochnia.pl\/#organization","name":"mojabochnia.pl - portal informacyjny","url":"https:\/\/www.mojabochnia.pl\/","logo":{"@type":"ImageObject","inLanguage":"pl-PL","@id":"https:\/\/www.mojabochnia.pl\/#\/schema\/logo\/image\/","url":"https:\/\/www.mojabochnia.pl\/wp-content\/uploads\/2017\/08\/logo-mb-opt.png","contentUrl":"https:\/\/www.mojabochnia.pl\/wp-content\/uploads\/2017\/08\/logo-mb-opt.png","width":250,"height":48,"caption":"mojabochnia.pl - portal informacyjny"},"image":{"@id":"https:\/\/www.mojabochnia.pl\/#\/schema\/logo\/image\/"},"sameAs":["https:\/\/www.facebook.com\/mojabochnia"]},{"@type":"Person","@id":"https:\/\/www.mojabochnia.pl\/#\/schema\/person\/7e2f20ead9902216a3384f13606c0ab7","name":"redakcja","sameAs":["http:\/\/"],"url":"https:\/\/www.mojabochnia.pl\/?author=13"}]}},"_links":{"self":[{"href":"https:\/\/www.mojabochnia.pl\/index.php?rest_route=\/wp\/v2\/posts\/168400","targetHints":{"allow":["GET"]}}],"collection":[{"href":"https:\/\/www.mojabochnia.pl\/index.php?rest_route=\/wp\/v2\/posts"}],"about":[{"href":"https:\/\/www.mojabochnia.pl\/index.php?rest_route=\/wp\/v2\/types\/post"}],"author":[{"embeddable":true,"href":"https:\/\/www.mojabochnia.pl\/index.php?rest_route=\/wp\/v2\/users\/13"}],"replies":[{"embeddable":true,"href":"https:\/\/www.mojabochnia.pl\/index.php?rest_route=%2Fwp%2Fv2%2Fcomments&post=168400"}],"version-history":[{"count":3,"href":"https:\/\/www.mojabochnia.pl\/index.php?rest_route=\/wp\/v2\/posts\/168400\/revisions"}],"predecessor-version":[{"id":168410,"href":"https:\/\/www.mojabochnia.pl\/index.php?rest_route=\/wp\/v2\/posts\/168400\/revisions\/168410"}],"wp:featuredmedia":[{"embeddable":true,"href":"https:\/\/www.mojabochnia.pl\/index.php?rest_route=\/wp\/v2\/media\/168406"}],"wp:attachment":[{"href":"https:\/\/www.mojabochnia.pl\/index.php?rest_route=%2Fwp%2Fv2%2Fmedia&parent=168400"}],"wp:term":[{"taxonomy":"category","embeddable":true,"href":"https:\/\/www.mojabochnia.pl\/index.php?rest_route=%2Fwp%2Fv2%2Fcategories&post=168400"},{"taxonomy":"post_tag","embeddable":true,"href":"https:\/\/www.mojabochnia.pl\/index.php?rest_route=%2Fwp%2Fv2%2Ftags&post=168400"}],"curies":[{"name":"wp","href":"https:\/\/api.w.org\/{rel}","templated":true}]}}