{"id":166146,"date":"2017-01-26T09:44:11","date_gmt":"2017-01-26T08:44:11","guid":{"rendered":"http:\/\/www.mojabochnia.pl\/?p=166146"},"modified":"2017-01-26T09:44:11","modified_gmt":"2017-01-26T08:44:11","slug":"nowoczesna-karetka-dla-szpitala","status":"publish","type":"post","link":"https:\/\/www.mojabochnia.pl\/?p=166146","title":{"rendered":"Nowoczesna karetka dla Szpitala"},"content":{"rendered":"<p><em>Oddajemy t\u0105 karetk\u0119 spo\u0142ecze\u0144stwu powiatu boche\u0144skiego<\/em> \u2013 m\u00f3wi\u0142 podczas uroczysto\u015bci 25 stycznia starosta boche\u0144ski Ludwik W\u0119grzyn.<\/p>\n<p>Nowa karetka to mercedes sprinter 319 z silnikiem Diesla 3.0 oraz automatyczn\u0105 skrzyni\u0105 bieg\u00f3w. Ambulans posiada nowoczesne  wyposa\u017cenie, w tym w defibrylator LIFEPACK 15  z modu\u0142em teletransmisji EKG do pracowni Hemodynamiki w przypadku podejrzenia zawa\u0142u serca i innych ostrych stan\u00f3w kardiologicznych, a tak\u017ce z urz\u0105dzenie do uciskania klatki piersiowej LUCAS, kt\u00f3re automatycznie wykonuje masa\u017c serca, w przypadku zatrzymania jego pracy.<br \/>\n<em><br \/>\nDzi\u0119kuj\u0119 szczeg\u00f3lne Wojewodzie Ma\u0142opolskiemu J\u00f3zefowi Pilchowi, a tak\u017ce Wicewojewodzie J\u00f3zefowi Gawronowi, kt\u00f3rzy pochodz\u0105c z naszego terenu doskonale rozumie potrzeby systemu ratownictwa medycznego i zdecydowali o przekazaniu Szpitalowi tego ambulansu. Zakup tak nowoczesnego ambulansu, w tym zw\u0142aszcza wyposa\u017cenia by\u0142 r\u00f3wnie\u017c mo\u017cliwy dzi\u0119ki wsparciu Starosty Boche\u0144skiego Ludwika W\u0119grzyna i dofinansowaniu z bud\u017cetu powiatu<\/em> &#8211; m\u00f3wi dyrektor Szpitala Powiatowego w Bochni Jaros\u0142aw Kycia.<\/p>\n<p>Rocznie zespo\u0142y ratownictwa medycznego w powiecie boche\u0144skim przeprowadzaj\u0105 ponad 7 tys. interwencji. Do wi\u0119kszo\u015bci sytuacji zagro\u017cenia \u017cycia i zdrowia dochodzi w domach pacjent\u00f3w. Ratownicy medyczni pomagaj\u0105 ofiarom ok. 400 wypadk\u00f3w drogowych.<\/p>\n\t  \r\n\t\r\n\t    <div class=\"mb-gallery\">\r\n\t    <a href=\"https:\/\/www.mojabochnia.pl\/?attachment_id=166148\" class=\"\"><img loading=\"lazy\" decoding=\"async\" width=\"100\" height=\"67\" src=\"https:\/\/www.mojabochnia.pl\/wp-content\/uploads\/2017\/01\/DSC_8714-120x80.jpg\" class=\"attachment-100x100 size-100x100\" alt=\"\" srcset=\"https:\/\/www.mojabochnia.pl\/wp-content\/uploads\/2017\/01\/DSC_8714-120x80.jpg 120w, https:\/\/www.mojabochnia.pl\/wp-content\/uploads\/2017\/01\/DSC_8714-468x310.jpg 468w, https:\/\/www.mojabochnia.pl\/wp-content\/uploads\/2017\/01\/DSC_8714-768x509.jpg 768w, https:\/\/www.mojabochnia.pl\/wp-content\/uploads\/2017\/01\/DSC_8714-660x437.jpg 660w, https:\/\/www.mojabochnia.pl\/wp-content\/uploads\/2017\/01\/DSC_8714-152x101.jpg 152w, https:\/\/www.mojabochnia.pl\/wp-content\/uploads\/2017\/01\/DSC_8714.jpg 800w\" sizes=\"auto, (max-width: 100px) 100vw, 100px\" \/><\/a><a href=\"https:\/\/www.mojabochnia.pl\/?attachment_id=166149\" class=\"\"><img loading=\"lazy\" decoding=\"async\" width=\"100\" height=\"67\" src=\"https:\/\/www.mojabochnia.pl\/wp-content\/uploads\/2017\/01\/DSC_8717-120x80.jpg\" class=\"attachment-100x100 size-100x100\" alt=\"\" srcset=\"https:\/\/www.mojabochnia.pl\/wp-content\/uploads\/2017\/01\/DSC_8717-120x80.jpg 120w, https:\/\/www.mojabochnia.pl\/wp-content\/uploads\/2017\/01\/DSC_8717-468x310.jpg 468w, https:\/\/www.mojabochnia.pl\/wp-content\/uploads\/2017\/01\/DSC_8717-768x509.jpg 768w, https:\/\/www.mojabochnia.pl\/wp-content\/uploads\/2017\/01\/DSC_8717-660x437.jpg 660w, https:\/\/www.mojabochnia.pl\/wp-content\/uploads\/2017\/01\/DSC_8717-152x101.jpg 152w, https:\/\/www.mojabochnia.pl\/wp-content\/uploads\/2017\/01\/DSC_8717.jpg 800w\" sizes=\"auto, (max-width: 100px) 100vw, 100px\" \/><\/a><a href=\"https:\/\/www.mojabochnia.pl\/?attachment_id=166150\" class=\"\"><img loading=\"lazy\" decoding=\"async\" width=\"100\" height=\"67\" src=\"https:\/\/www.mojabochnia.pl\/wp-content\/uploads\/2017\/01\/DSC_8719-120x80.jpg\" class=\"attachment-100x100 size-100x100\" alt=\"\" srcset=\"https:\/\/www.mojabochnia.pl\/wp-content\/uploads\/2017\/01\/DSC_8719-120x80.jpg 120w, https:\/\/www.mojabochnia.pl\/wp-content\/uploads\/2017\/01\/DSC_8719-468x310.jpg 468w, https:\/\/www.mojabochnia.pl\/wp-content\/uploads\/2017\/01\/DSC_8719-768x509.jpg 768w, https:\/\/www.mojabochnia.pl\/wp-content\/uploads\/2017\/01\/DSC_8719-660x437.jpg 660w, https:\/\/www.mojabochnia.pl\/wp-content\/uploads\/2017\/01\/DSC_8719-152x101.jpg 152w, https:\/\/www.mojabochnia.pl\/wp-content\/uploads\/2017\/01\/DSC_8719.jpg 800w\" sizes=\"auto, (max-width: 100px) 100vw, 100px\" \/><\/a><a href=\"https:\/\/www.mojabochnia.pl\/?attachment_id=166151\" class=\"\"><img loading=\"lazy\" decoding=\"async\" width=\"100\" height=\"67\" src=\"https:\/\/www.mojabochnia.pl\/wp-content\/uploads\/2017\/01\/DSC_8720-120x80.jpg\" class=\"attachment-100x100 size-100x100\" alt=\"\" srcset=\"https:\/\/www.mojabochnia.pl\/wp-content\/uploads\/2017\/01\/DSC_8720-120x80.jpg 120w, https:\/\/www.mojabochnia.pl\/wp-content\/uploads\/2017\/01\/DSC_8720-468x310.jpg 468w, https:\/\/www.mojabochnia.pl\/wp-content\/uploads\/2017\/01\/DSC_8720-768x509.jpg 768w, https:\/\/www.mojabochnia.pl\/wp-content\/uploads\/2017\/01\/DSC_8720-660x437.jpg 660w, https:\/\/www.mojabochnia.pl\/wp-content\/uploads\/2017\/01\/DSC_8720-152x101.jpg 152w, https:\/\/www.mojabochnia.pl\/wp-content\/uploads\/2017\/01\/DSC_8720.jpg 800w\" sizes=\"auto, (max-width: 100px) 100vw, 100px\" \/><\/a><a href=\"https:\/\/www.mojabochnia.pl\/?attachment_id=166152\" class=\"\"><img loading=\"lazy\" decoding=\"async\" width=\"100\" height=\"67\" src=\"https:\/\/www.mojabochnia.pl\/wp-content\/uploads\/2017\/01\/DSC_8722-120x80.jpg\" class=\"attachment-100x100 size-100x100\" alt=\"\" srcset=\"https:\/\/www.mojabochnia.pl\/wp-content\/uploads\/2017\/01\/DSC_8722-120x80.jpg 120w, https:\/\/www.mojabochnia.pl\/wp-content\/uploads\/2017\/01\/DSC_8722-468x310.jpg 468w, https:\/\/www.mojabochnia.pl\/wp-content\/uploads\/2017\/01\/DSC_8722-768x509.jpg 768w, https:\/\/www.mojabochnia.pl\/wp-content\/uploads\/2017\/01\/DSC_8722-660x437.jpg 660w, https:\/\/www.mojabochnia.pl\/wp-content\/uploads\/2017\/01\/DSC_8722-152x101.jpg 152w, https:\/\/www.mojabochnia.pl\/wp-content\/uploads\/2017\/01\/DSC_8722.jpg 800w\" sizes=\"auto, (max-width: 100px) 100vw, 100px\" \/><\/a><a href=\"https:\/\/www.mojabochnia.pl\/?attachment_id=166153\" class=\"\"><img loading=\"lazy\" decoding=\"async\" width=\"66\" height=\"100\" src=\"https:\/\/www.mojabochnia.pl\/wp-content\/uploads\/2017\/01\/DSC_8725-120x181.jpg\" class=\"attachment-100x100 size-100x100\" alt=\"\" srcset=\"https:\/\/www.mojabochnia.pl\/wp-content\/uploads\/2017\/01\/DSC_8725-120x181.jpg 120w, https:\/\/www.mojabochnia.pl\/wp-content\/uploads\/2017\/01\/DSC_8725-468x706.jpg 468w, https:\/\/www.mojabochnia.pl\/wp-content\/uploads\/2017\/01\/DSC_8725-152x229.jpg 152w, https:\/\/www.mojabochnia.pl\/wp-content\/uploads\/2017\/01\/DSC_8725.jpg 530w\" sizes=\"auto, (max-width: 66px) 100vw, 66px\" \/><\/a><a href=\"https:\/\/www.mojabochnia.pl\/?attachment_id=166154\" class=\"\"><img loading=\"lazy\" decoding=\"async\" width=\"66\" height=\"100\" src=\"https:\/\/www.mojabochnia.pl\/wp-content\/uploads\/2017\/01\/DSC_8726-120x181.jpg\" class=\"attachment-100x100 size-100x100\" alt=\"\" srcset=\"https:\/\/www.mojabochnia.pl\/wp-content\/uploads\/2017\/01\/DSC_8726-120x181.jpg 120w, https:\/\/www.mojabochnia.pl\/wp-content\/uploads\/2017\/01\/DSC_8726-468x706.jpg 468w, https:\/\/www.mojabochnia.pl\/wp-content\/uploads\/2017\/01\/DSC_8726-152x229.jpg 152w, https:\/\/www.mojabochnia.pl\/wp-content\/uploads\/2017\/01\/DSC_8726.jpg 530w\" sizes=\"auto, (max-width: 66px) 100vw, 66px\" \/><\/a><a href=\"https:\/\/www.mojabochnia.pl\/?attachment_id=166155\" class=\"\"><img loading=\"lazy\" decoding=\"async\" width=\"100\" height=\"67\" src=\"https:\/\/www.mojabochnia.pl\/wp-content\/uploads\/2017\/01\/DSC_8733-120x80.jpg\" class=\"attachment-100x100 size-100x100\" alt=\"\" srcset=\"https:\/\/www.mojabochnia.pl\/wp-content\/uploads\/2017\/01\/DSC_8733-120x80.jpg 120w, https:\/\/www.mojabochnia.pl\/wp-content\/uploads\/2017\/01\/DSC_8733-468x310.jpg 468w, https:\/\/www.mojabochnia.pl\/wp-content\/uploads\/2017\/01\/DSC_8733-768x509.jpg 768w, https:\/\/www.mojabochnia.pl\/wp-content\/uploads\/2017\/01\/DSC_8733-660x437.jpg 660w, https:\/\/www.mojabochnia.pl\/wp-content\/uploads\/2017\/01\/DSC_8733-152x101.jpg 152w, https:\/\/www.mojabochnia.pl\/wp-content\/uploads\/2017\/01\/DSC_8733.jpg 800w\" sizes=\"auto, (max-width: 100px) 100vw, 100px\" \/><\/a><a href=\"https:\/\/www.mojabochnia.pl\/?attachment_id=166156\" class=\"\"><img loading=\"lazy\" decoding=\"async\" width=\"100\" height=\"67\" src=\"https:\/\/www.mojabochnia.pl\/wp-content\/uploads\/2017\/01\/DSC_8739-120x80.jpg\" class=\"attachment-100x100 size-100x100\" alt=\"\" srcset=\"https:\/\/www.mojabochnia.pl\/wp-content\/uploads\/2017\/01\/DSC_8739-120x80.jpg 120w, https:\/\/www.mojabochnia.pl\/wp-content\/uploads\/2017\/01\/DSC_8739-468x310.jpg 468w, https:\/\/www.mojabochnia.pl\/wp-content\/uploads\/2017\/01\/DSC_8739-768x509.jpg 768w, https:\/\/www.mojabochnia.pl\/wp-content\/uploads\/2017\/01\/DSC_8739-660x437.jpg 660w, https:\/\/www.mojabochnia.pl\/wp-content\/uploads\/2017\/01\/DSC_8739-152x101.jpg 152w, https:\/\/www.mojabochnia.pl\/wp-content\/uploads\/2017\/01\/DSC_8739.jpg 800w\" sizes=\"auto, (max-width: 100px) 100vw, 100px\" \/><\/a><a href=\"https:\/\/www.mojabochnia.pl\/?attachment_id=166157\" class=\"\"><img loading=\"lazy\" decoding=\"async\" width=\"100\" height=\"67\" src=\"https:\/\/www.mojabochnia.pl\/wp-content\/uploads\/2017\/01\/DSC_8741-120x80.jpg\" class=\"attachment-100x100 size-100x100\" alt=\"\" srcset=\"https:\/\/www.mojabochnia.pl\/wp-content\/uploads\/2017\/01\/DSC_8741-120x80.jpg 120w, https:\/\/www.mojabochnia.pl\/wp-content\/uploads\/2017\/01\/DSC_8741-468x310.jpg 468w, https:\/\/www.mojabochnia.pl\/wp-content\/uploads\/2017\/01\/DSC_8741-768x509.jpg 768w, https:\/\/www.mojabochnia.pl\/wp-content\/uploads\/2017\/01\/DSC_8741-660x437.jpg 660w, https:\/\/www.mojabochnia.pl\/wp-content\/uploads\/2017\/01\/DSC_8741-152x101.jpg 152w, https:\/\/www.mojabochnia.pl\/wp-content\/uploads\/2017\/01\/DSC_8741.jpg 800w\" sizes=\"auto, (max-width: 100px) 100vw, 100px\" \/><\/a><a href=\"https:\/\/www.mojabochnia.pl\/?attachment_id=166158\" class=\"\"><img loading=\"lazy\" decoding=\"async\" width=\"100\" height=\"67\" src=\"https:\/\/www.mojabochnia.pl\/wp-content\/uploads\/2017\/01\/DSC_8745-120x80.jpg\" class=\"attachment-100x100 size-100x100\" alt=\"\" srcset=\"https:\/\/www.mojabochnia.pl\/wp-content\/uploads\/2017\/01\/DSC_8745-120x80.jpg 120w, https:\/\/www.mojabochnia.pl\/wp-content\/uploads\/2017\/01\/DSC_8745-468x310.jpg 468w, https:\/\/www.mojabochnia.pl\/wp-content\/uploads\/2017\/01\/DSC_8745-768x509.jpg 768w, https:\/\/www.mojabochnia.pl\/wp-content\/uploads\/2017\/01\/DSC_8745-660x437.jpg 660w, https:\/\/www.mojabochnia.pl\/wp-content\/uploads\/2017\/01\/DSC_8745-152x101.jpg 152w, https:\/\/www.mojabochnia.pl\/wp-content\/uploads\/2017\/01\/DSC_8745.jpg 800w\" sizes=\"auto, (max-width: 100px) 100vw, 100px\" \/><\/a><a href=\"https:\/\/www.mojabochnia.pl\/?attachment_id=166159\" class=\"\"><img loading=\"lazy\" decoding=\"async\" width=\"100\" height=\"67\" src=\"https:\/\/www.mojabochnia.pl\/wp-content\/uploads\/2017\/01\/DSC_8750-120x80.jpg\" class=\"attachment-100x100 size-100x100\" alt=\"\" srcset=\"https:\/\/www.mojabochnia.pl\/wp-content\/uploads\/2017\/01\/DSC_8750-120x80.jpg 120w, https:\/\/www.mojabochnia.pl\/wp-content\/uploads\/2017\/01\/DSC_8750-468x310.jpg 468w, https:\/\/www.mojabochnia.pl\/wp-content\/uploads\/2017\/01\/DSC_8750-768x509.jpg 768w, https:\/\/www.mojabochnia.pl\/wp-content\/uploads\/2017\/01\/DSC_8750-660x437.jpg 660w, https:\/\/www.mojabochnia.pl\/wp-content\/uploads\/2017\/01\/DSC_8750-152x101.jpg 152w, https:\/\/www.mojabochnia.pl\/wp-content\/uploads\/2017\/01\/DSC_8750.jpg 800w\" sizes=\"auto, (max-width: 100px) 100vw, 100px\" \/><\/a><a href=\"https:\/\/www.mojabochnia.pl\/?attachment_id=166160\" class=\"\"><img loading=\"lazy\" decoding=\"async\" width=\"100\" height=\"67\" src=\"https:\/\/www.mojabochnia.pl\/wp-content\/uploads\/2017\/01\/DSC_8752-120x80.jpg\" class=\"attachment-100x100 size-100x100\" alt=\"\" srcset=\"https:\/\/www.mojabochnia.pl\/wp-content\/uploads\/2017\/01\/DSC_8752-120x80.jpg 120w, https:\/\/www.mojabochnia.pl\/wp-content\/uploads\/2017\/01\/DSC_8752-468x310.jpg 468w, https:\/\/www.mojabochnia.pl\/wp-content\/uploads\/2017\/01\/DSC_8752-768x509.jpg 768w, https:\/\/www.mojabochnia.pl\/wp-content\/uploads\/2017\/01\/DSC_8752-660x437.jpg 660w, https:\/\/www.mojabochnia.pl\/wp-content\/uploads\/2017\/01\/DSC_8752-152x101.jpg 152w, https:\/\/www.mojabochnia.pl\/wp-content\/uploads\/2017\/01\/DSC_8752.jpg 800w\" sizes=\"auto, (max-width: 100px) 100vw, 100px\" \/><\/a><a href=\"https:\/\/www.mojabochnia.pl\/?attachment_id=166161\" class=\"\"><img loading=\"lazy\" decoding=\"async\" width=\"100\" height=\"67\" src=\"https:\/\/www.mojabochnia.pl\/wp-content\/uploads\/2017\/01\/DSC_8754-120x80.jpg\" class=\"attachment-100x100 size-100x100\" alt=\"\" srcset=\"https:\/\/www.mojabochnia.pl\/wp-content\/uploads\/2017\/01\/DSC_8754-120x80.jpg 120w, https:\/\/www.mojabochnia.pl\/wp-content\/uploads\/2017\/01\/DSC_8754-468x310.jpg 468w, https:\/\/www.mojabochnia.pl\/wp-content\/uploads\/2017\/01\/DSC_8754-768x509.jpg 768w, https:\/\/www.mojabochnia.pl\/wp-content\/uploads\/2017\/01\/DSC_8754-660x437.jpg 660w, https:\/\/www.mojabochnia.pl\/wp-content\/uploads\/2017\/01\/DSC_8754-152x101.jpg 152w, https:\/\/www.mojabochnia.pl\/wp-content\/uploads\/2017\/01\/DSC_8754.jpg 800w\" sizes=\"auto, (max-width: 100px) 100vw, 100px\" \/><\/a><a href=\"https:\/\/www.mojabochnia.pl\/?attachment_id=166162\" class=\"\"><img loading=\"lazy\" decoding=\"async\" width=\"100\" height=\"67\" src=\"https:\/\/www.mojabochnia.pl\/wp-content\/uploads\/2017\/01\/DSC_8757-120x80.jpg\" class=\"attachment-100x100 size-100x100\" alt=\"\" srcset=\"https:\/\/www.mojabochnia.pl\/wp-content\/uploads\/2017\/01\/DSC_8757-120x80.jpg 120w, https:\/\/www.mojabochnia.pl\/wp-content\/uploads\/2017\/01\/DSC_8757-468x310.jpg 468w, https:\/\/www.mojabochnia.pl\/wp-content\/uploads\/2017\/01\/DSC_8757-768x509.jpg 768w, https:\/\/www.mojabochnia.pl\/wp-content\/uploads\/2017\/01\/DSC_8757-660x437.jpg 660w, https:\/\/www.mojabochnia.pl\/wp-content\/uploads\/2017\/01\/DSC_8757-152x101.jpg 152w, https:\/\/www.mojabochnia.pl\/wp-content\/uploads\/2017\/01\/DSC_8757.jpg 800w\" sizes=\"auto, (max-width: 100px) 100vw, 100px\" \/><\/a><a href=\"https:\/\/www.mojabochnia.pl\/?attachment_id=166163\" class=\"\"><img loading=\"lazy\" decoding=\"async\" width=\"100\" height=\"67\" src=\"https:\/\/www.mojabochnia.pl\/wp-content\/uploads\/2017\/01\/DSC_8758-120x80.jpg\" class=\"attachment-100x100 size-100x100\" alt=\"\" srcset=\"https:\/\/www.mojabochnia.pl\/wp-content\/uploads\/2017\/01\/DSC_8758-120x80.jpg 120w, https:\/\/www.mojabochnia.pl\/wp-content\/uploads\/2017\/01\/DSC_8758-468x310.jpg 468w, https:\/\/www.mojabochnia.pl\/wp-content\/uploads\/2017\/01\/DSC_8758-768x509.jpg 768w, https:\/\/www.mojabochnia.pl\/wp-content\/uploads\/2017\/01\/DSC_8758-660x437.jpg 660w, https:\/\/www.mojabochnia.pl\/wp-content\/uploads\/2017\/01\/DSC_8758-152x101.jpg 152w, https:\/\/www.mojabochnia.pl\/wp-content\/uploads\/2017\/01\/DSC_8758.jpg 800w\" sizes=\"auto, (max-width: 100px) 100vw, 100px\" \/><\/a><a href=\"https:\/\/www.mojabochnia.pl\/?attachment_id=166164\" class=\"\"><img loading=\"lazy\" decoding=\"async\" width=\"66\" height=\"100\" src=\"https:\/\/www.mojabochnia.pl\/wp-content\/uploads\/2017\/01\/DSC_8762-120x181.jpg\" class=\"attachment-100x100 size-100x100\" alt=\"\" srcset=\"https:\/\/www.mojabochnia.pl\/wp-content\/uploads\/2017\/01\/DSC_8762-120x181.jpg 120w, https:\/\/www.mojabochnia.pl\/wp-content\/uploads\/2017\/01\/DSC_8762-468x706.jpg 468w, https:\/\/www.mojabochnia.pl\/wp-content\/uploads\/2017\/01\/DSC_8762-152x229.jpg 152w, https:\/\/www.mojabochnia.pl\/wp-content\/uploads\/2017\/01\/DSC_8762.jpg 530w\" sizes=\"auto, (max-width: 66px) 100vw, 66px\" \/><\/a><a href=\"https:\/\/www.mojabochnia.pl\/?attachment_id=166165\" class=\"\"><img loading=\"lazy\" decoding=\"async\" width=\"100\" height=\"67\" src=\"https:\/\/www.mojabochnia.pl\/wp-content\/uploads\/2017\/01\/DSC_8763-120x80.jpg\" class=\"attachment-100x100 size-100x100\" alt=\"\" srcset=\"https:\/\/www.mojabochnia.pl\/wp-content\/uploads\/2017\/01\/DSC_8763-120x80.jpg 120w, https:\/\/www.mojabochnia.pl\/wp-content\/uploads\/2017\/01\/DSC_8763-468x310.jpg 468w, https:\/\/www.mojabochnia.pl\/wp-content\/uploads\/2017\/01\/DSC_8763-768x509.jpg 768w, https:\/\/www.mojabochnia.pl\/wp-content\/uploads\/2017\/01\/DSC_8763-660x437.jpg 660w, https:\/\/www.mojabochnia.pl\/wp-content\/uploads\/2017\/01\/DSC_8763-152x101.jpg 152w, https:\/\/www.mojabochnia.pl\/wp-content\/uploads\/2017\/01\/DSC_8763.jpg 800w\" sizes=\"auto, (max-width: 100px) 100vw, 100px\" \/><\/a><a href=\"https:\/\/www.mojabochnia.pl\/?attachment_id=166166\" class=\"\"><img loading=\"lazy\" decoding=\"async\" width=\"100\" height=\"67\" src=\"https:\/\/www.mojabochnia.pl\/wp-content\/uploads\/2017\/01\/DSC_8768-120x80.jpg\" class=\"attachment-100x100 size-100x100\" alt=\"\" srcset=\"https:\/\/www.mojabochnia.pl\/wp-content\/uploads\/2017\/01\/DSC_8768-120x80.jpg 120w, https:\/\/www.mojabochnia.pl\/wp-content\/uploads\/2017\/01\/DSC_8768-468x310.jpg 468w, https:\/\/www.mojabochnia.pl\/wp-content\/uploads\/2017\/01\/DSC_8768-768x509.jpg 768w, https:\/\/www.mojabochnia.pl\/wp-content\/uploads\/2017\/01\/DSC_8768-660x437.jpg 660w, https:\/\/www.mojabochnia.pl\/wp-content\/uploads\/2017\/01\/DSC_8768-152x101.jpg 152w, https:\/\/www.mojabochnia.pl\/wp-content\/uploads\/2017\/01\/DSC_8768.jpg 800w\" sizes=\"auto, (max-width: 100px) 100vw, 100px\" \/><\/a><a href=\"https:\/\/www.mojabochnia.pl\/?attachment_id=166167\" class=\"\"><img loading=\"lazy\" decoding=\"async\" width=\"100\" height=\"67\" src=\"https:\/\/www.mojabochnia.pl\/wp-content\/uploads\/2017\/01\/DSC_8770-120x80.jpg\" class=\"attachment-100x100 size-100x100\" alt=\"\" srcset=\"https:\/\/www.mojabochnia.pl\/wp-content\/uploads\/2017\/01\/DSC_8770-120x80.jpg 120w, https:\/\/www.mojabochnia.pl\/wp-content\/uploads\/2017\/01\/DSC_8770-468x310.jpg 468w, https:\/\/www.mojabochnia.pl\/wp-content\/uploads\/2017\/01\/DSC_8770-768x509.jpg 768w, https:\/\/www.mojabochnia.pl\/wp-content\/uploads\/2017\/01\/DSC_8770-660x437.jpg 660w, https:\/\/www.mojabochnia.pl\/wp-content\/uploads\/2017\/01\/DSC_8770-152x101.jpg 152w, https:\/\/www.mojabochnia.pl\/wp-content\/uploads\/2017\/01\/DSC_8770.jpg 800w\" sizes=\"auto, (max-width: 100px) 100vw, 100px\" \/><\/a><a href=\"https:\/\/www.mojabochnia.pl\/?attachment_id=166168\" class=\"\"><img loading=\"lazy\" decoding=\"async\" width=\"100\" height=\"67\" src=\"https:\/\/www.mojabochnia.pl\/wp-content\/uploads\/2017\/01\/DSC_8771-120x80.jpg\" class=\"attachment-100x100 size-100x100\" alt=\"\" srcset=\"https:\/\/www.mojabochnia.pl\/wp-content\/uploads\/2017\/01\/DSC_8771-120x80.jpg 120w, https:\/\/www.mojabochnia.pl\/wp-content\/uploads\/2017\/01\/DSC_8771-468x310.jpg 468w, https:\/\/www.mojabochnia.pl\/wp-content\/uploads\/2017\/01\/DSC_8771-768x509.jpg 768w, https:\/\/www.mojabochnia.pl\/wp-content\/uploads\/2017\/01\/DSC_8771-660x437.jpg 660w, https:\/\/www.mojabochnia.pl\/wp-content\/uploads\/2017\/01\/DSC_8771-152x101.jpg 152w, https:\/\/www.mojabochnia.pl\/wp-content\/uploads\/2017\/01\/DSC_8771.jpg 800w\" sizes=\"auto, (max-width: 100px) 100vw, 100px\" \/><\/a><a href=\"https:\/\/www.mojabochnia.pl\/?attachment_id=166169\" class=\"\"><img loading=\"lazy\" decoding=\"async\" width=\"66\" height=\"100\" src=\"https:\/\/www.mojabochnia.pl\/wp-content\/uploads\/2017\/01\/DSC_8772-120x181.jpg\" class=\"attachment-100x100 size-100x100\" alt=\"\" srcset=\"https:\/\/www.mojabochnia.pl\/wp-content\/uploads\/2017\/01\/DSC_8772-120x181.jpg 120w, https:\/\/www.mojabochnia.pl\/wp-content\/uploads\/2017\/01\/DSC_8772-468x706.jpg 468w, https:\/\/www.mojabochnia.pl\/wp-content\/uploads\/2017\/01\/DSC_8772-152x229.jpg 152w, https:\/\/www.mojabochnia.pl\/wp-content\/uploads\/2017\/01\/DSC_8772.jpg 530w\" sizes=\"auto, (max-width: 66px) 100vw, 66px\" \/><\/a><a href=\"https:\/\/www.mojabochnia.pl\/?attachment_id=166170\" class=\"\"><img loading=\"lazy\" decoding=\"async\" width=\"100\" height=\"67\" src=\"https:\/\/www.mojabochnia.pl\/wp-content\/uploads\/2017\/01\/DSC_8774-120x80.jpg\" class=\"attachment-100x100 size-100x100\" alt=\"\" srcset=\"https:\/\/www.mojabochnia.pl\/wp-content\/uploads\/2017\/01\/DSC_8774-120x80.jpg 120w, https:\/\/www.mojabochnia.pl\/wp-content\/uploads\/2017\/01\/DSC_8774-468x310.jpg 468w, https:\/\/www.mojabochnia.pl\/wp-content\/uploads\/2017\/01\/DSC_8774-768x509.jpg 768w, https:\/\/www.mojabochnia.pl\/wp-content\/uploads\/2017\/01\/DSC_8774-660x437.jpg 660w, https:\/\/www.mojabochnia.pl\/wp-content\/uploads\/2017\/01\/DSC_8774-152x101.jpg 152w, https:\/\/www.mojabochnia.pl\/wp-content\/uploads\/2017\/01\/DSC_8774.jpg 800w\" sizes=\"auto, (max-width: 100px) 100vw, 100px\" \/><\/a><a href=\"https:\/\/www.mojabochnia.pl\/?attachment_id=166171\" class=\"\"><img loading=\"lazy\" decoding=\"async\" width=\"100\" height=\"67\" src=\"https:\/\/www.mojabochnia.pl\/wp-content\/uploads\/2017\/01\/DSC_8783-120x80.jpg\" class=\"attachment-100x100 size-100x100\" alt=\"\" srcset=\"https:\/\/www.mojabochnia.pl\/wp-content\/uploads\/2017\/01\/DSC_8783-120x80.jpg 120w, https:\/\/www.mojabochnia.pl\/wp-content\/uploads\/2017\/01\/DSC_8783-468x310.jpg 468w, https:\/\/www.mojabochnia.pl\/wp-content\/uploads\/2017\/01\/DSC_8783-768x509.jpg 768w, https:\/\/www.mojabochnia.pl\/wp-content\/uploads\/2017\/01\/DSC_8783-660x437.jpg 660w, https:\/\/www.mojabochnia.pl\/wp-content\/uploads\/2017\/01\/DSC_8783-152x101.jpg 152w, https:\/\/www.mojabochnia.pl\/wp-content\/uploads\/2017\/01\/DSC_8783.jpg 800w\" sizes=\"auto, (max-width: 100px) 100vw, 100px\" \/><\/a><a href=\"https:\/\/www.mojabochnia.pl\/?attachment_id=166172\" class=\"\"><img loading=\"lazy\" decoding=\"async\" width=\"100\" height=\"67\" src=\"https:\/\/www.mojabochnia.pl\/wp-content\/uploads\/2017\/01\/DSC_8786-120x80.jpg\" class=\"attachment-100x100 size-100x100\" alt=\"\" srcset=\"https:\/\/www.mojabochnia.pl\/wp-content\/uploads\/2017\/01\/DSC_8786-120x80.jpg 120w, https:\/\/www.mojabochnia.pl\/wp-content\/uploads\/2017\/01\/DSC_8786-468x310.jpg 468w, https:\/\/www.mojabochnia.pl\/wp-content\/uploads\/2017\/01\/DSC_8786-768x509.jpg 768w, https:\/\/www.mojabochnia.pl\/wp-content\/uploads\/2017\/01\/DSC_8786-660x437.jpg 660w, https:\/\/www.mojabochnia.pl\/wp-content\/uploads\/2017\/01\/DSC_8786-152x101.jpg 152w, https:\/\/www.mojabochnia.pl\/wp-content\/uploads\/2017\/01\/DSC_8786.jpg 800w\" sizes=\"auto, (max-width: 100px) 100vw, 100px\" \/><\/a>\t    <\/div>\r\n\t    ","protected":false},"excerpt":{"rendered":"<p>Decyzj\u0105 Wojewody Ma\u0142opolskiego Szpital Powiatowy w Bochni wzbogaci\u0142 si\u0119 o kolejny nowoczesny ambulans. Karetka s\u0142u\u017cy\u0107 b\u0119dzie g\u0142\u00f3wnie mieszka\u0144com powiatu boche\u0144skiego. W \u015brod\u0119 przy Szpitalnym Oddziale Ratunkowym w Bochni z udzia\u0142em Wojewody Ma\u0142opolskiego J\u00f3zefa Pilcha i starosty boche\u0144skiego Ludwika W\u0119grzyna uroczy\u015bcie po\u015bwiecono i oddano do u\u017cytku nowy ambulans.<\/p>\n","protected":false},"author":13,"featured_media":166161,"comment_status":"open","ping_status":"closed","sticky":false,"template":"","format":"standard","meta":{"_acf_changed":false,"footnotes":""},"categories":[5,6251,6250],"tags":[5253,17577,17324],"class_list":["post-166146","post","type-post","status-publish","format-standard","has-post-thumbnail","hentry","category-biezace-wydarzenia","category-polityka-i-wydarzenia","category-tematyka","tag-ambulans","tag-karetka","tag-szpital","main_tag-szpital"],"acf":[],"yoast_head":"<!-- This site is optimized with the Yoast SEO plugin v26.9 - https:\/\/yoast.com\/product\/yoast-seo-wordpress\/ -->\n<title>Nowoczesna karetka dla Szpitala - mojabochnia.pl - portal informacyjny<\/title>\n<meta name=\"robots\" content=\"index, follow, max-snippet:-1, max-image-preview:large, max-video-preview:-1\" \/>\n<link rel=\"canonical\" href=\"https:\/\/www.mojabochnia.pl\/?p=166146\" \/>\n<meta property=\"og:locale\" content=\"pl_PL\" \/>\n<meta property=\"og:type\" content=\"article\" \/>\n<meta property=\"og:title\" content=\"Nowoczesna karetka dla Szpitala - mojabochnia.pl - portal informacyjny\" \/>\n<meta property=\"og:description\" content=\"Decyzj\u0105 Wojewody Ma\u0142opolskiego Szpital Powiatowy w Bochni wzbogaci\u0142 si\u0119 o kolejny nowoczesny ambulans. Karetka s\u0142u\u017cy\u0107 b\u0119dzie g\u0142\u00f3wnie mieszka\u0144com powiatu boche\u0144skiego. W \u015brod\u0119 przy Szpitalnym Oddziale Ratunkowym w Bochni z udzia\u0142em Wojewody Ma\u0142opolskiego J\u00f3zefa Pilcha i starosty boche\u0144skiego Ludwika W\u0119grzyna uroczy\u015bcie po\u015bwiecono i oddano do u\u017cytku nowy ambulans.\" \/>\n<meta property=\"og:url\" content=\"https:\/\/www.mojabochnia.pl\/?p=166146\" \/>\n<meta property=\"og:site_name\" content=\"mojabochnia.pl - portal informacyjny\" \/>\n<meta property=\"article:publisher\" content=\"https:\/\/www.facebook.com\/mojabochnia\" \/>\n<meta property=\"article:published_time\" content=\"2017-01-26T08:44:11+00:00\" \/>\n<meta property=\"og:image\" content=\"https:\/\/www.mojabochnia.pl\/wp-content\/uploads\/2017\/01\/DSC_8754.jpg\" \/>\n\t<meta property=\"og:image:width\" content=\"800\" \/>\n\t<meta property=\"og:image:height\" content=\"530\" \/>\n\t<meta property=\"og:image:type\" content=\"image\/jpeg\" \/>\n<meta name=\"author\" content=\"redakcja\" \/>\n<meta name=\"twitter:card\" content=\"summary_large_image\" \/>\n<meta name=\"twitter:label1\" content=\"Written by\" \/>\n\t<meta name=\"twitter:data1\" content=\"redakcja\" \/>\n\t<meta name=\"twitter:label2\" content=\"Est. reading time\" \/>\n\t<meta name=\"twitter:data2\" content=\"1 minuta\" \/>\n<script type=\"application\/ld+json\" class=\"yoast-schema-graph\">{\"@context\":\"https:\/\/schema.org\",\"@graph\":[{\"@type\":\"Article\",\"@id\":\"https:\/\/www.mojabochnia.pl\/?p=166146#article\",\"isPartOf\":{\"@id\":\"https:\/\/www.mojabochnia.pl\/?p=166146\"},\"author\":{\"name\":\"redakcja\",\"@id\":\"https:\/\/www.mojabochnia.pl\/#\/schema\/person\/7e2f20ead9902216a3384f13606c0ab7\"},\"headline\":\"Nowoczesna karetka dla Szpitala\",\"datePublished\":\"2017-01-26T08:44:11+00:00\",\"mainEntityOfPage\":{\"@id\":\"https:\/\/www.mojabochnia.pl\/?p=166146\"},\"wordCount\":204,\"commentCount\":0,\"publisher\":{\"@id\":\"https:\/\/www.mojabochnia.pl\/#organization\"},\"image\":{\"@id\":\"https:\/\/www.mojabochnia.pl\/?p=166146#primaryimage\"},\"thumbnailUrl\":\"https:\/\/www.mojabochnia.pl\/wp-content\/uploads\/2017\/01\/DSC_8754.jpg\",\"keywords\":[\"ambulans\",\"karetka\",\"szpital\"],\"articleSection\":[\"2_ostatnie\",\"polityka i wydarzenia\",\"tematyka\"],\"inLanguage\":\"pl-PL\",\"potentialAction\":[{\"@type\":\"CommentAction\",\"name\":\"Comment\",\"target\":[\"https:\/\/www.mojabochnia.pl\/?p=166146#respond\"]}]},{\"@type\":\"WebPage\",\"@id\":\"https:\/\/www.mojabochnia.pl\/?p=166146\",\"url\":\"https:\/\/www.mojabochnia.pl\/?p=166146\",\"name\":\"Nowoczesna karetka dla Szpitala - mojabochnia.pl - portal informacyjny\",\"isPartOf\":{\"@id\":\"https:\/\/www.mojabochnia.pl\/#website\"},\"primaryImageOfPage\":{\"@id\":\"https:\/\/www.mojabochnia.pl\/?p=166146#primaryimage\"},\"image\":{\"@id\":\"https:\/\/www.mojabochnia.pl\/?p=166146#primaryimage\"},\"thumbnailUrl\":\"https:\/\/www.mojabochnia.pl\/wp-content\/uploads\/2017\/01\/DSC_8754.jpg\",\"datePublished\":\"2017-01-26T08:44:11+00:00\",\"breadcrumb\":{\"@id\":\"https:\/\/www.mojabochnia.pl\/?p=166146#breadcrumb\"},\"inLanguage\":\"pl-PL\",\"potentialAction\":[{\"@type\":\"ReadAction\",\"target\":[\"https:\/\/www.mojabochnia.pl\/?p=166146\"]}]},{\"@type\":\"ImageObject\",\"inLanguage\":\"pl-PL\",\"@id\":\"https:\/\/www.mojabochnia.pl\/?p=166146#primaryimage\",\"url\":\"https:\/\/www.mojabochnia.pl\/wp-content\/uploads\/2017\/01\/DSC_8754.jpg\",\"contentUrl\":\"https:\/\/www.mojabochnia.pl\/wp-content\/uploads\/2017\/01\/DSC_8754.jpg\",\"width\":800,\"height\":530,\"caption\":\"Starostwo Powiatowe w Bochni\"},{\"@type\":\"BreadcrumbList\",\"@id\":\"https:\/\/www.mojabochnia.pl\/?p=166146#breadcrumb\",\"itemListElement\":[{\"@type\":\"ListItem\",\"position\":1,\"name\":\"Home\",\"item\":\"https:\/\/www.mojabochnia.pl\/\"},{\"@type\":\"ListItem\",\"position\":2,\"name\":\"Nowoczesna karetka dla Szpitala\"}]},{\"@type\":\"WebSite\",\"@id\":\"https:\/\/www.mojabochnia.pl\/#website\",\"url\":\"https:\/\/www.mojabochnia.pl\/\",\"name\":\"mojabochnia.pl - portal informacyjny\",\"description\":\"mojaBochnia to portal informacyjny o Bochni. Codziennie o Bochni piszemy i pokazujemy najwa\u017cniejsze wydarzenia\",\"publisher\":{\"@id\":\"https:\/\/www.mojabochnia.pl\/#organization\"},\"potentialAction\":[{\"@type\":\"SearchAction\",\"target\":{\"@type\":\"EntryPoint\",\"urlTemplate\":\"https:\/\/www.mojabochnia.pl\/?s={search_term_string}\"},\"query-input\":{\"@type\":\"PropertyValueSpecification\",\"valueRequired\":true,\"valueName\":\"search_term_string\"}}],\"inLanguage\":\"pl-PL\"},{\"@type\":\"Organization\",\"@id\":\"https:\/\/www.mojabochnia.pl\/#organization\",\"name\":\"mojabochnia.pl - portal informacyjny\",\"url\":\"https:\/\/www.mojabochnia.pl\/\",\"logo\":{\"@type\":\"ImageObject\",\"inLanguage\":\"pl-PL\",\"@id\":\"https:\/\/www.mojabochnia.pl\/#\/schema\/logo\/image\/\",\"url\":\"https:\/\/www.mojabochnia.pl\/wp-content\/uploads\/2017\/08\/logo-mb-opt.png\",\"contentUrl\":\"https:\/\/www.mojabochnia.pl\/wp-content\/uploads\/2017\/08\/logo-mb-opt.png\",\"width\":250,\"height\":48,\"caption\":\"mojabochnia.pl - portal informacyjny\"},\"image\":{\"@id\":\"https:\/\/www.mojabochnia.pl\/#\/schema\/logo\/image\/\"},\"sameAs\":[\"https:\/\/www.facebook.com\/mojabochnia\"]},{\"@type\":\"Person\",\"@id\":\"https:\/\/www.mojabochnia.pl\/#\/schema\/person\/7e2f20ead9902216a3384f13606c0ab7\",\"name\":\"redakcja\",\"sameAs\":[\"http:\/\/\"],\"url\":\"https:\/\/www.mojabochnia.pl\/?author=13\"}]}<\/script>\n<!-- \/ Yoast SEO plugin. -->","yoast_head_json":{"title":"Nowoczesna karetka dla Szpitala - mojabochnia.pl - portal informacyjny","robots":{"index":"index","follow":"follow","max-snippet":"max-snippet:-1","max-image-preview":"max-image-preview:large","max-video-preview":"max-video-preview:-1"},"canonical":"https:\/\/www.mojabochnia.pl\/?p=166146","og_locale":"pl_PL","og_type":"article","og_title":"Nowoczesna karetka dla Szpitala - mojabochnia.pl - portal informacyjny","og_description":"Decyzj\u0105 Wojewody Ma\u0142opolskiego Szpital Powiatowy w Bochni wzbogaci\u0142 si\u0119 o kolejny nowoczesny ambulans. Karetka s\u0142u\u017cy\u0107 b\u0119dzie g\u0142\u00f3wnie mieszka\u0144com powiatu boche\u0144skiego. W \u015brod\u0119 przy Szpitalnym Oddziale Ratunkowym w Bochni z udzia\u0142em Wojewody Ma\u0142opolskiego J\u00f3zefa Pilcha i starosty boche\u0144skiego Ludwika W\u0119grzyna uroczy\u015bcie po\u015bwiecono i oddano do u\u017cytku nowy ambulans.","og_url":"https:\/\/www.mojabochnia.pl\/?p=166146","og_site_name":"mojabochnia.pl - portal informacyjny","article_publisher":"https:\/\/www.facebook.com\/mojabochnia","article_published_time":"2017-01-26T08:44:11+00:00","og_image":[{"width":800,"height":530,"url":"https:\/\/www.mojabochnia.pl\/wp-content\/uploads\/2017\/01\/DSC_8754.jpg","type":"image\/jpeg"}],"author":"redakcja","twitter_card":"summary_large_image","twitter_misc":{"Written by":"redakcja","Est. reading time":"1 minuta"},"schema":{"@context":"https:\/\/schema.org","@graph":[{"@type":"Article","@id":"https:\/\/www.mojabochnia.pl\/?p=166146#article","isPartOf":{"@id":"https:\/\/www.mojabochnia.pl\/?p=166146"},"author":{"name":"redakcja","@id":"https:\/\/www.mojabochnia.pl\/#\/schema\/person\/7e2f20ead9902216a3384f13606c0ab7"},"headline":"Nowoczesna karetka dla Szpitala","datePublished":"2017-01-26T08:44:11+00:00","mainEntityOfPage":{"@id":"https:\/\/www.mojabochnia.pl\/?p=166146"},"wordCount":204,"commentCount":0,"publisher":{"@id":"https:\/\/www.mojabochnia.pl\/#organization"},"image":{"@id":"https:\/\/www.mojabochnia.pl\/?p=166146#primaryimage"},"thumbnailUrl":"https:\/\/www.mojabochnia.pl\/wp-content\/uploads\/2017\/01\/DSC_8754.jpg","keywords":["ambulans","karetka","szpital"],"articleSection":["2_ostatnie","polityka i wydarzenia","tematyka"],"inLanguage":"pl-PL","potentialAction":[{"@type":"CommentAction","name":"Comment","target":["https:\/\/www.mojabochnia.pl\/?p=166146#respond"]}]},{"@type":"WebPage","@id":"https:\/\/www.mojabochnia.pl\/?p=166146","url":"https:\/\/www.mojabochnia.pl\/?p=166146","name":"Nowoczesna karetka dla Szpitala - mojabochnia.pl - portal informacyjny","isPartOf":{"@id":"https:\/\/www.mojabochnia.pl\/#website"},"primaryImageOfPage":{"@id":"https:\/\/www.mojabochnia.pl\/?p=166146#primaryimage"},"image":{"@id":"https:\/\/www.mojabochnia.pl\/?p=166146#primaryimage"},"thumbnailUrl":"https:\/\/www.mojabochnia.pl\/wp-content\/uploads\/2017\/01\/DSC_8754.jpg","datePublished":"2017-01-26T08:44:11+00:00","breadcrumb":{"@id":"https:\/\/www.mojabochnia.pl\/?p=166146#breadcrumb"},"inLanguage":"pl-PL","potentialAction":[{"@type":"ReadAction","target":["https:\/\/www.mojabochnia.pl\/?p=166146"]}]},{"@type":"ImageObject","inLanguage":"pl-PL","@id":"https:\/\/www.mojabochnia.pl\/?p=166146#primaryimage","url":"https:\/\/www.mojabochnia.pl\/wp-content\/uploads\/2017\/01\/DSC_8754.jpg","contentUrl":"https:\/\/www.mojabochnia.pl\/wp-content\/uploads\/2017\/01\/DSC_8754.jpg","width":800,"height":530,"caption":"Starostwo Powiatowe w Bochni"},{"@type":"BreadcrumbList","@id":"https:\/\/www.mojabochnia.pl\/?p=166146#breadcrumb","itemListElement":[{"@type":"ListItem","position":1,"name":"Home","item":"https:\/\/www.mojabochnia.pl\/"},{"@type":"ListItem","position":2,"name":"Nowoczesna karetka dla Szpitala"}]},{"@type":"WebSite","@id":"https:\/\/www.mojabochnia.pl\/#website","url":"https:\/\/www.mojabochnia.pl\/","name":"mojabochnia.pl - portal informacyjny","description":"mojaBochnia to portal informacyjny o Bochni. Codziennie o Bochni piszemy i pokazujemy najwa\u017cniejsze wydarzenia","publisher":{"@id":"https:\/\/www.mojabochnia.pl\/#organization"},"potentialAction":[{"@type":"SearchAction","target":{"@type":"EntryPoint","urlTemplate":"https:\/\/www.mojabochnia.pl\/?s={search_term_string}"},"query-input":{"@type":"PropertyValueSpecification","valueRequired":true,"valueName":"search_term_string"}}],"inLanguage":"pl-PL"},{"@type":"Organization","@id":"https:\/\/www.mojabochnia.pl\/#organization","name":"mojabochnia.pl - portal informacyjny","url":"https:\/\/www.mojabochnia.pl\/","logo":{"@type":"ImageObject","inLanguage":"pl-PL","@id":"https:\/\/www.mojabochnia.pl\/#\/schema\/logo\/image\/","url":"https:\/\/www.mojabochnia.pl\/wp-content\/uploads\/2017\/08\/logo-mb-opt.png","contentUrl":"https:\/\/www.mojabochnia.pl\/wp-content\/uploads\/2017\/08\/logo-mb-opt.png","width":250,"height":48,"caption":"mojabochnia.pl - portal informacyjny"},"image":{"@id":"https:\/\/www.mojabochnia.pl\/#\/schema\/logo\/image\/"},"sameAs":["https:\/\/www.facebook.com\/mojabochnia"]},{"@type":"Person","@id":"https:\/\/www.mojabochnia.pl\/#\/schema\/person\/7e2f20ead9902216a3384f13606c0ab7","name":"redakcja","sameAs":["http:\/\/"],"url":"https:\/\/www.mojabochnia.pl\/?author=13"}]}},"_links":{"self":[{"href":"https:\/\/www.mojabochnia.pl\/index.php?rest_route=\/wp\/v2\/posts\/166146","targetHints":{"allow":["GET"]}}],"collection":[{"href":"https:\/\/www.mojabochnia.pl\/index.php?rest_route=\/wp\/v2\/posts"}],"about":[{"href":"https:\/\/www.mojabochnia.pl\/index.php?rest_route=\/wp\/v2\/types\/post"}],"author":[{"embeddable":true,"href":"https:\/\/www.mojabochnia.pl\/index.php?rest_route=\/wp\/v2\/users\/13"}],"replies":[{"embeddable":true,"href":"https:\/\/www.mojabochnia.pl\/index.php?rest_route=%2Fwp%2Fv2%2Fcomments&post=166146"}],"version-history":[{"count":1,"href":"https:\/\/www.mojabochnia.pl\/index.php?rest_route=\/wp\/v2\/posts\/166146\/revisions"}],"predecessor-version":[{"id":166147,"href":"https:\/\/www.mojabochnia.pl\/index.php?rest_route=\/wp\/v2\/posts\/166146\/revisions\/166147"}],"wp:featuredmedia":[{"embeddable":true,"href":"https:\/\/www.mojabochnia.pl\/index.php?rest_route=\/wp\/v2\/media\/166161"}],"wp:attachment":[{"href":"https:\/\/www.mojabochnia.pl\/index.php?rest_route=%2Fwp%2Fv2%2Fmedia&parent=166146"}],"wp:term":[{"taxonomy":"category","embeddable":true,"href":"https:\/\/www.mojabochnia.pl\/index.php?rest_route=%2Fwp%2Fv2%2Fcategories&post=166146"},{"taxonomy":"post_tag","embeddable":true,"href":"https:\/\/www.mojabochnia.pl\/index.php?rest_route=%2Fwp%2Fv2%2Ftags&post=166146"}],"curies":[{"name":"wp","href":"https:\/\/api.w.org\/{rel}","templated":true}]}}