{"id":165262,"date":"2017-01-12T13:04:09","date_gmt":"2017-01-12T12:04:09","guid":{"rendered":"http:\/\/www.mojabochnia.pl\/?p=165262"},"modified":"2017-01-12T13:30:51","modified_gmt":"2017-01-12T12:30:51","slug":"praca-stary-wisnicz-firma-stal-chem-przyjmie-elektrykow-z-doswiadczeniem-lub-do-przyuczenia","status":"publish","type":"post","link":"https:\/\/www.mojabochnia.pl\/?p=165262","title":{"rendered":"PRACA: Stary Wi\u015bnicz &#8211; Firma STAL-CHEM przyjmie elektryk\u00f3w z do\u015bwiadczeniem lub do przyuczenia"},"content":{"rendered":"<p><strong>Elektryk \u2013 brygadzista<\/strong><\/p>\n<p>Wymagania:<br \/>\n&#8211; wykszta\u0142cenie kierunkowe<br \/>\n&#8211; do\u015bwiadczenie w monta\u017cu i uruchamianiu instalacji elektrycznych w budownictwie jak r\u00f3wnie\u017c w przemy\u015ble<br \/>\n&#8211; mile widziane prawo jazdy kat. B<br \/>\n&#8211; czytanie dokumentacji technicznej<br \/>\n&#8211; praca w zespole<br \/>\n&#8211; dyspozycyjno\u015b\u0107<\/p>\n<p><strong>Elektryk<\/strong><\/p>\n<p>Wymagania:<br \/>\n&#8211; wykszta\u0142cenie kierunkowe lub do przyuczenia<br \/>\n&#8211; mile widziane prawo jazdy kat. B<br \/>\n&#8211; praca w zespole<br \/>\n&#8211; dyspozycyjno\u015b\u0107<\/p>\n<p><strong>Oferujemy:<\/strong><br \/>\n&#8211; umow\u0119 o prac\u0119<br \/>\n&#8211; bardzo dobre warunki pracy<br \/>\n&#8211; mo\u017cliwo\u015b\u0107 szybkiego rozwoju zawodowego<br \/>\n&#8211; pakiet ubezpiecze\u0144<br \/>\n&#8211; atrakcyjne wynagrodzenie<\/p>\n<p>CV prosimy przesy\u0142a\u0107 na adres e-mail: biuro@stal-chem.pl<\/p>\n<p>Prosimy o dopisanie nast\u0119puj\u0105cej klauzuli: \u201eWyra\u017cam zgod\u0119 na przetwarzanie moich danych osobowych zawartych w mojej ofercie pracy dla potrzeb niezb\u0119dnych do realizacji procesu rekrutacji zgodnie z ustaw\u0105 z dnia 29 sierpnia 1997 r. o ochronie danych osobowych (Dz. U. z 2002 r. Nr 101, poz. 926, ze zm.)\u201d <\/p>\n","protected":false},"excerpt":{"rendered":"<p>STAL-CHEM to firma zajmuj\u0105ca si\u0119 produkcj\u0105 neutralnych mebli gastronomicznych oraz barierek i balustrad nierdzewnych najwy\u017cszej jako\u015bci. Od 2016 roku firma rozszerzy\u0142a dzia\u0142alno\u015b\u0107 w zakresie projektowania i wykonawstwa instalacji elektrycznych szeroko poj\u0119tych. W zwi\u0105zku z dynamicznym rozwojem firmy poszukujemy kandydat\u00f3w na stanowiska:<\/p>\n","protected":false},"author":12,"featured_media":0,"comment_status":"closed","ping_status":"closed","sticky":false,"template":"","format":"standard","meta":{"_acf_changed":false,"footnotes":""},"categories":[5,6251,6250],"tags":[19164,17259,19165,577],"class_list":["post-165262","post","type-post","status-publish","format-standard","hentry","category-biezace-wydarzenia","category-polityka-i-wydarzenia","category-tematyka","tag-elektryk","tag-praca","tag-stal-chem","tag-stary-wisnicz","main_tag-praca"],"acf":[],"yoast_head":"<!-- This site is optimized with the Yoast SEO plugin v26.9 - https:\/\/yoast.com\/product\/yoast-seo-wordpress\/ -->\n<title>PRACA: Stary Wi\u015bnicz - Firma STAL-CHEM przyjmie elektryk\u00f3w z do\u015bwiadczeniem lub do przyuczenia - mojabochnia.pl - portal informacyjny<\/title>\n<meta name=\"robots\" content=\"index, follow, max-snippet:-1, max-image-preview:large, max-video-preview:-1\" \/>\n<link rel=\"canonical\" href=\"https:\/\/www.mojabochnia.pl\/?p=165262\" \/>\n<meta property=\"og:locale\" content=\"pl_PL\" \/>\n<meta property=\"og:type\" content=\"article\" \/>\n<meta property=\"og:title\" content=\"PRACA: Stary Wi\u015bnicz - Firma STAL-CHEM przyjmie elektryk\u00f3w z do\u015bwiadczeniem lub do przyuczenia - mojabochnia.pl - portal informacyjny\" \/>\n<meta property=\"og:description\" content=\"STAL-CHEM to firma zajmuj\u0105ca si\u0119 produkcj\u0105 neutralnych mebli gastronomicznych oraz barierek i balustrad nierdzewnych najwy\u017cszej jako\u015bci. Od 2016 roku firma rozszerzy\u0142a dzia\u0142alno\u015b\u0107 w zakresie projektowania i wykonawstwa instalacji elektrycznych szeroko poj\u0119tych. W zwi\u0105zku z dynamicznym rozwojem firmy poszukujemy kandydat\u00f3w na stanowiska:\" \/>\n<meta property=\"og:url\" content=\"https:\/\/www.mojabochnia.pl\/?p=165262\" \/>\n<meta property=\"og:site_name\" content=\"mojabochnia.pl - portal informacyjny\" \/>\n<meta property=\"article:publisher\" content=\"https:\/\/www.facebook.com\/mojabochnia\" \/>\n<meta property=\"article:published_time\" content=\"2017-01-12T12:04:09+00:00\" \/>\n<meta property=\"article:modified_time\" content=\"2017-01-12T12:30:51+00:00\" \/>\n<meta name=\"author\" content=\"tekst sponsorowany\" \/>\n<meta name=\"twitter:card\" content=\"summary_large_image\" \/>\n<meta name=\"twitter:label1\" content=\"Written by\" \/>\n\t<meta name=\"twitter:data1\" content=\"tekst sponsorowany\" \/>\n\t<meta name=\"twitter:label2\" content=\"Est. reading time\" \/>\n\t<meta name=\"twitter:data2\" content=\"1 minuta\" \/>\n<script type=\"application\/ld+json\" class=\"yoast-schema-graph\">{\"@context\":\"https:\/\/schema.org\",\"@graph\":[{\"@type\":\"Article\",\"@id\":\"https:\/\/www.mojabochnia.pl\/?p=165262#article\",\"isPartOf\":{\"@id\":\"https:\/\/www.mojabochnia.pl\/?p=165262\"},\"author\":{\"name\":\"tekst sponsorowany\",\"@id\":\"https:\/\/www.mojabochnia.pl\/#\/schema\/person\/146c38805d6d0d8e5dc56f00345e6a5e\"},\"headline\":\"PRACA: Stary Wi\u015bnicz &#8211; Firma STAL-CHEM przyjmie elektryk\u00f3w z do\u015bwiadczeniem lub do przyuczenia\",\"datePublished\":\"2017-01-12T12:04:09+00:00\",\"dateModified\":\"2017-01-12T12:30:51+00:00\",\"mainEntityOfPage\":{\"@id\":\"https:\/\/www.mojabochnia.pl\/?p=165262\"},\"wordCount\":159,\"publisher\":{\"@id\":\"https:\/\/www.mojabochnia.pl\/#organization\"},\"keywords\":[\"elektryk\",\"praca\",\"stal-chem\",\"stary wi\u015bnicz\"],\"articleSection\":[\"2_ostatnie\",\"polityka i wydarzenia\",\"tematyka\"],\"inLanguage\":\"pl-PL\"},{\"@type\":\"WebPage\",\"@id\":\"https:\/\/www.mojabochnia.pl\/?p=165262\",\"url\":\"https:\/\/www.mojabochnia.pl\/?p=165262\",\"name\":\"PRACA: Stary Wi\u015bnicz - Firma STAL-CHEM przyjmie elektryk\u00f3w z do\u015bwiadczeniem lub do przyuczenia - mojabochnia.pl - portal informacyjny\",\"isPartOf\":{\"@id\":\"https:\/\/www.mojabochnia.pl\/#website\"},\"datePublished\":\"2017-01-12T12:04:09+00:00\",\"dateModified\":\"2017-01-12T12:30:51+00:00\",\"breadcrumb\":{\"@id\":\"https:\/\/www.mojabochnia.pl\/?p=165262#breadcrumb\"},\"inLanguage\":\"pl-PL\",\"potentialAction\":[{\"@type\":\"ReadAction\",\"target\":[\"https:\/\/www.mojabochnia.pl\/?p=165262\"]}]},{\"@type\":\"BreadcrumbList\",\"@id\":\"https:\/\/www.mojabochnia.pl\/?p=165262#breadcrumb\",\"itemListElement\":[{\"@type\":\"ListItem\",\"position\":1,\"name\":\"Home\",\"item\":\"https:\/\/www.mojabochnia.pl\/\"},{\"@type\":\"ListItem\",\"position\":2,\"name\":\"PRACA: Stary Wi\u015bnicz &#8211; Firma STAL-CHEM przyjmie elektryk\u00f3w z do\u015bwiadczeniem lub do przyuczenia\"}]},{\"@type\":\"WebSite\",\"@id\":\"https:\/\/www.mojabochnia.pl\/#website\",\"url\":\"https:\/\/www.mojabochnia.pl\/\",\"name\":\"mojabochnia.pl - portal informacyjny\",\"description\":\"mojaBochnia to portal informacyjny o Bochni. Codziennie o Bochni piszemy i pokazujemy najwa\u017cniejsze wydarzenia\",\"publisher\":{\"@id\":\"https:\/\/www.mojabochnia.pl\/#organization\"},\"potentialAction\":[{\"@type\":\"SearchAction\",\"target\":{\"@type\":\"EntryPoint\",\"urlTemplate\":\"https:\/\/www.mojabochnia.pl\/?s={search_term_string}\"},\"query-input\":{\"@type\":\"PropertyValueSpecification\",\"valueRequired\":true,\"valueName\":\"search_term_string\"}}],\"inLanguage\":\"pl-PL\"},{\"@type\":\"Organization\",\"@id\":\"https:\/\/www.mojabochnia.pl\/#organization\",\"name\":\"mojabochnia.pl - portal informacyjny\",\"url\":\"https:\/\/www.mojabochnia.pl\/\",\"logo\":{\"@type\":\"ImageObject\",\"inLanguage\":\"pl-PL\",\"@id\":\"https:\/\/www.mojabochnia.pl\/#\/schema\/logo\/image\/\",\"url\":\"https:\/\/www.mojabochnia.pl\/wp-content\/uploads\/2017\/08\/logo-mb-opt.png\",\"contentUrl\":\"https:\/\/www.mojabochnia.pl\/wp-content\/uploads\/2017\/08\/logo-mb-opt.png\",\"width\":250,\"height\":48,\"caption\":\"mojabochnia.pl - portal informacyjny\"},\"image\":{\"@id\":\"https:\/\/www.mojabochnia.pl\/#\/schema\/logo\/image\/\"},\"sameAs\":[\"https:\/\/www.facebook.com\/mojabochnia\"]},{\"@type\":\"Person\",\"@id\":\"https:\/\/www.mojabochnia.pl\/#\/schema\/person\/146c38805d6d0d8e5dc56f00345e6a5e\",\"name\":\"tekst sponsorowany\",\"sameAs\":[\"http:\/\/\"],\"url\":\"https:\/\/www.mojabochnia.pl\/?author=12\"}]}<\/script>\n<!-- \/ Yoast SEO plugin. -->","yoast_head_json":{"title":"PRACA: Stary Wi\u015bnicz - Firma STAL-CHEM przyjmie elektryk\u00f3w z do\u015bwiadczeniem lub do przyuczenia - mojabochnia.pl - portal informacyjny","robots":{"index":"index","follow":"follow","max-snippet":"max-snippet:-1","max-image-preview":"max-image-preview:large","max-video-preview":"max-video-preview:-1"},"canonical":"https:\/\/www.mojabochnia.pl\/?p=165262","og_locale":"pl_PL","og_type":"article","og_title":"PRACA: Stary Wi\u015bnicz - Firma STAL-CHEM przyjmie elektryk\u00f3w z do\u015bwiadczeniem lub do przyuczenia - mojabochnia.pl - portal informacyjny","og_description":"STAL-CHEM to firma zajmuj\u0105ca si\u0119 produkcj\u0105 neutralnych mebli gastronomicznych oraz barierek i balustrad nierdzewnych najwy\u017cszej jako\u015bci. Od 2016 roku firma rozszerzy\u0142a dzia\u0142alno\u015b\u0107 w zakresie projektowania i wykonawstwa instalacji elektrycznych szeroko poj\u0119tych. W zwi\u0105zku z dynamicznym rozwojem firmy poszukujemy kandydat\u00f3w na stanowiska:","og_url":"https:\/\/www.mojabochnia.pl\/?p=165262","og_site_name":"mojabochnia.pl - portal informacyjny","article_publisher":"https:\/\/www.facebook.com\/mojabochnia","article_published_time":"2017-01-12T12:04:09+00:00","article_modified_time":"2017-01-12T12:30:51+00:00","author":"tekst sponsorowany","twitter_card":"summary_large_image","twitter_misc":{"Written by":"tekst sponsorowany","Est. reading time":"1 minuta"},"schema":{"@context":"https:\/\/schema.org","@graph":[{"@type":"Article","@id":"https:\/\/www.mojabochnia.pl\/?p=165262#article","isPartOf":{"@id":"https:\/\/www.mojabochnia.pl\/?p=165262"},"author":{"name":"tekst sponsorowany","@id":"https:\/\/www.mojabochnia.pl\/#\/schema\/person\/146c38805d6d0d8e5dc56f00345e6a5e"},"headline":"PRACA: Stary Wi\u015bnicz &#8211; Firma STAL-CHEM przyjmie elektryk\u00f3w z do\u015bwiadczeniem lub do przyuczenia","datePublished":"2017-01-12T12:04:09+00:00","dateModified":"2017-01-12T12:30:51+00:00","mainEntityOfPage":{"@id":"https:\/\/www.mojabochnia.pl\/?p=165262"},"wordCount":159,"publisher":{"@id":"https:\/\/www.mojabochnia.pl\/#organization"},"keywords":["elektryk","praca","stal-chem","stary wi\u015bnicz"],"articleSection":["2_ostatnie","polityka i wydarzenia","tematyka"],"inLanguage":"pl-PL"},{"@type":"WebPage","@id":"https:\/\/www.mojabochnia.pl\/?p=165262","url":"https:\/\/www.mojabochnia.pl\/?p=165262","name":"PRACA: Stary Wi\u015bnicz - Firma STAL-CHEM przyjmie elektryk\u00f3w z do\u015bwiadczeniem lub do przyuczenia - mojabochnia.pl - portal informacyjny","isPartOf":{"@id":"https:\/\/www.mojabochnia.pl\/#website"},"datePublished":"2017-01-12T12:04:09+00:00","dateModified":"2017-01-12T12:30:51+00:00","breadcrumb":{"@id":"https:\/\/www.mojabochnia.pl\/?p=165262#breadcrumb"},"inLanguage":"pl-PL","potentialAction":[{"@type":"ReadAction","target":["https:\/\/www.mojabochnia.pl\/?p=165262"]}]},{"@type":"BreadcrumbList","@id":"https:\/\/www.mojabochnia.pl\/?p=165262#breadcrumb","itemListElement":[{"@type":"ListItem","position":1,"name":"Home","item":"https:\/\/www.mojabochnia.pl\/"},{"@type":"ListItem","position":2,"name":"PRACA: Stary Wi\u015bnicz &#8211; Firma STAL-CHEM przyjmie elektryk\u00f3w z do\u015bwiadczeniem lub do przyuczenia"}]},{"@type":"WebSite","@id":"https:\/\/www.mojabochnia.pl\/#website","url":"https:\/\/www.mojabochnia.pl\/","name":"mojabochnia.pl - portal informacyjny","description":"mojaBochnia to portal informacyjny o Bochni. Codziennie o Bochni piszemy i pokazujemy najwa\u017cniejsze wydarzenia","publisher":{"@id":"https:\/\/www.mojabochnia.pl\/#organization"},"potentialAction":[{"@type":"SearchAction","target":{"@type":"EntryPoint","urlTemplate":"https:\/\/www.mojabochnia.pl\/?s={search_term_string}"},"query-input":{"@type":"PropertyValueSpecification","valueRequired":true,"valueName":"search_term_string"}}],"inLanguage":"pl-PL"},{"@type":"Organization","@id":"https:\/\/www.mojabochnia.pl\/#organization","name":"mojabochnia.pl - portal informacyjny","url":"https:\/\/www.mojabochnia.pl\/","logo":{"@type":"ImageObject","inLanguage":"pl-PL","@id":"https:\/\/www.mojabochnia.pl\/#\/schema\/logo\/image\/","url":"https:\/\/www.mojabochnia.pl\/wp-content\/uploads\/2017\/08\/logo-mb-opt.png","contentUrl":"https:\/\/www.mojabochnia.pl\/wp-content\/uploads\/2017\/08\/logo-mb-opt.png","width":250,"height":48,"caption":"mojabochnia.pl - portal informacyjny"},"image":{"@id":"https:\/\/www.mojabochnia.pl\/#\/schema\/logo\/image\/"},"sameAs":["https:\/\/www.facebook.com\/mojabochnia"]},{"@type":"Person","@id":"https:\/\/www.mojabochnia.pl\/#\/schema\/person\/146c38805d6d0d8e5dc56f00345e6a5e","name":"tekst sponsorowany","sameAs":["http:\/\/"],"url":"https:\/\/www.mojabochnia.pl\/?author=12"}]}},"_links":{"self":[{"href":"https:\/\/www.mojabochnia.pl\/index.php?rest_route=\/wp\/v2\/posts\/165262","targetHints":{"allow":["GET"]}}],"collection":[{"href":"https:\/\/www.mojabochnia.pl\/index.php?rest_route=\/wp\/v2\/posts"}],"about":[{"href":"https:\/\/www.mojabochnia.pl\/index.php?rest_route=\/wp\/v2\/types\/post"}],"author":[{"embeddable":true,"href":"https:\/\/www.mojabochnia.pl\/index.php?rest_route=\/wp\/v2\/users\/12"}],"replies":[{"embeddable":true,"href":"https:\/\/www.mojabochnia.pl\/index.php?rest_route=%2Fwp%2Fv2%2Fcomments&post=165262"}],"version-history":[{"count":2,"href":"https:\/\/www.mojabochnia.pl\/index.php?rest_route=\/wp\/v2\/posts\/165262\/revisions"}],"predecessor-version":[{"id":165272,"href":"https:\/\/www.mojabochnia.pl\/index.php?rest_route=\/wp\/v2\/posts\/165262\/revisions\/165272"}],"wp:attachment":[{"href":"https:\/\/www.mojabochnia.pl\/index.php?rest_route=%2Fwp%2Fv2%2Fmedia&parent=165262"}],"wp:term":[{"taxonomy":"category","embeddable":true,"href":"https:\/\/www.mojabochnia.pl\/index.php?rest_route=%2Fwp%2Fv2%2Fcategories&post=165262"},{"taxonomy":"post_tag","embeddable":true,"href":"https:\/\/www.mojabochnia.pl\/index.php?rest_route=%2Fwp%2Fv2%2Ftags&post=165262"}],"curies":[{"name":"wp","href":"https:\/\/api.w.org\/{rel}","templated":true}]}}