{"id":164823,"date":"2017-01-09T15:40:33","date_gmt":"2017-01-09T14:40:33","guid":{"rendered":"http:\/\/www.mojabochnia.pl\/?p=164823"},"modified":"2017-01-09T15:52:56","modified_gmt":"2017-01-09T14:52:56","slug":"pozar-w-trzcianie-rodzina-spedzila-noc-u-sasiadow","status":"publish","type":"post","link":"https:\/\/www.mojabochnia.pl\/?p=164823","title":{"rendered":"Po\u017car w Trzcianie, rodzina sp\u0119dzi\u0142a noc u s\u0105siad\u00f3w"},"content":{"rendered":"<p>Stra\u017cacy zostali zaalarmowani oko\u0142o godziny 18.50. Mieszka\u0144cy (kobieta z dw\u00f3jk\u0105 dzieci) przed ich przybyciem opu\u015bcili dom, po po\u017carze zamieszkali u swojej rodziny po s\u0105siedzku. Dzisiaj zniszczenia ogl\u0105da\u0142 rzeczoznawca (na szcz\u0119\u015bcie dom by\u0142 ubezpieczony), dom ogl\u0105da\u0142 r\u00f3wnie\u017c elektryk pod k\u0105tem mo\u017cliwo\u015bci ogrzewania go piecykiem.<\/p>\n<p><em>Mieszkanie nie jest bardzo zniszczone, stra\u017cacy starali si\u0119 nie zniszczy\u0107 zanadto domu, nadpalony jest dach nad kot\u0142owni\u0105<\/em> &#8211; m\u00f3wi w\u00f3jt J\u00f3zef Nowak. Kluczowe jest teraz uruchomienie ogrzewania, aby \u015bciany mog\u0142y wyschn\u0105\u0107. <\/p>\n<p>Poszkodowanej rodzinie pomaga Gminny O\u015brodek Pomocy Spo\u0142ecznej w Trzcianie. <\/p>\n<p>Po\u017car w Trzcianie by\u0142 ju\u017c drugim, jaki stra\u017cacy zanotowali tego dnia tzw. po\u017carem kominowym. R\u00f3wnie\u017c 7 stycznia o 9.22 w Zbydniowie dosz\u0142o do zapalenia si\u0119 sadzy w kominie. Na szcz\u0119\u015bcie, w tym przypadku ogie\u0144 nie zd\u0105\u017cy\u0142 zaj\u0105\u0107 dachu i zosta\u0142 ugaszony w zarodku. <\/p>\n\t  \r\n\t\r\n\t    <div class=\"mb-gallery\">\r\n\t    <a href=\"https:\/\/www.mojabochnia.pl\/?attachment_id=164824\" class=\"\"><img loading=\"lazy\" decoding=\"async\" width=\"100\" height=\"60\" src=\"https:\/\/www.mojabochnia.pl\/wp-content\/uploads\/2017\/01\/IMG_20170107_191705-120x72.jpg\" class=\"attachment-100x100 size-100x100\" alt=\"\" srcset=\"https:\/\/www.mojabochnia.pl\/wp-content\/uploads\/2017\/01\/IMG_20170107_191705-120x72.jpg 120w, https:\/\/www.mojabochnia.pl\/wp-content\/uploads\/2017\/01\/IMG_20170107_191705-468x281.jpg 468w, https:\/\/www.mojabochnia.pl\/wp-content\/uploads\/2017\/01\/IMG_20170107_191705-768x461.jpg 768w, https:\/\/www.mojabochnia.pl\/wp-content\/uploads\/2017\/01\/IMG_20170107_191705-660x396.jpg 660w, https:\/\/www.mojabochnia.pl\/wp-content\/uploads\/2017\/01\/IMG_20170107_191705-152x91.jpg 152w, https:\/\/www.mojabochnia.pl\/wp-content\/uploads\/2017\/01\/IMG_20170107_191705.jpg 800w\" sizes=\"auto, (max-width: 100px) 100vw, 100px\" \/><\/a><a href=\"https:\/\/www.mojabochnia.pl\/?attachment_id=164825\" class=\"\"><img loading=\"lazy\" decoding=\"async\" width=\"100\" height=\"60\" src=\"https:\/\/www.mojabochnia.pl\/wp-content\/uploads\/2017\/01\/IMG_20170107_191739-120x72.jpg\" class=\"attachment-100x100 size-100x100\" alt=\"\" srcset=\"https:\/\/www.mojabochnia.pl\/wp-content\/uploads\/2017\/01\/IMG_20170107_191739-120x72.jpg 120w, https:\/\/www.mojabochnia.pl\/wp-content\/uploads\/2017\/01\/IMG_20170107_191739-468x281.jpg 468w, https:\/\/www.mojabochnia.pl\/wp-content\/uploads\/2017\/01\/IMG_20170107_191739-768x461.jpg 768w, https:\/\/www.mojabochnia.pl\/wp-content\/uploads\/2017\/01\/IMG_20170107_191739-660x396.jpg 660w, https:\/\/www.mojabochnia.pl\/wp-content\/uploads\/2017\/01\/IMG_20170107_191739-152x91.jpg 152w, https:\/\/www.mojabochnia.pl\/wp-content\/uploads\/2017\/01\/IMG_20170107_191739.jpg 800w\" sizes=\"auto, (max-width: 100px) 100vw, 100px\" \/><\/a><a href=\"https:\/\/www.mojabochnia.pl\/?attachment_id=164826\" class=\"\"><img loading=\"lazy\" decoding=\"async\" width=\"60\" height=\"100\" src=\"https:\/\/www.mojabochnia.pl\/wp-content\/uploads\/2017\/01\/IMG_20170107_191859-120x200.jpg\" class=\"attachment-100x100 size-100x100\" alt=\"\" srcset=\"https:\/\/www.mojabochnia.pl\/wp-content\/uploads\/2017\/01\/IMG_20170107_191859-120x200.jpg 120w, https:\/\/www.mojabochnia.pl\/wp-content\/uploads\/2017\/01\/IMG_20170107_191859-468x780.jpg 468w, https:\/\/www.mojabochnia.pl\/wp-content\/uploads\/2017\/01\/IMG_20170107_191859-152x253.jpg 152w, https:\/\/www.mojabochnia.pl\/wp-content\/uploads\/2017\/01\/IMG_20170107_191859.jpg 480w\" sizes=\"auto, (max-width: 60px) 100vw, 60px\" \/><\/a><a href=\"https:\/\/www.mojabochnia.pl\/?attachment_id=164827\" class=\"\"><img loading=\"lazy\" decoding=\"async\" width=\"60\" height=\"100\" src=\"https:\/\/www.mojabochnia.pl\/wp-content\/uploads\/2017\/01\/IMG_20170107_192821-120x200.jpg\" class=\"attachment-100x100 size-100x100\" alt=\"\" srcset=\"https:\/\/www.mojabochnia.pl\/wp-content\/uploads\/2017\/01\/IMG_20170107_192821-120x200.jpg 120w, https:\/\/www.mojabochnia.pl\/wp-content\/uploads\/2017\/01\/IMG_20170107_192821-468x780.jpg 468w, https:\/\/www.mojabochnia.pl\/wp-content\/uploads\/2017\/01\/IMG_20170107_192821-152x253.jpg 152w, https:\/\/www.mojabochnia.pl\/wp-content\/uploads\/2017\/01\/IMG_20170107_192821.jpg 480w\" sizes=\"auto, (max-width: 60px) 100vw, 60px\" \/><\/a><a href=\"https:\/\/www.mojabochnia.pl\/?attachment_id=164828\" class=\"\"><img loading=\"lazy\" decoding=\"async\" width=\"100\" height=\"60\" src=\"https:\/\/www.mojabochnia.pl\/wp-content\/uploads\/2017\/01\/IMG_20170107_192840-120x72.jpg\" class=\"attachment-100x100 size-100x100\" alt=\"\" srcset=\"https:\/\/www.mojabochnia.pl\/wp-content\/uploads\/2017\/01\/IMG_20170107_192840-120x72.jpg 120w, https:\/\/www.mojabochnia.pl\/wp-content\/uploads\/2017\/01\/IMG_20170107_192840-468x281.jpg 468w, https:\/\/www.mojabochnia.pl\/wp-content\/uploads\/2017\/01\/IMG_20170107_192840-768x461.jpg 768w, https:\/\/www.mojabochnia.pl\/wp-content\/uploads\/2017\/01\/IMG_20170107_192840-660x396.jpg 660w, https:\/\/www.mojabochnia.pl\/wp-content\/uploads\/2017\/01\/IMG_20170107_192840-152x91.jpg 152w, https:\/\/www.mojabochnia.pl\/wp-content\/uploads\/2017\/01\/IMG_20170107_192840.jpg 800w\" sizes=\"auto, (max-width: 100px) 100vw, 100px\" \/><\/a><a href=\"https:\/\/www.mojabochnia.pl\/?attachment_id=164829\" class=\"\"><img loading=\"lazy\" decoding=\"async\" width=\"100\" height=\"60\" src=\"https:\/\/www.mojabochnia.pl\/wp-content\/uploads\/2017\/01\/IMG_20170108_015900-120x72.jpg\" class=\"attachment-100x100 size-100x100\" alt=\"\" srcset=\"https:\/\/www.mojabochnia.pl\/wp-content\/uploads\/2017\/01\/IMG_20170108_015900-120x72.jpg 120w, https:\/\/www.mojabochnia.pl\/wp-content\/uploads\/2017\/01\/IMG_20170108_015900-468x281.jpg 468w, https:\/\/www.mojabochnia.pl\/wp-content\/uploads\/2017\/01\/IMG_20170108_015900-768x461.jpg 768w, https:\/\/www.mojabochnia.pl\/wp-content\/uploads\/2017\/01\/IMG_20170108_015900-660x396.jpg 660w, https:\/\/www.mojabochnia.pl\/wp-content\/uploads\/2017\/01\/IMG_20170108_015900-152x91.jpg 152w, https:\/\/www.mojabochnia.pl\/wp-content\/uploads\/2017\/01\/IMG_20170108_015900.jpg 800w\" sizes=\"auto, (max-width: 100px) 100vw, 100px\" \/><\/a>\t    <\/div>\r\n\t    ","protected":false},"excerpt":{"rendered":"<p>W sobot\u0119 7 stycznia w Trzcianie dosz\u0142o do po\u017caru domu jednorodzinnego. Ogie\u0144 przeni\u00f3s\u0142 si\u0119 na wi\u0119\u017ab\u0119 dachow\u0105 od komina. Na szcz\u0119\u015bcie nikomu nic si\u0119 nie sta\u0142o. <\/p>\n","protected":false},"author":4,"featured_media":164829,"comment_status":"open","ping_status":"closed","sticky":false,"template":"","format":"standard","meta":{"_acf_changed":false,"footnotes":""},"categories":[5,6247,6246,6251,6250],"tags":[17140,17141,17169],"class_list":["post-164823","post","type-post","status-publish","format-standard","has-post-thumbnail","hentry","category-biezace-wydarzenia","category-fotogaleria","category-medium","category-polityka-i-wydarzenia","category-tematyka","tag-pozar","tag-straz-pozarna","tag-trzciana","main_tag-pozar"],"acf":[],"yoast_head":"<!-- This site is optimized with the Yoast SEO plugin v26.9 - https:\/\/yoast.com\/product\/yoast-seo-wordpress\/ -->\n<title>Po\u017car w Trzcianie, rodzina sp\u0119dzi\u0142a noc u s\u0105siad\u00f3w - mojabochnia.pl - portal informacyjny<\/title>\n<meta name=\"robots\" content=\"index, follow, max-snippet:-1, max-image-preview:large, max-video-preview:-1\" \/>\n<link rel=\"canonical\" href=\"https:\/\/www.mojabochnia.pl\/?p=164823\" \/>\n<meta property=\"og:locale\" content=\"pl_PL\" \/>\n<meta property=\"og:type\" content=\"article\" \/>\n<meta property=\"og:title\" content=\"Po\u017car w Trzcianie, rodzina sp\u0119dzi\u0142a noc u s\u0105siad\u00f3w - mojabochnia.pl - portal informacyjny\" \/>\n<meta property=\"og:description\" content=\"W sobot\u0119 7 stycznia w Trzcianie dosz\u0142o do po\u017caru domu jednorodzinnego. Ogie\u0144 przeni\u00f3s\u0142 si\u0119 na wi\u0119\u017ab\u0119 dachow\u0105 od komina. Na szcz\u0119\u015bcie nikomu nic si\u0119 nie sta\u0142o.\" \/>\n<meta property=\"og:url\" content=\"https:\/\/www.mojabochnia.pl\/?p=164823\" \/>\n<meta property=\"og:site_name\" content=\"mojabochnia.pl - portal informacyjny\" \/>\n<meta property=\"article:publisher\" content=\"https:\/\/www.facebook.com\/mojabochnia\" \/>\n<meta property=\"article:published_time\" content=\"2017-01-09T14:40:33+00:00\" \/>\n<meta property=\"article:modified_time\" content=\"2017-01-09T14:52:56+00:00\" \/>\n<meta property=\"og:image\" content=\"https:\/\/www.mojabochnia.pl\/wp-content\/uploads\/2017\/01\/IMG_20170108_015900.jpg\" \/>\n\t<meta property=\"og:image:width\" content=\"800\" \/>\n\t<meta property=\"og:image:height\" content=\"480\" \/>\n\t<meta property=\"og:image:type\" content=\"image\/jpeg\" \/>\n<meta name=\"author\" content=\"Pawe\u0142 Michalczyk\" \/>\n<meta name=\"twitter:card\" content=\"summary_large_image\" \/>\n<meta name=\"twitter:label1\" content=\"Written by\" \/>\n\t<meta name=\"twitter:data1\" content=\"Pawe\u0142 Michalczyk\" \/>\n\t<meta name=\"twitter:label2\" content=\"Est. reading time\" \/>\n\t<meta name=\"twitter:data2\" content=\"1 minuta\" \/>\n<script type=\"application\/ld+json\" class=\"yoast-schema-graph\">{\"@context\":\"https:\/\/schema.org\",\"@graph\":[{\"@type\":\"Article\",\"@id\":\"https:\/\/www.mojabochnia.pl\/?p=164823#article\",\"isPartOf\":{\"@id\":\"https:\/\/www.mojabochnia.pl\/?p=164823\"},\"author\":{\"name\":\"Pawe\u0142 Michalczyk\",\"@id\":\"https:\/\/www.mojabochnia.pl\/#\/schema\/person\/ea042e4724a77627963f02166828ead4\"},\"headline\":\"Po\u017car w Trzcianie, rodzina sp\u0119dzi\u0142a noc u s\u0105siad\u00f3w\",\"datePublished\":\"2017-01-09T14:40:33+00:00\",\"dateModified\":\"2017-01-09T14:52:56+00:00\",\"mainEntityOfPage\":{\"@id\":\"https:\/\/www.mojabochnia.pl\/?p=164823\"},\"wordCount\":165,\"commentCount\":0,\"publisher\":{\"@id\":\"https:\/\/www.mojabochnia.pl\/#organization\"},\"image\":{\"@id\":\"https:\/\/www.mojabochnia.pl\/?p=164823#primaryimage\"},\"thumbnailUrl\":\"https:\/\/www.mojabochnia.pl\/wp-content\/uploads\/2017\/01\/IMG_20170108_015900.jpg\",\"keywords\":[\"po\u017car\",\"stra\u017c po\u017carna\",\"Trzciana\"],\"articleSection\":[\"2_ostatnie\",\"fotogaleria\",\"Medium\",\"polityka i wydarzenia\",\"tematyka\"],\"inLanguage\":\"pl-PL\",\"potentialAction\":[{\"@type\":\"CommentAction\",\"name\":\"Comment\",\"target\":[\"https:\/\/www.mojabochnia.pl\/?p=164823#respond\"]}]},{\"@type\":\"WebPage\",\"@id\":\"https:\/\/www.mojabochnia.pl\/?p=164823\",\"url\":\"https:\/\/www.mojabochnia.pl\/?p=164823\",\"name\":\"Po\u017car w Trzcianie, rodzina sp\u0119dzi\u0142a noc u s\u0105siad\u00f3w - mojabochnia.pl - portal informacyjny\",\"isPartOf\":{\"@id\":\"https:\/\/www.mojabochnia.pl\/#website\"},\"primaryImageOfPage\":{\"@id\":\"https:\/\/www.mojabochnia.pl\/?p=164823#primaryimage\"},\"image\":{\"@id\":\"https:\/\/www.mojabochnia.pl\/?p=164823#primaryimage\"},\"thumbnailUrl\":\"https:\/\/www.mojabochnia.pl\/wp-content\/uploads\/2017\/01\/IMG_20170108_015900.jpg\",\"datePublished\":\"2017-01-09T14:40:33+00:00\",\"dateModified\":\"2017-01-09T14:52:56+00:00\",\"breadcrumb\":{\"@id\":\"https:\/\/www.mojabochnia.pl\/?p=164823#breadcrumb\"},\"inLanguage\":\"pl-PL\",\"potentialAction\":[{\"@type\":\"ReadAction\",\"target\":[\"https:\/\/www.mojabochnia.pl\/?p=164823\"]}]},{\"@type\":\"ImageObject\",\"inLanguage\":\"pl-PL\",\"@id\":\"https:\/\/www.mojabochnia.pl\/?p=164823#primaryimage\",\"url\":\"https:\/\/www.mojabochnia.pl\/wp-content\/uploads\/2017\/01\/IMG_20170108_015900.jpg\",\"contentUrl\":\"https:\/\/www.mojabochnia.pl\/wp-content\/uploads\/2017\/01\/IMG_20170108_015900.jpg\",\"width\":800,\"height\":480,\"caption\":\"PSP Bochnia\"},{\"@type\":\"BreadcrumbList\",\"@id\":\"https:\/\/www.mojabochnia.pl\/?p=164823#breadcrumb\",\"itemListElement\":[{\"@type\":\"ListItem\",\"position\":1,\"name\":\"Home\",\"item\":\"https:\/\/www.mojabochnia.pl\/\"},{\"@type\":\"ListItem\",\"position\":2,\"name\":\"Po\u017car w Trzcianie, rodzina sp\u0119dzi\u0142a noc u s\u0105siad\u00f3w\"}]},{\"@type\":\"WebSite\",\"@id\":\"https:\/\/www.mojabochnia.pl\/#website\",\"url\":\"https:\/\/www.mojabochnia.pl\/\",\"name\":\"mojabochnia.pl - portal informacyjny\",\"description\":\"mojaBochnia to portal informacyjny o Bochni. Codziennie o Bochni piszemy i pokazujemy najwa\u017cniejsze wydarzenia\",\"publisher\":{\"@id\":\"https:\/\/www.mojabochnia.pl\/#organization\"},\"potentialAction\":[{\"@type\":\"SearchAction\",\"target\":{\"@type\":\"EntryPoint\",\"urlTemplate\":\"https:\/\/www.mojabochnia.pl\/?s={search_term_string}\"},\"query-input\":{\"@type\":\"PropertyValueSpecification\",\"valueRequired\":true,\"valueName\":\"search_term_string\"}}],\"inLanguage\":\"pl-PL\"},{\"@type\":\"Organization\",\"@id\":\"https:\/\/www.mojabochnia.pl\/#organization\",\"name\":\"mojabochnia.pl - portal informacyjny\",\"url\":\"https:\/\/www.mojabochnia.pl\/\",\"logo\":{\"@type\":\"ImageObject\",\"inLanguage\":\"pl-PL\",\"@id\":\"https:\/\/www.mojabochnia.pl\/#\/schema\/logo\/image\/\",\"url\":\"https:\/\/www.mojabochnia.pl\/wp-content\/uploads\/2017\/08\/logo-mb-opt.png\",\"contentUrl\":\"https:\/\/www.mojabochnia.pl\/wp-content\/uploads\/2017\/08\/logo-mb-opt.png\",\"width\":250,\"height\":48,\"caption\":\"mojabochnia.pl - portal informacyjny\"},\"image\":{\"@id\":\"https:\/\/www.mojabochnia.pl\/#\/schema\/logo\/image\/\"},\"sameAs\":[\"https:\/\/www.facebook.com\/mojabochnia\"]},{\"@type\":\"Person\",\"@id\":\"https:\/\/www.mojabochnia.pl\/#\/schema\/person\/ea042e4724a77627963f02166828ead4\",\"name\":\"Pawe\u0142 Michalczyk\",\"url\":\"https:\/\/www.mojabochnia.pl\/?author=4\"}]}<\/script>\n<!-- \/ Yoast SEO plugin. -->","yoast_head_json":{"title":"Po\u017car w Trzcianie, rodzina sp\u0119dzi\u0142a noc u s\u0105siad\u00f3w - mojabochnia.pl - portal informacyjny","robots":{"index":"index","follow":"follow","max-snippet":"max-snippet:-1","max-image-preview":"max-image-preview:large","max-video-preview":"max-video-preview:-1"},"canonical":"https:\/\/www.mojabochnia.pl\/?p=164823","og_locale":"pl_PL","og_type":"article","og_title":"Po\u017car w Trzcianie, rodzina sp\u0119dzi\u0142a noc u s\u0105siad\u00f3w - mojabochnia.pl - portal informacyjny","og_description":"W sobot\u0119 7 stycznia w Trzcianie dosz\u0142o do po\u017caru domu jednorodzinnego. Ogie\u0144 przeni\u00f3s\u0142 si\u0119 na wi\u0119\u017ab\u0119 dachow\u0105 od komina. Na szcz\u0119\u015bcie nikomu nic si\u0119 nie sta\u0142o.","og_url":"https:\/\/www.mojabochnia.pl\/?p=164823","og_site_name":"mojabochnia.pl - portal informacyjny","article_publisher":"https:\/\/www.facebook.com\/mojabochnia","article_published_time":"2017-01-09T14:40:33+00:00","article_modified_time":"2017-01-09T14:52:56+00:00","og_image":[{"width":800,"height":480,"url":"https:\/\/www.mojabochnia.pl\/wp-content\/uploads\/2017\/01\/IMG_20170108_015900.jpg","type":"image\/jpeg"}],"author":"Pawe\u0142 Michalczyk","twitter_card":"summary_large_image","twitter_misc":{"Written by":"Pawe\u0142 Michalczyk","Est. reading time":"1 minuta"},"schema":{"@context":"https:\/\/schema.org","@graph":[{"@type":"Article","@id":"https:\/\/www.mojabochnia.pl\/?p=164823#article","isPartOf":{"@id":"https:\/\/www.mojabochnia.pl\/?p=164823"},"author":{"name":"Pawe\u0142 Michalczyk","@id":"https:\/\/www.mojabochnia.pl\/#\/schema\/person\/ea042e4724a77627963f02166828ead4"},"headline":"Po\u017car w Trzcianie, rodzina sp\u0119dzi\u0142a noc u s\u0105siad\u00f3w","datePublished":"2017-01-09T14:40:33+00:00","dateModified":"2017-01-09T14:52:56+00:00","mainEntityOfPage":{"@id":"https:\/\/www.mojabochnia.pl\/?p=164823"},"wordCount":165,"commentCount":0,"publisher":{"@id":"https:\/\/www.mojabochnia.pl\/#organization"},"image":{"@id":"https:\/\/www.mojabochnia.pl\/?p=164823#primaryimage"},"thumbnailUrl":"https:\/\/www.mojabochnia.pl\/wp-content\/uploads\/2017\/01\/IMG_20170108_015900.jpg","keywords":["po\u017car","stra\u017c po\u017carna","Trzciana"],"articleSection":["2_ostatnie","fotogaleria","Medium","polityka i wydarzenia","tematyka"],"inLanguage":"pl-PL","potentialAction":[{"@type":"CommentAction","name":"Comment","target":["https:\/\/www.mojabochnia.pl\/?p=164823#respond"]}]},{"@type":"WebPage","@id":"https:\/\/www.mojabochnia.pl\/?p=164823","url":"https:\/\/www.mojabochnia.pl\/?p=164823","name":"Po\u017car w Trzcianie, rodzina sp\u0119dzi\u0142a noc u s\u0105siad\u00f3w - mojabochnia.pl - portal informacyjny","isPartOf":{"@id":"https:\/\/www.mojabochnia.pl\/#website"},"primaryImageOfPage":{"@id":"https:\/\/www.mojabochnia.pl\/?p=164823#primaryimage"},"image":{"@id":"https:\/\/www.mojabochnia.pl\/?p=164823#primaryimage"},"thumbnailUrl":"https:\/\/www.mojabochnia.pl\/wp-content\/uploads\/2017\/01\/IMG_20170108_015900.jpg","datePublished":"2017-01-09T14:40:33+00:00","dateModified":"2017-01-09T14:52:56+00:00","breadcrumb":{"@id":"https:\/\/www.mojabochnia.pl\/?p=164823#breadcrumb"},"inLanguage":"pl-PL","potentialAction":[{"@type":"ReadAction","target":["https:\/\/www.mojabochnia.pl\/?p=164823"]}]},{"@type":"ImageObject","inLanguage":"pl-PL","@id":"https:\/\/www.mojabochnia.pl\/?p=164823#primaryimage","url":"https:\/\/www.mojabochnia.pl\/wp-content\/uploads\/2017\/01\/IMG_20170108_015900.jpg","contentUrl":"https:\/\/www.mojabochnia.pl\/wp-content\/uploads\/2017\/01\/IMG_20170108_015900.jpg","width":800,"height":480,"caption":"PSP Bochnia"},{"@type":"BreadcrumbList","@id":"https:\/\/www.mojabochnia.pl\/?p=164823#breadcrumb","itemListElement":[{"@type":"ListItem","position":1,"name":"Home","item":"https:\/\/www.mojabochnia.pl\/"},{"@type":"ListItem","position":2,"name":"Po\u017car w Trzcianie, rodzina sp\u0119dzi\u0142a noc u s\u0105siad\u00f3w"}]},{"@type":"WebSite","@id":"https:\/\/www.mojabochnia.pl\/#website","url":"https:\/\/www.mojabochnia.pl\/","name":"mojabochnia.pl - portal informacyjny","description":"mojaBochnia to portal informacyjny o Bochni. Codziennie o Bochni piszemy i pokazujemy najwa\u017cniejsze wydarzenia","publisher":{"@id":"https:\/\/www.mojabochnia.pl\/#organization"},"potentialAction":[{"@type":"SearchAction","target":{"@type":"EntryPoint","urlTemplate":"https:\/\/www.mojabochnia.pl\/?s={search_term_string}"},"query-input":{"@type":"PropertyValueSpecification","valueRequired":true,"valueName":"search_term_string"}}],"inLanguage":"pl-PL"},{"@type":"Organization","@id":"https:\/\/www.mojabochnia.pl\/#organization","name":"mojabochnia.pl - portal informacyjny","url":"https:\/\/www.mojabochnia.pl\/","logo":{"@type":"ImageObject","inLanguage":"pl-PL","@id":"https:\/\/www.mojabochnia.pl\/#\/schema\/logo\/image\/","url":"https:\/\/www.mojabochnia.pl\/wp-content\/uploads\/2017\/08\/logo-mb-opt.png","contentUrl":"https:\/\/www.mojabochnia.pl\/wp-content\/uploads\/2017\/08\/logo-mb-opt.png","width":250,"height":48,"caption":"mojabochnia.pl - portal informacyjny"},"image":{"@id":"https:\/\/www.mojabochnia.pl\/#\/schema\/logo\/image\/"},"sameAs":["https:\/\/www.facebook.com\/mojabochnia"]},{"@type":"Person","@id":"https:\/\/www.mojabochnia.pl\/#\/schema\/person\/ea042e4724a77627963f02166828ead4","name":"Pawe\u0142 Michalczyk","url":"https:\/\/www.mojabochnia.pl\/?author=4"}]}},"_links":{"self":[{"href":"https:\/\/www.mojabochnia.pl\/index.php?rest_route=\/wp\/v2\/posts\/164823","targetHints":{"allow":["GET"]}}],"collection":[{"href":"https:\/\/www.mojabochnia.pl\/index.php?rest_route=\/wp\/v2\/posts"}],"about":[{"href":"https:\/\/www.mojabochnia.pl\/index.php?rest_route=\/wp\/v2\/types\/post"}],"author":[{"embeddable":true,"href":"https:\/\/www.mojabochnia.pl\/index.php?rest_route=\/wp\/v2\/users\/4"}],"replies":[{"embeddable":true,"href":"https:\/\/www.mojabochnia.pl\/index.php?rest_route=%2Fwp%2Fv2%2Fcomments&post=164823"}],"version-history":[{"count":5,"href":"https:\/\/www.mojabochnia.pl\/index.php?rest_route=\/wp\/v2\/posts\/164823\/revisions"}],"predecessor-version":[{"id":164836,"href":"https:\/\/www.mojabochnia.pl\/index.php?rest_route=\/wp\/v2\/posts\/164823\/revisions\/164836"}],"wp:featuredmedia":[{"embeddable":true,"href":"https:\/\/www.mojabochnia.pl\/index.php?rest_route=\/wp\/v2\/media\/164829"}],"wp:attachment":[{"href":"https:\/\/www.mojabochnia.pl\/index.php?rest_route=%2Fwp%2Fv2%2Fmedia&parent=164823"}],"wp:term":[{"taxonomy":"category","embeddable":true,"href":"https:\/\/www.mojabochnia.pl\/index.php?rest_route=%2Fwp%2Fv2%2Fcategories&post=164823"},{"taxonomy":"post_tag","embeddable":true,"href":"https:\/\/www.mojabochnia.pl\/index.php?rest_route=%2Fwp%2Fv2%2Ftags&post=164823"}],"curies":[{"name":"wp","href":"https:\/\/api.w.org\/{rel}","templated":true}]}}