{"id":164815,"date":"2017-01-09T15:12:47","date_gmt":"2017-01-09T14:12:47","guid":{"rendered":"http:\/\/www.mojabochnia.pl\/?p=164815"},"modified":"2017-01-09T15:17:11","modified_gmt":"2017-01-09T14:17:11","slug":"muchowka-pozar-samochodu-przeniosl-sie-na-sklep","status":"publish","type":"post","link":"https:\/\/www.mojabochnia.pl\/?p=164815","title":{"rendered":"Much\u00f3wka: po\u017car samochodu przeni\u00f3s\u0142 si\u0119 na sklep"},"content":{"rendered":"<p>Do zdarzenia dosz\u0142o 7 stycznia ok. godz. 6.30 w Much\u00f3wce. Na parkingu obok sklepu Groszek zapali\u0142 si\u0119 samoch\u00f3d marki Renault Traffic. <\/p>\n<p><em>Pojazd sp\u0142on\u0105\u0142 doszcz\u0119tnie, opr\u00f3cz tego cz\u0119\u015bciowemu zniszczeniu uleg\u0142 budynek sklepu: elewacja \u015bciany, trzy okna, stojak na reklam\u0119 i dach \u2013<\/em> wylicza \u0141ukasz Ostr\u0119ga, oficer prasowy boche\u0144skiej komendy. <\/p>\n<p>Z ustale\u0144 \u015bledczych wynika, \u017ce najprawdopodobniej dosz\u0142o do zwarcia instalacji elektrycznej. Straty oszacowano na 35 tys. z\u0142 (10 tys. z\u0142 samoch\u00f3d oraz 25 tys. z\u0142 budynek).<\/p>\n<p><iframe loading=\"lazy\" src=\"https:\/\/www.facebook.com\/plugins\/post.php?href=https%3A%2F%2Fwww.facebook.com%2Fpermalink.php%3Fstory_fbid%3D540643102811954%26id%3D332797530263180&#038;width=500\" width=\"500\" height=\"784\" style=\"border:none;overflow:hidden\" scrolling=\"no\" frameborder=\"0\" allowTransparency=\"true\"><\/iframe><\/p>\n\t  \r\n\t\r\n\t    <div class=\"mb-gallery\">\r\n\t    <a href=\"https:\/\/www.mojabochnia.pl\/?attachment_id=164818\" class=\"\"><img loading=\"lazy\" decoding=\"async\" width=\"100\" height=\"56\" src=\"https:\/\/www.mojabochnia.pl\/wp-content\/uploads\/2017\/01\/muchow-120x67.jpg\" class=\"attachment-100x100 size-100x100\" alt=\"\" srcset=\"https:\/\/www.mojabochnia.pl\/wp-content\/uploads\/2017\/01\/muchow-120x67.jpg 120w, https:\/\/www.mojabochnia.pl\/wp-content\/uploads\/2017\/01\/muchow-468x262.jpg 468w, https:\/\/www.mojabochnia.pl\/wp-content\/uploads\/2017\/01\/muchow-768x430.jpg 768w, https:\/\/www.mojabochnia.pl\/wp-content\/uploads\/2017\/01\/muchow-660x370.jpg 660w, https:\/\/www.mojabochnia.pl\/wp-content\/uploads\/2017\/01\/muchow-152x85.jpg 152w, https:\/\/www.mojabochnia.pl\/wp-content\/uploads\/2017\/01\/muchow.jpg 960w\" sizes=\"auto, (max-width: 100px) 100vw, 100px\" \/><\/a><a href=\"https:\/\/www.mojabochnia.pl\/?attachment_id=164819\" class=\"\"><img loading=\"lazy\" decoding=\"async\" width=\"100\" height=\"56\" src=\"https:\/\/www.mojabochnia.pl\/wp-content\/uploads\/2017\/01\/muchow1-120x67.jpg\" class=\"attachment-100x100 size-100x100\" alt=\"\" srcset=\"https:\/\/www.mojabochnia.pl\/wp-content\/uploads\/2017\/01\/muchow1-120x67.jpg 120w, https:\/\/www.mojabochnia.pl\/wp-content\/uploads\/2017\/01\/muchow1-468x262.jpg 468w, https:\/\/www.mojabochnia.pl\/wp-content\/uploads\/2017\/01\/muchow1-768x430.jpg 768w, https:\/\/www.mojabochnia.pl\/wp-content\/uploads\/2017\/01\/muchow1-660x370.jpg 660w, https:\/\/www.mojabochnia.pl\/wp-content\/uploads\/2017\/01\/muchow1-152x85.jpg 152w, https:\/\/www.mojabochnia.pl\/wp-content\/uploads\/2017\/01\/muchow1.jpg 960w\" sizes=\"auto, (max-width: 100px) 100vw, 100px\" \/><\/a>\t    <\/div>\r\n\t    ","protected":false},"excerpt":{"rendered":"<p>7 stycznia w Much\u00f3wce dosz\u0142o do gro\u017anie wygl\u0105daj\u0105cego po\u017caru. Doszcz\u0119tnie sp\u0142on\u0105\u0142 zaparkowany obok sklepu samoch\u00f3d dostawczy, a ogie\u0144 zaj\u0105\u0142 r\u00f3wnie\u017c cz\u0119\u015b\u0107 budynku handlowego. <\/p>\n","protected":false},"author":4,"featured_media":164818,"comment_status":"open","ping_status":"closed","sticky":false,"template":"","format":"standard","meta":{"_acf_changed":false,"footnotes":""},"categories":[5,6251,6250],"tags":[17148,17140],"class_list":["post-164815","post","type-post","status-publish","format-standard","has-post-thumbnail","hentry","category-biezace-wydarzenia","category-polityka-i-wydarzenia","category-tematyka","tag-muchowka","tag-pozar","main_tag-pozar"],"acf":[],"yoast_head":"<!-- This site is optimized with the Yoast SEO plugin v26.9 - https:\/\/yoast.com\/product\/yoast-seo-wordpress\/ -->\n<title>Much\u00f3wka: po\u017car samochodu przeni\u00f3s\u0142 si\u0119 na sklep - mojabochnia.pl - portal informacyjny<\/title>\n<meta name=\"robots\" content=\"index, follow, max-snippet:-1, max-image-preview:large, max-video-preview:-1\" \/>\n<link rel=\"canonical\" href=\"https:\/\/www.mojabochnia.pl\/?p=164815\" \/>\n<meta property=\"og:locale\" content=\"pl_PL\" \/>\n<meta property=\"og:type\" content=\"article\" \/>\n<meta property=\"og:title\" content=\"Much\u00f3wka: po\u017car samochodu przeni\u00f3s\u0142 si\u0119 na sklep - mojabochnia.pl - portal informacyjny\" \/>\n<meta property=\"og:description\" content=\"7 stycznia w Much\u00f3wce dosz\u0142o do gro\u017anie wygl\u0105daj\u0105cego po\u017caru. Doszcz\u0119tnie sp\u0142on\u0105\u0142 zaparkowany obok sklepu samoch\u00f3d dostawczy, a ogie\u0144 zaj\u0105\u0142 r\u00f3wnie\u017c cz\u0119\u015b\u0107 budynku handlowego.\" \/>\n<meta property=\"og:url\" content=\"https:\/\/www.mojabochnia.pl\/?p=164815\" \/>\n<meta property=\"og:site_name\" content=\"mojabochnia.pl - portal informacyjny\" \/>\n<meta property=\"article:publisher\" content=\"https:\/\/www.facebook.com\/mojabochnia\" \/>\n<meta property=\"article:published_time\" content=\"2017-01-09T14:12:47+00:00\" \/>\n<meta property=\"article:modified_time\" content=\"2017-01-09T14:17:11+00:00\" \/>\n<meta property=\"og:image\" content=\"https:\/\/www.mojabochnia.pl\/wp-content\/uploads\/2017\/01\/muchow.jpg\" \/>\n\t<meta property=\"og:image:width\" content=\"960\" \/>\n\t<meta property=\"og:image:height\" content=\"538\" \/>\n\t<meta property=\"og:image:type\" content=\"image\/jpeg\" \/>\n<meta name=\"author\" content=\"Pawe\u0142 Michalczyk\" \/>\n<meta name=\"twitter:card\" content=\"summary_large_image\" \/>\n<meta name=\"twitter:label1\" content=\"Written by\" \/>\n\t<meta name=\"twitter:data1\" content=\"Pawe\u0142 Michalczyk\" \/>\n<script type=\"application\/ld+json\" class=\"yoast-schema-graph\">{\"@context\":\"https:\/\/schema.org\",\"@graph\":[{\"@type\":\"Article\",\"@id\":\"https:\/\/www.mojabochnia.pl\/?p=164815#article\",\"isPartOf\":{\"@id\":\"https:\/\/www.mojabochnia.pl\/?p=164815\"},\"author\":{\"name\":\"Pawe\u0142 Michalczyk\",\"@id\":\"https:\/\/www.mojabochnia.pl\/#\/schema\/person\/ea042e4724a77627963f02166828ead4\"},\"headline\":\"Much\u00f3wka: po\u017car samochodu przeni\u00f3s\u0142 si\u0119 na sklep\",\"datePublished\":\"2017-01-09T14:12:47+00:00\",\"dateModified\":\"2017-01-09T14:17:11+00:00\",\"mainEntityOfPage\":{\"@id\":\"https:\/\/www.mojabochnia.pl\/?p=164815\"},\"wordCount\":89,\"commentCount\":0,\"publisher\":{\"@id\":\"https:\/\/www.mojabochnia.pl\/#organization\"},\"image\":{\"@id\":\"https:\/\/www.mojabochnia.pl\/?p=164815#primaryimage\"},\"thumbnailUrl\":\"https:\/\/www.mojabochnia.pl\/wp-content\/uploads\/2017\/01\/muchow.jpg\",\"keywords\":[\"much\u00f3wka\",\"po\u017car\"],\"articleSection\":[\"2_ostatnie\",\"polityka i wydarzenia\",\"tematyka\"],\"inLanguage\":\"pl-PL\",\"potentialAction\":[{\"@type\":\"CommentAction\",\"name\":\"Comment\",\"target\":[\"https:\/\/www.mojabochnia.pl\/?p=164815#respond\"]}]},{\"@type\":\"WebPage\",\"@id\":\"https:\/\/www.mojabochnia.pl\/?p=164815\",\"url\":\"https:\/\/www.mojabochnia.pl\/?p=164815\",\"name\":\"Much\u00f3wka: po\u017car samochodu przeni\u00f3s\u0142 si\u0119 na sklep - mojabochnia.pl - portal informacyjny\",\"isPartOf\":{\"@id\":\"https:\/\/www.mojabochnia.pl\/#website\"},\"primaryImageOfPage\":{\"@id\":\"https:\/\/www.mojabochnia.pl\/?p=164815#primaryimage\"},\"image\":{\"@id\":\"https:\/\/www.mojabochnia.pl\/?p=164815#primaryimage\"},\"thumbnailUrl\":\"https:\/\/www.mojabochnia.pl\/wp-content\/uploads\/2017\/01\/muchow.jpg\",\"datePublished\":\"2017-01-09T14:12:47+00:00\",\"dateModified\":\"2017-01-09T14:17:11+00:00\",\"breadcrumb\":{\"@id\":\"https:\/\/www.mojabochnia.pl\/?p=164815#breadcrumb\"},\"inLanguage\":\"pl-PL\",\"potentialAction\":[{\"@type\":\"ReadAction\",\"target\":[\"https:\/\/www.mojabochnia.pl\/?p=164815\"]}]},{\"@type\":\"ImageObject\",\"inLanguage\":\"pl-PL\",\"@id\":\"https:\/\/www.mojabochnia.pl\/?p=164815#primaryimage\",\"url\":\"https:\/\/www.mojabochnia.pl\/wp-content\/uploads\/2017\/01\/muchow.jpg\",\"contentUrl\":\"https:\/\/www.mojabochnia.pl\/wp-content\/uploads\/2017\/01\/muchow.jpg\",\"width\":960,\"height\":538,\"caption\":\"Ochotnicza Stra\u017c Po\u017carna Nowy Wi\u015bnicz\"},{\"@type\":\"BreadcrumbList\",\"@id\":\"https:\/\/www.mojabochnia.pl\/?p=164815#breadcrumb\",\"itemListElement\":[{\"@type\":\"ListItem\",\"position\":1,\"name\":\"Home\",\"item\":\"https:\/\/www.mojabochnia.pl\/\"},{\"@type\":\"ListItem\",\"position\":2,\"name\":\"Much\u00f3wka: po\u017car samochodu przeni\u00f3s\u0142 si\u0119 na sklep\"}]},{\"@type\":\"WebSite\",\"@id\":\"https:\/\/www.mojabochnia.pl\/#website\",\"url\":\"https:\/\/www.mojabochnia.pl\/\",\"name\":\"mojabochnia.pl - portal informacyjny\",\"description\":\"mojaBochnia to portal informacyjny o Bochni. Codziennie o Bochni piszemy i pokazujemy najwa\u017cniejsze wydarzenia\",\"publisher\":{\"@id\":\"https:\/\/www.mojabochnia.pl\/#organization\"},\"potentialAction\":[{\"@type\":\"SearchAction\",\"target\":{\"@type\":\"EntryPoint\",\"urlTemplate\":\"https:\/\/www.mojabochnia.pl\/?s={search_term_string}\"},\"query-input\":{\"@type\":\"PropertyValueSpecification\",\"valueRequired\":true,\"valueName\":\"search_term_string\"}}],\"inLanguage\":\"pl-PL\"},{\"@type\":\"Organization\",\"@id\":\"https:\/\/www.mojabochnia.pl\/#organization\",\"name\":\"mojabochnia.pl - portal informacyjny\",\"url\":\"https:\/\/www.mojabochnia.pl\/\",\"logo\":{\"@type\":\"ImageObject\",\"inLanguage\":\"pl-PL\",\"@id\":\"https:\/\/www.mojabochnia.pl\/#\/schema\/logo\/image\/\",\"url\":\"https:\/\/www.mojabochnia.pl\/wp-content\/uploads\/2017\/08\/logo-mb-opt.png\",\"contentUrl\":\"https:\/\/www.mojabochnia.pl\/wp-content\/uploads\/2017\/08\/logo-mb-opt.png\",\"width\":250,\"height\":48,\"caption\":\"mojabochnia.pl - portal informacyjny\"},\"image\":{\"@id\":\"https:\/\/www.mojabochnia.pl\/#\/schema\/logo\/image\/\"},\"sameAs\":[\"https:\/\/www.facebook.com\/mojabochnia\"]},{\"@type\":\"Person\",\"@id\":\"https:\/\/www.mojabochnia.pl\/#\/schema\/person\/ea042e4724a77627963f02166828ead4\",\"name\":\"Pawe\u0142 Michalczyk\",\"url\":\"https:\/\/www.mojabochnia.pl\/?author=4\"}]}<\/script>\n<!-- \/ Yoast SEO plugin. -->","yoast_head_json":{"title":"Much\u00f3wka: po\u017car samochodu przeni\u00f3s\u0142 si\u0119 na sklep - mojabochnia.pl - portal informacyjny","robots":{"index":"index","follow":"follow","max-snippet":"max-snippet:-1","max-image-preview":"max-image-preview:large","max-video-preview":"max-video-preview:-1"},"canonical":"https:\/\/www.mojabochnia.pl\/?p=164815","og_locale":"pl_PL","og_type":"article","og_title":"Much\u00f3wka: po\u017car samochodu przeni\u00f3s\u0142 si\u0119 na sklep - mojabochnia.pl - portal informacyjny","og_description":"7 stycznia w Much\u00f3wce dosz\u0142o do gro\u017anie wygl\u0105daj\u0105cego po\u017caru. Doszcz\u0119tnie sp\u0142on\u0105\u0142 zaparkowany obok sklepu samoch\u00f3d dostawczy, a ogie\u0144 zaj\u0105\u0142 r\u00f3wnie\u017c cz\u0119\u015b\u0107 budynku handlowego.","og_url":"https:\/\/www.mojabochnia.pl\/?p=164815","og_site_name":"mojabochnia.pl - portal informacyjny","article_publisher":"https:\/\/www.facebook.com\/mojabochnia","article_published_time":"2017-01-09T14:12:47+00:00","article_modified_time":"2017-01-09T14:17:11+00:00","og_image":[{"width":960,"height":538,"url":"https:\/\/www.mojabochnia.pl\/wp-content\/uploads\/2017\/01\/muchow.jpg","type":"image\/jpeg"}],"author":"Pawe\u0142 Michalczyk","twitter_card":"summary_large_image","twitter_misc":{"Written by":"Pawe\u0142 Michalczyk"},"schema":{"@context":"https:\/\/schema.org","@graph":[{"@type":"Article","@id":"https:\/\/www.mojabochnia.pl\/?p=164815#article","isPartOf":{"@id":"https:\/\/www.mojabochnia.pl\/?p=164815"},"author":{"name":"Pawe\u0142 Michalczyk","@id":"https:\/\/www.mojabochnia.pl\/#\/schema\/person\/ea042e4724a77627963f02166828ead4"},"headline":"Much\u00f3wka: po\u017car samochodu przeni\u00f3s\u0142 si\u0119 na sklep","datePublished":"2017-01-09T14:12:47+00:00","dateModified":"2017-01-09T14:17:11+00:00","mainEntityOfPage":{"@id":"https:\/\/www.mojabochnia.pl\/?p=164815"},"wordCount":89,"commentCount":0,"publisher":{"@id":"https:\/\/www.mojabochnia.pl\/#organization"},"image":{"@id":"https:\/\/www.mojabochnia.pl\/?p=164815#primaryimage"},"thumbnailUrl":"https:\/\/www.mojabochnia.pl\/wp-content\/uploads\/2017\/01\/muchow.jpg","keywords":["much\u00f3wka","po\u017car"],"articleSection":["2_ostatnie","polityka i wydarzenia","tematyka"],"inLanguage":"pl-PL","potentialAction":[{"@type":"CommentAction","name":"Comment","target":["https:\/\/www.mojabochnia.pl\/?p=164815#respond"]}]},{"@type":"WebPage","@id":"https:\/\/www.mojabochnia.pl\/?p=164815","url":"https:\/\/www.mojabochnia.pl\/?p=164815","name":"Much\u00f3wka: po\u017car samochodu przeni\u00f3s\u0142 si\u0119 na sklep - mojabochnia.pl - portal informacyjny","isPartOf":{"@id":"https:\/\/www.mojabochnia.pl\/#website"},"primaryImageOfPage":{"@id":"https:\/\/www.mojabochnia.pl\/?p=164815#primaryimage"},"image":{"@id":"https:\/\/www.mojabochnia.pl\/?p=164815#primaryimage"},"thumbnailUrl":"https:\/\/www.mojabochnia.pl\/wp-content\/uploads\/2017\/01\/muchow.jpg","datePublished":"2017-01-09T14:12:47+00:00","dateModified":"2017-01-09T14:17:11+00:00","breadcrumb":{"@id":"https:\/\/www.mojabochnia.pl\/?p=164815#breadcrumb"},"inLanguage":"pl-PL","potentialAction":[{"@type":"ReadAction","target":["https:\/\/www.mojabochnia.pl\/?p=164815"]}]},{"@type":"ImageObject","inLanguage":"pl-PL","@id":"https:\/\/www.mojabochnia.pl\/?p=164815#primaryimage","url":"https:\/\/www.mojabochnia.pl\/wp-content\/uploads\/2017\/01\/muchow.jpg","contentUrl":"https:\/\/www.mojabochnia.pl\/wp-content\/uploads\/2017\/01\/muchow.jpg","width":960,"height":538,"caption":"Ochotnicza Stra\u017c Po\u017carna Nowy Wi\u015bnicz"},{"@type":"BreadcrumbList","@id":"https:\/\/www.mojabochnia.pl\/?p=164815#breadcrumb","itemListElement":[{"@type":"ListItem","position":1,"name":"Home","item":"https:\/\/www.mojabochnia.pl\/"},{"@type":"ListItem","position":2,"name":"Much\u00f3wka: po\u017car samochodu przeni\u00f3s\u0142 si\u0119 na sklep"}]},{"@type":"WebSite","@id":"https:\/\/www.mojabochnia.pl\/#website","url":"https:\/\/www.mojabochnia.pl\/","name":"mojabochnia.pl - portal informacyjny","description":"mojaBochnia to portal informacyjny o Bochni. Codziennie o Bochni piszemy i pokazujemy najwa\u017cniejsze wydarzenia","publisher":{"@id":"https:\/\/www.mojabochnia.pl\/#organization"},"potentialAction":[{"@type":"SearchAction","target":{"@type":"EntryPoint","urlTemplate":"https:\/\/www.mojabochnia.pl\/?s={search_term_string}"},"query-input":{"@type":"PropertyValueSpecification","valueRequired":true,"valueName":"search_term_string"}}],"inLanguage":"pl-PL"},{"@type":"Organization","@id":"https:\/\/www.mojabochnia.pl\/#organization","name":"mojabochnia.pl - portal informacyjny","url":"https:\/\/www.mojabochnia.pl\/","logo":{"@type":"ImageObject","inLanguage":"pl-PL","@id":"https:\/\/www.mojabochnia.pl\/#\/schema\/logo\/image\/","url":"https:\/\/www.mojabochnia.pl\/wp-content\/uploads\/2017\/08\/logo-mb-opt.png","contentUrl":"https:\/\/www.mojabochnia.pl\/wp-content\/uploads\/2017\/08\/logo-mb-opt.png","width":250,"height":48,"caption":"mojabochnia.pl - portal informacyjny"},"image":{"@id":"https:\/\/www.mojabochnia.pl\/#\/schema\/logo\/image\/"},"sameAs":["https:\/\/www.facebook.com\/mojabochnia"]},{"@type":"Person","@id":"https:\/\/www.mojabochnia.pl\/#\/schema\/person\/ea042e4724a77627963f02166828ead4","name":"Pawe\u0142 Michalczyk","url":"https:\/\/www.mojabochnia.pl\/?author=4"}]}},"_links":{"self":[{"href":"https:\/\/www.mojabochnia.pl\/index.php?rest_route=\/wp\/v2\/posts\/164815","targetHints":{"allow":["GET"]}}],"collection":[{"href":"https:\/\/www.mojabochnia.pl\/index.php?rest_route=\/wp\/v2\/posts"}],"about":[{"href":"https:\/\/www.mojabochnia.pl\/index.php?rest_route=\/wp\/v2\/types\/post"}],"author":[{"embeddable":true,"href":"https:\/\/www.mojabochnia.pl\/index.php?rest_route=\/wp\/v2\/users\/4"}],"replies":[{"embeddable":true,"href":"https:\/\/www.mojabochnia.pl\/index.php?rest_route=%2Fwp%2Fv2%2Fcomments&post=164815"}],"version-history":[{"count":4,"href":"https:\/\/www.mojabochnia.pl\/index.php?rest_route=\/wp\/v2\/posts\/164815\/revisions"}],"predecessor-version":[{"id":164821,"href":"https:\/\/www.mojabochnia.pl\/index.php?rest_route=\/wp\/v2\/posts\/164815\/revisions\/164821"}],"wp:featuredmedia":[{"embeddable":true,"href":"https:\/\/www.mojabochnia.pl\/index.php?rest_route=\/wp\/v2\/media\/164818"}],"wp:attachment":[{"href":"https:\/\/www.mojabochnia.pl\/index.php?rest_route=%2Fwp%2Fv2%2Fmedia&parent=164815"}],"wp:term":[{"taxonomy":"category","embeddable":true,"href":"https:\/\/www.mojabochnia.pl\/index.php?rest_route=%2Fwp%2Fv2%2Fcategories&post=164815"},{"taxonomy":"post_tag","embeddable":true,"href":"https:\/\/www.mojabochnia.pl\/index.php?rest_route=%2Fwp%2Fv2%2Ftags&post=164815"}],"curies":[{"name":"wp","href":"https:\/\/api.w.org\/{rel}","templated":true}]}}