{"id":164610,"date":"2017-01-04T11:11:22","date_gmt":"2017-01-04T10:11:22","guid":{"rendered":"http:\/\/www.mojabochnia.pl\/?p=164610"},"modified":"2017-01-04T11:11:02","modified_gmt":"2017-01-04T10:11:02","slug":"strazacy-z-lapanowa-pomagaja-niepelnosprawnym","status":"publish","type":"post","link":"https:\/\/www.mojabochnia.pl\/?p=164610","title":{"rendered":"Stra\u017cacy z \u0141apanowa pomagaj\u0105 niepe\u0142nosprawnym"},"content":{"rendered":"<p>OSP \u0141apan\u00f3w wsp\u00f3\u0142pracuje ze stowarzyszeniem Moto Corde, zajmuj\u0105cym si\u0119 pomoc\u0105 osobom w trudnych sytuacjach. Jednym z podopiecznych jest Marcin Trybu\u0142a, kt\u00f3ry uleg\u0142 wypadkowi na motocyklu i jest przykuty do \u0142\u00f3\u017cka. <\/p>\n<p><em>Odwiedzamy go co roku z pomoc\u0105 charytatywn\u0105, podobnie jak Bogdana Klub\u0119, stra\u017caka OSP Sobol\u00f3w, kt\u00f3ry r\u00f3wnie\u017c jest przykuty do w\u00f3zka. B\u0119dziemy to czyni\u0107 tak d\u0142ugo, jak tylko b\u0119dziemy mogli. S\u0105 zaanga\u017cowane apteki, sklepy, kt\u00f3re przekazuj\u0105 pomoc materialn\u0105. Szczeg\u00f3lnie chodzi o artyku\u0142y higieniczne<\/em> &#8211; m\u00f3wi Jan Kulig, prezes OSP \u0141apan\u00f3w. <\/p>\n<figure id=\"attachment_164612\" aria-describedby=\"caption-attachment-164612\" style=\"width: 468px\" class=\"wp-caption alignnone\"><a onclick=\"javascript:pageTracker._trackPageview('\/downloads\/wp-content\/uploads\/2017\/01\/20161222_105301.jpg');\"  href=\"http:\/\/www.mojabochnia.pl\/wp-content\/uploads\/2017\/01\/20161222_105301.jpg\"><img loading=\"lazy\" decoding=\"async\" src=\"http:\/\/www.mojabochnia.pl\/wp-content\/uploads\/2017\/01\/20161222_105301-468x264.jpg\" alt=\"arch. OSP \u0141apan\u00f3w\" width=\"468\" height=\"264\" class=\"size-medium wp-image-164612\" srcset=\"https:\/\/www.mojabochnia.pl\/wp-content\/uploads\/2017\/01\/20161222_105301-468x264.jpg 468w, https:\/\/www.mojabochnia.pl\/wp-content\/uploads\/2017\/01\/20161222_105301-120x68.jpg 120w, https:\/\/www.mojabochnia.pl\/wp-content\/uploads\/2017\/01\/20161222_105301-768x433.jpg 768w, https:\/\/www.mojabochnia.pl\/wp-content\/uploads\/2017\/01\/20161222_105301-660x372.jpg 660w, https:\/\/www.mojabochnia.pl\/wp-content\/uploads\/2017\/01\/20161222_105301-152x86.jpg 152w, https:\/\/www.mojabochnia.pl\/wp-content\/uploads\/2017\/01\/20161222_105301.jpg 800w\" sizes=\"auto, (max-width: 468px) 100vw, 468px\" \/><\/a><figcaption id=\"caption-attachment-164612\" class=\"wp-caption-text\">arch. OSP \u0141apan\u00f3w<\/figcaption><\/figure>\n\t  \r\n\t\r\n\t    <div class=\"mb-gallery\">\r\n\t    <a href=\"https:\/\/www.mojabochnia.pl\/?attachment_id=164612\" class=\"\"><img loading=\"lazy\" decoding=\"async\" width=\"100\" height=\"57\" src=\"https:\/\/www.mojabochnia.pl\/wp-content\/uploads\/2017\/01\/20161222_105301-120x68.jpg\" class=\"attachment-100x100 size-100x100\" alt=\"\" srcset=\"https:\/\/www.mojabochnia.pl\/wp-content\/uploads\/2017\/01\/20161222_105301-120x68.jpg 120w, https:\/\/www.mojabochnia.pl\/wp-content\/uploads\/2017\/01\/20161222_105301-468x264.jpg 468w, https:\/\/www.mojabochnia.pl\/wp-content\/uploads\/2017\/01\/20161222_105301-768x433.jpg 768w, https:\/\/www.mojabochnia.pl\/wp-content\/uploads\/2017\/01\/20161222_105301-660x372.jpg 660w, https:\/\/www.mojabochnia.pl\/wp-content\/uploads\/2017\/01\/20161222_105301-152x86.jpg 152w, https:\/\/www.mojabochnia.pl\/wp-content\/uploads\/2017\/01\/20161222_105301.jpg 800w\" sizes=\"auto, (max-width: 100px) 100vw, 100px\" \/><\/a><a href=\"https:\/\/www.mojabochnia.pl\/?attachment_id=164613\" class=\"\"><img loading=\"lazy\" decoding=\"async\" width=\"100\" height=\"57\" src=\"https:\/\/www.mojabochnia.pl\/wp-content\/uploads\/2017\/01\/20161222_110217-120x68.jpg\" class=\"attachment-100x100 size-100x100\" alt=\"\" srcset=\"https:\/\/www.mojabochnia.pl\/wp-content\/uploads\/2017\/01\/20161222_110217-120x68.jpg 120w, https:\/\/www.mojabochnia.pl\/wp-content\/uploads\/2017\/01\/20161222_110217-468x264.jpg 468w, https:\/\/www.mojabochnia.pl\/wp-content\/uploads\/2017\/01\/20161222_110217-768x433.jpg 768w, https:\/\/www.mojabochnia.pl\/wp-content\/uploads\/2017\/01\/20161222_110217-660x372.jpg 660w, https:\/\/www.mojabochnia.pl\/wp-content\/uploads\/2017\/01\/20161222_110217-152x86.jpg 152w, https:\/\/www.mojabochnia.pl\/wp-content\/uploads\/2017\/01\/20161222_110217.jpg 800w\" sizes=\"auto, (max-width: 100px) 100vw, 100px\" \/><\/a>\t    <\/div>\r\n\t    ","protected":false},"excerpt":{"rendered":"<p>Stra\u017cacy z \u0141apanowa po raz kolejny przekazali pomoc materialn\u0105 dw\u00f3m mieszka\u0144com gminy, dotkni\u0119tym przez los. 22 grudnia przyszli z pomoc\u0105 Marcinowi Trybule i Bogdanowi Klubie.<\/p>\n","protected":false},"author":13,"featured_media":164613,"comment_status":"open","ping_status":"closed","sticky":false,"template":"","format":"standard","meta":{"_acf_changed":false,"footnotes":""},"categories":[5,6251,6250],"tags":[19143,17286,17233,13025,17436],"class_list":["post-164610","post","type-post","status-publish","format-standard","has-post-thumbnail","hentry","category-biezace-wydarzenia","category-polityka-i-wydarzenia","category-tematyka","tag-bogdan-kluba","tag-jan-kulig","tag-lapanow","tag-marcin-trybula","tag-pomoc","main_tag-pomoc"],"acf":[],"yoast_head":"<!-- This site is optimized with the Yoast SEO plugin v26.9 - https:\/\/yoast.com\/product\/yoast-seo-wordpress\/ -->\n<title>Stra\u017cacy z \u0141apanowa pomagaj\u0105 niepe\u0142nosprawnym - mojabochnia.pl - portal informacyjny<\/title>\n<meta name=\"robots\" content=\"index, follow, max-snippet:-1, max-image-preview:large, max-video-preview:-1\" \/>\n<link rel=\"canonical\" href=\"https:\/\/www.mojabochnia.pl\/?p=164610\" \/>\n<meta property=\"og:locale\" content=\"pl_PL\" \/>\n<meta property=\"og:type\" content=\"article\" \/>\n<meta property=\"og:title\" content=\"Stra\u017cacy z \u0141apanowa pomagaj\u0105 niepe\u0142nosprawnym - mojabochnia.pl - portal informacyjny\" \/>\n<meta property=\"og:description\" content=\"Stra\u017cacy z \u0141apanowa po raz kolejny przekazali pomoc materialn\u0105 dw\u00f3m mieszka\u0144com gminy, dotkni\u0119tym przez los. 22 grudnia przyszli z pomoc\u0105 Marcinowi Trybule i Bogdanowi Klubie.\" \/>\n<meta property=\"og:url\" content=\"https:\/\/www.mojabochnia.pl\/?p=164610\" \/>\n<meta property=\"og:site_name\" content=\"mojabochnia.pl - portal informacyjny\" \/>\n<meta property=\"article:publisher\" content=\"https:\/\/www.facebook.com\/mojabochnia\" \/>\n<meta property=\"article:published_time\" content=\"2017-01-04T10:11:22+00:00\" \/>\n<meta property=\"og:image\" content=\"https:\/\/www.mojabochnia.pl\/wp-content\/uploads\/2017\/01\/20161222_110217.jpg\" \/>\n\t<meta property=\"og:image:width\" content=\"800\" \/>\n\t<meta property=\"og:image:height\" content=\"451\" \/>\n\t<meta property=\"og:image:type\" content=\"image\/jpeg\" \/>\n<meta name=\"author\" content=\"redakcja\" \/>\n<meta name=\"twitter:card\" content=\"summary_large_image\" \/>\n<meta name=\"twitter:label1\" content=\"Written by\" \/>\n\t<meta name=\"twitter:data1\" content=\"redakcja\" \/>\n\t<meta name=\"twitter:label2\" content=\"Est. reading time\" \/>\n\t<meta name=\"twitter:data2\" content=\"1 minuta\" \/>\n<script type=\"application\/ld+json\" class=\"yoast-schema-graph\">{\"@context\":\"https:\/\/schema.org\",\"@graph\":[{\"@type\":\"Article\",\"@id\":\"https:\/\/www.mojabochnia.pl\/?p=164610#article\",\"isPartOf\":{\"@id\":\"https:\/\/www.mojabochnia.pl\/?p=164610\"},\"author\":{\"name\":\"redakcja\",\"@id\":\"https:\/\/www.mojabochnia.pl\/#\/schema\/person\/7e2f20ead9902216a3384f13606c0ab7\"},\"headline\":\"Stra\u017cacy z \u0141apanowa pomagaj\u0105 niepe\u0142nosprawnym\",\"datePublished\":\"2017-01-04T10:11:22+00:00\",\"mainEntityOfPage\":{\"@id\":\"https:\/\/www.mojabochnia.pl\/?p=164610\"},\"wordCount\":116,\"commentCount\":0,\"publisher\":{\"@id\":\"https:\/\/www.mojabochnia.pl\/#organization\"},\"image\":{\"@id\":\"https:\/\/www.mojabochnia.pl\/?p=164610#primaryimage\"},\"thumbnailUrl\":\"https:\/\/www.mojabochnia.pl\/wp-content\/uploads\/2017\/01\/20161222_110217.jpg\",\"keywords\":[\"bogdan kluba\",\"jan kulig\",\"\u0141apan\u00f3w\",\"marcin trybu\u0142a\",\"pomoc\"],\"articleSection\":[\"2_ostatnie\",\"polityka i wydarzenia\",\"tematyka\"],\"inLanguage\":\"pl-PL\",\"potentialAction\":[{\"@type\":\"CommentAction\",\"name\":\"Comment\",\"target\":[\"https:\/\/www.mojabochnia.pl\/?p=164610#respond\"]}]},{\"@type\":\"WebPage\",\"@id\":\"https:\/\/www.mojabochnia.pl\/?p=164610\",\"url\":\"https:\/\/www.mojabochnia.pl\/?p=164610\",\"name\":\"Stra\u017cacy z \u0141apanowa pomagaj\u0105 niepe\u0142nosprawnym - mojabochnia.pl - portal informacyjny\",\"isPartOf\":{\"@id\":\"https:\/\/www.mojabochnia.pl\/#website\"},\"primaryImageOfPage\":{\"@id\":\"https:\/\/www.mojabochnia.pl\/?p=164610#primaryimage\"},\"image\":{\"@id\":\"https:\/\/www.mojabochnia.pl\/?p=164610#primaryimage\"},\"thumbnailUrl\":\"https:\/\/www.mojabochnia.pl\/wp-content\/uploads\/2017\/01\/20161222_110217.jpg\",\"datePublished\":\"2017-01-04T10:11:22+00:00\",\"breadcrumb\":{\"@id\":\"https:\/\/www.mojabochnia.pl\/?p=164610#breadcrumb\"},\"inLanguage\":\"pl-PL\",\"potentialAction\":[{\"@type\":\"ReadAction\",\"target\":[\"https:\/\/www.mojabochnia.pl\/?p=164610\"]}]},{\"@type\":\"ImageObject\",\"inLanguage\":\"pl-PL\",\"@id\":\"https:\/\/www.mojabochnia.pl\/?p=164610#primaryimage\",\"url\":\"https:\/\/www.mojabochnia.pl\/wp-content\/uploads\/2017\/01\/20161222_110217.jpg\",\"contentUrl\":\"https:\/\/www.mojabochnia.pl\/wp-content\/uploads\/2017\/01\/20161222_110217.jpg\",\"width\":800,\"height\":451,\"caption\":\"arch. OSP \u0141apan\u00f3w\"},{\"@type\":\"BreadcrumbList\",\"@id\":\"https:\/\/www.mojabochnia.pl\/?p=164610#breadcrumb\",\"itemListElement\":[{\"@type\":\"ListItem\",\"position\":1,\"name\":\"Home\",\"item\":\"https:\/\/www.mojabochnia.pl\/\"},{\"@type\":\"ListItem\",\"position\":2,\"name\":\"Stra\u017cacy z \u0141apanowa pomagaj\u0105 niepe\u0142nosprawnym\"}]},{\"@type\":\"WebSite\",\"@id\":\"https:\/\/www.mojabochnia.pl\/#website\",\"url\":\"https:\/\/www.mojabochnia.pl\/\",\"name\":\"mojabochnia.pl - portal informacyjny\",\"description\":\"mojaBochnia to portal informacyjny o Bochni. Codziennie o Bochni piszemy i pokazujemy najwa\u017cniejsze wydarzenia\",\"publisher\":{\"@id\":\"https:\/\/www.mojabochnia.pl\/#organization\"},\"potentialAction\":[{\"@type\":\"SearchAction\",\"target\":{\"@type\":\"EntryPoint\",\"urlTemplate\":\"https:\/\/www.mojabochnia.pl\/?s={search_term_string}\"},\"query-input\":{\"@type\":\"PropertyValueSpecification\",\"valueRequired\":true,\"valueName\":\"search_term_string\"}}],\"inLanguage\":\"pl-PL\"},{\"@type\":\"Organization\",\"@id\":\"https:\/\/www.mojabochnia.pl\/#organization\",\"name\":\"mojabochnia.pl - portal informacyjny\",\"url\":\"https:\/\/www.mojabochnia.pl\/\",\"logo\":{\"@type\":\"ImageObject\",\"inLanguage\":\"pl-PL\",\"@id\":\"https:\/\/www.mojabochnia.pl\/#\/schema\/logo\/image\/\",\"url\":\"https:\/\/www.mojabochnia.pl\/wp-content\/uploads\/2017\/08\/logo-mb-opt.png\",\"contentUrl\":\"https:\/\/www.mojabochnia.pl\/wp-content\/uploads\/2017\/08\/logo-mb-opt.png\",\"width\":250,\"height\":48,\"caption\":\"mojabochnia.pl - portal informacyjny\"},\"image\":{\"@id\":\"https:\/\/www.mojabochnia.pl\/#\/schema\/logo\/image\/\"},\"sameAs\":[\"https:\/\/www.facebook.com\/mojabochnia\"]},{\"@type\":\"Person\",\"@id\":\"https:\/\/www.mojabochnia.pl\/#\/schema\/person\/7e2f20ead9902216a3384f13606c0ab7\",\"name\":\"redakcja\",\"sameAs\":[\"http:\/\/\"],\"url\":\"https:\/\/www.mojabochnia.pl\/?author=13\"}]}<\/script>\n<!-- \/ Yoast SEO plugin. -->","yoast_head_json":{"title":"Stra\u017cacy z \u0141apanowa pomagaj\u0105 niepe\u0142nosprawnym - mojabochnia.pl - portal informacyjny","robots":{"index":"index","follow":"follow","max-snippet":"max-snippet:-1","max-image-preview":"max-image-preview:large","max-video-preview":"max-video-preview:-1"},"canonical":"https:\/\/www.mojabochnia.pl\/?p=164610","og_locale":"pl_PL","og_type":"article","og_title":"Stra\u017cacy z \u0141apanowa pomagaj\u0105 niepe\u0142nosprawnym - mojabochnia.pl - portal informacyjny","og_description":"Stra\u017cacy z \u0141apanowa po raz kolejny przekazali pomoc materialn\u0105 dw\u00f3m mieszka\u0144com gminy, dotkni\u0119tym przez los. 22 grudnia przyszli z pomoc\u0105 Marcinowi Trybule i Bogdanowi Klubie.","og_url":"https:\/\/www.mojabochnia.pl\/?p=164610","og_site_name":"mojabochnia.pl - portal informacyjny","article_publisher":"https:\/\/www.facebook.com\/mojabochnia","article_published_time":"2017-01-04T10:11:22+00:00","og_image":[{"width":800,"height":451,"url":"https:\/\/www.mojabochnia.pl\/wp-content\/uploads\/2017\/01\/20161222_110217.jpg","type":"image\/jpeg"}],"author":"redakcja","twitter_card":"summary_large_image","twitter_misc":{"Written by":"redakcja","Est. reading time":"1 minuta"},"schema":{"@context":"https:\/\/schema.org","@graph":[{"@type":"Article","@id":"https:\/\/www.mojabochnia.pl\/?p=164610#article","isPartOf":{"@id":"https:\/\/www.mojabochnia.pl\/?p=164610"},"author":{"name":"redakcja","@id":"https:\/\/www.mojabochnia.pl\/#\/schema\/person\/7e2f20ead9902216a3384f13606c0ab7"},"headline":"Stra\u017cacy z \u0141apanowa pomagaj\u0105 niepe\u0142nosprawnym","datePublished":"2017-01-04T10:11:22+00:00","mainEntityOfPage":{"@id":"https:\/\/www.mojabochnia.pl\/?p=164610"},"wordCount":116,"commentCount":0,"publisher":{"@id":"https:\/\/www.mojabochnia.pl\/#organization"},"image":{"@id":"https:\/\/www.mojabochnia.pl\/?p=164610#primaryimage"},"thumbnailUrl":"https:\/\/www.mojabochnia.pl\/wp-content\/uploads\/2017\/01\/20161222_110217.jpg","keywords":["bogdan kluba","jan kulig","\u0141apan\u00f3w","marcin trybu\u0142a","pomoc"],"articleSection":["2_ostatnie","polityka i wydarzenia","tematyka"],"inLanguage":"pl-PL","potentialAction":[{"@type":"CommentAction","name":"Comment","target":["https:\/\/www.mojabochnia.pl\/?p=164610#respond"]}]},{"@type":"WebPage","@id":"https:\/\/www.mojabochnia.pl\/?p=164610","url":"https:\/\/www.mojabochnia.pl\/?p=164610","name":"Stra\u017cacy z \u0141apanowa pomagaj\u0105 niepe\u0142nosprawnym - mojabochnia.pl - portal informacyjny","isPartOf":{"@id":"https:\/\/www.mojabochnia.pl\/#website"},"primaryImageOfPage":{"@id":"https:\/\/www.mojabochnia.pl\/?p=164610#primaryimage"},"image":{"@id":"https:\/\/www.mojabochnia.pl\/?p=164610#primaryimage"},"thumbnailUrl":"https:\/\/www.mojabochnia.pl\/wp-content\/uploads\/2017\/01\/20161222_110217.jpg","datePublished":"2017-01-04T10:11:22+00:00","breadcrumb":{"@id":"https:\/\/www.mojabochnia.pl\/?p=164610#breadcrumb"},"inLanguage":"pl-PL","potentialAction":[{"@type":"ReadAction","target":["https:\/\/www.mojabochnia.pl\/?p=164610"]}]},{"@type":"ImageObject","inLanguage":"pl-PL","@id":"https:\/\/www.mojabochnia.pl\/?p=164610#primaryimage","url":"https:\/\/www.mojabochnia.pl\/wp-content\/uploads\/2017\/01\/20161222_110217.jpg","contentUrl":"https:\/\/www.mojabochnia.pl\/wp-content\/uploads\/2017\/01\/20161222_110217.jpg","width":800,"height":451,"caption":"arch. OSP \u0141apan\u00f3w"},{"@type":"BreadcrumbList","@id":"https:\/\/www.mojabochnia.pl\/?p=164610#breadcrumb","itemListElement":[{"@type":"ListItem","position":1,"name":"Home","item":"https:\/\/www.mojabochnia.pl\/"},{"@type":"ListItem","position":2,"name":"Stra\u017cacy z \u0141apanowa pomagaj\u0105 niepe\u0142nosprawnym"}]},{"@type":"WebSite","@id":"https:\/\/www.mojabochnia.pl\/#website","url":"https:\/\/www.mojabochnia.pl\/","name":"mojabochnia.pl - portal informacyjny","description":"mojaBochnia to portal informacyjny o Bochni. Codziennie o Bochni piszemy i pokazujemy najwa\u017cniejsze wydarzenia","publisher":{"@id":"https:\/\/www.mojabochnia.pl\/#organization"},"potentialAction":[{"@type":"SearchAction","target":{"@type":"EntryPoint","urlTemplate":"https:\/\/www.mojabochnia.pl\/?s={search_term_string}"},"query-input":{"@type":"PropertyValueSpecification","valueRequired":true,"valueName":"search_term_string"}}],"inLanguage":"pl-PL"},{"@type":"Organization","@id":"https:\/\/www.mojabochnia.pl\/#organization","name":"mojabochnia.pl - portal informacyjny","url":"https:\/\/www.mojabochnia.pl\/","logo":{"@type":"ImageObject","inLanguage":"pl-PL","@id":"https:\/\/www.mojabochnia.pl\/#\/schema\/logo\/image\/","url":"https:\/\/www.mojabochnia.pl\/wp-content\/uploads\/2017\/08\/logo-mb-opt.png","contentUrl":"https:\/\/www.mojabochnia.pl\/wp-content\/uploads\/2017\/08\/logo-mb-opt.png","width":250,"height":48,"caption":"mojabochnia.pl - portal informacyjny"},"image":{"@id":"https:\/\/www.mojabochnia.pl\/#\/schema\/logo\/image\/"},"sameAs":["https:\/\/www.facebook.com\/mojabochnia"]},{"@type":"Person","@id":"https:\/\/www.mojabochnia.pl\/#\/schema\/person\/7e2f20ead9902216a3384f13606c0ab7","name":"redakcja","sameAs":["http:\/\/"],"url":"https:\/\/www.mojabochnia.pl\/?author=13"}]}},"_links":{"self":[{"href":"https:\/\/www.mojabochnia.pl\/index.php?rest_route=\/wp\/v2\/posts\/164610","targetHints":{"allow":["GET"]}}],"collection":[{"href":"https:\/\/www.mojabochnia.pl\/index.php?rest_route=\/wp\/v2\/posts"}],"about":[{"href":"https:\/\/www.mojabochnia.pl\/index.php?rest_route=\/wp\/v2\/types\/post"}],"author":[{"embeddable":true,"href":"https:\/\/www.mojabochnia.pl\/index.php?rest_route=\/wp\/v2\/users\/13"}],"replies":[{"embeddable":true,"href":"https:\/\/www.mojabochnia.pl\/index.php?rest_route=%2Fwp%2Fv2%2Fcomments&post=164610"}],"version-history":[{"count":5,"href":"https:\/\/www.mojabochnia.pl\/index.php?rest_route=\/wp\/v2\/posts\/164610\/revisions"}],"predecessor-version":[{"id":164617,"href":"https:\/\/www.mojabochnia.pl\/index.php?rest_route=\/wp\/v2\/posts\/164610\/revisions\/164617"}],"wp:featuredmedia":[{"embeddable":true,"href":"https:\/\/www.mojabochnia.pl\/index.php?rest_route=\/wp\/v2\/media\/164613"}],"wp:attachment":[{"href":"https:\/\/www.mojabochnia.pl\/index.php?rest_route=%2Fwp%2Fv2%2Fmedia&parent=164610"}],"wp:term":[{"taxonomy":"category","embeddable":true,"href":"https:\/\/www.mojabochnia.pl\/index.php?rest_route=%2Fwp%2Fv2%2Fcategories&post=164610"},{"taxonomy":"post_tag","embeddable":true,"href":"https:\/\/www.mojabochnia.pl\/index.php?rest_route=%2Fwp%2Fv2%2Ftags&post=164610"}],"curies":[{"name":"wp","href":"https:\/\/api.w.org\/{rel}","templated":true}]}}