{"id":164583,"date":"2017-01-03T10:53:58","date_gmt":"2017-01-03T09:53:58","guid":{"rendered":"http:\/\/www.mojabochnia.pl\/?p=164583"},"modified":"2017-01-09T11:06:14","modified_gmt":"2017-01-09T10:06:14","slug":"prof-bernacki-nowym-szefem-pis-w-regionie-jakie-ma-plany-co-z-koalicja-w-radzie-powiatu-wywiad","status":"publish","type":"post","link":"https:\/\/www.mojabochnia.pl\/?p=164583","title":{"rendered":"Nowy szef PiS w regionie  i jego plany. Co z koalicj\u0105  w Radzie Powiatu? \u2013 wywiad"},"content":{"rendered":"<p><strong>Zosta\u0142 pan wybrany na Pe\u0142nomocnika Okr\u0119gowego okr\u0119gu nr 15. Raczej nie by\u0142 pan chyba zaskoczony wynikiem g\u0142osowania?<\/strong><\/p>\n<p>Wynik wybor\u00f3w przyj\u0105\u0142em ze spokojem. Prosz\u0119 jednak pami\u0119ta\u0107 o kontek\u015bcie sytuacyjnym tamtego czasu, wyra\u017caj\u0105cym si\u0119 budowaniu atmosfery medialnej sprzyjaj\u0105cej r\u00f3\u017cnego rodzaju spekulacjom. Wynik, jaki uzyska\u0142em, traktuj\u0119 jako mandat zaufania, kt\u00f3rego z ca\u0142\u0105 pewno\u015bci\u0105 nie zawiod\u0119.<\/p>\n<p><strong>Przez kilka tygodni, decyzj\u0105 Jaros\u0142awa Kaczy\u0144skiego, pe\u0142ni\u0142 pan ju\u017c t\u0119 funkcj\u0119 i zapewne mia\u0142 okazj\u0119 zapozna\u0107 si\u0119 z sytuacj\u0105 w regionie. Czy dzisiaj jako pe\u0142noprawny szef lokalnych struktur PiS ma pan ju\u017c pe\u0142ny obraz zastanego stanu rzeczy? <\/strong><\/p>\n<p>W strukturach Prawa i Sprawiedliwo\u015bci jestem aktywny od wielu lat, z tego te\u017c wzgl\u0119du obj\u0119cie funkcji pe\u0142nomocnika nie zmieni\u0142o  mojego pogl\u0105du na stan funkcjonowania struktur Prawa i Sprawiedliwo\u015bci w okr\u0119gu 15.  W tym miejscu chcia\u0142bym poczyni\u0107 jedn\u0105 uwag\u0119; ot\u00f3\u017c je\u015bli spojrze\u0107 na map\u0119 struktur Prawa i Sprawiedliwo\u015bci, to dostrze\u017cemy bez trudu nier\u00f3wnomierny rozw\u00f3j struktur organizacyjnych. Wida\u0107 wyra\u017anie siln\u0105 pod wzgl\u0119dem organizacyjnym cz\u0119\u015b\u0107 znajduj\u0105c\u0105 si\u0119  w powiecie ziemskim tarnowskim i wielickim. <\/p>\n<p><strong>Jaki ma pan \u201eplan dzia\u0142ania\u201d na nowym stanowisku?<\/strong><\/p>\n<p>Celem podstawowym jest dla mnie rozbudowa oraz wzmocnienie struktur Prawa i Sprawiedliwo\u015bci do takiego poziomu, aby w wyborach samorz\u0105dowych w roku 2018 si\u0119gn\u0105\u0107 po zwyci\u0119stwo na wszystkich jego poziomach. Oczywi\u015bcie tak praca organizacyjna jak i sukcesy wyborcze s\u0105 jedynie \u015brodkami. Moja przysz\u0142e dzia\u0142ania i kierowanego przeze mnie zarz\u0105du partii nakierowane s\u0105 na praktyczn\u0105 realizacj\u0119 programu Prawa i Sprawiedliwo\u015bci, wspieraj\u0105cego si\u0119 na fundamencie konserwatyzmu polskiego. Jeszcze raz powt\u00f3rz\u0119,  zwyci\u0119stwo w wyborach jest tylko \u201e\u015brodkiem do\u201d, nie jest celem samym w sobie. Pe\u0142nienie funkcji radnego, w\u00f3jta, burmistrza czy prezydenta ma na celu realizacj\u0119 wype\u0142nienie zobowi\u0105za\u0144 z\u0142o\u017conych w okresie poprzedzaj\u0105cym wybory. Wybory maj\u0105 o tyle sens, o ile wyborcy mog\u0105 darzy\u0107 wybieranych zaufaniem.<\/p>\n<p><strong>Wiele os\u00f3b zastanawia si\u0119, co oznacza zmiana szefa lokalnych struktur PiS dla uk\u0142ad\u00f3w si\u0142 politycznych w samorz\u0105dach. Czy ma pan jakie\u015b za\u0142o\u017cenia, kt\u00f3re chcia\u0142by wdro\u017cy\u0107?<\/strong><\/p>\n<p>Rok temu mandat eurodeputowanego obj\u0105\u0142 pan Edward Czesak; statut Prawa i Sprawiedliwo\u015bci wyklucza \u0142\u0105czenie takiego mandatu z funkcj\u0105 prezesa okr\u0119gu. Zmiana na tym stanowisku by\u0142a tylko kwesti\u0105 czasu. Zaznacz\u0119, \u017ce do listopada pan Czesak sprawowa\u0142 funkcj\u0119 pe\u0142nomocnika a nie prezesa. Wyb\u00f3r, kt\u00f3ry dokona\u0142 si\u0119 27 listopada przy udziale wszystkich pe\u0142noprawnych i aktywnych cz\u0142onk\u00f3w Prawa i Sprawiedliwo\u015bci jest w mojej opinii nowym otwarciem. Jest krokiem przede wszystkim w kierunku  przysz\u0142o\u015bci a nie przesz\u0142o\u015bci.<\/p>\n<p><strong>Wiele kontrowersji wywo\u0142a\u0142a decyzja o zawi\u0105zaniu koalicji PiS-PSL w Radzie Powiatu w Bochni. PiS maj\u0105c wi\u0119ksz\u0105 liczb\u0119 radnych odst\u0105pi\u0142 funkcj\u0119 starosty Ludwikowi W\u0119grzynowi z PSL. Jak pan ocenia t\u0119 decyzj\u0119? Czy widzi pan tutaj potrzeb\u0119 zmiany? Czytaj\u0105c komentarze internaut\u00f3w mo\u017cna odnie\u015b\u0107 wra\u017cenie, \u017ce koalicja ta ma w\u0105tpliwe spo\u0142eczne poparcie.<\/strong><\/p>\n<p>Moje stanowisko wobec koalicji zawi\u0105zanej dwa lata temu w Radzie Powiatu jest powszechnie znane. Nie b\u0119d\u0119 si\u0119 zatem nad tym rozwodzi\u0142. Wbrew pogl\u0105dowi wielu samorz\u0105dowc\u00f3w twierdz\u0119, \u017ce samorz\u0105d ma charakter polityczny, bowiem jest on tak naprawd\u0119 naturalnym zapleczem i szko\u0142\u0105 aktywno\u015bci publicznej dla partii politycznych. To w samorz\u0105dach wida\u0107 kondycj\u0119 tego czy innego ugrupowania. To dzi\u0119ki zwyci\u0119stwu w wyborach samorz\u0105dowych tworzy si\u0119 realna baza, pozwalaj\u0105ca wygrywa\u0107 w wyborach do parlamentu oraz w wyborach wyj\u0105tkowo trudnych, to jest wyborach sejmikowych. Warto w tym miejscu zada\u0107 pytanie o zasadno\u015b\u0107 wspierania przez samorz\u0105dowc\u00f3w Prawa i Sprawiedliwo\u015bci \u015brodowisk politycznych, kt\u00f3re na poziomie krajowym zaliczane s\u0105 do totalnej opozycji. Podaj\u0105c im tlen dzisiaj, wzmacniaj\u0105c ich struktury, budujemy tak naprawd\u0119 zal\u0105\u017cki ich sukcesu wyborczego w przysz\u0142o\u015bci. <\/p>\n<p><strong>Czy w zwi\u0105zku z tym sugerowa\u0142by pan zerwanie koalicji PiS-u z PSL-em w Radzie Powiatu? Czy raczej jest pan zwolennikiem dotrwania jej do ko\u0144ca kadencji? W tym drugim przypadku mog\u0142oby to oznacza\u0107 kolejny roz\u0142am w lokalnym \u015brodowisku PiS (w przesz\u0142o\u015bci z powodu Tomasza Ca\u0142ki w koalicji z Jackiem Paj\u0105kiem, ten pierwszy zosta\u0142 <a href=\"http:\/\/www.mojabochnia.pl\/?p=84776\">wykluczony z PiS, zachowuj\u0105c skr\u00f3t swojego klubu w Radzie Powiatu: Powiat i Samorz\u0105dno\u015b\u0107<\/a>).<\/strong><\/p>\n<p>Decyzja dotycz\u0105ca obecnej koalicji by\u0142a decyzj\u0105 podj\u0119t\u0105 przez szefa struktur powiatowych J\u00f3zefa Mroczka przy akceptacji ze strony by\u0142ego prezesa Edwarda Czesaka. Przypomn\u0119, koalicja zosta\u0142a zawi\u0105zana przy moim wyra\u017anym sprzeciwie. Obj\u0119cie przeze mnie funkcji lidera Prawa i Sprawiedliwo\u015bci w okr\u0119gu 15 nie uniewa\u017cnia wszystkich wcze\u015bniejszych decyzji, oznacza natomiast brak mojego przyzwolenia na podobne dzia\u0142ania w przysz\u0142o\u015bci. Mam te\u017c nadziej\u0119, \u017ce na poziomie krajowym PSL p\u00f3jdzie po rozumu do g\u0142owy i  nie b\u0119dzie wspiera\u0142 destrukcyjnych dzia\u0142a\u0144 opozycji totalnej. Nie wyobra\u017cam bowiem sobie sytuacji, w kt\u00f3rej samorz\u0105dowcy Prawa i Sprawiedliwo\u015bci musieliby schowa\u0107 swe legitymacje partyjne, aby kolaborowa\u0107 z dzia\u0142aczami \u015brodowiska politycznego agresywnie atakuj\u0105cego Prezydenta RP, wi\u0119kszo\u015b\u0107 parlamentarn\u0105 i rz\u0105d. Mam wielk\u0105 nadziej\u0119, \u017ce w ci\u0105gu najbli\u017cszego roku \u015brodowisko Prawa i Sprawiedliwo\u015bci wzmocni na tyle swe szyki na tyle, aby w przysz\u0142o\u015bci rz\u0105dzi\u0107 samodzielnie.<\/p>\n<p><strong>Postaci\u0105, kt\u00f3ra zaistnia\u0142a w lokalnej polityce po ostatnich wyborach samorz\u0105dowych jest Mariusz Zaj\u0105c, by\u0142y asystent Edwarda Czesaka. W\u015br\u00f3d komentarzy internaut\u00f3w nie brakuje krytyki pod jego adresem, celuj\u0105cej zw\u0142aszcza w stanowisko dyrektora basenu w Prosz\u00f3wkach, kt\u00f3re obj\u0105\u0142 zaraz po wyborach. Dopatrywano si\u0119 tu sp\u0142aty d\u0142ug\u00f3w politycznych za poparcie Marka Bzdeka w II turze wybor\u00f3w na W\u00f3jta Gminy Bochnia. \u201eBoche\u0144ski symbol misiewiczostwa uprawianego przez Czesaka, by\u0142ego szefa regionalnego PiS\u201d \u2013 to tylko jeden z komentarzy dotycz\u0105cej jego osoby. Jak pan odniesie si\u0119 do tej sytuacji?<\/strong><\/p>\n<p>Pana Mariusza Zaj\u0105ca pozna\u0142em wraz z pocz\u0105tkiem sprawowania mandatu poselskiego. Przez kilka lat pe\u0142ni\u0142, co warto podkre\u015bli\u0107, funkcj\u0119 asystenta spo\u0142ecznego pos\u0142a E. Czesaka. W tamtym czasie da\u0142 si\u0119 pozna\u0107 jako osoba aktywnie uczestnicz\u0105ca w \u017cyciu publicznym, by\u0142 m.in. organizatorem Klubu Gazety Polskiej w Bochni. Zarzut dotycz\u0105cy braku przygotowania merytorycznego jest dla mnie niezrozumia\u0142y, poniewa\u017c pan Mariusz Zaj\u0105c uko\u0144czy\u0142 studia wy\u017csze w Akademii Ignatianum.   <\/p>\n<p><strong>W ostatnich wyborach parlamentarnych PiS wystawi\u0142 w powiecie boche\u0144skim dw\u00f3ch kandydat\u00f3w do sejmu. G\u0142osy uleg\u0142y rozproszeniu i po raz kolejny powiat nie ma swojego cz\u0142owieka na Wiejskiej. Czy pana zdaniem jest szansa na pos\u0142a z Ziemi Boche\u0144skiej?<\/strong><\/p>\n<p>Jak zwykle bardzo mocno podkre\u015bl\u0119, Ziemia Boche\u0144ska ma swoich pos\u0142\u00f3w, cho\u0107 nie wywodz\u0105 si\u0119  z niej bezpo\u015brednio. Uwa\u017cam, \u017ce Ziemia Boche\u0144ska maj\u0105c tak wielki potencja\u0142 polityczny w postaci liczby uprawnionych do g\u0142osowania oraz wysokiej frekwencji w ka\u017cdych wyborach powinna mie\u0107 swego pos\u0142a. Jego brak nie wynika z tego, \u017ce startowa\u0142o dw\u00f3ch kandydat\u00f3w. W podobnej sytuacji by\u0142y wszystkie powiaty z wyj\u0105tkiem powiatu d\u0105browskiego. Przysz\u0142y kandydat Ziemi Boche\u0144skiej powinien wykroczy\u0107 w swej aktywno\u015bci publicznej poza powiat, trzeba wykroczy\u0107 poza my\u015blenie klasycznie samorz\u0105dowe. Jako przyk\u0142ad dam powiat proszowicki, w kt\u00f3rym uprawnionych do g\u0142osowania jest tylko 35 tys. os\u00f3b, za\u015b w powiecie boche\u0144skim 82 tysi\u0105ce. W ostatnich wyborach parlamentarnych uzyska\u0142em 27,6 tys. w tym 4,7 tys. powiecie proszowickim. Najlepszy kandydat z Bochni uzyska\u0142 7,7 tys. g\u0142os\u00f3w z czego w swoim powiecie 7,1 tys. Dodam, \u017ce najmniejszy powiat w Polsce (powiat proszowicki)  ma dw\u00f3ch pos\u0142\u00f3w. Wnioski nasuwaj\u0105 si\u0119 same.  <\/p>\n<p><strong>Wiosn\u0105 maj\u0105 si\u0119 odby\u0107 wybory powiatowych struktur PiS. Jakie osoby, pana zdaniem, powinny znale\u017a\u0107 si\u0119 w tych w\u0142adzach?<\/strong><\/p>\n<p>Czas poka\u017ce. Najpierw planowane s\u0105 wybory na poziomie gmin, a dopiero po nich wybory na szczeblu powiatowym. Wed\u0142ug mnie wybory te b\u0119d\u0105 zwyci\u0119skie dla tych kandydat\u00f3w, kt\u00f3rzy przedstawi\u0105 program aktywizacji. Praca, praca i jeszcze raz praca to jest klucz do sukcesu w wyborach w strukturach Prawa i Sprawiedliwo\u015bci.<\/p>\n<p><strong>Dzi\u0119kuj\u0119 za rozmow\u0119.<\/strong><\/p>\n<p><em>Rozmawia\u0142 Pawe\u0142 Michalczyk<br \/>\n<\/em><\/p>\n","protected":false},"excerpt":{"rendered":"<p>Prof. W\u0142odzimierz Bernacki zosta\u0142 Pe\u0142nomocnikiem Okr\u0119gowym okr\u0119gu nr 15. Wcze\u015bniej funkcj\u0119 t\u0119 sprawowa\u0142 Edward Czesak. Nowy szef regionalnych struktur partii rz\u0105dz\u0105cej nie kryje, \u017ce nie jest zwolennikiem koalicji PiS-PSL w Radzie Powiatu Boche\u0144skiego. Czy zatem szykuje si\u0119 polityczne trz\u0119sienie ziemi?<\/p>\n","protected":false},"author":4,"featured_media":164590,"comment_status":"open","ping_status":"closed","sticky":true,"template":"","format":"standard","meta":{"_acf_changed":false,"footnotes":""},"categories":[5,6251,6250],"tags":[12038,17457,17640,19140,10000],"class_list":["post-164583","post","type-post","status-publish","format-standard","has-post-thumbnail","hentry","category-biezace-wydarzenia","category-polityka-i-wydarzenia","category-tematyka","tag-mariusz-zajac","tag-polityka","tag-posel","tag-prawi-i-sprawiedliwosc","tag-wlodzimierz-bernacki","main_tag-polityka"],"acf":[],"yoast_head":"<!-- This site is optimized with the Yoast SEO plugin v26.9 - https:\/\/yoast.com\/product\/yoast-seo-wordpress\/ -->\n<title>Nowy szef PiS w regionie i jego plany. Co z koalicj\u0105 w Radzie Powiatu? \u2013 wywiad - mojabochnia.pl - portal informacyjny<\/title>\n<meta name=\"robots\" content=\"index, follow, max-snippet:-1, max-image-preview:large, max-video-preview:-1\" \/>\n<link rel=\"canonical\" href=\"https:\/\/www.mojabochnia.pl\/?p=164583\" \/>\n<meta property=\"og:locale\" content=\"pl_PL\" \/>\n<meta property=\"og:type\" content=\"article\" \/>\n<meta property=\"og:title\" content=\"Nowy szef PiS w regionie i jego plany. Co z koalicj\u0105 w Radzie Powiatu? \u2013 wywiad - mojabochnia.pl - portal informacyjny\" \/>\n<meta property=\"og:description\" content=\"Prof. W\u0142odzimierz Bernacki zosta\u0142 Pe\u0142nomocnikiem Okr\u0119gowym okr\u0119gu nr 15. Wcze\u015bniej funkcj\u0119 t\u0119 sprawowa\u0142 Edward Czesak. Nowy szef regionalnych struktur partii rz\u0105dz\u0105cej nie kryje, \u017ce nie jest zwolennikiem koalicji PiS-PSL w Radzie Powiatu Boche\u0144skiego. Czy zatem szykuje si\u0119 polityczne trz\u0119sienie ziemi?\" \/>\n<meta property=\"og:url\" content=\"https:\/\/www.mojabochnia.pl\/?p=164583\" \/>\n<meta property=\"og:site_name\" content=\"mojabochnia.pl - portal informacyjny\" \/>\n<meta property=\"article:publisher\" content=\"https:\/\/www.facebook.com\/mojabochnia\" \/>\n<meta property=\"article:published_time\" content=\"2017-01-03T09:53:58+00:00\" \/>\n<meta property=\"article:modified_time\" content=\"2017-01-09T10:06:14+00:00\" \/>\n<meta property=\"og:image\" content=\"https:\/\/www.mojabochnia.pl\/wp-content\/uploads\/2017\/01\/IMG_3298.jpg\" \/>\n\t<meta property=\"og:image:width\" content=\"1000\" \/>\n\t<meta property=\"og:image:height\" content=\"564\" \/>\n\t<meta property=\"og:image:type\" content=\"image\/jpeg\" \/>\n<meta name=\"author\" content=\"Pawe\u0142 Michalczyk\" \/>\n<meta name=\"twitter:card\" content=\"summary_large_image\" \/>\n<meta name=\"twitter:label1\" content=\"Written by\" \/>\n\t<meta name=\"twitter:data1\" content=\"Pawe\u0142 Michalczyk\" \/>\n\t<meta name=\"twitter:label2\" content=\"Est. reading time\" \/>\n\t<meta name=\"twitter:data2\" content=\"7 minut\" \/>\n<script type=\"application\/ld+json\" class=\"yoast-schema-graph\">{\"@context\":\"https:\/\/schema.org\",\"@graph\":[{\"@type\":\"Article\",\"@id\":\"https:\/\/www.mojabochnia.pl\/?p=164583#article\",\"isPartOf\":{\"@id\":\"https:\/\/www.mojabochnia.pl\/?p=164583\"},\"author\":{\"name\":\"Pawe\u0142 Michalczyk\",\"@id\":\"https:\/\/www.mojabochnia.pl\/#\/schema\/person\/ea042e4724a77627963f02166828ead4\"},\"headline\":\"Nowy szef PiS w regionie i jego plany. Co z koalicj\u0105 w Radzie Powiatu? \u2013 wywiad\",\"datePublished\":\"2017-01-03T09:53:58+00:00\",\"dateModified\":\"2017-01-09T10:06:14+00:00\",\"mainEntityOfPage\":{\"@id\":\"https:\/\/www.mojabochnia.pl\/?p=164583\"},\"wordCount\":1384,\"commentCount\":0,\"publisher\":{\"@id\":\"https:\/\/www.mojabochnia.pl\/#organization\"},\"image\":{\"@id\":\"https:\/\/www.mojabochnia.pl\/?p=164583#primaryimage\"},\"thumbnailUrl\":\"https:\/\/www.mojabochnia.pl\/wp-content\/uploads\/2017\/01\/IMG_3298.jpg\",\"keywords\":[\"mariusz zaj\u0105c\",\"polityka\",\"pose\u0142\",\"prawi i sprawiedliwo\u015b\u0107\",\"w\u0142odzimierz bernacki\"],\"articleSection\":[\"2_ostatnie\",\"polityka i wydarzenia\",\"tematyka\"],\"inLanguage\":\"pl-PL\",\"potentialAction\":[{\"@type\":\"CommentAction\",\"name\":\"Comment\",\"target\":[\"https:\/\/www.mojabochnia.pl\/?p=164583#respond\"]}]},{\"@type\":\"WebPage\",\"@id\":\"https:\/\/www.mojabochnia.pl\/?p=164583\",\"url\":\"https:\/\/www.mojabochnia.pl\/?p=164583\",\"name\":\"Nowy szef PiS w regionie i jego plany. Co z koalicj\u0105 w Radzie Powiatu? \u2013 wywiad - mojabochnia.pl - portal informacyjny\",\"isPartOf\":{\"@id\":\"https:\/\/www.mojabochnia.pl\/#website\"},\"primaryImageOfPage\":{\"@id\":\"https:\/\/www.mojabochnia.pl\/?p=164583#primaryimage\"},\"image\":{\"@id\":\"https:\/\/www.mojabochnia.pl\/?p=164583#primaryimage\"},\"thumbnailUrl\":\"https:\/\/www.mojabochnia.pl\/wp-content\/uploads\/2017\/01\/IMG_3298.jpg\",\"datePublished\":\"2017-01-03T09:53:58+00:00\",\"dateModified\":\"2017-01-09T10:06:14+00:00\",\"breadcrumb\":{\"@id\":\"https:\/\/www.mojabochnia.pl\/?p=164583#breadcrumb\"},\"inLanguage\":\"pl-PL\",\"potentialAction\":[{\"@type\":\"ReadAction\",\"target\":[\"https:\/\/www.mojabochnia.pl\/?p=164583\"]}]},{\"@type\":\"ImageObject\",\"inLanguage\":\"pl-PL\",\"@id\":\"https:\/\/www.mojabochnia.pl\/?p=164583#primaryimage\",\"url\":\"https:\/\/www.mojabochnia.pl\/wp-content\/uploads\/2017\/01\/IMG_3298.jpg\",\"contentUrl\":\"https:\/\/www.mojabochnia.pl\/wp-content\/uploads\/2017\/01\/IMG_3298.jpg\",\"width\":1000,\"height\":564,\"caption\":\"Pawe\u0142 Michalczyk\"},{\"@type\":\"BreadcrumbList\",\"@id\":\"https:\/\/www.mojabochnia.pl\/?p=164583#breadcrumb\",\"itemListElement\":[{\"@type\":\"ListItem\",\"position\":1,\"name\":\"Home\",\"item\":\"https:\/\/www.mojabochnia.pl\/\"},{\"@type\":\"ListItem\",\"position\":2,\"name\":\"Nowy szef PiS w regionie i jego plany. Co z koalicj\u0105 w Radzie Powiatu? \u2013 wywiad\"}]},{\"@type\":\"WebSite\",\"@id\":\"https:\/\/www.mojabochnia.pl\/#website\",\"url\":\"https:\/\/www.mojabochnia.pl\/\",\"name\":\"mojabochnia.pl - portal informacyjny\",\"description\":\"mojaBochnia to portal informacyjny o Bochni. Codziennie o Bochni piszemy i pokazujemy najwa\u017cniejsze wydarzenia\",\"publisher\":{\"@id\":\"https:\/\/www.mojabochnia.pl\/#organization\"},\"potentialAction\":[{\"@type\":\"SearchAction\",\"target\":{\"@type\":\"EntryPoint\",\"urlTemplate\":\"https:\/\/www.mojabochnia.pl\/?s={search_term_string}\"},\"query-input\":{\"@type\":\"PropertyValueSpecification\",\"valueRequired\":true,\"valueName\":\"search_term_string\"}}],\"inLanguage\":\"pl-PL\"},{\"@type\":\"Organization\",\"@id\":\"https:\/\/www.mojabochnia.pl\/#organization\",\"name\":\"mojabochnia.pl - portal informacyjny\",\"url\":\"https:\/\/www.mojabochnia.pl\/\",\"logo\":{\"@type\":\"ImageObject\",\"inLanguage\":\"pl-PL\",\"@id\":\"https:\/\/www.mojabochnia.pl\/#\/schema\/logo\/image\/\",\"url\":\"https:\/\/www.mojabochnia.pl\/wp-content\/uploads\/2017\/08\/logo-mb-opt.png\",\"contentUrl\":\"https:\/\/www.mojabochnia.pl\/wp-content\/uploads\/2017\/08\/logo-mb-opt.png\",\"width\":250,\"height\":48,\"caption\":\"mojabochnia.pl - portal informacyjny\"},\"image\":{\"@id\":\"https:\/\/www.mojabochnia.pl\/#\/schema\/logo\/image\/\"},\"sameAs\":[\"https:\/\/www.facebook.com\/mojabochnia\"]},{\"@type\":\"Person\",\"@id\":\"https:\/\/www.mojabochnia.pl\/#\/schema\/person\/ea042e4724a77627963f02166828ead4\",\"name\":\"Pawe\u0142 Michalczyk\",\"url\":\"https:\/\/www.mojabochnia.pl\/?author=4\"}]}<\/script>\n<!-- \/ Yoast SEO plugin. -->","yoast_head_json":{"title":"Nowy szef PiS w regionie i jego plany. Co z koalicj\u0105 w Radzie Powiatu? \u2013 wywiad - mojabochnia.pl - portal informacyjny","robots":{"index":"index","follow":"follow","max-snippet":"max-snippet:-1","max-image-preview":"max-image-preview:large","max-video-preview":"max-video-preview:-1"},"canonical":"https:\/\/www.mojabochnia.pl\/?p=164583","og_locale":"pl_PL","og_type":"article","og_title":"Nowy szef PiS w regionie i jego plany. Co z koalicj\u0105 w Radzie Powiatu? \u2013 wywiad - mojabochnia.pl - portal informacyjny","og_description":"Prof. W\u0142odzimierz Bernacki zosta\u0142 Pe\u0142nomocnikiem Okr\u0119gowym okr\u0119gu nr 15. Wcze\u015bniej funkcj\u0119 t\u0119 sprawowa\u0142 Edward Czesak. Nowy szef regionalnych struktur partii rz\u0105dz\u0105cej nie kryje, \u017ce nie jest zwolennikiem koalicji PiS-PSL w Radzie Powiatu Boche\u0144skiego. Czy zatem szykuje si\u0119 polityczne trz\u0119sienie ziemi?","og_url":"https:\/\/www.mojabochnia.pl\/?p=164583","og_site_name":"mojabochnia.pl - portal informacyjny","article_publisher":"https:\/\/www.facebook.com\/mojabochnia","article_published_time":"2017-01-03T09:53:58+00:00","article_modified_time":"2017-01-09T10:06:14+00:00","og_image":[{"width":1000,"height":564,"url":"https:\/\/www.mojabochnia.pl\/wp-content\/uploads\/2017\/01\/IMG_3298.jpg","type":"image\/jpeg"}],"author":"Pawe\u0142 Michalczyk","twitter_card":"summary_large_image","twitter_misc":{"Written by":"Pawe\u0142 Michalczyk","Est. reading time":"7 minut"},"schema":{"@context":"https:\/\/schema.org","@graph":[{"@type":"Article","@id":"https:\/\/www.mojabochnia.pl\/?p=164583#article","isPartOf":{"@id":"https:\/\/www.mojabochnia.pl\/?p=164583"},"author":{"name":"Pawe\u0142 Michalczyk","@id":"https:\/\/www.mojabochnia.pl\/#\/schema\/person\/ea042e4724a77627963f02166828ead4"},"headline":"Nowy szef PiS w regionie i jego plany. Co z koalicj\u0105 w Radzie Powiatu? \u2013 wywiad","datePublished":"2017-01-03T09:53:58+00:00","dateModified":"2017-01-09T10:06:14+00:00","mainEntityOfPage":{"@id":"https:\/\/www.mojabochnia.pl\/?p=164583"},"wordCount":1384,"commentCount":0,"publisher":{"@id":"https:\/\/www.mojabochnia.pl\/#organization"},"image":{"@id":"https:\/\/www.mojabochnia.pl\/?p=164583#primaryimage"},"thumbnailUrl":"https:\/\/www.mojabochnia.pl\/wp-content\/uploads\/2017\/01\/IMG_3298.jpg","keywords":["mariusz zaj\u0105c","polityka","pose\u0142","prawi i sprawiedliwo\u015b\u0107","w\u0142odzimierz bernacki"],"articleSection":["2_ostatnie","polityka i wydarzenia","tematyka"],"inLanguage":"pl-PL","potentialAction":[{"@type":"CommentAction","name":"Comment","target":["https:\/\/www.mojabochnia.pl\/?p=164583#respond"]}]},{"@type":"WebPage","@id":"https:\/\/www.mojabochnia.pl\/?p=164583","url":"https:\/\/www.mojabochnia.pl\/?p=164583","name":"Nowy szef PiS w regionie i jego plany. Co z koalicj\u0105 w Radzie Powiatu? \u2013 wywiad - mojabochnia.pl - portal informacyjny","isPartOf":{"@id":"https:\/\/www.mojabochnia.pl\/#website"},"primaryImageOfPage":{"@id":"https:\/\/www.mojabochnia.pl\/?p=164583#primaryimage"},"image":{"@id":"https:\/\/www.mojabochnia.pl\/?p=164583#primaryimage"},"thumbnailUrl":"https:\/\/www.mojabochnia.pl\/wp-content\/uploads\/2017\/01\/IMG_3298.jpg","datePublished":"2017-01-03T09:53:58+00:00","dateModified":"2017-01-09T10:06:14+00:00","breadcrumb":{"@id":"https:\/\/www.mojabochnia.pl\/?p=164583#breadcrumb"},"inLanguage":"pl-PL","potentialAction":[{"@type":"ReadAction","target":["https:\/\/www.mojabochnia.pl\/?p=164583"]}]},{"@type":"ImageObject","inLanguage":"pl-PL","@id":"https:\/\/www.mojabochnia.pl\/?p=164583#primaryimage","url":"https:\/\/www.mojabochnia.pl\/wp-content\/uploads\/2017\/01\/IMG_3298.jpg","contentUrl":"https:\/\/www.mojabochnia.pl\/wp-content\/uploads\/2017\/01\/IMG_3298.jpg","width":1000,"height":564,"caption":"Pawe\u0142 Michalczyk"},{"@type":"BreadcrumbList","@id":"https:\/\/www.mojabochnia.pl\/?p=164583#breadcrumb","itemListElement":[{"@type":"ListItem","position":1,"name":"Home","item":"https:\/\/www.mojabochnia.pl\/"},{"@type":"ListItem","position":2,"name":"Nowy szef PiS w regionie i jego plany. Co z koalicj\u0105 w Radzie Powiatu? \u2013 wywiad"}]},{"@type":"WebSite","@id":"https:\/\/www.mojabochnia.pl\/#website","url":"https:\/\/www.mojabochnia.pl\/","name":"mojabochnia.pl - portal informacyjny","description":"mojaBochnia to portal informacyjny o Bochni. Codziennie o Bochni piszemy i pokazujemy najwa\u017cniejsze wydarzenia","publisher":{"@id":"https:\/\/www.mojabochnia.pl\/#organization"},"potentialAction":[{"@type":"SearchAction","target":{"@type":"EntryPoint","urlTemplate":"https:\/\/www.mojabochnia.pl\/?s={search_term_string}"},"query-input":{"@type":"PropertyValueSpecification","valueRequired":true,"valueName":"search_term_string"}}],"inLanguage":"pl-PL"},{"@type":"Organization","@id":"https:\/\/www.mojabochnia.pl\/#organization","name":"mojabochnia.pl - portal informacyjny","url":"https:\/\/www.mojabochnia.pl\/","logo":{"@type":"ImageObject","inLanguage":"pl-PL","@id":"https:\/\/www.mojabochnia.pl\/#\/schema\/logo\/image\/","url":"https:\/\/www.mojabochnia.pl\/wp-content\/uploads\/2017\/08\/logo-mb-opt.png","contentUrl":"https:\/\/www.mojabochnia.pl\/wp-content\/uploads\/2017\/08\/logo-mb-opt.png","width":250,"height":48,"caption":"mojabochnia.pl - portal informacyjny"},"image":{"@id":"https:\/\/www.mojabochnia.pl\/#\/schema\/logo\/image\/"},"sameAs":["https:\/\/www.facebook.com\/mojabochnia"]},{"@type":"Person","@id":"https:\/\/www.mojabochnia.pl\/#\/schema\/person\/ea042e4724a77627963f02166828ead4","name":"Pawe\u0142 Michalczyk","url":"https:\/\/www.mojabochnia.pl\/?author=4"}]}},"_links":{"self":[{"href":"https:\/\/www.mojabochnia.pl\/index.php?rest_route=\/wp\/v2\/posts\/164583","targetHints":{"allow":["GET"]}}],"collection":[{"href":"https:\/\/www.mojabochnia.pl\/index.php?rest_route=\/wp\/v2\/posts"}],"about":[{"href":"https:\/\/www.mojabochnia.pl\/index.php?rest_route=\/wp\/v2\/types\/post"}],"author":[{"embeddable":true,"href":"https:\/\/www.mojabochnia.pl\/index.php?rest_route=\/wp\/v2\/users\/4"}],"replies":[{"embeddable":true,"href":"https:\/\/www.mojabochnia.pl\/index.php?rest_route=%2Fwp%2Fv2%2Fcomments&post=164583"}],"version-history":[{"count":9,"href":"https:\/\/www.mojabochnia.pl\/index.php?rest_route=\/wp\/v2\/posts\/164583\/revisions"}],"predecessor-version":[{"id":164598,"href":"https:\/\/www.mojabochnia.pl\/index.php?rest_route=\/wp\/v2\/posts\/164583\/revisions\/164598"}],"wp:featuredmedia":[{"embeddable":true,"href":"https:\/\/www.mojabochnia.pl\/index.php?rest_route=\/wp\/v2\/media\/164590"}],"wp:attachment":[{"href":"https:\/\/www.mojabochnia.pl\/index.php?rest_route=%2Fwp%2Fv2%2Fmedia&parent=164583"}],"wp:term":[{"taxonomy":"category","embeddable":true,"href":"https:\/\/www.mojabochnia.pl\/index.php?rest_route=%2Fwp%2Fv2%2Fcategories&post=164583"},{"taxonomy":"post_tag","embeddable":true,"href":"https:\/\/www.mojabochnia.pl\/index.php?rest_route=%2Fwp%2Fv2%2Ftags&post=164583"}],"curies":[{"name":"wp","href":"https:\/\/api.w.org\/{rel}","templated":true}]}}