{"id":163724,"date":"2016-12-13T10:26:28","date_gmt":"2016-12-13T09:26:28","guid":{"rendered":"http:\/\/www.mojabochnia.pl\/?p=163724"},"modified":"2016-12-15T10:20:10","modified_gmt":"2016-12-15T09:20:10","slug":"policja-bada-sprawe-dziury-w-tymczasowym-moscie-w-trzcianie","status":"publish","type":"post","link":"https:\/\/www.mojabochnia.pl\/?p=163724","title":{"rendered":"Policja bada spraw\u0119 dziury w tymczasowym mo\u015bcie w Trzcianie"},"content":{"rendered":"<p><em>W dniu wczorajszym zosta\u0142o z\u0142o\u017cone zawiadomienie w Komisariacie Policji w Nowym Wi\u015bniczu w sprawie zniszczenia mostu w Trzcianie. Zawiadomienie to z\u0142o\u017cy\u0142 przedstawiciel firmy zajmuj\u0105cej si\u0119 utrzymaniem mostu. Na chwil\u0119 obecn\u0105 trwaj\u0105 czynno\u015bci maj\u0105ce ustali\u0107 przyczyn\u0119 za\u0142amania si\u0119 desek<\/em> &#8211; poinformowa\u0142 portal mojaBochnia.pl \u0141ukasz Ostr\u0119ga, oficer prasowy boche\u0144skiej komendy.<\/p>\n<p>O sprawie dziury w mo\u015bcie tymczasowym w Trzcianie informowali\u015bmy <a href=\"http:\/\/www.mojabochnia.pl\/?p=163683\">tutaj<\/a>. Wszystko wskazuje na to, \u017ce kto\u015b straci\u0142 cierpliwo\u015b\u0107 z powodu przed\u0142u\u017caj\u0105cej si\u0119 procedury odbioru technicznego nowego mostu (budowa zosta\u0142a zako\u0144czona blisko dwa miesi\u0105ce temu). Od tego czasu ruch ci\u0105gle odbywa\u0142 si\u0119 (wahad\u0142owo) drewnian\u0105 przepraw\u0105 wybudowan\u0105 na czas budowy. <\/p>\n","protected":false},"excerpt":{"rendered":"<p>Policja bada okoliczno\u015bci powstania dziury w tymczasowym mo\u015bcie na drodze wojew\u00f3dzkiej nr 966 w Trzcianie. 12 grudnia rano pod naporem ci\u0119\u017ckiego samochodu za\u0142ama\u0142 si\u0119 fragment jezdni. Na nades\u0142anych do redakcji mojaBochnia.pl zdj\u0119ciach wida\u0107 odci\u0119ty kawa\u0142ek belki. <\/p>\n","protected":false},"author":4,"featured_media":163686,"comment_status":"open","ping_status":"closed","sticky":false,"template":"","format":"standard","meta":{"_acf_changed":false,"footnotes":""},"categories":[5,6251,6250],"tags":[17356,17155,17169],"class_list":["post-163724","post","type-post","status-publish","format-standard","has-post-thumbnail","hentry","category-biezace-wydarzenia","category-polityka-i-wydarzenia","category-tematyka","tag-most","tag-policja","tag-trzciana","main_tag-policja"],"acf":[],"yoast_head":"<!-- This site is optimized with the Yoast SEO plugin v26.9 - https:\/\/yoast.com\/product\/yoast-seo-wordpress\/ -->\n<title>Policja bada spraw\u0119 dziury w tymczasowym mo\u015bcie w Trzcianie - mojabochnia.pl - portal informacyjny<\/title>\n<meta name=\"robots\" content=\"index, follow, max-snippet:-1, max-image-preview:large, max-video-preview:-1\" \/>\n<link rel=\"canonical\" href=\"https:\/\/www.mojabochnia.pl\/?p=163724\" \/>\n<meta property=\"og:locale\" content=\"pl_PL\" \/>\n<meta property=\"og:type\" content=\"article\" \/>\n<meta property=\"og:title\" content=\"Policja bada spraw\u0119 dziury w tymczasowym mo\u015bcie w Trzcianie - mojabochnia.pl - portal informacyjny\" \/>\n<meta property=\"og:description\" content=\"Policja bada okoliczno\u015bci powstania dziury w tymczasowym mo\u015bcie na drodze wojew\u00f3dzkiej nr 966 w Trzcianie. 12 grudnia rano pod naporem ci\u0119\u017ckiego samochodu za\u0142ama\u0142 si\u0119 fragment jezdni. Na nades\u0142anych do redakcji mojaBochnia.pl zdj\u0119ciach wida\u0107 odci\u0119ty kawa\u0142ek belki.\" \/>\n<meta property=\"og:url\" content=\"https:\/\/www.mojabochnia.pl\/?p=163724\" \/>\n<meta property=\"og:site_name\" content=\"mojabochnia.pl - portal informacyjny\" \/>\n<meta property=\"article:publisher\" content=\"https:\/\/www.facebook.com\/mojabochnia\" \/>\n<meta property=\"article:published_time\" content=\"2016-12-13T09:26:28+00:00\" \/>\n<meta property=\"article:modified_time\" content=\"2016-12-15T09:20:10+00:00\" \/>\n<meta property=\"og:image\" content=\"https:\/\/www.mojabochnia.pl\/wp-content\/uploads\/2016\/12\/DSC_0363.jpg\" \/>\n\t<meta property=\"og:image:width\" content=\"800\" \/>\n\t<meta property=\"og:image:height\" content=\"450\" \/>\n\t<meta property=\"og:image:type\" content=\"image\/jpeg\" \/>\n<meta name=\"author\" content=\"Pawe\u0142 Michalczyk\" \/>\n<meta name=\"twitter:card\" content=\"summary_large_image\" \/>\n<meta name=\"twitter:label1\" content=\"Written by\" \/>\n\t<meta name=\"twitter:data1\" content=\"Pawe\u0142 Michalczyk\" \/>\n\t<meta name=\"twitter:label2\" content=\"Est. reading time\" \/>\n\t<meta name=\"twitter:data2\" content=\"1 minuta\" \/>\n<script type=\"application\/ld+json\" class=\"yoast-schema-graph\">{\"@context\":\"https:\/\/schema.org\",\"@graph\":[{\"@type\":\"Article\",\"@id\":\"https:\/\/www.mojabochnia.pl\/?p=163724#article\",\"isPartOf\":{\"@id\":\"https:\/\/www.mojabochnia.pl\/?p=163724\"},\"author\":{\"name\":\"Pawe\u0142 Michalczyk\",\"@id\":\"https:\/\/www.mojabochnia.pl\/#\/schema\/person\/ea042e4724a77627963f02166828ead4\"},\"headline\":\"Policja bada spraw\u0119 dziury w tymczasowym mo\u015bcie w Trzcianie\",\"datePublished\":\"2016-12-13T09:26:28+00:00\",\"dateModified\":\"2016-12-15T09:20:10+00:00\",\"mainEntityOfPage\":{\"@id\":\"https:\/\/www.mojabochnia.pl\/?p=163724\"},\"wordCount\":129,\"commentCount\":0,\"publisher\":{\"@id\":\"https:\/\/www.mojabochnia.pl\/#organization\"},\"image\":{\"@id\":\"https:\/\/www.mojabochnia.pl\/?p=163724#primaryimage\"},\"thumbnailUrl\":\"https:\/\/www.mojabochnia.pl\/wp-content\/uploads\/2016\/12\/DSC_0363.jpg\",\"keywords\":[\"most\",\"policja\",\"Trzciana\"],\"articleSection\":[\"2_ostatnie\",\"polityka i wydarzenia\",\"tematyka\"],\"inLanguage\":\"pl-PL\",\"potentialAction\":[{\"@type\":\"CommentAction\",\"name\":\"Comment\",\"target\":[\"https:\/\/www.mojabochnia.pl\/?p=163724#respond\"]}]},{\"@type\":\"WebPage\",\"@id\":\"https:\/\/www.mojabochnia.pl\/?p=163724\",\"url\":\"https:\/\/www.mojabochnia.pl\/?p=163724\",\"name\":\"Policja bada spraw\u0119 dziury w tymczasowym mo\u015bcie w Trzcianie - mojabochnia.pl - portal informacyjny\",\"isPartOf\":{\"@id\":\"https:\/\/www.mojabochnia.pl\/#website\"},\"primaryImageOfPage\":{\"@id\":\"https:\/\/www.mojabochnia.pl\/?p=163724#primaryimage\"},\"image\":{\"@id\":\"https:\/\/www.mojabochnia.pl\/?p=163724#primaryimage\"},\"thumbnailUrl\":\"https:\/\/www.mojabochnia.pl\/wp-content\/uploads\/2016\/12\/DSC_0363.jpg\",\"datePublished\":\"2016-12-13T09:26:28+00:00\",\"dateModified\":\"2016-12-15T09:20:10+00:00\",\"breadcrumb\":{\"@id\":\"https:\/\/www.mojabochnia.pl\/?p=163724#breadcrumb\"},\"inLanguage\":\"pl-PL\",\"potentialAction\":[{\"@type\":\"ReadAction\",\"target\":[\"https:\/\/www.mojabochnia.pl\/?p=163724\"]}]},{\"@type\":\"ImageObject\",\"inLanguage\":\"pl-PL\",\"@id\":\"https:\/\/www.mojabochnia.pl\/?p=163724#primaryimage\",\"url\":\"https:\/\/www.mojabochnia.pl\/wp-content\/uploads\/2016\/12\/DSC_0363.jpg\",\"contentUrl\":\"https:\/\/www.mojabochnia.pl\/wp-content\/uploads\/2016\/12\/DSC_0363.jpg\",\"width\":800,\"height\":450,\"caption\":\"nades\u0142ane\"},{\"@type\":\"BreadcrumbList\",\"@id\":\"https:\/\/www.mojabochnia.pl\/?p=163724#breadcrumb\",\"itemListElement\":[{\"@type\":\"ListItem\",\"position\":1,\"name\":\"Home\",\"item\":\"https:\/\/www.mojabochnia.pl\/\"},{\"@type\":\"ListItem\",\"position\":2,\"name\":\"Policja bada spraw\u0119 dziury w tymczasowym mo\u015bcie w Trzcianie\"}]},{\"@type\":\"WebSite\",\"@id\":\"https:\/\/www.mojabochnia.pl\/#website\",\"url\":\"https:\/\/www.mojabochnia.pl\/\",\"name\":\"mojabochnia.pl - portal informacyjny\",\"description\":\"mojaBochnia to portal informacyjny o Bochni. Codziennie o Bochni piszemy i pokazujemy najwa\u017cniejsze wydarzenia\",\"publisher\":{\"@id\":\"https:\/\/www.mojabochnia.pl\/#organization\"},\"potentialAction\":[{\"@type\":\"SearchAction\",\"target\":{\"@type\":\"EntryPoint\",\"urlTemplate\":\"https:\/\/www.mojabochnia.pl\/?s={search_term_string}\"},\"query-input\":{\"@type\":\"PropertyValueSpecification\",\"valueRequired\":true,\"valueName\":\"search_term_string\"}}],\"inLanguage\":\"pl-PL\"},{\"@type\":\"Organization\",\"@id\":\"https:\/\/www.mojabochnia.pl\/#organization\",\"name\":\"mojabochnia.pl - portal informacyjny\",\"url\":\"https:\/\/www.mojabochnia.pl\/\",\"logo\":{\"@type\":\"ImageObject\",\"inLanguage\":\"pl-PL\",\"@id\":\"https:\/\/www.mojabochnia.pl\/#\/schema\/logo\/image\/\",\"url\":\"https:\/\/www.mojabochnia.pl\/wp-content\/uploads\/2017\/08\/logo-mb-opt.png\",\"contentUrl\":\"https:\/\/www.mojabochnia.pl\/wp-content\/uploads\/2017\/08\/logo-mb-opt.png\",\"width\":250,\"height\":48,\"caption\":\"mojabochnia.pl - portal informacyjny\"},\"image\":{\"@id\":\"https:\/\/www.mojabochnia.pl\/#\/schema\/logo\/image\/\"},\"sameAs\":[\"https:\/\/www.facebook.com\/mojabochnia\"]},{\"@type\":\"Person\",\"@id\":\"https:\/\/www.mojabochnia.pl\/#\/schema\/person\/ea042e4724a77627963f02166828ead4\",\"name\":\"Pawe\u0142 Michalczyk\",\"url\":\"https:\/\/www.mojabochnia.pl\/?author=4\"}]}<\/script>\n<!-- \/ Yoast SEO plugin. -->","yoast_head_json":{"title":"Policja bada spraw\u0119 dziury w tymczasowym mo\u015bcie w Trzcianie - mojabochnia.pl - portal informacyjny","robots":{"index":"index","follow":"follow","max-snippet":"max-snippet:-1","max-image-preview":"max-image-preview:large","max-video-preview":"max-video-preview:-1"},"canonical":"https:\/\/www.mojabochnia.pl\/?p=163724","og_locale":"pl_PL","og_type":"article","og_title":"Policja bada spraw\u0119 dziury w tymczasowym mo\u015bcie w Trzcianie - mojabochnia.pl - portal informacyjny","og_description":"Policja bada okoliczno\u015bci powstania dziury w tymczasowym mo\u015bcie na drodze wojew\u00f3dzkiej nr 966 w Trzcianie. 12 grudnia rano pod naporem ci\u0119\u017ckiego samochodu za\u0142ama\u0142 si\u0119 fragment jezdni. Na nades\u0142anych do redakcji mojaBochnia.pl zdj\u0119ciach wida\u0107 odci\u0119ty kawa\u0142ek belki.","og_url":"https:\/\/www.mojabochnia.pl\/?p=163724","og_site_name":"mojabochnia.pl - portal informacyjny","article_publisher":"https:\/\/www.facebook.com\/mojabochnia","article_published_time":"2016-12-13T09:26:28+00:00","article_modified_time":"2016-12-15T09:20:10+00:00","og_image":[{"width":800,"height":450,"url":"https:\/\/www.mojabochnia.pl\/wp-content\/uploads\/2016\/12\/DSC_0363.jpg","type":"image\/jpeg"}],"author":"Pawe\u0142 Michalczyk","twitter_card":"summary_large_image","twitter_misc":{"Written by":"Pawe\u0142 Michalczyk","Est. reading time":"1 minuta"},"schema":{"@context":"https:\/\/schema.org","@graph":[{"@type":"Article","@id":"https:\/\/www.mojabochnia.pl\/?p=163724#article","isPartOf":{"@id":"https:\/\/www.mojabochnia.pl\/?p=163724"},"author":{"name":"Pawe\u0142 Michalczyk","@id":"https:\/\/www.mojabochnia.pl\/#\/schema\/person\/ea042e4724a77627963f02166828ead4"},"headline":"Policja bada spraw\u0119 dziury w tymczasowym mo\u015bcie w Trzcianie","datePublished":"2016-12-13T09:26:28+00:00","dateModified":"2016-12-15T09:20:10+00:00","mainEntityOfPage":{"@id":"https:\/\/www.mojabochnia.pl\/?p=163724"},"wordCount":129,"commentCount":0,"publisher":{"@id":"https:\/\/www.mojabochnia.pl\/#organization"},"image":{"@id":"https:\/\/www.mojabochnia.pl\/?p=163724#primaryimage"},"thumbnailUrl":"https:\/\/www.mojabochnia.pl\/wp-content\/uploads\/2016\/12\/DSC_0363.jpg","keywords":["most","policja","Trzciana"],"articleSection":["2_ostatnie","polityka i wydarzenia","tematyka"],"inLanguage":"pl-PL","potentialAction":[{"@type":"CommentAction","name":"Comment","target":["https:\/\/www.mojabochnia.pl\/?p=163724#respond"]}]},{"@type":"WebPage","@id":"https:\/\/www.mojabochnia.pl\/?p=163724","url":"https:\/\/www.mojabochnia.pl\/?p=163724","name":"Policja bada spraw\u0119 dziury w tymczasowym mo\u015bcie w Trzcianie - mojabochnia.pl - portal informacyjny","isPartOf":{"@id":"https:\/\/www.mojabochnia.pl\/#website"},"primaryImageOfPage":{"@id":"https:\/\/www.mojabochnia.pl\/?p=163724#primaryimage"},"image":{"@id":"https:\/\/www.mojabochnia.pl\/?p=163724#primaryimage"},"thumbnailUrl":"https:\/\/www.mojabochnia.pl\/wp-content\/uploads\/2016\/12\/DSC_0363.jpg","datePublished":"2016-12-13T09:26:28+00:00","dateModified":"2016-12-15T09:20:10+00:00","breadcrumb":{"@id":"https:\/\/www.mojabochnia.pl\/?p=163724#breadcrumb"},"inLanguage":"pl-PL","potentialAction":[{"@type":"ReadAction","target":["https:\/\/www.mojabochnia.pl\/?p=163724"]}]},{"@type":"ImageObject","inLanguage":"pl-PL","@id":"https:\/\/www.mojabochnia.pl\/?p=163724#primaryimage","url":"https:\/\/www.mojabochnia.pl\/wp-content\/uploads\/2016\/12\/DSC_0363.jpg","contentUrl":"https:\/\/www.mojabochnia.pl\/wp-content\/uploads\/2016\/12\/DSC_0363.jpg","width":800,"height":450,"caption":"nades\u0142ane"},{"@type":"BreadcrumbList","@id":"https:\/\/www.mojabochnia.pl\/?p=163724#breadcrumb","itemListElement":[{"@type":"ListItem","position":1,"name":"Home","item":"https:\/\/www.mojabochnia.pl\/"},{"@type":"ListItem","position":2,"name":"Policja bada spraw\u0119 dziury w tymczasowym mo\u015bcie w Trzcianie"}]},{"@type":"WebSite","@id":"https:\/\/www.mojabochnia.pl\/#website","url":"https:\/\/www.mojabochnia.pl\/","name":"mojabochnia.pl - portal informacyjny","description":"mojaBochnia to portal informacyjny o Bochni. Codziennie o Bochni piszemy i pokazujemy najwa\u017cniejsze wydarzenia","publisher":{"@id":"https:\/\/www.mojabochnia.pl\/#organization"},"potentialAction":[{"@type":"SearchAction","target":{"@type":"EntryPoint","urlTemplate":"https:\/\/www.mojabochnia.pl\/?s={search_term_string}"},"query-input":{"@type":"PropertyValueSpecification","valueRequired":true,"valueName":"search_term_string"}}],"inLanguage":"pl-PL"},{"@type":"Organization","@id":"https:\/\/www.mojabochnia.pl\/#organization","name":"mojabochnia.pl - portal informacyjny","url":"https:\/\/www.mojabochnia.pl\/","logo":{"@type":"ImageObject","inLanguage":"pl-PL","@id":"https:\/\/www.mojabochnia.pl\/#\/schema\/logo\/image\/","url":"https:\/\/www.mojabochnia.pl\/wp-content\/uploads\/2017\/08\/logo-mb-opt.png","contentUrl":"https:\/\/www.mojabochnia.pl\/wp-content\/uploads\/2017\/08\/logo-mb-opt.png","width":250,"height":48,"caption":"mojabochnia.pl - portal informacyjny"},"image":{"@id":"https:\/\/www.mojabochnia.pl\/#\/schema\/logo\/image\/"},"sameAs":["https:\/\/www.facebook.com\/mojabochnia"]},{"@type":"Person","@id":"https:\/\/www.mojabochnia.pl\/#\/schema\/person\/ea042e4724a77627963f02166828ead4","name":"Pawe\u0142 Michalczyk","url":"https:\/\/www.mojabochnia.pl\/?author=4"}]}},"_links":{"self":[{"href":"https:\/\/www.mojabochnia.pl\/index.php?rest_route=\/wp\/v2\/posts\/163724","targetHints":{"allow":["GET"]}}],"collection":[{"href":"https:\/\/www.mojabochnia.pl\/index.php?rest_route=\/wp\/v2\/posts"}],"about":[{"href":"https:\/\/www.mojabochnia.pl\/index.php?rest_route=\/wp\/v2\/types\/post"}],"author":[{"embeddable":true,"href":"https:\/\/www.mojabochnia.pl\/index.php?rest_route=\/wp\/v2\/users\/4"}],"replies":[{"embeddable":true,"href":"https:\/\/www.mojabochnia.pl\/index.php?rest_route=%2Fwp%2Fv2%2Fcomments&post=163724"}],"version-history":[{"count":2,"href":"https:\/\/www.mojabochnia.pl\/index.php?rest_route=\/wp\/v2\/posts\/163724\/revisions"}],"predecessor-version":[{"id":163738,"href":"https:\/\/www.mojabochnia.pl\/index.php?rest_route=\/wp\/v2\/posts\/163724\/revisions\/163738"}],"wp:featuredmedia":[{"embeddable":true,"href":"https:\/\/www.mojabochnia.pl\/index.php?rest_route=\/wp\/v2\/media\/163686"}],"wp:attachment":[{"href":"https:\/\/www.mojabochnia.pl\/index.php?rest_route=%2Fwp%2Fv2%2Fmedia&parent=163724"}],"wp:term":[{"taxonomy":"category","embeddable":true,"href":"https:\/\/www.mojabochnia.pl\/index.php?rest_route=%2Fwp%2Fv2%2Fcategories&post=163724"},{"taxonomy":"post_tag","embeddable":true,"href":"https:\/\/www.mojabochnia.pl\/index.php?rest_route=%2Fwp%2Fv2%2Ftags&post=163724"}],"curies":[{"name":"wp","href":"https:\/\/api.w.org\/{rel}","templated":true}]}}