{"id":163667,"date":"2016-12-12T13:49:34","date_gmt":"2016-12-12T12:49:34","guid":{"rendered":"http:\/\/www.mojabochnia.pl\/?p=163667"},"modified":"2016-12-12T13:49:34","modified_gmt":"2016-12-12T12:49:34","slug":"otwarto-nowy-most-w-nieszkowicach-wielkich","status":"publish","type":"post","link":"https:\/\/www.mojabochnia.pl\/?p=163667","title":{"rendered":"Otwarto nowy most w Nieszkowicach Wielkich"},"content":{"rendered":"<p>W ramach inwestycji  rozebrano stary drewniany mostek w miejscu kt\u00f3rego powsta\u0142 nowy \u017celbetowy most o no\u015bno\u015bci 40 ton wraz z elementami bezpiecze\u0144stwa ruchu. Przebudowano r\u00f3wnie\u017c dojazdy i  istniej\u0105ce zjazdy indywidualne do dzia\u0142ek. Powsta\u0142 chodnik  i kanalizacja deszczowa, przebudowano rowy oraz koryto potoku Zawadka.<\/p>\n<p><em>Tym razem mieszka\u0144cy Nieszkowic Wielkich mog\u0105 z dum\u0105 chwali\u0107 si\u0119 nowym obiektem. Poprawa bezpiecze\u0144stwa i komfort \u017cycia mieszka\u0144c\u00f3w  naszego powiatu to priorytetowe dzia\u0142ania, jakie przy\u015bwiecaj\u0105 w naszej pracy. Ciesz\u0119 si\u0119, \u017ce Wojewoda Ma\u0142opolski pami\u0119ta o naszym powiecie <\/em>\u2013 m\u00f3wi Ludwik W\u0119grzyn starosta boche\u0144ski<\/p>\n<p>W uroczystym oddaniu inwestycji uczestniczy\u0142 wicewojewoda ma\u0142opolski J\u00f3zef Gawron, starosta boche\u0144ski Ludwik W\u0119grzyn, wicestarosta J\u00f3zef Mroczek. Obecny by\u0142 r\u00f3wnie\u017c w\u00f3jt gminy Bochnia wraz z zast\u0119pc\u0105, radni powiatowi oraz gminni oraz  przedstawiciele Policji, Zarz\u0105du Dr\u00f3g i mieszka\u0144cy.<\/p>\n<p>Inwestycja by\u0142a mo\u017cliwa dzi\u0119ki pozyskanej przez Zarz\u0105d Powiatu dotacji z Ministerstwa Spraw Wewn\u0119trznych i Administracji w ramach usuwania skutk\u00f3w kl\u0119sk \u017cywio\u0142owych w wysoko\u015bci prawie 800 tys z\u0142otych.<\/p>\n\t  \r\n\t\r\n\t    <div class=\"mb-gallery\">\r\n\t    <a href=\"https:\/\/www.mojabochnia.pl\/?attachment_id=163670\" class=\"\"><img loading=\"lazy\" decoding=\"async\" width=\"100\" height=\"57\" src=\"https:\/\/www.mojabochnia.pl\/wp-content\/uploads\/2016\/12\/DSCN0561-120x68.jpg\" class=\"attachment-100x100 size-100x100\" alt=\"\" srcset=\"https:\/\/www.mojabochnia.pl\/wp-content\/uploads\/2016\/12\/DSCN0561-120x68.jpg 120w, https:\/\/www.mojabochnia.pl\/wp-content\/uploads\/2016\/12\/DSCN0561-468x264.jpg 468w, https:\/\/www.mojabochnia.pl\/wp-content\/uploads\/2016\/12\/DSCN0561-660x373.jpg 660w, https:\/\/www.mojabochnia.pl\/wp-content\/uploads\/2016\/12\/DSCN0561-152x86.jpg 152w, https:\/\/www.mojabochnia.pl\/wp-content\/uploads\/2016\/12\/DSCN0561.jpg 691w\" sizes=\"auto, (max-width: 100px) 100vw, 100px\" \/><\/a><a href=\"https:\/\/www.mojabochnia.pl\/?attachment_id=163671\" class=\"\"><img loading=\"lazy\" decoding=\"async\" width=\"100\" height=\"57\" src=\"https:\/\/www.mojabochnia.pl\/wp-content\/uploads\/2016\/12\/DSCN0641-120x68.jpg\" class=\"attachment-100x100 size-100x100\" alt=\"\" srcset=\"https:\/\/www.mojabochnia.pl\/wp-content\/uploads\/2016\/12\/DSCN0641-120x68.jpg 120w, https:\/\/www.mojabochnia.pl\/wp-content\/uploads\/2016\/12\/DSCN0641-468x264.jpg 468w, https:\/\/www.mojabochnia.pl\/wp-content\/uploads\/2016\/12\/DSCN0641-768x433.jpg 768w, https:\/\/www.mojabochnia.pl\/wp-content\/uploads\/2016\/12\/DSCN0641-660x372.jpg 660w, https:\/\/www.mojabochnia.pl\/wp-content\/uploads\/2016\/12\/DSCN0641-152x86.jpg 152w, https:\/\/www.mojabochnia.pl\/wp-content\/uploads\/2016\/12\/DSCN0641.jpg 800w\" sizes=\"auto, (max-width: 100px) 100vw, 100px\" \/><\/a><a href=\"https:\/\/www.mojabochnia.pl\/?attachment_id=163672\" class=\"\"><img loading=\"lazy\" decoding=\"async\" width=\"100\" height=\"57\" src=\"https:\/\/www.mojabochnia.pl\/wp-content\/uploads\/2016\/12\/DSCN0642-120x68.jpg\" class=\"attachment-100x100 size-100x100\" alt=\"\" srcset=\"https:\/\/www.mojabochnia.pl\/wp-content\/uploads\/2016\/12\/DSCN0642-120x68.jpg 120w, https:\/\/www.mojabochnia.pl\/wp-content\/uploads\/2016\/12\/DSCN0642-468x264.jpg 468w, https:\/\/www.mojabochnia.pl\/wp-content\/uploads\/2016\/12\/DSCN0642-768x434.jpg 768w, https:\/\/www.mojabochnia.pl\/wp-content\/uploads\/2016\/12\/DSCN0642-660x373.jpg 660w, https:\/\/www.mojabochnia.pl\/wp-content\/uploads\/2016\/12\/DSCN0642-152x86.jpg 152w, https:\/\/www.mojabochnia.pl\/wp-content\/uploads\/2016\/12\/DSCN0642.jpg 800w\" sizes=\"auto, (max-width: 100px) 100vw, 100px\" \/><\/a><a href=\"https:\/\/www.mojabochnia.pl\/?attachment_id=163673\" class=\"\"><img loading=\"lazy\" decoding=\"async\" width=\"100\" height=\"57\" src=\"https:\/\/www.mojabochnia.pl\/wp-content\/uploads\/2016\/12\/DSCN0643-120x68.jpg\" class=\"attachment-100x100 size-100x100\" alt=\"\" srcset=\"https:\/\/www.mojabochnia.pl\/wp-content\/uploads\/2016\/12\/DSCN0643-120x68.jpg 120w, https:\/\/www.mojabochnia.pl\/wp-content\/uploads\/2016\/12\/DSCN0643-468x264.jpg 468w, https:\/\/www.mojabochnia.pl\/wp-content\/uploads\/2016\/12\/DSCN0643-768x434.jpg 768w, https:\/\/www.mojabochnia.pl\/wp-content\/uploads\/2016\/12\/DSCN0643-660x373.jpg 660w, https:\/\/www.mojabochnia.pl\/wp-content\/uploads\/2016\/12\/DSCN0643-152x86.jpg 152w, https:\/\/www.mojabochnia.pl\/wp-content\/uploads\/2016\/12\/DSCN0643.jpg 800w\" sizes=\"auto, (max-width: 100px) 100vw, 100px\" \/><\/a><a href=\"https:\/\/www.mojabochnia.pl\/?attachment_id=163674\" class=\"\"><img loading=\"lazy\" decoding=\"async\" width=\"100\" height=\"57\" src=\"https:\/\/www.mojabochnia.pl\/wp-content\/uploads\/2016\/12\/DSCN0650-120x68.jpg\" class=\"attachment-100x100 size-100x100\" alt=\"\" srcset=\"https:\/\/www.mojabochnia.pl\/wp-content\/uploads\/2016\/12\/DSCN0650-120x68.jpg 120w, https:\/\/www.mojabochnia.pl\/wp-content\/uploads\/2016\/12\/DSCN0650-468x263.jpg 468w, https:\/\/www.mojabochnia.pl\/wp-content\/uploads\/2016\/12\/DSCN0650-768x432.jpg 768w, https:\/\/www.mojabochnia.pl\/wp-content\/uploads\/2016\/12\/DSCN0650-660x371.jpg 660w, https:\/\/www.mojabochnia.pl\/wp-content\/uploads\/2016\/12\/DSCN0650-152x86.jpg 152w, https:\/\/www.mojabochnia.pl\/wp-content\/uploads\/2016\/12\/DSCN0650.jpg 800w\" sizes=\"auto, (max-width: 100px) 100vw, 100px\" \/><\/a><a href=\"https:\/\/www.mojabochnia.pl\/?attachment_id=163675\" class=\"\"><img loading=\"lazy\" decoding=\"async\" width=\"100\" height=\"57\" src=\"https:\/\/www.mojabochnia.pl\/wp-content\/uploads\/2016\/12\/DSCN0653-120x68.jpg\" class=\"attachment-100x100 size-100x100\" alt=\"\" srcset=\"https:\/\/www.mojabochnia.pl\/wp-content\/uploads\/2016\/12\/DSCN0653-120x68.jpg 120w, https:\/\/www.mojabochnia.pl\/wp-content\/uploads\/2016\/12\/DSCN0653-468x264.jpg 468w, https:\/\/www.mojabochnia.pl\/wp-content\/uploads\/2016\/12\/DSCN0653-768x433.jpg 768w, https:\/\/www.mojabochnia.pl\/wp-content\/uploads\/2016\/12\/DSCN0653-660x372.jpg 660w, https:\/\/www.mojabochnia.pl\/wp-content\/uploads\/2016\/12\/DSCN0653-152x86.jpg 152w, https:\/\/www.mojabochnia.pl\/wp-content\/uploads\/2016\/12\/DSCN0653.jpg 800w\" sizes=\"auto, (max-width: 100px) 100vw, 100px\" \/><\/a><a href=\"https:\/\/www.mojabochnia.pl\/?attachment_id=163676\" class=\"\"><img loading=\"lazy\" decoding=\"async\" width=\"100\" height=\"57\" src=\"https:\/\/www.mojabochnia.pl\/wp-content\/uploads\/2016\/12\/DSCN0654-120x68.jpg\" class=\"attachment-100x100 size-100x100\" alt=\"\" srcset=\"https:\/\/www.mojabochnia.pl\/wp-content\/uploads\/2016\/12\/DSCN0654-120x68.jpg 120w, https:\/\/www.mojabochnia.pl\/wp-content\/uploads\/2016\/12\/DSCN0654-468x264.jpg 468w, https:\/\/www.mojabochnia.pl\/wp-content\/uploads\/2016\/12\/DSCN0654-768x433.jpg 768w, https:\/\/www.mojabochnia.pl\/wp-content\/uploads\/2016\/12\/DSCN0654-660x372.jpg 660w, https:\/\/www.mojabochnia.pl\/wp-content\/uploads\/2016\/12\/DSCN0654-152x86.jpg 152w, https:\/\/www.mojabochnia.pl\/wp-content\/uploads\/2016\/12\/DSCN0654.jpg 800w\" sizes=\"auto, (max-width: 100px) 100vw, 100px\" \/><\/a><a href=\"https:\/\/www.mojabochnia.pl\/?attachment_id=163677\" class=\"\"><img loading=\"lazy\" decoding=\"async\" width=\"100\" height=\"57\" src=\"https:\/\/www.mojabochnia.pl\/wp-content\/uploads\/2016\/12\/DSCN0655-120x68.jpg\" class=\"attachment-100x100 size-100x100\" alt=\"\" srcset=\"https:\/\/www.mojabochnia.pl\/wp-content\/uploads\/2016\/12\/DSCN0655-120x68.jpg 120w, https:\/\/www.mojabochnia.pl\/wp-content\/uploads\/2016\/12\/DSCN0655-468x264.jpg 468w, https:\/\/www.mojabochnia.pl\/wp-content\/uploads\/2016\/12\/DSCN0655-768x433.jpg 768w, https:\/\/www.mojabochnia.pl\/wp-content\/uploads\/2016\/12\/DSCN0655-660x372.jpg 660w, https:\/\/www.mojabochnia.pl\/wp-content\/uploads\/2016\/12\/DSCN0655-152x86.jpg 152w, https:\/\/www.mojabochnia.pl\/wp-content\/uploads\/2016\/12\/DSCN0655.jpg 800w\" sizes=\"auto, (max-width: 100px) 100vw, 100px\" \/><\/a><a href=\"https:\/\/www.mojabochnia.pl\/?attachment_id=163678\" class=\"\"><img loading=\"lazy\" decoding=\"async\" width=\"100\" height=\"57\" src=\"https:\/\/www.mojabochnia.pl\/wp-content\/uploads\/2016\/12\/WP_20161202_10_09_00_Pro-120x68.jpg\" class=\"attachment-100x100 size-100x100\" alt=\"\" srcset=\"https:\/\/www.mojabochnia.pl\/wp-content\/uploads\/2016\/12\/WP_20161202_10_09_00_Pro-120x68.jpg 120w, https:\/\/www.mojabochnia.pl\/wp-content\/uploads\/2016\/12\/WP_20161202_10_09_00_Pro-468x263.jpg 468w, https:\/\/www.mojabochnia.pl\/wp-content\/uploads\/2016\/12\/WP_20161202_10_09_00_Pro-768x432.jpg 768w, https:\/\/www.mojabochnia.pl\/wp-content\/uploads\/2016\/12\/WP_20161202_10_09_00_Pro-660x371.jpg 660w, https:\/\/www.mojabochnia.pl\/wp-content\/uploads\/2016\/12\/WP_20161202_10_09_00_Pro-152x86.jpg 152w, https:\/\/www.mojabochnia.pl\/wp-content\/uploads\/2016\/12\/WP_20161202_10_09_00_Pro.jpg 800w\" sizes=\"auto, (max-width: 100px) 100vw, 100px\" \/><\/a><a href=\"https:\/\/www.mojabochnia.pl\/?attachment_id=163679\" class=\"\"><img loading=\"lazy\" decoding=\"async\" width=\"100\" height=\"57\" src=\"https:\/\/www.mojabochnia.pl\/wp-content\/uploads\/2016\/12\/WP_20161202_10_09_10_Pro-120x68.jpg\" class=\"attachment-100x100 size-100x100\" alt=\"\" srcset=\"https:\/\/www.mojabochnia.pl\/wp-content\/uploads\/2016\/12\/WP_20161202_10_09_10_Pro-120x68.jpg 120w, https:\/\/www.mojabochnia.pl\/wp-content\/uploads\/2016\/12\/WP_20161202_10_09_10_Pro-468x263.jpg 468w, https:\/\/www.mojabochnia.pl\/wp-content\/uploads\/2016\/12\/WP_20161202_10_09_10_Pro-768x432.jpg 768w, https:\/\/www.mojabochnia.pl\/wp-content\/uploads\/2016\/12\/WP_20161202_10_09_10_Pro-660x371.jpg 660w, https:\/\/www.mojabochnia.pl\/wp-content\/uploads\/2016\/12\/WP_20161202_10_09_10_Pro-152x86.jpg 152w, https:\/\/www.mojabochnia.pl\/wp-content\/uploads\/2016\/12\/WP_20161202_10_09_10_Pro.jpg 800w\" sizes=\"auto, (max-width: 100px) 100vw, 100px\" \/><\/a><a href=\"https:\/\/www.mojabochnia.pl\/?attachment_id=163680\" class=\"\"><img loading=\"lazy\" decoding=\"async\" width=\"100\" height=\"57\" src=\"https:\/\/www.mojabochnia.pl\/wp-content\/uploads\/2016\/12\/WP_20161202_10_27_33_Pro-120x68.jpg\" class=\"attachment-100x100 size-100x100\" alt=\"\" srcset=\"https:\/\/www.mojabochnia.pl\/wp-content\/uploads\/2016\/12\/WP_20161202_10_27_33_Pro-120x68.jpg 120w, https:\/\/www.mojabochnia.pl\/wp-content\/uploads\/2016\/12\/WP_20161202_10_27_33_Pro-468x263.jpg 468w, https:\/\/www.mojabochnia.pl\/wp-content\/uploads\/2016\/12\/WP_20161202_10_27_33_Pro-768x432.jpg 768w, https:\/\/www.mojabochnia.pl\/wp-content\/uploads\/2016\/12\/WP_20161202_10_27_33_Pro-660x371.jpg 660w, https:\/\/www.mojabochnia.pl\/wp-content\/uploads\/2016\/12\/WP_20161202_10_27_33_Pro-152x86.jpg 152w, https:\/\/www.mojabochnia.pl\/wp-content\/uploads\/2016\/12\/WP_20161202_10_27_33_Pro.jpg 800w\" sizes=\"auto, (max-width: 100px) 100vw, 100px\" \/><\/a>\t    <\/div>\r\n\t    ","protected":false},"excerpt":{"rendered":"<p>&#8222;120 metr\u00f3w szcz\u0119\u015bcia&#8221; \u2013 takimi s\u0142owami rozpoczyna si\u0119 komunikat prasowy starostwa na temat nowego mostu w Nieszkowicach Wielkich. Obiekt kosztowa\u0142 prawie 1, 4 mln z\u0142,  w pi\u0105tek z udzia\u0142em wicewojewody zosta\u0142  uroczy\u015bcie otwarty.<\/p>\n","protected":false},"author":13,"featured_media":163677,"comment_status":"open","ping_status":"closed","sticky":false,"template":"","format":"standard","meta":{"_acf_changed":false,"footnotes":""},"categories":[5,6247,6246,6251,6250],"tags":[17356,1726,17398],"class_list":["post-163667","post","type-post","status-publish","format-standard","has-post-thumbnail","hentry","category-biezace-wydarzenia","category-fotogaleria","category-medium","category-polityka-i-wydarzenia","category-tematyka","tag-most","tag-nieszkowice-wielkie","tag-powiat","main_tag-most"],"acf":[],"yoast_head":"<!-- This site is optimized with the Yoast SEO plugin v26.9 - https:\/\/yoast.com\/product\/yoast-seo-wordpress\/ -->\n<title>Otwarto nowy most w Nieszkowicach Wielkich - mojabochnia.pl - portal informacyjny<\/title>\n<meta name=\"robots\" content=\"index, follow, max-snippet:-1, max-image-preview:large, max-video-preview:-1\" \/>\n<link rel=\"canonical\" href=\"https:\/\/www.mojabochnia.pl\/?p=163667\" \/>\n<meta property=\"og:locale\" content=\"pl_PL\" \/>\n<meta property=\"og:type\" content=\"article\" \/>\n<meta property=\"og:title\" content=\"Otwarto nowy most w Nieszkowicach Wielkich - mojabochnia.pl - portal informacyjny\" \/>\n<meta property=\"og:description\" content=\"&quot;120 metr\u00f3w szcz\u0119\u015bcia&quot; \u2013 takimi s\u0142owami rozpoczyna si\u0119 komunikat prasowy starostwa na temat nowego mostu w Nieszkowicach Wielkich. Obiekt kosztowa\u0142 prawie 1, 4 mln z\u0142, w pi\u0105tek z udzia\u0142em wicewojewody zosta\u0142 uroczy\u015bcie otwarty.\" \/>\n<meta property=\"og:url\" content=\"https:\/\/www.mojabochnia.pl\/?p=163667\" \/>\n<meta property=\"og:site_name\" content=\"mojabochnia.pl - portal informacyjny\" \/>\n<meta property=\"article:publisher\" content=\"https:\/\/www.facebook.com\/mojabochnia\" \/>\n<meta property=\"article:published_time\" content=\"2016-12-12T12:49:34+00:00\" \/>\n<meta property=\"og:image\" content=\"https:\/\/www.mojabochnia.pl\/wp-content\/uploads\/2016\/12\/DSCN0655.jpg\" \/>\n\t<meta property=\"og:image:width\" content=\"800\" \/>\n\t<meta property=\"og:image:height\" content=\"451\" \/>\n\t<meta property=\"og:image:type\" content=\"image\/jpeg\" \/>\n<meta name=\"author\" content=\"redakcja\" \/>\n<meta name=\"twitter:card\" content=\"summary_large_image\" \/>\n<meta name=\"twitter:label1\" content=\"Written by\" \/>\n\t<meta name=\"twitter:data1\" content=\"redakcja\" \/>\n\t<meta name=\"twitter:label2\" content=\"Est. reading time\" \/>\n\t<meta name=\"twitter:data2\" content=\"1 minuta\" \/>\n<script type=\"application\/ld+json\" class=\"yoast-schema-graph\">{\"@context\":\"https:\/\/schema.org\",\"@graph\":[{\"@type\":\"Article\",\"@id\":\"https:\/\/www.mojabochnia.pl\/?p=163667#article\",\"isPartOf\":{\"@id\":\"https:\/\/www.mojabochnia.pl\/?p=163667\"},\"author\":{\"name\":\"redakcja\",\"@id\":\"https:\/\/www.mojabochnia.pl\/#\/schema\/person\/7e2f20ead9902216a3384f13606c0ab7\"},\"headline\":\"Otwarto nowy most w Nieszkowicach Wielkich\",\"datePublished\":\"2016-12-12T12:49:34+00:00\",\"mainEntityOfPage\":{\"@id\":\"https:\/\/www.mojabochnia.pl\/?p=163667\"},\"wordCount\":191,\"commentCount\":0,\"publisher\":{\"@id\":\"https:\/\/www.mojabochnia.pl\/#organization\"},\"image\":{\"@id\":\"https:\/\/www.mojabochnia.pl\/?p=163667#primaryimage\"},\"thumbnailUrl\":\"https:\/\/www.mojabochnia.pl\/wp-content\/uploads\/2016\/12\/DSCN0655.jpg\",\"keywords\":[\"most\",\"nieszkowice wielkie\",\"powiat\"],\"articleSection\":[\"2_ostatnie\",\"fotogaleria\",\"Medium\",\"polityka i wydarzenia\",\"tematyka\"],\"inLanguage\":\"pl-PL\",\"potentialAction\":[{\"@type\":\"CommentAction\",\"name\":\"Comment\",\"target\":[\"https:\/\/www.mojabochnia.pl\/?p=163667#respond\"]}]},{\"@type\":\"WebPage\",\"@id\":\"https:\/\/www.mojabochnia.pl\/?p=163667\",\"url\":\"https:\/\/www.mojabochnia.pl\/?p=163667\",\"name\":\"Otwarto nowy most w Nieszkowicach Wielkich - mojabochnia.pl - portal informacyjny\",\"isPartOf\":{\"@id\":\"https:\/\/www.mojabochnia.pl\/#website\"},\"primaryImageOfPage\":{\"@id\":\"https:\/\/www.mojabochnia.pl\/?p=163667#primaryimage\"},\"image\":{\"@id\":\"https:\/\/www.mojabochnia.pl\/?p=163667#primaryimage\"},\"thumbnailUrl\":\"https:\/\/www.mojabochnia.pl\/wp-content\/uploads\/2016\/12\/DSCN0655.jpg\",\"datePublished\":\"2016-12-12T12:49:34+00:00\",\"breadcrumb\":{\"@id\":\"https:\/\/www.mojabochnia.pl\/?p=163667#breadcrumb\"},\"inLanguage\":\"pl-PL\",\"potentialAction\":[{\"@type\":\"ReadAction\",\"target\":[\"https:\/\/www.mojabochnia.pl\/?p=163667\"]}]},{\"@type\":\"ImageObject\",\"inLanguage\":\"pl-PL\",\"@id\":\"https:\/\/www.mojabochnia.pl\/?p=163667#primaryimage\",\"url\":\"https:\/\/www.mojabochnia.pl\/wp-content\/uploads\/2016\/12\/DSCN0655.jpg\",\"contentUrl\":\"https:\/\/www.mojabochnia.pl\/wp-content\/uploads\/2016\/12\/DSCN0655.jpg\",\"width\":800,\"height\":451,\"caption\":\"Starostwo Powiatowe w Bochni\"},{\"@type\":\"BreadcrumbList\",\"@id\":\"https:\/\/www.mojabochnia.pl\/?p=163667#breadcrumb\",\"itemListElement\":[{\"@type\":\"ListItem\",\"position\":1,\"name\":\"Home\",\"item\":\"https:\/\/www.mojabochnia.pl\/\"},{\"@type\":\"ListItem\",\"position\":2,\"name\":\"Otwarto nowy most w Nieszkowicach Wielkich\"}]},{\"@type\":\"WebSite\",\"@id\":\"https:\/\/www.mojabochnia.pl\/#website\",\"url\":\"https:\/\/www.mojabochnia.pl\/\",\"name\":\"mojabochnia.pl - portal informacyjny\",\"description\":\"mojaBochnia to portal informacyjny o Bochni. Codziennie o Bochni piszemy i pokazujemy najwa\u017cniejsze wydarzenia\",\"publisher\":{\"@id\":\"https:\/\/www.mojabochnia.pl\/#organization\"},\"potentialAction\":[{\"@type\":\"SearchAction\",\"target\":{\"@type\":\"EntryPoint\",\"urlTemplate\":\"https:\/\/www.mojabochnia.pl\/?s={search_term_string}\"},\"query-input\":{\"@type\":\"PropertyValueSpecification\",\"valueRequired\":true,\"valueName\":\"search_term_string\"}}],\"inLanguage\":\"pl-PL\"},{\"@type\":\"Organization\",\"@id\":\"https:\/\/www.mojabochnia.pl\/#organization\",\"name\":\"mojabochnia.pl - portal informacyjny\",\"url\":\"https:\/\/www.mojabochnia.pl\/\",\"logo\":{\"@type\":\"ImageObject\",\"inLanguage\":\"pl-PL\",\"@id\":\"https:\/\/www.mojabochnia.pl\/#\/schema\/logo\/image\/\",\"url\":\"https:\/\/www.mojabochnia.pl\/wp-content\/uploads\/2017\/08\/logo-mb-opt.png\",\"contentUrl\":\"https:\/\/www.mojabochnia.pl\/wp-content\/uploads\/2017\/08\/logo-mb-opt.png\",\"width\":250,\"height\":48,\"caption\":\"mojabochnia.pl - portal informacyjny\"},\"image\":{\"@id\":\"https:\/\/www.mojabochnia.pl\/#\/schema\/logo\/image\/\"},\"sameAs\":[\"https:\/\/www.facebook.com\/mojabochnia\"]},{\"@type\":\"Person\",\"@id\":\"https:\/\/www.mojabochnia.pl\/#\/schema\/person\/7e2f20ead9902216a3384f13606c0ab7\",\"name\":\"redakcja\",\"sameAs\":[\"http:\/\/\"],\"url\":\"https:\/\/www.mojabochnia.pl\/?author=13\"}]}<\/script>\n<!-- \/ Yoast SEO plugin. -->","yoast_head_json":{"title":"Otwarto nowy most w Nieszkowicach Wielkich - mojabochnia.pl - portal informacyjny","robots":{"index":"index","follow":"follow","max-snippet":"max-snippet:-1","max-image-preview":"max-image-preview:large","max-video-preview":"max-video-preview:-1"},"canonical":"https:\/\/www.mojabochnia.pl\/?p=163667","og_locale":"pl_PL","og_type":"article","og_title":"Otwarto nowy most w Nieszkowicach Wielkich - mojabochnia.pl - portal informacyjny","og_description":"\"120 metr\u00f3w szcz\u0119\u015bcia\" \u2013 takimi s\u0142owami rozpoczyna si\u0119 komunikat prasowy starostwa na temat nowego mostu w Nieszkowicach Wielkich. Obiekt kosztowa\u0142 prawie 1, 4 mln z\u0142, w pi\u0105tek z udzia\u0142em wicewojewody zosta\u0142 uroczy\u015bcie otwarty.","og_url":"https:\/\/www.mojabochnia.pl\/?p=163667","og_site_name":"mojabochnia.pl - portal informacyjny","article_publisher":"https:\/\/www.facebook.com\/mojabochnia","article_published_time":"2016-12-12T12:49:34+00:00","og_image":[{"width":800,"height":451,"url":"https:\/\/www.mojabochnia.pl\/wp-content\/uploads\/2016\/12\/DSCN0655.jpg","type":"image\/jpeg"}],"author":"redakcja","twitter_card":"summary_large_image","twitter_misc":{"Written by":"redakcja","Est. reading time":"1 minuta"},"schema":{"@context":"https:\/\/schema.org","@graph":[{"@type":"Article","@id":"https:\/\/www.mojabochnia.pl\/?p=163667#article","isPartOf":{"@id":"https:\/\/www.mojabochnia.pl\/?p=163667"},"author":{"name":"redakcja","@id":"https:\/\/www.mojabochnia.pl\/#\/schema\/person\/7e2f20ead9902216a3384f13606c0ab7"},"headline":"Otwarto nowy most w Nieszkowicach Wielkich","datePublished":"2016-12-12T12:49:34+00:00","mainEntityOfPage":{"@id":"https:\/\/www.mojabochnia.pl\/?p=163667"},"wordCount":191,"commentCount":0,"publisher":{"@id":"https:\/\/www.mojabochnia.pl\/#organization"},"image":{"@id":"https:\/\/www.mojabochnia.pl\/?p=163667#primaryimage"},"thumbnailUrl":"https:\/\/www.mojabochnia.pl\/wp-content\/uploads\/2016\/12\/DSCN0655.jpg","keywords":["most","nieszkowice wielkie","powiat"],"articleSection":["2_ostatnie","fotogaleria","Medium","polityka i wydarzenia","tematyka"],"inLanguage":"pl-PL","potentialAction":[{"@type":"CommentAction","name":"Comment","target":["https:\/\/www.mojabochnia.pl\/?p=163667#respond"]}]},{"@type":"WebPage","@id":"https:\/\/www.mojabochnia.pl\/?p=163667","url":"https:\/\/www.mojabochnia.pl\/?p=163667","name":"Otwarto nowy most w Nieszkowicach Wielkich - mojabochnia.pl - portal informacyjny","isPartOf":{"@id":"https:\/\/www.mojabochnia.pl\/#website"},"primaryImageOfPage":{"@id":"https:\/\/www.mojabochnia.pl\/?p=163667#primaryimage"},"image":{"@id":"https:\/\/www.mojabochnia.pl\/?p=163667#primaryimage"},"thumbnailUrl":"https:\/\/www.mojabochnia.pl\/wp-content\/uploads\/2016\/12\/DSCN0655.jpg","datePublished":"2016-12-12T12:49:34+00:00","breadcrumb":{"@id":"https:\/\/www.mojabochnia.pl\/?p=163667#breadcrumb"},"inLanguage":"pl-PL","potentialAction":[{"@type":"ReadAction","target":["https:\/\/www.mojabochnia.pl\/?p=163667"]}]},{"@type":"ImageObject","inLanguage":"pl-PL","@id":"https:\/\/www.mojabochnia.pl\/?p=163667#primaryimage","url":"https:\/\/www.mojabochnia.pl\/wp-content\/uploads\/2016\/12\/DSCN0655.jpg","contentUrl":"https:\/\/www.mojabochnia.pl\/wp-content\/uploads\/2016\/12\/DSCN0655.jpg","width":800,"height":451,"caption":"Starostwo Powiatowe w Bochni"},{"@type":"BreadcrumbList","@id":"https:\/\/www.mojabochnia.pl\/?p=163667#breadcrumb","itemListElement":[{"@type":"ListItem","position":1,"name":"Home","item":"https:\/\/www.mojabochnia.pl\/"},{"@type":"ListItem","position":2,"name":"Otwarto nowy most w Nieszkowicach Wielkich"}]},{"@type":"WebSite","@id":"https:\/\/www.mojabochnia.pl\/#website","url":"https:\/\/www.mojabochnia.pl\/","name":"mojabochnia.pl - portal informacyjny","description":"mojaBochnia to portal informacyjny o Bochni. Codziennie o Bochni piszemy i pokazujemy najwa\u017cniejsze wydarzenia","publisher":{"@id":"https:\/\/www.mojabochnia.pl\/#organization"},"potentialAction":[{"@type":"SearchAction","target":{"@type":"EntryPoint","urlTemplate":"https:\/\/www.mojabochnia.pl\/?s={search_term_string}"},"query-input":{"@type":"PropertyValueSpecification","valueRequired":true,"valueName":"search_term_string"}}],"inLanguage":"pl-PL"},{"@type":"Organization","@id":"https:\/\/www.mojabochnia.pl\/#organization","name":"mojabochnia.pl - portal informacyjny","url":"https:\/\/www.mojabochnia.pl\/","logo":{"@type":"ImageObject","inLanguage":"pl-PL","@id":"https:\/\/www.mojabochnia.pl\/#\/schema\/logo\/image\/","url":"https:\/\/www.mojabochnia.pl\/wp-content\/uploads\/2017\/08\/logo-mb-opt.png","contentUrl":"https:\/\/www.mojabochnia.pl\/wp-content\/uploads\/2017\/08\/logo-mb-opt.png","width":250,"height":48,"caption":"mojabochnia.pl - portal informacyjny"},"image":{"@id":"https:\/\/www.mojabochnia.pl\/#\/schema\/logo\/image\/"},"sameAs":["https:\/\/www.facebook.com\/mojabochnia"]},{"@type":"Person","@id":"https:\/\/www.mojabochnia.pl\/#\/schema\/person\/7e2f20ead9902216a3384f13606c0ab7","name":"redakcja","sameAs":["http:\/\/"],"url":"https:\/\/www.mojabochnia.pl\/?author=13"}]}},"_links":{"self":[{"href":"https:\/\/www.mojabochnia.pl\/index.php?rest_route=\/wp\/v2\/posts\/163667","targetHints":{"allow":["GET"]}}],"collection":[{"href":"https:\/\/www.mojabochnia.pl\/index.php?rest_route=\/wp\/v2\/posts"}],"about":[{"href":"https:\/\/www.mojabochnia.pl\/index.php?rest_route=\/wp\/v2\/types\/post"}],"author":[{"embeddable":true,"href":"https:\/\/www.mojabochnia.pl\/index.php?rest_route=\/wp\/v2\/users\/13"}],"replies":[{"embeddable":true,"href":"https:\/\/www.mojabochnia.pl\/index.php?rest_route=%2Fwp%2Fv2%2Fcomments&post=163667"}],"version-history":[{"count":4,"href":"https:\/\/www.mojabochnia.pl\/index.php?rest_route=\/wp\/v2\/posts\/163667\/revisions"}],"predecessor-version":[{"id":163682,"href":"https:\/\/www.mojabochnia.pl\/index.php?rest_route=\/wp\/v2\/posts\/163667\/revisions\/163682"}],"wp:featuredmedia":[{"embeddable":true,"href":"https:\/\/www.mojabochnia.pl\/index.php?rest_route=\/wp\/v2\/media\/163677"}],"wp:attachment":[{"href":"https:\/\/www.mojabochnia.pl\/index.php?rest_route=%2Fwp%2Fv2%2Fmedia&parent=163667"}],"wp:term":[{"taxonomy":"category","embeddable":true,"href":"https:\/\/www.mojabochnia.pl\/index.php?rest_route=%2Fwp%2Fv2%2Fcategories&post=163667"},{"taxonomy":"post_tag","embeddable":true,"href":"https:\/\/www.mojabochnia.pl\/index.php?rest_route=%2Fwp%2Fv2%2Ftags&post=163667"}],"curies":[{"name":"wp","href":"https:\/\/api.w.org\/{rel}","templated":true}]}}