{"id":1621,"date":"2008-09-23T17:29:30","date_gmt":"2008-09-23T15:29:30","guid":{"rendered":"http:\/\/www.mojabochnia.pl\/?p=1621"},"modified":"2008-09-23T13:57:07","modified_gmt":"2008-09-23T11:57:07","slug":"symfonie-mozarta-i-beethovena-w-bochenskiej-bazylice","status":"publish","type":"post","link":"https:\/\/www.mojabochnia.pl\/?p=1621","title":{"rendered":"Symfonie Mozarta i Beethovena w boche\u0144skiej bazylice"},"content":{"rendered":"<p>&#8211; <em>Bardzo serdecznie zapraszamy na to niecodzienne wydarzenie i mamy nadzieje , \u017ce dzi\u0119ki temu zaspokoimy najrozmaitsze muzyczne preferencje naszych mieszka\u0144c\u00f3w. Wst\u0119p na koncert, kt\u00f3ry potrwa ponad godzin\u0119 jest wolny<\/em> &#8211; m\u00f3wi Dorota Halberda z boche\u0144skiego MDK.<\/p>\n<p>Orkiestra koncertuje w ramach projektu realizowanego przy wsparciu finansowym Wojew\u00f3dztwa Ma\u0142opolskiego. Jest to ju\u017c ich drugi wyst\u0119p w Bochni.<\/p>\n<p>Orkiestra Akademii Beethovenowskiej to najm\u0142odsza obecnie w kraju profesjonalna orkiestra symfoniczna. Tworz\u0105 j\u0105 pasjonaci &#8211; najwybitniejsi studenci i absolwenci europejskich uniwersytet\u00f3w muzycznych takich jak Akademia Muzyczna w Krakowie, Hochschule F\u00fcr Musik und Darstellende Kunszt w Stuttgarcie, Hochschule f\u00fcr Musikw Karlsruhe, Royal Music Conservatoire w Brukseli, Conservatoire International de Musique w Pary\u017cu oraz Universit\u00e4t f\u00fcr Musik und Darstellende Kunszt w Grazu.<\/p>\n<p>Zesp\u00f3\u0142 zawi\u0105za\u0142 na sta\u0142e wsp\u00f3\u0142prace w 2003 roku, po sukcesach na 53 festiwalu J\u00fcnger K\u00fcnstler Bayreuth. W 2005 roku, za spraw\u0105 pani El\u017cbiety Pendereckiej, Orkiestra Akademii Beethovenowskiej zadebiutowa\u0142a na IX Wielkanocnym Festiwalu Ludwiga van Beethovena w Warszawie, gromadz\u0105c wy\u015bmienite recenzje w prasie oraz otrzymuj\u0105c wiele zaprosze\u0144 do udzia\u0142u w presti\u017cowych imprezach w kraju i za granic\u0105. W tym samym roku nagrana zostaje pierwsza studyjna p\u0142yta z muzyk\u0105 polsk\u0105 dla wytw\u00f3rni DUX. <\/p>\n<p>Artystyczn\u0105 piecz\u0119 nad zespo\u0142em pe\u0142ni od samego pocz\u0105tku koncertmistrz Marcin Klejdysz &#8211; absolwent Akademii Muzycznej, wychowanek Roberta Kabary. Akademii Beethovenowskia pracuje pod dyrekcj\u0105 wybitnych dyrygent\u00f3w &#8211; Krzysztofa Pendereckiego, Maciej Tworka, Paw\u0142a Przytockiego, Marka Pijarowskiego, \u0141ukasza Borowicza, Fausto Nardiego, Piotra Su\u0142kowskiego, oraz wsp\u00f3\u0142pracuje z solistami m\u0142odego pokolenia &#8211; Wojciechem P\u0142awnerem, So-Ock Kim, Bartoszem Koziakiem, Katarzyn\u0105 Dud\u0105, Franco Fiagiollim, Janem Krzeszowem i innymi. W lipcu 2006 zesp\u00f3\u0142 nagra\u0142 kolejn\u0105 p\u0142yt\u0119 dla ameryka\u0144skiej wytw\u00f3rni Centaur Record na zaproszenie saksofonisty Gregory Banaszaka.  <\/p>\n","protected":false},"excerpt":{"rendered":"<p>W najbli\u017cszy czwartek (25 wrze\u015bnia), wieczorem Bazylika \u015bw. Miko\u0142aja wype\u0142ni si\u0119 d\u017awi\u0119kami muzyki Wolfganga Amadeusa Mozarta oraz Ludwiga van Beethovena, a wszystko za spraw\u0105 koncertu Orkiestry Akademii Beethovenowskiej 'Nowe Drogi Klasyki&#8221;. W roli solist\u00f3w us\u0142yszymy Magdalen\u0119 Marga\u0144sk\u0105, Maksymiliana Lipienia, Damiana Lipienia oraz Ewelin\u0119 Pola\u0144sk\u0105. Orkiestr\u0105 dyryguje Micha\u0142 Dworzy\u0144ski. Pocz\u0105tek koncertu o godz. 19.00. <\/p>\n","protected":false},"author":1,"featured_media":0,"comment_status":"open","ping_status":"open","sticky":false,"template":"","format":"standard","meta":{"_acf_changed":false,"footnotes":""},"categories":[5],"tags":[378,63,554,17108,34,17123,799],"class_list":["post-1621","post","type-post","status-publish","format-standard","hentry","category-biezace-wydarzenia","tag-bazylika-sw-mikolaja","tag-dom-kultury","tag-dorota-halberda","tag-koncert","tag-krakow","tag-muzyka","tag-orkiestra-akademii-beethovenowskiej"],"acf":[],"yoast_head":"<!-- This site is optimized with the Yoast SEO plugin v26.9 - https:\/\/yoast.com\/product\/yoast-seo-wordpress\/ -->\n<title>Symfonie Mozarta i Beethovena w boche\u0144skiej bazylice  - mojabochnia.pl - portal informacyjny<\/title>\n<meta name=\"robots\" content=\"index, follow, max-snippet:-1, max-image-preview:large, max-video-preview:-1\" \/>\n<link rel=\"canonical\" href=\"https:\/\/www.mojabochnia.pl\/?p=1621\" \/>\n<meta property=\"og:locale\" content=\"pl_PL\" \/>\n<meta property=\"og:type\" content=\"article\" \/>\n<meta property=\"og:title\" content=\"Symfonie Mozarta i Beethovena w boche\u0144skiej bazylice  - mojabochnia.pl - portal informacyjny\" \/>\n<meta property=\"og:description\" content=\"W najbli\u017cszy czwartek (25 wrze\u015bnia), wieczorem Bazylika \u015bw. Miko\u0142aja wype\u0142ni si\u0119 d\u017awi\u0119kami muzyki Wolfganga Amadeusa Mozarta oraz Ludwiga van Beethovena, a wszystko za spraw\u0105 koncertu Orkiestry Akademii Beethovenowskiej &#039;Nowe Drogi Klasyki&quot;. W roli solist\u00f3w us\u0142yszymy Magdalen\u0119 Marga\u0144sk\u0105, Maksymiliana Lipienia, Damiana Lipienia oraz Ewelin\u0119 Pola\u0144sk\u0105. Orkiestr\u0105 dyryguje Micha\u0142 Dworzy\u0144ski. Pocz\u0105tek koncertu o godz. 19.00.\" \/>\n<meta property=\"og:url\" content=\"https:\/\/www.mojabochnia.pl\/?p=1621\" \/>\n<meta property=\"og:site_name\" content=\"mojabochnia.pl - portal informacyjny\" \/>\n<meta property=\"article:publisher\" content=\"https:\/\/www.facebook.com\/mojabochnia\" \/>\n<meta property=\"article:published_time\" content=\"2008-09-23T15:29:30+00:00\" \/>\n<meta name=\"author\" content=\"administrator\" \/>\n<meta name=\"twitter:card\" content=\"summary_large_image\" \/>\n<meta name=\"twitter:label1\" content=\"Written by\" \/>\n\t<meta name=\"twitter:data1\" content=\"administrator\" \/>\n\t<meta name=\"twitter:label2\" content=\"Est. reading time\" \/>\n\t<meta name=\"twitter:data2\" content=\"2 minuty\" \/>\n<script type=\"application\/ld+json\" class=\"yoast-schema-graph\">{\"@context\":\"https:\/\/schema.org\",\"@graph\":[{\"@type\":\"Article\",\"@id\":\"https:\/\/www.mojabochnia.pl\/?p=1621#article\",\"isPartOf\":{\"@id\":\"https:\/\/www.mojabochnia.pl\/?p=1621\"},\"author\":{\"name\":\"administrator\",\"@id\":\"https:\/\/www.mojabochnia.pl\/#\/schema\/person\/c00e1f64e6fa0e6de6d410f2c340017f\"},\"headline\":\"Symfonie Mozarta i Beethovena w boche\u0144skiej bazylice\",\"datePublished\":\"2008-09-23T15:29:30+00:00\",\"mainEntityOfPage\":{\"@id\":\"https:\/\/www.mojabochnia.pl\/?p=1621\"},\"wordCount\":311,\"commentCount\":0,\"publisher\":{\"@id\":\"https:\/\/www.mojabochnia.pl\/#organization\"},\"keywords\":[\"bazylika \u015bw. miko\u0142aja\",\"dom kultury\",\"dorota halberda\",\"koncert\",\"Krak\u00f3w\",\"muzyka\",\"orkiestra akademii  beethovenowskiej\"],\"articleSection\":[\"2_ostatnie\"],\"inLanguage\":\"pl-PL\",\"potentialAction\":[{\"@type\":\"CommentAction\",\"name\":\"Comment\",\"target\":[\"https:\/\/www.mojabochnia.pl\/?p=1621#respond\"]}]},{\"@type\":\"WebPage\",\"@id\":\"https:\/\/www.mojabochnia.pl\/?p=1621\",\"url\":\"https:\/\/www.mojabochnia.pl\/?p=1621\",\"name\":\"Symfonie Mozarta i Beethovena w boche\u0144skiej bazylice - mojabochnia.pl - portal informacyjny\",\"isPartOf\":{\"@id\":\"https:\/\/www.mojabochnia.pl\/#website\"},\"datePublished\":\"2008-09-23T15:29:30+00:00\",\"breadcrumb\":{\"@id\":\"https:\/\/www.mojabochnia.pl\/?p=1621#breadcrumb\"},\"inLanguage\":\"pl-PL\",\"potentialAction\":[{\"@type\":\"ReadAction\",\"target\":[\"https:\/\/www.mojabochnia.pl\/?p=1621\"]}]},{\"@type\":\"BreadcrumbList\",\"@id\":\"https:\/\/www.mojabochnia.pl\/?p=1621#breadcrumb\",\"itemListElement\":[{\"@type\":\"ListItem\",\"position\":1,\"name\":\"Home\",\"item\":\"https:\/\/www.mojabochnia.pl\/\"},{\"@type\":\"ListItem\",\"position\":2,\"name\":\"Symfonie Mozarta i Beethovena w boche\u0144skiej bazylice\"}]},{\"@type\":\"WebSite\",\"@id\":\"https:\/\/www.mojabochnia.pl\/#website\",\"url\":\"https:\/\/www.mojabochnia.pl\/\",\"name\":\"mojabochnia.pl - portal informacyjny\",\"description\":\"mojaBochnia to portal informacyjny o Bochni. Codziennie o Bochni piszemy i pokazujemy najwa\u017cniejsze wydarzenia\",\"publisher\":{\"@id\":\"https:\/\/www.mojabochnia.pl\/#organization\"},\"potentialAction\":[{\"@type\":\"SearchAction\",\"target\":{\"@type\":\"EntryPoint\",\"urlTemplate\":\"https:\/\/www.mojabochnia.pl\/?s={search_term_string}\"},\"query-input\":{\"@type\":\"PropertyValueSpecification\",\"valueRequired\":true,\"valueName\":\"search_term_string\"}}],\"inLanguage\":\"pl-PL\"},{\"@type\":\"Organization\",\"@id\":\"https:\/\/www.mojabochnia.pl\/#organization\",\"name\":\"mojabochnia.pl - portal informacyjny\",\"url\":\"https:\/\/www.mojabochnia.pl\/\",\"logo\":{\"@type\":\"ImageObject\",\"inLanguage\":\"pl-PL\",\"@id\":\"https:\/\/www.mojabochnia.pl\/#\/schema\/logo\/image\/\",\"url\":\"https:\/\/www.mojabochnia.pl\/wp-content\/uploads\/2017\/08\/logo-mb-opt.png\",\"contentUrl\":\"https:\/\/www.mojabochnia.pl\/wp-content\/uploads\/2017\/08\/logo-mb-opt.png\",\"width\":250,\"height\":48,\"caption\":\"mojabochnia.pl - portal informacyjny\"},\"image\":{\"@id\":\"https:\/\/www.mojabochnia.pl\/#\/schema\/logo\/image\/\"},\"sameAs\":[\"https:\/\/www.facebook.com\/mojabochnia\"]},{\"@type\":\"Person\",\"@id\":\"https:\/\/www.mojabochnia.pl\/#\/schema\/person\/c00e1f64e6fa0e6de6d410f2c340017f\",\"name\":\"administrator\",\"url\":\"https:\/\/www.mojabochnia.pl\/?author=1\"}]}<\/script>\n<!-- \/ Yoast SEO plugin. -->","yoast_head_json":{"title":"Symfonie Mozarta i Beethovena w boche\u0144skiej bazylice  - mojabochnia.pl - portal informacyjny","robots":{"index":"index","follow":"follow","max-snippet":"max-snippet:-1","max-image-preview":"max-image-preview:large","max-video-preview":"max-video-preview:-1"},"canonical":"https:\/\/www.mojabochnia.pl\/?p=1621","og_locale":"pl_PL","og_type":"article","og_title":"Symfonie Mozarta i Beethovena w boche\u0144skiej bazylice  - mojabochnia.pl - portal informacyjny","og_description":"W najbli\u017cszy czwartek (25 wrze\u015bnia), wieczorem Bazylika \u015bw. Miko\u0142aja wype\u0142ni si\u0119 d\u017awi\u0119kami muzyki Wolfganga Amadeusa Mozarta oraz Ludwiga van Beethovena, a wszystko za spraw\u0105 koncertu Orkiestry Akademii Beethovenowskiej 'Nowe Drogi Klasyki\". W roli solist\u00f3w us\u0142yszymy Magdalen\u0119 Marga\u0144sk\u0105, Maksymiliana Lipienia, Damiana Lipienia oraz Ewelin\u0119 Pola\u0144sk\u0105. Orkiestr\u0105 dyryguje Micha\u0142 Dworzy\u0144ski. Pocz\u0105tek koncertu o godz. 19.00.","og_url":"https:\/\/www.mojabochnia.pl\/?p=1621","og_site_name":"mojabochnia.pl - portal informacyjny","article_publisher":"https:\/\/www.facebook.com\/mojabochnia","article_published_time":"2008-09-23T15:29:30+00:00","author":"administrator","twitter_card":"summary_large_image","twitter_misc":{"Written by":"administrator","Est. reading time":"2 minuty"},"schema":{"@context":"https:\/\/schema.org","@graph":[{"@type":"Article","@id":"https:\/\/www.mojabochnia.pl\/?p=1621#article","isPartOf":{"@id":"https:\/\/www.mojabochnia.pl\/?p=1621"},"author":{"name":"administrator","@id":"https:\/\/www.mojabochnia.pl\/#\/schema\/person\/c00e1f64e6fa0e6de6d410f2c340017f"},"headline":"Symfonie Mozarta i Beethovena w boche\u0144skiej bazylice","datePublished":"2008-09-23T15:29:30+00:00","mainEntityOfPage":{"@id":"https:\/\/www.mojabochnia.pl\/?p=1621"},"wordCount":311,"commentCount":0,"publisher":{"@id":"https:\/\/www.mojabochnia.pl\/#organization"},"keywords":["bazylika \u015bw. miko\u0142aja","dom kultury","dorota halberda","koncert","Krak\u00f3w","muzyka","orkiestra akademii  beethovenowskiej"],"articleSection":["2_ostatnie"],"inLanguage":"pl-PL","potentialAction":[{"@type":"CommentAction","name":"Comment","target":["https:\/\/www.mojabochnia.pl\/?p=1621#respond"]}]},{"@type":"WebPage","@id":"https:\/\/www.mojabochnia.pl\/?p=1621","url":"https:\/\/www.mojabochnia.pl\/?p=1621","name":"Symfonie Mozarta i Beethovena w boche\u0144skiej bazylice - mojabochnia.pl - portal informacyjny","isPartOf":{"@id":"https:\/\/www.mojabochnia.pl\/#website"},"datePublished":"2008-09-23T15:29:30+00:00","breadcrumb":{"@id":"https:\/\/www.mojabochnia.pl\/?p=1621#breadcrumb"},"inLanguage":"pl-PL","potentialAction":[{"@type":"ReadAction","target":["https:\/\/www.mojabochnia.pl\/?p=1621"]}]},{"@type":"BreadcrumbList","@id":"https:\/\/www.mojabochnia.pl\/?p=1621#breadcrumb","itemListElement":[{"@type":"ListItem","position":1,"name":"Home","item":"https:\/\/www.mojabochnia.pl\/"},{"@type":"ListItem","position":2,"name":"Symfonie Mozarta i Beethovena w boche\u0144skiej bazylice"}]},{"@type":"WebSite","@id":"https:\/\/www.mojabochnia.pl\/#website","url":"https:\/\/www.mojabochnia.pl\/","name":"mojabochnia.pl - portal informacyjny","description":"mojaBochnia to portal informacyjny o Bochni. Codziennie o Bochni piszemy i pokazujemy najwa\u017cniejsze wydarzenia","publisher":{"@id":"https:\/\/www.mojabochnia.pl\/#organization"},"potentialAction":[{"@type":"SearchAction","target":{"@type":"EntryPoint","urlTemplate":"https:\/\/www.mojabochnia.pl\/?s={search_term_string}"},"query-input":{"@type":"PropertyValueSpecification","valueRequired":true,"valueName":"search_term_string"}}],"inLanguage":"pl-PL"},{"@type":"Organization","@id":"https:\/\/www.mojabochnia.pl\/#organization","name":"mojabochnia.pl - portal informacyjny","url":"https:\/\/www.mojabochnia.pl\/","logo":{"@type":"ImageObject","inLanguage":"pl-PL","@id":"https:\/\/www.mojabochnia.pl\/#\/schema\/logo\/image\/","url":"https:\/\/www.mojabochnia.pl\/wp-content\/uploads\/2017\/08\/logo-mb-opt.png","contentUrl":"https:\/\/www.mojabochnia.pl\/wp-content\/uploads\/2017\/08\/logo-mb-opt.png","width":250,"height":48,"caption":"mojabochnia.pl - portal informacyjny"},"image":{"@id":"https:\/\/www.mojabochnia.pl\/#\/schema\/logo\/image\/"},"sameAs":["https:\/\/www.facebook.com\/mojabochnia"]},{"@type":"Person","@id":"https:\/\/www.mojabochnia.pl\/#\/schema\/person\/c00e1f64e6fa0e6de6d410f2c340017f","name":"administrator","url":"https:\/\/www.mojabochnia.pl\/?author=1"}]}},"_links":{"self":[{"href":"https:\/\/www.mojabochnia.pl\/index.php?rest_route=\/wp\/v2\/posts\/1621","targetHints":{"allow":["GET"]}}],"collection":[{"href":"https:\/\/www.mojabochnia.pl\/index.php?rest_route=\/wp\/v2\/posts"}],"about":[{"href":"https:\/\/www.mojabochnia.pl\/index.php?rest_route=\/wp\/v2\/types\/post"}],"author":[{"embeddable":true,"href":"https:\/\/www.mojabochnia.pl\/index.php?rest_route=\/wp\/v2\/users\/1"}],"replies":[{"embeddable":true,"href":"https:\/\/www.mojabochnia.pl\/index.php?rest_route=%2Fwp%2Fv2%2Fcomments&post=1621"}],"version-history":[{"count":0,"href":"https:\/\/www.mojabochnia.pl\/index.php?rest_route=\/wp\/v2\/posts\/1621\/revisions"}],"wp:attachment":[{"href":"https:\/\/www.mojabochnia.pl\/index.php?rest_route=%2Fwp%2Fv2%2Fmedia&parent=1621"}],"wp:term":[{"taxonomy":"category","embeddable":true,"href":"https:\/\/www.mojabochnia.pl\/index.php?rest_route=%2Fwp%2Fv2%2Fcategories&post=1621"},{"taxonomy":"post_tag","embeddable":true,"href":"https:\/\/www.mojabochnia.pl\/index.php?rest_route=%2Fwp%2Fv2%2Ftags&post=1621"}],"curies":[{"name":"wp","href":"https:\/\/api.w.org\/{rel}","templated":true}]}}