{"id":161528,"date":"2016-10-28T11:49:34","date_gmt":"2016-10-28T09:49:34","guid":{"rendered":"http:\/\/www.mojabochnia.pl\/?p=161528"},"modified":"2016-10-28T12:33:02","modified_gmt":"2016-10-28T10:33:02","slug":"wzrosna-podatki-od-nieruchomosci-2","status":"publish","type":"post","link":"https:\/\/www.mojabochnia.pl\/?p=161528","title":{"rendered":"Wzrosn\u0105 podatki od nieruchomo\u015bci"},"content":{"rendered":"<p>Podwy\u017cka dotyczy podatku od \u201egrunt\u00f3w zwi\u0105zanych z prowadzeniem dzia\u0142alno\u015bci gospodarczej, bez wzgl\u0119du na spos\u00f3b zakwalifikowania w ewidencji grunt\u00f3w i budynk\u00f3w (od 1 m2 powierzchni)\u201d. Obecna stawka to <strong>0,58 z\u0142<\/strong> za metr kwadratowy. Burmistrz chcia\u0142 j\u0105 podnie\u015b\u0107 do<strong> 0,7 z\u0142<\/strong> za metr kwadratowy. Oto, jak to uzasadnia\u0142:<\/p>\n<p><em>Proponowany w Uchwale wzrost stawek podatkowych na rok 2017 wynika z ci\u0105g\u0142ego wzrostu obci\u0105\u017ce\u0144 gminy realizacj\u0105 obecnych zada\u0144 i nowymi zadaniami, jednak bez wskazania i zabezpieczenia ich \u017ar\u00f3de\u0142 finansowania. Wynikaj\u0105cy z Ustawy o samorz\u0105dzie gminnym katalog zada\u0144 w\u0142asnych gminy wci\u0105\u017c jest rozszerzany w r\u00f3\u017cnych aktach prawnych, a podejmowane przez szczebel centralny decyzje, powoduj\u0105 wzrost wydatk\u00f3w. Dotyczy to zar\u00f3wno ju\u017c realizowanych jak i wprowadzanych obowi\u0105zk\u00f3w spoczywaj\u0105cych na samorz\u0105dach. Wymaga to podj\u0119cia dzia\u0142a\u0144, kt\u00f3re zabezpiecz\u0105 odpowiedni poziom dochod\u00f3w, niezale\u017cnych od transfer\u00f3w z bud\u017cetu pa\u0144stwa.<\/p>\n<p>Nale\u017cy podkre\u015bli\u0107, \u017ce w roku 2016 stawki obowi\u0105zuj\u0105ce w naszym mie\u015bcie by\u0142y ni\u017csze ni\u017c w wi\u0119kszo\u015bci s\u0105siednich miast i gmin, oraz \u017ce pomimo proponowanego wzrostu stawek w 2017 r. ich poziom wci\u0105\u017c b\u0119dzie znacznie ni\u017cszy od obowi\u0105zuj\u0105cych w analizowanych miastach co powoduje, \u017ce Bochnia nadal mo\u017ce by\u0107 zaliczana do grona miast przychylnych przedsi\u0119biorcom.<\/p>\n<p>Przy ustalaniu wysoko\u015bci stawek podatkowych wzi\u0119to pod uwag\u0119 mo\u017cliwo\u015bci finansowe mieszka\u0144c\u00f3w oraz podmiot\u00f3w prowadz\u0105cych dzia\u0142alno\u015b\u0107 gospodarcz\u0105, ale r\u00f3wnie\u017c narastaj\u0105ce finansowe potrzeby miasta, kt\u00f3re chce sprosta\u0107 oczekiwaniom mieszka\u0144c\u00f3w w realizacji zar\u00f3wno zada\u0144 podstawowych takich jak: o\u015bwiata, pomoc spo\u0142eczna, jak r\u00f3wnie\u017c zada\u0144 inwestycyjnych poprawiaj\u0105cych komfort \u017cycia lokalnej spo\u0142eczno\u015bci. Proponowany wzrost stawek podatku od nieruchomo\u015bci <strong>spowoduje wzrost globalnej warto\u015bci dochod\u00f3w bud\u017cetowych o ok. 1 mln z\u0142 w skali roku<\/strong>, jak wynika z przeprowadzonych wylicze\u0144, do wykorzystania <strong>pozostaje jeszcze rezerwa w kwocie ponad 4 mln z\u0142 w przypadku zastosowania obowi\u0105zuj\u0105cych stawek maksymalnych<\/strong>. Maj\u0105c na uwadze to, i\u017c od 2012 r. nie by\u0142y podnoszone stawki podatku od nieruchomo\u015bci, Burmistrz Miasta Bochnia przedk\u0142ada Radzie Miasta projekt uchwa\u0142y w kt\u00f3rym zaproponowano podniesienie stawek podatku od nieruchomo\u015bci na 2017 r.<\/em><\/p>\n<p>W trakcie dyskusji podczas sesji pada\u0142y argumenty, \u017ce termin wprowadzenia podwy\u017cki w po\u0142owie kadencji jest kalkulowany politycznie i nieuzasadniony merytorycznie (deflacja, o kt\u00f3rej m\u00f3wi\u0142 Bogdan Kosturkiewicz). Przewodnicz\u0105cy rady Jan Balicki zasugerowa\u0142, \u017ceby podwy\u017ck\u0119 roz\u0142o\u017cy\u0107 na kilka lat, a nie wprowadza\u0107 jej jednorazowo. <\/p>\n<p>Burmistrz broni\u0142 swoich racji, t\u0142umacz\u0105c \u017ce s\u0105siednie gminy maj\u0105 o wiele wy\u017csze podatki ni\u017c Bochnia (nawet 0,86 z\u0142) i nawet po wprowadzeniu proponowanej przez niego stawki Miasto Soli nadal pozostanie konkurencyjne. Poza tym prawo dopuszcza o wiele wy\u017csze stawki (<strong>w 2017 r. wynosz\u0105 one 0,89 z\u0142, on proponuje 0,70 z\u0142<\/strong>). Uzasadnia\u0142 sw\u00f3j zamiar potrzebami inwestycyjnymi (za\u0142o\u017cono, \u017ce po podwy\u017cce do bud\u017cetu wp\u0142ynie milion z\u0142otych, tyle ile miasto przeznacza na bud\u017cet obywatelski). Skarbnik Gra\u017cyna Zio\u0142o stwierdzi\u0142a wr\u0119cz, \u017ce poziom zamo\u017cno\u015bci mieszka\u0144c\u00f3w Bochni jest wy\u017cszy, na co wskazuj\u0105 wp\u0142ywy z podatk\u00f3w PIT i CIT. <\/p>\n<p>Ostatecznie radni zdecydowali si\u0119 zgodzi\u0107 na podwy\u017ck\u0119 do stawki 0,65 z\u0142 za metr kwadratowy od \u201egrunt\u00f3w zwi\u0105zanych z prowadzeniem dzia\u0142alno\u015bci gospodarczej, bez wzgl\u0119du na spos\u00f3b zakwalifikowania w ewidencji grunt\u00f3w i budynk\u00f3w (od 1 m2 powierzchni)\u201d. Podatek wzro\u015bnie zatem o 7 groszy (obecnie 0,58 z\u0142) i b\u0119dzie o 5 groszy ni\u017cszy ni\u017c pierwotnie zamierzony. <\/p>\n<p>Pozosta\u0142e podatki s\u0105 bez zmian. <\/p>\n<p>&#8212;&#8212;&#8212;&#8212;&#8212;&#8212;&#8212;&#8212;&#8212;&#8212;&#8212;&#8212;&#8212;&#8212;&#8212;-<\/p>\n<p><strong>Tabela pokazuj\u0105ca wysoko\u015b\u0107 podatk\u00f3w w Bochni na tle innych samorz\u0105d\u00f3w:<\/strong><\/p>\n<p><a onclick=\"javascript:pageTracker._trackPageview('\/downloads\/wp-content\/uploads\/2016\/10\/podatki.jpg');\"  href=\"http:\/\/www.mojabochnia.pl\/wp-content\/uploads\/2016\/10\/podatki.jpg\"><img loading=\"lazy\" decoding=\"async\" src=\"http:\/\/www.mojabochnia.pl\/wp-content\/uploads\/2016\/10\/podatki-468x335.jpg\" alt=\"podatki\" width=\"468\" height=\"335\" class=\"alignnone size-medium wp-image-161557\" srcset=\"https:\/\/www.mojabochnia.pl\/wp-content\/uploads\/2016\/10\/podatki-468x335.jpg 468w, https:\/\/www.mojabochnia.pl\/wp-content\/uploads\/2016\/10\/podatki-120x86.jpg 120w, https:\/\/www.mojabochnia.pl\/wp-content\/uploads\/2016\/10\/podatki-768x550.jpg 768w, https:\/\/www.mojabochnia.pl\/wp-content\/uploads\/2016\/10\/podatki-660x472.jpg 660w, https:\/\/www.mojabochnia.pl\/wp-content\/uploads\/2016\/10\/podatki-152x109.jpg 152w, https:\/\/www.mojabochnia.pl\/wp-content\/uploads\/2016\/10\/podatki.jpg 1034w\" sizes=\"auto, (max-width: 468px) 100vw, 468px\" \/><\/a><\/p>\n","protected":false},"excerpt":{"rendered":"<p>Podatki od nieruchomo\u015bci w 2017 r. b\u0119d\u0105 wy\u017csze \u2013 tak zdecydowali radni. Podwy\u017cka nie b\u0119dzie jednak tak dotkliwa, jak pierwotnie za\u0142o\u017cy\u0142 j\u0105 burmistrz. W trakcie czwartkowej sesji radni zmodyfikowali projekt uchwa\u0142y Stefana Kolawi\u0144skiego.<\/p>\n","protected":false},"author":4,"featured_media":0,"comment_status":"open","ping_status":"closed","sticky":false,"template":"","format":"standard","meta":{"_acf_changed":false,"footnotes":""},"categories":[5,6251,6250],"tags":[17880,17632],"class_list":["post-161528","post","type-post","status-publish","format-standard","hentry","category-biezace-wydarzenia","category-polityka-i-wydarzenia","category-tematyka","tag-podatek","tag-podwyzka","main_tag-podatek"],"acf":[],"yoast_head":"<!-- This site is optimized with the Yoast SEO plugin v26.9 - https:\/\/yoast.com\/product\/yoast-seo-wordpress\/ -->\n<title>Wzrosn\u0105 podatki od nieruchomo\u015bci - mojabochnia.pl - portal informacyjny<\/title>\n<meta name=\"robots\" content=\"index, follow, max-snippet:-1, max-image-preview:large, max-video-preview:-1\" \/>\n<link rel=\"canonical\" href=\"https:\/\/www.mojabochnia.pl\/?p=161528\" \/>\n<meta property=\"og:locale\" content=\"pl_PL\" \/>\n<meta property=\"og:type\" content=\"article\" \/>\n<meta property=\"og:title\" content=\"Wzrosn\u0105 podatki od nieruchomo\u015bci - mojabochnia.pl - portal informacyjny\" \/>\n<meta property=\"og:description\" content=\"Podatki od nieruchomo\u015bci w 2017 r. b\u0119d\u0105 wy\u017csze \u2013 tak zdecydowali radni. Podwy\u017cka nie b\u0119dzie jednak tak dotkliwa, jak pierwotnie za\u0142o\u017cy\u0142 j\u0105 burmistrz. W trakcie czwartkowej sesji radni zmodyfikowali projekt uchwa\u0142y Stefana Kolawi\u0144skiego.\" \/>\n<meta property=\"og:url\" content=\"https:\/\/www.mojabochnia.pl\/?p=161528\" \/>\n<meta property=\"og:site_name\" content=\"mojabochnia.pl - portal informacyjny\" \/>\n<meta property=\"article:publisher\" content=\"https:\/\/www.facebook.com\/mojabochnia\" \/>\n<meta property=\"article:published_time\" content=\"2016-10-28T09:49:34+00:00\" \/>\n<meta property=\"article:modified_time\" content=\"2016-10-28T10:33:02+00:00\" \/>\n<meta property=\"og:image\" content=\"https:\/\/www.mojabochnia.pl\/wp-content\/uploads\/2016\/10\/podatki.jpg\" \/>\n\t<meta property=\"og:image:width\" content=\"1034\" \/>\n\t<meta property=\"og:image:height\" content=\"740\" \/>\n\t<meta property=\"og:image:type\" content=\"image\/jpeg\" \/>\n<meta name=\"author\" content=\"Pawe\u0142 Michalczyk\" \/>\n<meta name=\"twitter:card\" content=\"summary_large_image\" \/>\n<meta name=\"twitter:label1\" content=\"Written by\" \/>\n\t<meta name=\"twitter:data1\" content=\"Pawe\u0142 Michalczyk\" \/>\n\t<meta name=\"twitter:label2\" content=\"Est. reading time\" \/>\n\t<meta name=\"twitter:data2\" content=\"3 minuty\" \/>\n<script type=\"application\/ld+json\" class=\"yoast-schema-graph\">{\"@context\":\"https:\/\/schema.org\",\"@graph\":[{\"@type\":\"Article\",\"@id\":\"https:\/\/www.mojabochnia.pl\/?p=161528#article\",\"isPartOf\":{\"@id\":\"https:\/\/www.mojabochnia.pl\/?p=161528\"},\"author\":{\"name\":\"Pawe\u0142 Michalczyk\",\"@id\":\"https:\/\/www.mojabochnia.pl\/#\/schema\/person\/ea042e4724a77627963f02166828ead4\"},\"headline\":\"Wzrosn\u0105 podatki od nieruchomo\u015bci\",\"datePublished\":\"2016-10-28T09:49:34+00:00\",\"dateModified\":\"2016-10-28T10:33:02+00:00\",\"mainEntityOfPage\":{\"@id\":\"https:\/\/www.mojabochnia.pl\/?p=161528\"},\"wordCount\":623,\"commentCount\":0,\"publisher\":{\"@id\":\"https:\/\/www.mojabochnia.pl\/#organization\"},\"image\":{\"@id\":\"https:\/\/www.mojabochnia.pl\/?p=161528#primaryimage\"},\"thumbnailUrl\":\"http:\/\/www.mojabochnia.pl\/wp-content\/uploads\/2016\/10\/podatki-468x335.jpg\",\"keywords\":[\"podatek\",\"podwy\u017cka\"],\"articleSection\":[\"2_ostatnie\",\"polityka i wydarzenia\",\"tematyka\"],\"inLanguage\":\"pl-PL\",\"potentialAction\":[{\"@type\":\"CommentAction\",\"name\":\"Comment\",\"target\":[\"https:\/\/www.mojabochnia.pl\/?p=161528#respond\"]}]},{\"@type\":\"WebPage\",\"@id\":\"https:\/\/www.mojabochnia.pl\/?p=161528\",\"url\":\"https:\/\/www.mojabochnia.pl\/?p=161528\",\"name\":\"Wzrosn\u0105 podatki od nieruchomo\u015bci - mojabochnia.pl - portal informacyjny\",\"isPartOf\":{\"@id\":\"https:\/\/www.mojabochnia.pl\/#website\"},\"primaryImageOfPage\":{\"@id\":\"https:\/\/www.mojabochnia.pl\/?p=161528#primaryimage\"},\"image\":{\"@id\":\"https:\/\/www.mojabochnia.pl\/?p=161528#primaryimage\"},\"thumbnailUrl\":\"http:\/\/www.mojabochnia.pl\/wp-content\/uploads\/2016\/10\/podatki-468x335.jpg\",\"datePublished\":\"2016-10-28T09:49:34+00:00\",\"dateModified\":\"2016-10-28T10:33:02+00:00\",\"breadcrumb\":{\"@id\":\"https:\/\/www.mojabochnia.pl\/?p=161528#breadcrumb\"},\"inLanguage\":\"pl-PL\",\"potentialAction\":[{\"@type\":\"ReadAction\",\"target\":[\"https:\/\/www.mojabochnia.pl\/?p=161528\"]}]},{\"@type\":\"ImageObject\",\"inLanguage\":\"pl-PL\",\"@id\":\"https:\/\/www.mojabochnia.pl\/?p=161528#primaryimage\",\"url\":\"https:\/\/www.mojabochnia.pl\/wp-content\/uploads\/2016\/10\/podatki.jpg\",\"contentUrl\":\"https:\/\/www.mojabochnia.pl\/wp-content\/uploads\/2016\/10\/podatki.jpg\",\"width\":1034,\"height\":740},{\"@type\":\"BreadcrumbList\",\"@id\":\"https:\/\/www.mojabochnia.pl\/?p=161528#breadcrumb\",\"itemListElement\":[{\"@type\":\"ListItem\",\"position\":1,\"name\":\"Home\",\"item\":\"https:\/\/www.mojabochnia.pl\/\"},{\"@type\":\"ListItem\",\"position\":2,\"name\":\"Wzrosn\u0105 podatki od nieruchomo\u015bci\"}]},{\"@type\":\"WebSite\",\"@id\":\"https:\/\/www.mojabochnia.pl\/#website\",\"url\":\"https:\/\/www.mojabochnia.pl\/\",\"name\":\"mojabochnia.pl - portal informacyjny\",\"description\":\"mojaBochnia to portal informacyjny o Bochni. Codziennie o Bochni piszemy i pokazujemy najwa\u017cniejsze wydarzenia\",\"publisher\":{\"@id\":\"https:\/\/www.mojabochnia.pl\/#organization\"},\"potentialAction\":[{\"@type\":\"SearchAction\",\"target\":{\"@type\":\"EntryPoint\",\"urlTemplate\":\"https:\/\/www.mojabochnia.pl\/?s={search_term_string}\"},\"query-input\":{\"@type\":\"PropertyValueSpecification\",\"valueRequired\":true,\"valueName\":\"search_term_string\"}}],\"inLanguage\":\"pl-PL\"},{\"@type\":\"Organization\",\"@id\":\"https:\/\/www.mojabochnia.pl\/#organization\",\"name\":\"mojabochnia.pl - portal informacyjny\",\"url\":\"https:\/\/www.mojabochnia.pl\/\",\"logo\":{\"@type\":\"ImageObject\",\"inLanguage\":\"pl-PL\",\"@id\":\"https:\/\/www.mojabochnia.pl\/#\/schema\/logo\/image\/\",\"url\":\"https:\/\/www.mojabochnia.pl\/wp-content\/uploads\/2017\/08\/logo-mb-opt.png\",\"contentUrl\":\"https:\/\/www.mojabochnia.pl\/wp-content\/uploads\/2017\/08\/logo-mb-opt.png\",\"width\":250,\"height\":48,\"caption\":\"mojabochnia.pl - portal informacyjny\"},\"image\":{\"@id\":\"https:\/\/www.mojabochnia.pl\/#\/schema\/logo\/image\/\"},\"sameAs\":[\"https:\/\/www.facebook.com\/mojabochnia\"]},{\"@type\":\"Person\",\"@id\":\"https:\/\/www.mojabochnia.pl\/#\/schema\/person\/ea042e4724a77627963f02166828ead4\",\"name\":\"Pawe\u0142 Michalczyk\",\"url\":\"https:\/\/www.mojabochnia.pl\/?author=4\"}]}<\/script>\n<!-- \/ Yoast SEO plugin. -->","yoast_head_json":{"title":"Wzrosn\u0105 podatki od nieruchomo\u015bci - mojabochnia.pl - portal informacyjny","robots":{"index":"index","follow":"follow","max-snippet":"max-snippet:-1","max-image-preview":"max-image-preview:large","max-video-preview":"max-video-preview:-1"},"canonical":"https:\/\/www.mojabochnia.pl\/?p=161528","og_locale":"pl_PL","og_type":"article","og_title":"Wzrosn\u0105 podatki od nieruchomo\u015bci - mojabochnia.pl - portal informacyjny","og_description":"Podatki od nieruchomo\u015bci w 2017 r. b\u0119d\u0105 wy\u017csze \u2013 tak zdecydowali radni. Podwy\u017cka nie b\u0119dzie jednak tak dotkliwa, jak pierwotnie za\u0142o\u017cy\u0142 j\u0105 burmistrz. W trakcie czwartkowej sesji radni zmodyfikowali projekt uchwa\u0142y Stefana Kolawi\u0144skiego.","og_url":"https:\/\/www.mojabochnia.pl\/?p=161528","og_site_name":"mojabochnia.pl - portal informacyjny","article_publisher":"https:\/\/www.facebook.com\/mojabochnia","article_published_time":"2016-10-28T09:49:34+00:00","article_modified_time":"2016-10-28T10:33:02+00:00","og_image":[{"width":1034,"height":740,"url":"https:\/\/www.mojabochnia.pl\/wp-content\/uploads\/2016\/10\/podatki.jpg","type":"image\/jpeg"}],"author":"Pawe\u0142 Michalczyk","twitter_card":"summary_large_image","twitter_misc":{"Written by":"Pawe\u0142 Michalczyk","Est. reading time":"3 minuty"},"schema":{"@context":"https:\/\/schema.org","@graph":[{"@type":"Article","@id":"https:\/\/www.mojabochnia.pl\/?p=161528#article","isPartOf":{"@id":"https:\/\/www.mojabochnia.pl\/?p=161528"},"author":{"name":"Pawe\u0142 Michalczyk","@id":"https:\/\/www.mojabochnia.pl\/#\/schema\/person\/ea042e4724a77627963f02166828ead4"},"headline":"Wzrosn\u0105 podatki od nieruchomo\u015bci","datePublished":"2016-10-28T09:49:34+00:00","dateModified":"2016-10-28T10:33:02+00:00","mainEntityOfPage":{"@id":"https:\/\/www.mojabochnia.pl\/?p=161528"},"wordCount":623,"commentCount":0,"publisher":{"@id":"https:\/\/www.mojabochnia.pl\/#organization"},"image":{"@id":"https:\/\/www.mojabochnia.pl\/?p=161528#primaryimage"},"thumbnailUrl":"http:\/\/www.mojabochnia.pl\/wp-content\/uploads\/2016\/10\/podatki-468x335.jpg","keywords":["podatek","podwy\u017cka"],"articleSection":["2_ostatnie","polityka i wydarzenia","tematyka"],"inLanguage":"pl-PL","potentialAction":[{"@type":"CommentAction","name":"Comment","target":["https:\/\/www.mojabochnia.pl\/?p=161528#respond"]}]},{"@type":"WebPage","@id":"https:\/\/www.mojabochnia.pl\/?p=161528","url":"https:\/\/www.mojabochnia.pl\/?p=161528","name":"Wzrosn\u0105 podatki od nieruchomo\u015bci - mojabochnia.pl - portal informacyjny","isPartOf":{"@id":"https:\/\/www.mojabochnia.pl\/#website"},"primaryImageOfPage":{"@id":"https:\/\/www.mojabochnia.pl\/?p=161528#primaryimage"},"image":{"@id":"https:\/\/www.mojabochnia.pl\/?p=161528#primaryimage"},"thumbnailUrl":"http:\/\/www.mojabochnia.pl\/wp-content\/uploads\/2016\/10\/podatki-468x335.jpg","datePublished":"2016-10-28T09:49:34+00:00","dateModified":"2016-10-28T10:33:02+00:00","breadcrumb":{"@id":"https:\/\/www.mojabochnia.pl\/?p=161528#breadcrumb"},"inLanguage":"pl-PL","potentialAction":[{"@type":"ReadAction","target":["https:\/\/www.mojabochnia.pl\/?p=161528"]}]},{"@type":"ImageObject","inLanguage":"pl-PL","@id":"https:\/\/www.mojabochnia.pl\/?p=161528#primaryimage","url":"https:\/\/www.mojabochnia.pl\/wp-content\/uploads\/2016\/10\/podatki.jpg","contentUrl":"https:\/\/www.mojabochnia.pl\/wp-content\/uploads\/2016\/10\/podatki.jpg","width":1034,"height":740},{"@type":"BreadcrumbList","@id":"https:\/\/www.mojabochnia.pl\/?p=161528#breadcrumb","itemListElement":[{"@type":"ListItem","position":1,"name":"Home","item":"https:\/\/www.mojabochnia.pl\/"},{"@type":"ListItem","position":2,"name":"Wzrosn\u0105 podatki od nieruchomo\u015bci"}]},{"@type":"WebSite","@id":"https:\/\/www.mojabochnia.pl\/#website","url":"https:\/\/www.mojabochnia.pl\/","name":"mojabochnia.pl - portal informacyjny","description":"mojaBochnia to portal informacyjny o Bochni. Codziennie o Bochni piszemy i pokazujemy najwa\u017cniejsze wydarzenia","publisher":{"@id":"https:\/\/www.mojabochnia.pl\/#organization"},"potentialAction":[{"@type":"SearchAction","target":{"@type":"EntryPoint","urlTemplate":"https:\/\/www.mojabochnia.pl\/?s={search_term_string}"},"query-input":{"@type":"PropertyValueSpecification","valueRequired":true,"valueName":"search_term_string"}}],"inLanguage":"pl-PL"},{"@type":"Organization","@id":"https:\/\/www.mojabochnia.pl\/#organization","name":"mojabochnia.pl - portal informacyjny","url":"https:\/\/www.mojabochnia.pl\/","logo":{"@type":"ImageObject","inLanguage":"pl-PL","@id":"https:\/\/www.mojabochnia.pl\/#\/schema\/logo\/image\/","url":"https:\/\/www.mojabochnia.pl\/wp-content\/uploads\/2017\/08\/logo-mb-opt.png","contentUrl":"https:\/\/www.mojabochnia.pl\/wp-content\/uploads\/2017\/08\/logo-mb-opt.png","width":250,"height":48,"caption":"mojabochnia.pl - portal informacyjny"},"image":{"@id":"https:\/\/www.mojabochnia.pl\/#\/schema\/logo\/image\/"},"sameAs":["https:\/\/www.facebook.com\/mojabochnia"]},{"@type":"Person","@id":"https:\/\/www.mojabochnia.pl\/#\/schema\/person\/ea042e4724a77627963f02166828ead4","name":"Pawe\u0142 Michalczyk","url":"https:\/\/www.mojabochnia.pl\/?author=4"}]}},"_links":{"self":[{"href":"https:\/\/www.mojabochnia.pl\/index.php?rest_route=\/wp\/v2\/posts\/161528","targetHints":{"allow":["GET"]}}],"collection":[{"href":"https:\/\/www.mojabochnia.pl\/index.php?rest_route=\/wp\/v2\/posts"}],"about":[{"href":"https:\/\/www.mojabochnia.pl\/index.php?rest_route=\/wp\/v2\/types\/post"}],"author":[{"embeddable":true,"href":"https:\/\/www.mojabochnia.pl\/index.php?rest_route=\/wp\/v2\/users\/4"}],"replies":[{"embeddable":true,"href":"https:\/\/www.mojabochnia.pl\/index.php?rest_route=%2Fwp%2Fv2%2Fcomments&post=161528"}],"version-history":[{"count":6,"href":"https:\/\/www.mojabochnia.pl\/index.php?rest_route=\/wp\/v2\/posts\/161528\/revisions"}],"predecessor-version":[{"id":161566,"href":"https:\/\/www.mojabochnia.pl\/index.php?rest_route=\/wp\/v2\/posts\/161528\/revisions\/161566"}],"wp:attachment":[{"href":"https:\/\/www.mojabochnia.pl\/index.php?rest_route=%2Fwp%2Fv2%2Fmedia&parent=161528"}],"wp:term":[{"taxonomy":"category","embeddable":true,"href":"https:\/\/www.mojabochnia.pl\/index.php?rest_route=%2Fwp%2Fv2%2Fcategories&post=161528"},{"taxonomy":"post_tag","embeddable":true,"href":"https:\/\/www.mojabochnia.pl\/index.php?rest_route=%2Fwp%2Fv2%2Ftags&post=161528"}],"curies":[{"name":"wp","href":"https:\/\/api.w.org\/{rel}","templated":true}]}}