{"id":159,"date":"2008-07-25T10:56:27","date_gmt":"2008-07-25T08:56:27","guid":{"rendered":"http:\/\/beta.mojabochnia.pl\/?p=159"},"modified":"2009-04-16T13:03:54","modified_gmt":"2009-04-16T11:03:54","slug":"likwidacja-punktu-obslugi-klienta-tp-w-bochni","status":"publish","type":"post","link":"https:\/\/www.mojabochnia.pl\/?p=159","title":{"rendered":"Likwidacja punktu obs\u0142ugi klienta TP w Bochni"},"content":{"rendered":"<p>&#8211; <em>Decyzja przysz\u0142a do nas z g\u00f3ry. Ten punkt by\u0142 nawet rentowny, korzysta\u0142o z niego du\u017co os\u00f3b. By\u0142y to jednak najcz\u0119\u015bciej reklamacje <\/em>\u2013 m\u00f3wi Ewa Ma\u015blanka, kierownik punktu w Bochni oraz w Brzesku \u2013 <em>Jestem jak najbardziej przeciwna likwidowaniu tego punktu, ale w Bochni funkcjonuj\u0105 dwa salony Orange, kt\u00f3re w przysz\u0142o\u015bci maj\u0105 obs\u0142u\u017cy\u0107 klient\u00f3w TP. Ponadto pomieszczenia, w kt\u00f3rych obecnie znajduje si\u0119 punkt obs\u0142ugi klienta nie jest wizualnie dostosowany do umowy jak\u0105 mamy z Orange. Tam wszystko musi by\u0107 na swoim miejscu<\/em> \u2013 dodaje <\/p>\n<p>&#8211; <em>Punkt w Brzesku powsta\u0142 ju\u017c dawno, za pierwszych w\u0142adz, kt\u00f3rych ju\u017c nie ma. Zapewne s\u0105 podpisane zobowi\u0105zuj\u0105ce umowy. Biuro obs\u0142ugi klienta w Brzesku jest tak\u017ce dostosowane do dzia\u0142ania pod wzgl\u0119dem wizualnym. Pracownik z centrali w Warszawie po wizycie w pomieszczeniach TP w Bochni stwierdzi\u0142, \u017ce nie nadaj\u0105 si\u0119 one do przystosowania na nasze biuro<\/em> \u2013 t\u0142umaczy Ewa Ma\u015blanka<\/p>\n<p>Jak zaznaczy\u0142a Ewa Ma\u015blanka w Bochni s\u0105 dwa salony Orange, kt\u00f3re z TP tworz\u0105 ju\u017c jedn\u0105 firm\u0119. Wszystko by\u0142oby w porz\u0105dku, gdyby obs\u0142ugiwa\u0142y one klient\u00f3w TP. Jednak na razie mieszka\u0144cy korzystaj\u0105cy z us\u0142ug Telekomunikacji Polskiej nic w nich nie za\u0142atwi\u0105. Punkty Orange nie maj\u0105 odpowiednich system\u00f3w. Przystosowanie ich do pe\u0142nej wsp\u00f3\u0142pracy z TP mo\u017ce potrwa\u0107 nawet kilka lat. <\/p>\n","protected":false},"excerpt":{"rendered":"<p>31 lipca zostaje zlikwidowany punkt obs\u0142ugi klienta Telekomunikacji Polskiej przy ul. Kazimierza Wielkiego (w budynku poczty). Od 1 sierpnia ka\u017cdy, kto b\u0119dzie chcia\u0142 skorzysta\u0107 z us\u0142ug TP b\u0119dzie musia\u0142 jecha\u0107 do Brzeska, do punktu obs\u0142ugi klienta przy ul. Mickiewicza 14.<\/p>\n","protected":false},"author":1,"featured_media":0,"comment_status":"open","ping_status":"open","sticky":false,"template":"","format":"standard","meta":{"_acf_changed":false,"footnotes":""},"categories":[5,11],"tags":[120,190],"class_list":["post-159","post","type-post","status-publish","format-standard","hentry","category-biezace-wydarzenia","category-top-temat","tag-brzesko","tag-telekomunikacja-polska"],"acf":[],"yoast_head":"<!-- This site is optimized with the Yoast SEO plugin v26.9 - https:\/\/yoast.com\/product\/yoast-seo-wordpress\/ -->\n<title>Likwidacja punktu obs\u0142ugi klienta TP w Bochni - mojabochnia.pl - portal informacyjny<\/title>\n<meta name=\"robots\" content=\"index, follow, max-snippet:-1, max-image-preview:large, max-video-preview:-1\" \/>\n<link rel=\"canonical\" href=\"https:\/\/www.mojabochnia.pl\/?p=159\" \/>\n<meta property=\"og:locale\" content=\"pl_PL\" \/>\n<meta property=\"og:type\" content=\"article\" \/>\n<meta property=\"og:title\" content=\"Likwidacja punktu obs\u0142ugi klienta TP w Bochni - mojabochnia.pl - portal informacyjny\" \/>\n<meta property=\"og:description\" content=\"31 lipca zostaje zlikwidowany punkt obs\u0142ugi klienta Telekomunikacji Polskiej przy ul. Kazimierza Wielkiego (w budynku poczty). Od 1 sierpnia ka\u017cdy, kto b\u0119dzie chcia\u0142 skorzysta\u0107 z us\u0142ug TP b\u0119dzie musia\u0142 jecha\u0107 do Brzeska, do punktu obs\u0142ugi klienta przy ul. Mickiewicza 14.\" \/>\n<meta property=\"og:url\" content=\"https:\/\/www.mojabochnia.pl\/?p=159\" \/>\n<meta property=\"og:site_name\" content=\"mojabochnia.pl - portal informacyjny\" \/>\n<meta property=\"article:publisher\" content=\"https:\/\/www.facebook.com\/mojabochnia\" \/>\n<meta property=\"article:published_time\" content=\"2008-07-25T08:56:27+00:00\" \/>\n<meta property=\"article:modified_time\" content=\"2009-04-16T11:03:54+00:00\" \/>\n<meta name=\"author\" content=\"administrator\" \/>\n<meta name=\"twitter:card\" content=\"summary_large_image\" \/>\n<meta name=\"twitter:label1\" content=\"Written by\" \/>\n\t<meta name=\"twitter:data1\" content=\"administrator\" \/>\n\t<meta name=\"twitter:label2\" content=\"Est. reading time\" \/>\n\t<meta name=\"twitter:data2\" content=\"1 minuta\" \/>\n<script type=\"application\/ld+json\" class=\"yoast-schema-graph\">{\"@context\":\"https:\/\/schema.org\",\"@graph\":[{\"@type\":\"Article\",\"@id\":\"https:\/\/www.mojabochnia.pl\/?p=159#article\",\"isPartOf\":{\"@id\":\"https:\/\/www.mojabochnia.pl\/?p=159\"},\"author\":{\"name\":\"administrator\",\"@id\":\"https:\/\/www.mojabochnia.pl\/#\/schema\/person\/c00e1f64e6fa0e6de6d410f2c340017f\"},\"headline\":\"Likwidacja punktu obs\u0142ugi klienta TP w Bochni\",\"datePublished\":\"2008-07-25T08:56:27+00:00\",\"dateModified\":\"2009-04-16T11:03:54+00:00\",\"mainEntityOfPage\":{\"@id\":\"https:\/\/www.mojabochnia.pl\/?p=159\"},\"wordCount\":248,\"commentCount\":0,\"publisher\":{\"@id\":\"https:\/\/www.mojabochnia.pl\/#organization\"},\"keywords\":[\"brzesko\",\"telekomunikacja polska\"],\"articleSection\":[\"2_ostatnie\",\"3_w centrum uwagi\"],\"inLanguage\":\"pl-PL\",\"potentialAction\":[{\"@type\":\"CommentAction\",\"name\":\"Comment\",\"target\":[\"https:\/\/www.mojabochnia.pl\/?p=159#respond\"]}]},{\"@type\":\"WebPage\",\"@id\":\"https:\/\/www.mojabochnia.pl\/?p=159\",\"url\":\"https:\/\/www.mojabochnia.pl\/?p=159\",\"name\":\"Likwidacja punktu obs\u0142ugi klienta TP w Bochni - mojabochnia.pl - portal informacyjny\",\"isPartOf\":{\"@id\":\"https:\/\/www.mojabochnia.pl\/#website\"},\"datePublished\":\"2008-07-25T08:56:27+00:00\",\"dateModified\":\"2009-04-16T11:03:54+00:00\",\"breadcrumb\":{\"@id\":\"https:\/\/www.mojabochnia.pl\/?p=159#breadcrumb\"},\"inLanguage\":\"pl-PL\",\"potentialAction\":[{\"@type\":\"ReadAction\",\"target\":[\"https:\/\/www.mojabochnia.pl\/?p=159\"]}]},{\"@type\":\"BreadcrumbList\",\"@id\":\"https:\/\/www.mojabochnia.pl\/?p=159#breadcrumb\",\"itemListElement\":[{\"@type\":\"ListItem\",\"position\":1,\"name\":\"Home\",\"item\":\"https:\/\/www.mojabochnia.pl\/\"},{\"@type\":\"ListItem\",\"position\":2,\"name\":\"Likwidacja punktu obs\u0142ugi klienta TP w Bochni\"}]},{\"@type\":\"WebSite\",\"@id\":\"https:\/\/www.mojabochnia.pl\/#website\",\"url\":\"https:\/\/www.mojabochnia.pl\/\",\"name\":\"mojabochnia.pl - portal informacyjny\",\"description\":\"mojaBochnia to portal informacyjny o Bochni. Codziennie o Bochni piszemy i pokazujemy najwa\u017cniejsze wydarzenia\",\"publisher\":{\"@id\":\"https:\/\/www.mojabochnia.pl\/#organization\"},\"potentialAction\":[{\"@type\":\"SearchAction\",\"target\":{\"@type\":\"EntryPoint\",\"urlTemplate\":\"https:\/\/www.mojabochnia.pl\/?s={search_term_string}\"},\"query-input\":{\"@type\":\"PropertyValueSpecification\",\"valueRequired\":true,\"valueName\":\"search_term_string\"}}],\"inLanguage\":\"pl-PL\"},{\"@type\":\"Organization\",\"@id\":\"https:\/\/www.mojabochnia.pl\/#organization\",\"name\":\"mojabochnia.pl - portal informacyjny\",\"url\":\"https:\/\/www.mojabochnia.pl\/\",\"logo\":{\"@type\":\"ImageObject\",\"inLanguage\":\"pl-PL\",\"@id\":\"https:\/\/www.mojabochnia.pl\/#\/schema\/logo\/image\/\",\"url\":\"https:\/\/www.mojabochnia.pl\/wp-content\/uploads\/2017\/08\/logo-mb-opt.png\",\"contentUrl\":\"https:\/\/www.mojabochnia.pl\/wp-content\/uploads\/2017\/08\/logo-mb-opt.png\",\"width\":250,\"height\":48,\"caption\":\"mojabochnia.pl - portal informacyjny\"},\"image\":{\"@id\":\"https:\/\/www.mojabochnia.pl\/#\/schema\/logo\/image\/\"},\"sameAs\":[\"https:\/\/www.facebook.com\/mojabochnia\"]},{\"@type\":\"Person\",\"@id\":\"https:\/\/www.mojabochnia.pl\/#\/schema\/person\/c00e1f64e6fa0e6de6d410f2c340017f\",\"name\":\"administrator\",\"url\":\"https:\/\/www.mojabochnia.pl\/?author=1\"}]}<\/script>\n<!-- \/ Yoast SEO plugin. -->","yoast_head_json":{"title":"Likwidacja punktu obs\u0142ugi klienta TP w Bochni - mojabochnia.pl - portal informacyjny","robots":{"index":"index","follow":"follow","max-snippet":"max-snippet:-1","max-image-preview":"max-image-preview:large","max-video-preview":"max-video-preview:-1"},"canonical":"https:\/\/www.mojabochnia.pl\/?p=159","og_locale":"pl_PL","og_type":"article","og_title":"Likwidacja punktu obs\u0142ugi klienta TP w Bochni - mojabochnia.pl - portal informacyjny","og_description":"31 lipca zostaje zlikwidowany punkt obs\u0142ugi klienta Telekomunikacji Polskiej przy ul. Kazimierza Wielkiego (w budynku poczty). Od 1 sierpnia ka\u017cdy, kto b\u0119dzie chcia\u0142 skorzysta\u0107 z us\u0142ug TP b\u0119dzie musia\u0142 jecha\u0107 do Brzeska, do punktu obs\u0142ugi klienta przy ul. Mickiewicza 14.","og_url":"https:\/\/www.mojabochnia.pl\/?p=159","og_site_name":"mojabochnia.pl - portal informacyjny","article_publisher":"https:\/\/www.facebook.com\/mojabochnia","article_published_time":"2008-07-25T08:56:27+00:00","article_modified_time":"2009-04-16T11:03:54+00:00","author":"administrator","twitter_card":"summary_large_image","twitter_misc":{"Written by":"administrator","Est. reading time":"1 minuta"},"schema":{"@context":"https:\/\/schema.org","@graph":[{"@type":"Article","@id":"https:\/\/www.mojabochnia.pl\/?p=159#article","isPartOf":{"@id":"https:\/\/www.mojabochnia.pl\/?p=159"},"author":{"name":"administrator","@id":"https:\/\/www.mojabochnia.pl\/#\/schema\/person\/c00e1f64e6fa0e6de6d410f2c340017f"},"headline":"Likwidacja punktu obs\u0142ugi klienta TP w Bochni","datePublished":"2008-07-25T08:56:27+00:00","dateModified":"2009-04-16T11:03:54+00:00","mainEntityOfPage":{"@id":"https:\/\/www.mojabochnia.pl\/?p=159"},"wordCount":248,"commentCount":0,"publisher":{"@id":"https:\/\/www.mojabochnia.pl\/#organization"},"keywords":["brzesko","telekomunikacja polska"],"articleSection":["2_ostatnie","3_w centrum uwagi"],"inLanguage":"pl-PL","potentialAction":[{"@type":"CommentAction","name":"Comment","target":["https:\/\/www.mojabochnia.pl\/?p=159#respond"]}]},{"@type":"WebPage","@id":"https:\/\/www.mojabochnia.pl\/?p=159","url":"https:\/\/www.mojabochnia.pl\/?p=159","name":"Likwidacja punktu obs\u0142ugi klienta TP w Bochni - mojabochnia.pl - portal informacyjny","isPartOf":{"@id":"https:\/\/www.mojabochnia.pl\/#website"},"datePublished":"2008-07-25T08:56:27+00:00","dateModified":"2009-04-16T11:03:54+00:00","breadcrumb":{"@id":"https:\/\/www.mojabochnia.pl\/?p=159#breadcrumb"},"inLanguage":"pl-PL","potentialAction":[{"@type":"ReadAction","target":["https:\/\/www.mojabochnia.pl\/?p=159"]}]},{"@type":"BreadcrumbList","@id":"https:\/\/www.mojabochnia.pl\/?p=159#breadcrumb","itemListElement":[{"@type":"ListItem","position":1,"name":"Home","item":"https:\/\/www.mojabochnia.pl\/"},{"@type":"ListItem","position":2,"name":"Likwidacja punktu obs\u0142ugi klienta TP w Bochni"}]},{"@type":"WebSite","@id":"https:\/\/www.mojabochnia.pl\/#website","url":"https:\/\/www.mojabochnia.pl\/","name":"mojabochnia.pl - portal informacyjny","description":"mojaBochnia to portal informacyjny o Bochni. Codziennie o Bochni piszemy i pokazujemy najwa\u017cniejsze wydarzenia","publisher":{"@id":"https:\/\/www.mojabochnia.pl\/#organization"},"potentialAction":[{"@type":"SearchAction","target":{"@type":"EntryPoint","urlTemplate":"https:\/\/www.mojabochnia.pl\/?s={search_term_string}"},"query-input":{"@type":"PropertyValueSpecification","valueRequired":true,"valueName":"search_term_string"}}],"inLanguage":"pl-PL"},{"@type":"Organization","@id":"https:\/\/www.mojabochnia.pl\/#organization","name":"mojabochnia.pl - portal informacyjny","url":"https:\/\/www.mojabochnia.pl\/","logo":{"@type":"ImageObject","inLanguage":"pl-PL","@id":"https:\/\/www.mojabochnia.pl\/#\/schema\/logo\/image\/","url":"https:\/\/www.mojabochnia.pl\/wp-content\/uploads\/2017\/08\/logo-mb-opt.png","contentUrl":"https:\/\/www.mojabochnia.pl\/wp-content\/uploads\/2017\/08\/logo-mb-opt.png","width":250,"height":48,"caption":"mojabochnia.pl - portal informacyjny"},"image":{"@id":"https:\/\/www.mojabochnia.pl\/#\/schema\/logo\/image\/"},"sameAs":["https:\/\/www.facebook.com\/mojabochnia"]},{"@type":"Person","@id":"https:\/\/www.mojabochnia.pl\/#\/schema\/person\/c00e1f64e6fa0e6de6d410f2c340017f","name":"administrator","url":"https:\/\/www.mojabochnia.pl\/?author=1"}]}},"_links":{"self":[{"href":"https:\/\/www.mojabochnia.pl\/index.php?rest_route=\/wp\/v2\/posts\/159","targetHints":{"allow":["GET"]}}],"collection":[{"href":"https:\/\/www.mojabochnia.pl\/index.php?rest_route=\/wp\/v2\/posts"}],"about":[{"href":"https:\/\/www.mojabochnia.pl\/index.php?rest_route=\/wp\/v2\/types\/post"}],"author":[{"embeddable":true,"href":"https:\/\/www.mojabochnia.pl\/index.php?rest_route=\/wp\/v2\/users\/1"}],"replies":[{"embeddable":true,"href":"https:\/\/www.mojabochnia.pl\/index.php?rest_route=%2Fwp%2Fv2%2Fcomments&post=159"}],"version-history":[{"count":0,"href":"https:\/\/www.mojabochnia.pl\/index.php?rest_route=\/wp\/v2\/posts\/159\/revisions"}],"wp:attachment":[{"href":"https:\/\/www.mojabochnia.pl\/index.php?rest_route=%2Fwp%2Fv2%2Fmedia&parent=159"}],"wp:term":[{"taxonomy":"category","embeddable":true,"href":"https:\/\/www.mojabochnia.pl\/index.php?rest_route=%2Fwp%2Fv2%2Fcategories&post=159"},{"taxonomy":"post_tag","embeddable":true,"href":"https:\/\/www.mojabochnia.pl\/index.php?rest_route=%2Fwp%2Fv2%2Ftags&post=159"}],"curies":[{"name":"wp","href":"https:\/\/api.w.org\/{rel}","templated":true}]}}