{"id":158735,"date":"2016-09-01T10:02:07","date_gmt":"2016-09-01T08:02:07","guid":{"rendered":"http:\/\/www.mojabochnia.pl\/?p=158735"},"modified":"2016-09-01T10:02:07","modified_gmt":"2016-09-01T08:02:07","slug":"bochenskie-obchody-36-lecia-porozumien-sierpniowych-zdjecia","status":"publish","type":"post","link":"https:\/\/www.mojabochnia.pl\/?p=158735","title":{"rendered":"Boche\u0144skie obchody 36-lecia porozumie\u0144 sierpniowych &#8211; zdj\u0119cia"},"content":{"rendered":"<p>Po zako\u0144czonym nabo\u017ce\u0144stwie bia\u0142o-czerwone wi\u0105zanki kwiat\u00f3w pod pomnikiem \u015bwi\u0119tego Jana Paw\u0142a II z\u0142o\u017cyli: Stefan Kolawi\u0144ski Burmistrz Miasta Bochnia, Jan Balicki Przewodnicz\u0105cy Rady Miasta Bochnia, Andrzej Kraso\u0144 asystent pos\u0142a W\u0142odzimierza Bernackiego oraz delegacja \u201eSolidarno\u015bci\u201d.<\/p>\n<p>Uroczysto\u015b\u0107 zako\u0144czy\u0142 kr\u00f3tki koncert w wykonaniu G\u00f3rniczej Orkiestry Kopalni Soli Bochnia.<\/p>\n\t  \r\n\t\r\n\t    <div class=\"mb-gallery\">\r\n\t    <a href=\"https:\/\/www.mojabochnia.pl\/?attachment_id=158737\" class=\"\"><img loading=\"lazy\" decoding=\"async\" width=\"100\" height=\"67\" src=\"https:\/\/www.mojabochnia.pl\/wp-content\/uploads\/2016\/09\/57c7c2d69a6355595-120x80.jpg\" class=\"attachment-100x100 size-100x100\" alt=\"\" srcset=\"https:\/\/www.mojabochnia.pl\/wp-content\/uploads\/2016\/09\/57c7c2d69a6355595-120x80.jpg 120w, https:\/\/www.mojabochnia.pl\/wp-content\/uploads\/2016\/09\/57c7c2d69a6355595-468x313.jpg 468w, https:\/\/www.mojabochnia.pl\/wp-content\/uploads\/2016\/09\/57c7c2d69a6355595-768x513.jpg 768w, https:\/\/www.mojabochnia.pl\/wp-content\/uploads\/2016\/09\/57c7c2d69a6355595-660x441.jpg 660w, https:\/\/www.mojabochnia.pl\/wp-content\/uploads\/2016\/09\/57c7c2d69a6355595-152x102.jpg 152w, https:\/\/www.mojabochnia.pl\/wp-content\/uploads\/2016\/09\/57c7c2d69a6355595.jpg 1000w\" sizes=\"auto, (max-width: 100px) 100vw, 100px\" \/><\/a><a href=\"https:\/\/www.mojabochnia.pl\/?attachment_id=158738\" class=\"\"><img loading=\"lazy\" decoding=\"async\" width=\"100\" height=\"67\" src=\"https:\/\/www.mojabochnia.pl\/wp-content\/uploads\/2016\/09\/57c7c2e1185285596-120x80.jpg\" class=\"attachment-100x100 size-100x100\" alt=\"\" srcset=\"https:\/\/www.mojabochnia.pl\/wp-content\/uploads\/2016\/09\/57c7c2e1185285596-120x80.jpg 120w, https:\/\/www.mojabochnia.pl\/wp-content\/uploads\/2016\/09\/57c7c2e1185285596-468x313.jpg 468w, https:\/\/www.mojabochnia.pl\/wp-content\/uploads\/2016\/09\/57c7c2e1185285596-768x513.jpg 768w, https:\/\/www.mojabochnia.pl\/wp-content\/uploads\/2016\/09\/57c7c2e1185285596-660x441.jpg 660w, https:\/\/www.mojabochnia.pl\/wp-content\/uploads\/2016\/09\/57c7c2e1185285596-152x102.jpg 152w, https:\/\/www.mojabochnia.pl\/wp-content\/uploads\/2016\/09\/57c7c2e1185285596.jpg 1000w\" sizes=\"auto, (max-width: 100px) 100vw, 100px\" \/><\/a><a href=\"https:\/\/www.mojabochnia.pl\/?attachment_id=158739\" class=\"\"><img loading=\"lazy\" decoding=\"async\" width=\"67\" height=\"100\" src=\"https:\/\/www.mojabochnia.pl\/wp-content\/uploads\/2016\/09\/57c7c31e253205598-120x180.jpg\" class=\"attachment-100x100 size-100x100\" alt=\"\" srcset=\"https:\/\/www.mojabochnia.pl\/wp-content\/uploads\/2016\/09\/57c7c31e253205598-120x180.jpg 120w, https:\/\/www.mojabochnia.pl\/wp-content\/uploads\/2016\/09\/57c7c31e253205598-468x701.jpg 468w, https:\/\/www.mojabochnia.pl\/wp-content\/uploads\/2016\/09\/57c7c31e253205598-660x988.jpg 660w, https:\/\/www.mojabochnia.pl\/wp-content\/uploads\/2016\/09\/57c7c31e253205598-152x228.jpg 152w, https:\/\/www.mojabochnia.pl\/wp-content\/uploads\/2016\/09\/57c7c31e253205598.jpg 668w\" sizes=\"auto, (max-width: 67px) 100vw, 67px\" \/><\/a><a href=\"https:\/\/www.mojabochnia.pl\/?attachment_id=158740\" class=\"\"><img loading=\"lazy\" decoding=\"async\" width=\"100\" height=\"67\" src=\"https:\/\/www.mojabochnia.pl\/wp-content\/uploads\/2016\/09\/57c7c33e5419f5601-120x80.jpg\" class=\"attachment-100x100 size-100x100\" alt=\"\" srcset=\"https:\/\/www.mojabochnia.pl\/wp-content\/uploads\/2016\/09\/57c7c33e5419f5601-120x80.jpg 120w, https:\/\/www.mojabochnia.pl\/wp-content\/uploads\/2016\/09\/57c7c33e5419f5601-468x313.jpg 468w, https:\/\/www.mojabochnia.pl\/wp-content\/uploads\/2016\/09\/57c7c33e5419f5601-768x513.jpg 768w, https:\/\/www.mojabochnia.pl\/wp-content\/uploads\/2016\/09\/57c7c33e5419f5601-660x441.jpg 660w, https:\/\/www.mojabochnia.pl\/wp-content\/uploads\/2016\/09\/57c7c33e5419f5601-152x102.jpg 152w, https:\/\/www.mojabochnia.pl\/wp-content\/uploads\/2016\/09\/57c7c33e5419f5601.jpg 1000w\" sizes=\"auto, (max-width: 100px) 100vw, 100px\" \/><\/a><a href=\"https:\/\/www.mojabochnia.pl\/?attachment_id=158741\" class=\"\"><img loading=\"lazy\" decoding=\"async\" width=\"67\" height=\"100\" src=\"https:\/\/www.mojabochnia.pl\/wp-content\/uploads\/2016\/09\/57c7c35fcdccb5604-120x180.jpg\" class=\"attachment-100x100 size-100x100\" alt=\"\" srcset=\"https:\/\/www.mojabochnia.pl\/wp-content\/uploads\/2016\/09\/57c7c35fcdccb5604-120x180.jpg 120w, https:\/\/www.mojabochnia.pl\/wp-content\/uploads\/2016\/09\/57c7c35fcdccb5604-468x701.jpg 468w, https:\/\/www.mojabochnia.pl\/wp-content\/uploads\/2016\/09\/57c7c35fcdccb5604-660x988.jpg 660w, https:\/\/www.mojabochnia.pl\/wp-content\/uploads\/2016\/09\/57c7c35fcdccb5604-152x228.jpg 152w, https:\/\/www.mojabochnia.pl\/wp-content\/uploads\/2016\/09\/57c7c35fcdccb5604.jpg 668w\" sizes=\"auto, (max-width: 67px) 100vw, 67px\" \/><\/a><a href=\"https:\/\/www.mojabochnia.pl\/?attachment_id=158742\" class=\"\"><img loading=\"lazy\" decoding=\"async\" width=\"67\" height=\"100\" src=\"https:\/\/www.mojabochnia.pl\/wp-content\/uploads\/2016\/09\/57c7c37ec3eeb5607-120x180.jpg\" class=\"attachment-100x100 size-100x100\" alt=\"\" srcset=\"https:\/\/www.mojabochnia.pl\/wp-content\/uploads\/2016\/09\/57c7c37ec3eeb5607-120x180.jpg 120w, https:\/\/www.mojabochnia.pl\/wp-content\/uploads\/2016\/09\/57c7c37ec3eeb5607-468x701.jpg 468w, https:\/\/www.mojabochnia.pl\/wp-content\/uploads\/2016\/09\/57c7c37ec3eeb5607-660x988.jpg 660w, https:\/\/www.mojabochnia.pl\/wp-content\/uploads\/2016\/09\/57c7c37ec3eeb5607-152x228.jpg 152w, https:\/\/www.mojabochnia.pl\/wp-content\/uploads\/2016\/09\/57c7c37ec3eeb5607.jpg 668w\" sizes=\"auto, (max-width: 67px) 100vw, 67px\" \/><\/a><a href=\"https:\/\/www.mojabochnia.pl\/?attachment_id=158743\" class=\"\"><img loading=\"lazy\" decoding=\"async\" width=\"67\" height=\"100\" src=\"https:\/\/www.mojabochnia.pl\/wp-content\/uploads\/2016\/09\/57c7c312b357b5597-120x180.jpg\" class=\"attachment-100x100 size-100x100\" alt=\"\" srcset=\"https:\/\/www.mojabochnia.pl\/wp-content\/uploads\/2016\/09\/57c7c312b357b5597-120x180.jpg 120w, https:\/\/www.mojabochnia.pl\/wp-content\/uploads\/2016\/09\/57c7c312b357b5597-468x701.jpg 468w, https:\/\/www.mojabochnia.pl\/wp-content\/uploads\/2016\/09\/57c7c312b357b5597-660x988.jpg 660w, https:\/\/www.mojabochnia.pl\/wp-content\/uploads\/2016\/09\/57c7c312b357b5597-152x228.jpg 152w, https:\/\/www.mojabochnia.pl\/wp-content\/uploads\/2016\/09\/57c7c312b357b5597.jpg 668w\" sizes=\"auto, (max-width: 67px) 100vw, 67px\" \/><\/a><a href=\"https:\/\/www.mojabochnia.pl\/?attachment_id=158744\" class=\"\"><img loading=\"lazy\" decoding=\"async\" width=\"100\" height=\"67\" src=\"https:\/\/www.mojabochnia.pl\/wp-content\/uploads\/2016\/09\/57c7c369e7b165605-120x80.jpg\" class=\"attachment-100x100 size-100x100\" alt=\"\" srcset=\"https:\/\/www.mojabochnia.pl\/wp-content\/uploads\/2016\/09\/57c7c369e7b165605-120x80.jpg 120w, https:\/\/www.mojabochnia.pl\/wp-content\/uploads\/2016\/09\/57c7c369e7b165605-468x313.jpg 468w, https:\/\/www.mojabochnia.pl\/wp-content\/uploads\/2016\/09\/57c7c369e7b165605-768x513.jpg 768w, https:\/\/www.mojabochnia.pl\/wp-content\/uploads\/2016\/09\/57c7c369e7b165605-660x441.jpg 660w, https:\/\/www.mojabochnia.pl\/wp-content\/uploads\/2016\/09\/57c7c369e7b165605-152x102.jpg 152w, https:\/\/www.mojabochnia.pl\/wp-content\/uploads\/2016\/09\/57c7c369e7b165605.jpg 1000w\" sizes=\"auto, (max-width: 100px) 100vw, 100px\" \/><\/a><a href=\"https:\/\/www.mojabochnia.pl\/?attachment_id=158745\" class=\"\"><img loading=\"lazy\" decoding=\"async\" width=\"100\" height=\"67\" src=\"https:\/\/www.mojabochnia.pl\/wp-content\/uploads\/2016\/09\/57c7c373dd01f5606-120x80.jpg\" class=\"attachment-100x100 size-100x100\" alt=\"\" srcset=\"https:\/\/www.mojabochnia.pl\/wp-content\/uploads\/2016\/09\/57c7c373dd01f5606-120x80.jpg 120w, https:\/\/www.mojabochnia.pl\/wp-content\/uploads\/2016\/09\/57c7c373dd01f5606-468x313.jpg 468w, https:\/\/www.mojabochnia.pl\/wp-content\/uploads\/2016\/09\/57c7c373dd01f5606-768x513.jpg 768w, https:\/\/www.mojabochnia.pl\/wp-content\/uploads\/2016\/09\/57c7c373dd01f5606-660x441.jpg 660w, https:\/\/www.mojabochnia.pl\/wp-content\/uploads\/2016\/09\/57c7c373dd01f5606-152x102.jpg 152w, https:\/\/www.mojabochnia.pl\/wp-content\/uploads\/2016\/09\/57c7c373dd01f5606.jpg 1000w\" sizes=\"auto, (max-width: 100px) 100vw, 100px\" \/><\/a><a href=\"https:\/\/www.mojabochnia.pl\/?attachment_id=158746\" class=\"\"><img loading=\"lazy\" decoding=\"async\" width=\"67\" height=\"100\" src=\"https:\/\/www.mojabochnia.pl\/wp-content\/uploads\/2016\/09\/57c7c3289ca8f5599-120x180.jpg\" class=\"attachment-100x100 size-100x100\" alt=\"\" srcset=\"https:\/\/www.mojabochnia.pl\/wp-content\/uploads\/2016\/09\/57c7c3289ca8f5599-120x180.jpg 120w, https:\/\/www.mojabochnia.pl\/wp-content\/uploads\/2016\/09\/57c7c3289ca8f5599-468x701.jpg 468w, https:\/\/www.mojabochnia.pl\/wp-content\/uploads\/2016\/09\/57c7c3289ca8f5599-660x988.jpg 660w, https:\/\/www.mojabochnia.pl\/wp-content\/uploads\/2016\/09\/57c7c3289ca8f5599-152x228.jpg 152w, https:\/\/www.mojabochnia.pl\/wp-content\/uploads\/2016\/09\/57c7c3289ca8f5599.jpg 668w\" sizes=\"auto, (max-width: 67px) 100vw, 67px\" \/><\/a><a href=\"https:\/\/www.mojabochnia.pl\/?attachment_id=158747\" class=\"\"><img loading=\"lazy\" decoding=\"async\" width=\"64\" height=\"100\" src=\"https:\/\/www.mojabochnia.pl\/wp-content\/uploads\/2016\/09\/57c7c3326a5bb5600-120x188.jpg\" class=\"attachment-100x100 size-100x100\" alt=\"\" srcset=\"https:\/\/www.mojabochnia.pl\/wp-content\/uploads\/2016\/09\/57c7c3326a5bb5600-120x188.jpg 120w, https:\/\/www.mojabochnia.pl\/wp-content\/uploads\/2016\/09\/57c7c3326a5bb5600-468x732.jpg 468w, https:\/\/www.mojabochnia.pl\/wp-content\/uploads\/2016\/09\/57c7c3326a5bb5600-152x238.jpg 152w, https:\/\/www.mojabochnia.pl\/wp-content\/uploads\/2016\/09\/57c7c3326a5bb5600.jpg 639w\" sizes=\"auto, (max-width: 64px) 100vw, 64px\" \/><\/a><a href=\"https:\/\/www.mojabochnia.pl\/?attachment_id=158748\" class=\"\"><img loading=\"lazy\" decoding=\"async\" width=\"100\" height=\"67\" src=\"https:\/\/www.mojabochnia.pl\/wp-content\/uploads\/2016\/09\/57c7c3497a0345602-120x80.jpg\" class=\"attachment-100x100 size-100x100\" alt=\"\" srcset=\"https:\/\/www.mojabochnia.pl\/wp-content\/uploads\/2016\/09\/57c7c3497a0345602-120x80.jpg 120w, https:\/\/www.mojabochnia.pl\/wp-content\/uploads\/2016\/09\/57c7c3497a0345602-468x313.jpg 468w, https:\/\/www.mojabochnia.pl\/wp-content\/uploads\/2016\/09\/57c7c3497a0345602-768x513.jpg 768w, https:\/\/www.mojabochnia.pl\/wp-content\/uploads\/2016\/09\/57c7c3497a0345602-660x441.jpg 660w, https:\/\/www.mojabochnia.pl\/wp-content\/uploads\/2016\/09\/57c7c3497a0345602-152x102.jpg 152w, https:\/\/www.mojabochnia.pl\/wp-content\/uploads\/2016\/09\/57c7c3497a0345602.jpg 1000w\" sizes=\"auto, (max-width: 100px) 100vw, 100px\" \/><\/a><a href=\"https:\/\/www.mojabochnia.pl\/?attachment_id=158749\" class=\"\"><img loading=\"lazy\" decoding=\"async\" width=\"100\" height=\"67\" src=\"https:\/\/www.mojabochnia.pl\/wp-content\/uploads\/2016\/09\/57c7c389627ac5608-120x80.jpg\" class=\"attachment-100x100 size-100x100\" alt=\"\" srcset=\"https:\/\/www.mojabochnia.pl\/wp-content\/uploads\/2016\/09\/57c7c389627ac5608-120x80.jpg 120w, https:\/\/www.mojabochnia.pl\/wp-content\/uploads\/2016\/09\/57c7c389627ac5608-468x313.jpg 468w, https:\/\/www.mojabochnia.pl\/wp-content\/uploads\/2016\/09\/57c7c389627ac5608-768x513.jpg 768w, https:\/\/www.mojabochnia.pl\/wp-content\/uploads\/2016\/09\/57c7c389627ac5608-660x441.jpg 660w, https:\/\/www.mojabochnia.pl\/wp-content\/uploads\/2016\/09\/57c7c389627ac5608-152x102.jpg 152w, https:\/\/www.mojabochnia.pl\/wp-content\/uploads\/2016\/09\/57c7c389627ac5608.jpg 1000w\" sizes=\"auto, (max-width: 100px) 100vw, 100px\" \/><\/a><a href=\"https:\/\/www.mojabochnia.pl\/?attachment_id=158750\" class=\"\"><img loading=\"lazy\" decoding=\"async\" width=\"67\" height=\"100\" src=\"https:\/\/www.mojabochnia.pl\/wp-content\/uploads\/2016\/09\/57c7c394273e85609-120x180.jpg\" class=\"attachment-100x100 size-100x100\" alt=\"\" srcset=\"https:\/\/www.mojabochnia.pl\/wp-content\/uploads\/2016\/09\/57c7c394273e85609-120x180.jpg 120w, https:\/\/www.mojabochnia.pl\/wp-content\/uploads\/2016\/09\/57c7c394273e85609-468x701.jpg 468w, https:\/\/www.mojabochnia.pl\/wp-content\/uploads\/2016\/09\/57c7c394273e85609-660x988.jpg 660w, https:\/\/www.mojabochnia.pl\/wp-content\/uploads\/2016\/09\/57c7c394273e85609-152x228.jpg 152w, https:\/\/www.mojabochnia.pl\/wp-content\/uploads\/2016\/09\/57c7c394273e85609.jpg 668w\" sizes=\"auto, (max-width: 67px) 100vw, 67px\" \/><\/a><a href=\"https:\/\/www.mojabochnia.pl\/?attachment_id=158751\" class=\"\"><img loading=\"lazy\" decoding=\"async\" width=\"67\" height=\"100\" src=\"https:\/\/www.mojabochnia.pl\/wp-content\/uploads\/2016\/09\/57c7c355821885603-120x180.jpg\" class=\"attachment-100x100 size-100x100\" alt=\"\" srcset=\"https:\/\/www.mojabochnia.pl\/wp-content\/uploads\/2016\/09\/57c7c355821885603-120x180.jpg 120w, https:\/\/www.mojabochnia.pl\/wp-content\/uploads\/2016\/09\/57c7c355821885603-468x701.jpg 468w, https:\/\/www.mojabochnia.pl\/wp-content\/uploads\/2016\/09\/57c7c355821885603-660x988.jpg 660w, https:\/\/www.mojabochnia.pl\/wp-content\/uploads\/2016\/09\/57c7c355821885603-152x228.jpg 152w, https:\/\/www.mojabochnia.pl\/wp-content\/uploads\/2016\/09\/57c7c355821885603.jpg 668w\" sizes=\"auto, (max-width: 67px) 100vw, 67px\" \/><\/a>\t    <\/div>\r\n\t    ","protected":false},"excerpt":{"rendered":"<p>31 sierpnia mia\u0142y miejsce obchody 36. rocznicy podpisania porozumie\u0144 sierpniowych. Z tej okazji w ko\u015bciele pw. \u015bw. Jana Nepomucena w Bochni odby\u0142a si\u0119 Msza \u015bwi\u0119ta w intencji NSZZ &#8222;Solidarno\u015b\u0107&#8221; pod g\u0142\u00f3wn\u0105 koncelebr\u0105 ks. Kazimierza Kapci. W wyg\u0142oszonej homilii proboszcz parafii \u015bw. Jana podkre\u015bla\u0142, jak bardzo istotn\u0105 rzecz\u0105 jest prawdziwy patriotyzm i mi\u0142o\u015b\u0107 do Ojczyzny, kt\u00f3ra jest nasz\u0105 drug\u0105 Matk\u0105. <\/p>\n","protected":false},"author":13,"featured_media":158748,"comment_status":"open","ping_status":"closed","sticky":false,"template":"","format":"standard","meta":{"_acf_changed":false,"footnotes":""},"categories":[5,6251,6250],"tags":[17337,18757,17311],"class_list":["post-158735","post","type-post","status-publish","format-standard","has-post-thumbnail","hentry","category-biezace-wydarzenia","category-polityka-i-wydarzenia","category-tematyka","tag-patriotyzm","tag-porozumienia-sierpniowe","tag-solidarnosc","main_tag-patriotyzm"],"acf":[],"yoast_head":"<!-- This site is optimized with the Yoast SEO plugin v26.9 - https:\/\/yoast.com\/product\/yoast-seo-wordpress\/ -->\n<title>Boche\u0144skie obchody 36-lecia porozumie\u0144 sierpniowych - zdj\u0119cia - mojabochnia.pl - portal informacyjny<\/title>\n<meta name=\"robots\" content=\"index, follow, max-snippet:-1, max-image-preview:large, max-video-preview:-1\" \/>\n<link rel=\"canonical\" href=\"https:\/\/www.mojabochnia.pl\/?p=158735\" \/>\n<meta property=\"og:locale\" content=\"pl_PL\" \/>\n<meta property=\"og:type\" content=\"article\" \/>\n<meta property=\"og:title\" content=\"Boche\u0144skie obchody 36-lecia porozumie\u0144 sierpniowych - zdj\u0119cia - mojabochnia.pl - portal informacyjny\" \/>\n<meta property=\"og:description\" content=\"31 sierpnia mia\u0142y miejsce obchody 36. rocznicy podpisania porozumie\u0144 sierpniowych. Z tej okazji w ko\u015bciele pw. \u015bw. Jana Nepomucena w Bochni odby\u0142a si\u0119 Msza \u015bwi\u0119ta w intencji NSZZ &quot;Solidarno\u015b\u0107&quot; pod g\u0142\u00f3wn\u0105 koncelebr\u0105 ks. Kazimierza Kapci. W wyg\u0142oszonej homilii proboszcz parafii \u015bw. Jana podkre\u015bla\u0142, jak bardzo istotn\u0105 rzecz\u0105 jest prawdziwy patriotyzm i mi\u0142o\u015b\u0107 do Ojczyzny, kt\u00f3ra jest nasz\u0105 drug\u0105 Matk\u0105.\" \/>\n<meta property=\"og:url\" content=\"https:\/\/www.mojabochnia.pl\/?p=158735\" \/>\n<meta property=\"og:site_name\" content=\"mojabochnia.pl - portal informacyjny\" \/>\n<meta property=\"article:publisher\" content=\"https:\/\/www.facebook.com\/mojabochnia\" \/>\n<meta property=\"article:published_time\" content=\"2016-09-01T08:02:07+00:00\" \/>\n<meta property=\"og:image\" content=\"https:\/\/www.mojabochnia.pl\/wp-content\/uploads\/2016\/09\/57c7c3497a0345602.jpg\" \/>\n\t<meta property=\"og:image:width\" content=\"1000\" \/>\n\t<meta property=\"og:image:height\" content=\"668\" \/>\n\t<meta property=\"og:image:type\" content=\"image\/jpeg\" \/>\n<meta name=\"author\" content=\"redakcja\" \/>\n<meta name=\"twitter:card\" content=\"summary_large_image\" \/>\n<meta name=\"twitter:label1\" content=\"Written by\" \/>\n\t<meta name=\"twitter:data1\" content=\"redakcja\" \/>\n<script type=\"application\/ld+json\" class=\"yoast-schema-graph\">{\"@context\":\"https:\/\/schema.org\",\"@graph\":[{\"@type\":\"Article\",\"@id\":\"https:\/\/www.mojabochnia.pl\/?p=158735#article\",\"isPartOf\":{\"@id\":\"https:\/\/www.mojabochnia.pl\/?p=158735\"},\"author\":{\"name\":\"redakcja\",\"@id\":\"https:\/\/www.mojabochnia.pl\/#\/schema\/person\/7e2f20ead9902216a3384f13606c0ab7\"},\"headline\":\"Boche\u0144skie obchody 36-lecia porozumie\u0144 sierpniowych &#8211; zdj\u0119cia\",\"datePublished\":\"2016-09-01T08:02:07+00:00\",\"mainEntityOfPage\":{\"@id\":\"https:\/\/www.mojabochnia.pl\/?p=158735\"},\"wordCount\":71,\"commentCount\":0,\"publisher\":{\"@id\":\"https:\/\/www.mojabochnia.pl\/#organization\"},\"image\":{\"@id\":\"https:\/\/www.mojabochnia.pl\/?p=158735#primaryimage\"},\"thumbnailUrl\":\"https:\/\/www.mojabochnia.pl\/wp-content\/uploads\/2016\/09\/57c7c3497a0345602.jpg\",\"keywords\":[\"patriotyzm\",\"porozumienia sierpniowe\",\"solidarno\u015b\u0107\"],\"articleSection\":[\"2_ostatnie\",\"polityka i wydarzenia\",\"tematyka\"],\"inLanguage\":\"pl-PL\",\"potentialAction\":[{\"@type\":\"CommentAction\",\"name\":\"Comment\",\"target\":[\"https:\/\/www.mojabochnia.pl\/?p=158735#respond\"]}]},{\"@type\":\"WebPage\",\"@id\":\"https:\/\/www.mojabochnia.pl\/?p=158735\",\"url\":\"https:\/\/www.mojabochnia.pl\/?p=158735\",\"name\":\"Boche\u0144skie obchody 36-lecia porozumie\u0144 sierpniowych - zdj\u0119cia - mojabochnia.pl - portal informacyjny\",\"isPartOf\":{\"@id\":\"https:\/\/www.mojabochnia.pl\/#website\"},\"primaryImageOfPage\":{\"@id\":\"https:\/\/www.mojabochnia.pl\/?p=158735#primaryimage\"},\"image\":{\"@id\":\"https:\/\/www.mojabochnia.pl\/?p=158735#primaryimage\"},\"thumbnailUrl\":\"https:\/\/www.mojabochnia.pl\/wp-content\/uploads\/2016\/09\/57c7c3497a0345602.jpg\",\"datePublished\":\"2016-09-01T08:02:07+00:00\",\"breadcrumb\":{\"@id\":\"https:\/\/www.mojabochnia.pl\/?p=158735#breadcrumb\"},\"inLanguage\":\"pl-PL\",\"potentialAction\":[{\"@type\":\"ReadAction\",\"target\":[\"https:\/\/www.mojabochnia.pl\/?p=158735\"]}]},{\"@type\":\"ImageObject\",\"inLanguage\":\"pl-PL\",\"@id\":\"https:\/\/www.mojabochnia.pl\/?p=158735#primaryimage\",\"url\":\"https:\/\/www.mojabochnia.pl\/wp-content\/uploads\/2016\/09\/57c7c3497a0345602.jpg\",\"contentUrl\":\"https:\/\/www.mojabochnia.pl\/wp-content\/uploads\/2016\/09\/57c7c3497a0345602.jpg\",\"width\":1000,\"height\":668,\"caption\":\"\u0141ukasz Chojecki \/ UM Bochnia\"},{\"@type\":\"BreadcrumbList\",\"@id\":\"https:\/\/www.mojabochnia.pl\/?p=158735#breadcrumb\",\"itemListElement\":[{\"@type\":\"ListItem\",\"position\":1,\"name\":\"Home\",\"item\":\"https:\/\/www.mojabochnia.pl\/\"},{\"@type\":\"ListItem\",\"position\":2,\"name\":\"Boche\u0144skie obchody 36-lecia porozumie\u0144 sierpniowych &#8211; zdj\u0119cia\"}]},{\"@type\":\"WebSite\",\"@id\":\"https:\/\/www.mojabochnia.pl\/#website\",\"url\":\"https:\/\/www.mojabochnia.pl\/\",\"name\":\"mojabochnia.pl - portal informacyjny\",\"description\":\"mojaBochnia to portal informacyjny o Bochni. Codziennie o Bochni piszemy i pokazujemy najwa\u017cniejsze wydarzenia\",\"publisher\":{\"@id\":\"https:\/\/www.mojabochnia.pl\/#organization\"},\"potentialAction\":[{\"@type\":\"SearchAction\",\"target\":{\"@type\":\"EntryPoint\",\"urlTemplate\":\"https:\/\/www.mojabochnia.pl\/?s={search_term_string}\"},\"query-input\":{\"@type\":\"PropertyValueSpecification\",\"valueRequired\":true,\"valueName\":\"search_term_string\"}}],\"inLanguage\":\"pl-PL\"},{\"@type\":\"Organization\",\"@id\":\"https:\/\/www.mojabochnia.pl\/#organization\",\"name\":\"mojabochnia.pl - portal informacyjny\",\"url\":\"https:\/\/www.mojabochnia.pl\/\",\"logo\":{\"@type\":\"ImageObject\",\"inLanguage\":\"pl-PL\",\"@id\":\"https:\/\/www.mojabochnia.pl\/#\/schema\/logo\/image\/\",\"url\":\"https:\/\/www.mojabochnia.pl\/wp-content\/uploads\/2017\/08\/logo-mb-opt.png\",\"contentUrl\":\"https:\/\/www.mojabochnia.pl\/wp-content\/uploads\/2017\/08\/logo-mb-opt.png\",\"width\":250,\"height\":48,\"caption\":\"mojabochnia.pl - portal informacyjny\"},\"image\":{\"@id\":\"https:\/\/www.mojabochnia.pl\/#\/schema\/logo\/image\/\"},\"sameAs\":[\"https:\/\/www.facebook.com\/mojabochnia\"]},{\"@type\":\"Person\",\"@id\":\"https:\/\/www.mojabochnia.pl\/#\/schema\/person\/7e2f20ead9902216a3384f13606c0ab7\",\"name\":\"redakcja\",\"sameAs\":[\"http:\/\/\"],\"url\":\"https:\/\/www.mojabochnia.pl\/?author=13\"}]}<\/script>\n<!-- \/ Yoast SEO plugin. -->","yoast_head_json":{"title":"Boche\u0144skie obchody 36-lecia porozumie\u0144 sierpniowych - zdj\u0119cia - mojabochnia.pl - portal informacyjny","robots":{"index":"index","follow":"follow","max-snippet":"max-snippet:-1","max-image-preview":"max-image-preview:large","max-video-preview":"max-video-preview:-1"},"canonical":"https:\/\/www.mojabochnia.pl\/?p=158735","og_locale":"pl_PL","og_type":"article","og_title":"Boche\u0144skie obchody 36-lecia porozumie\u0144 sierpniowych - zdj\u0119cia - mojabochnia.pl - portal informacyjny","og_description":"31 sierpnia mia\u0142y miejsce obchody 36. rocznicy podpisania porozumie\u0144 sierpniowych. Z tej okazji w ko\u015bciele pw. \u015bw. Jana Nepomucena w Bochni odby\u0142a si\u0119 Msza \u015bwi\u0119ta w intencji NSZZ \"Solidarno\u015b\u0107\" pod g\u0142\u00f3wn\u0105 koncelebr\u0105 ks. Kazimierza Kapci. W wyg\u0142oszonej homilii proboszcz parafii \u015bw. Jana podkre\u015bla\u0142, jak bardzo istotn\u0105 rzecz\u0105 jest prawdziwy patriotyzm i mi\u0142o\u015b\u0107 do Ojczyzny, kt\u00f3ra jest nasz\u0105 drug\u0105 Matk\u0105.","og_url":"https:\/\/www.mojabochnia.pl\/?p=158735","og_site_name":"mojabochnia.pl - portal informacyjny","article_publisher":"https:\/\/www.facebook.com\/mojabochnia","article_published_time":"2016-09-01T08:02:07+00:00","og_image":[{"width":1000,"height":668,"url":"https:\/\/www.mojabochnia.pl\/wp-content\/uploads\/2016\/09\/57c7c3497a0345602.jpg","type":"image\/jpeg"}],"author":"redakcja","twitter_card":"summary_large_image","twitter_misc":{"Written by":"redakcja"},"schema":{"@context":"https:\/\/schema.org","@graph":[{"@type":"Article","@id":"https:\/\/www.mojabochnia.pl\/?p=158735#article","isPartOf":{"@id":"https:\/\/www.mojabochnia.pl\/?p=158735"},"author":{"name":"redakcja","@id":"https:\/\/www.mojabochnia.pl\/#\/schema\/person\/7e2f20ead9902216a3384f13606c0ab7"},"headline":"Boche\u0144skie obchody 36-lecia porozumie\u0144 sierpniowych &#8211; zdj\u0119cia","datePublished":"2016-09-01T08:02:07+00:00","mainEntityOfPage":{"@id":"https:\/\/www.mojabochnia.pl\/?p=158735"},"wordCount":71,"commentCount":0,"publisher":{"@id":"https:\/\/www.mojabochnia.pl\/#organization"},"image":{"@id":"https:\/\/www.mojabochnia.pl\/?p=158735#primaryimage"},"thumbnailUrl":"https:\/\/www.mojabochnia.pl\/wp-content\/uploads\/2016\/09\/57c7c3497a0345602.jpg","keywords":["patriotyzm","porozumienia sierpniowe","solidarno\u015b\u0107"],"articleSection":["2_ostatnie","polityka i wydarzenia","tematyka"],"inLanguage":"pl-PL","potentialAction":[{"@type":"CommentAction","name":"Comment","target":["https:\/\/www.mojabochnia.pl\/?p=158735#respond"]}]},{"@type":"WebPage","@id":"https:\/\/www.mojabochnia.pl\/?p=158735","url":"https:\/\/www.mojabochnia.pl\/?p=158735","name":"Boche\u0144skie obchody 36-lecia porozumie\u0144 sierpniowych - zdj\u0119cia - mojabochnia.pl - portal informacyjny","isPartOf":{"@id":"https:\/\/www.mojabochnia.pl\/#website"},"primaryImageOfPage":{"@id":"https:\/\/www.mojabochnia.pl\/?p=158735#primaryimage"},"image":{"@id":"https:\/\/www.mojabochnia.pl\/?p=158735#primaryimage"},"thumbnailUrl":"https:\/\/www.mojabochnia.pl\/wp-content\/uploads\/2016\/09\/57c7c3497a0345602.jpg","datePublished":"2016-09-01T08:02:07+00:00","breadcrumb":{"@id":"https:\/\/www.mojabochnia.pl\/?p=158735#breadcrumb"},"inLanguage":"pl-PL","potentialAction":[{"@type":"ReadAction","target":["https:\/\/www.mojabochnia.pl\/?p=158735"]}]},{"@type":"ImageObject","inLanguage":"pl-PL","@id":"https:\/\/www.mojabochnia.pl\/?p=158735#primaryimage","url":"https:\/\/www.mojabochnia.pl\/wp-content\/uploads\/2016\/09\/57c7c3497a0345602.jpg","contentUrl":"https:\/\/www.mojabochnia.pl\/wp-content\/uploads\/2016\/09\/57c7c3497a0345602.jpg","width":1000,"height":668,"caption":"\u0141ukasz Chojecki \/ UM Bochnia"},{"@type":"BreadcrumbList","@id":"https:\/\/www.mojabochnia.pl\/?p=158735#breadcrumb","itemListElement":[{"@type":"ListItem","position":1,"name":"Home","item":"https:\/\/www.mojabochnia.pl\/"},{"@type":"ListItem","position":2,"name":"Boche\u0144skie obchody 36-lecia porozumie\u0144 sierpniowych &#8211; zdj\u0119cia"}]},{"@type":"WebSite","@id":"https:\/\/www.mojabochnia.pl\/#website","url":"https:\/\/www.mojabochnia.pl\/","name":"mojabochnia.pl - portal informacyjny","description":"mojaBochnia to portal informacyjny o Bochni. Codziennie o Bochni piszemy i pokazujemy najwa\u017cniejsze wydarzenia","publisher":{"@id":"https:\/\/www.mojabochnia.pl\/#organization"},"potentialAction":[{"@type":"SearchAction","target":{"@type":"EntryPoint","urlTemplate":"https:\/\/www.mojabochnia.pl\/?s={search_term_string}"},"query-input":{"@type":"PropertyValueSpecification","valueRequired":true,"valueName":"search_term_string"}}],"inLanguage":"pl-PL"},{"@type":"Organization","@id":"https:\/\/www.mojabochnia.pl\/#organization","name":"mojabochnia.pl - portal informacyjny","url":"https:\/\/www.mojabochnia.pl\/","logo":{"@type":"ImageObject","inLanguage":"pl-PL","@id":"https:\/\/www.mojabochnia.pl\/#\/schema\/logo\/image\/","url":"https:\/\/www.mojabochnia.pl\/wp-content\/uploads\/2017\/08\/logo-mb-opt.png","contentUrl":"https:\/\/www.mojabochnia.pl\/wp-content\/uploads\/2017\/08\/logo-mb-opt.png","width":250,"height":48,"caption":"mojabochnia.pl - portal informacyjny"},"image":{"@id":"https:\/\/www.mojabochnia.pl\/#\/schema\/logo\/image\/"},"sameAs":["https:\/\/www.facebook.com\/mojabochnia"]},{"@type":"Person","@id":"https:\/\/www.mojabochnia.pl\/#\/schema\/person\/7e2f20ead9902216a3384f13606c0ab7","name":"redakcja","sameAs":["http:\/\/"],"url":"https:\/\/www.mojabochnia.pl\/?author=13"}]}},"_links":{"self":[{"href":"https:\/\/www.mojabochnia.pl\/index.php?rest_route=\/wp\/v2\/posts\/158735","targetHints":{"allow":["GET"]}}],"collection":[{"href":"https:\/\/www.mojabochnia.pl\/index.php?rest_route=\/wp\/v2\/posts"}],"about":[{"href":"https:\/\/www.mojabochnia.pl\/index.php?rest_route=\/wp\/v2\/types\/post"}],"author":[{"embeddable":true,"href":"https:\/\/www.mojabochnia.pl\/index.php?rest_route=\/wp\/v2\/users\/13"}],"replies":[{"embeddable":true,"href":"https:\/\/www.mojabochnia.pl\/index.php?rest_route=%2Fwp%2Fv2%2Fcomments&post=158735"}],"version-history":[{"count":3,"href":"https:\/\/www.mojabochnia.pl\/index.php?rest_route=\/wp\/v2\/posts\/158735\/revisions"}],"predecessor-version":[{"id":158753,"href":"https:\/\/www.mojabochnia.pl\/index.php?rest_route=\/wp\/v2\/posts\/158735\/revisions\/158753"}],"wp:featuredmedia":[{"embeddable":true,"href":"https:\/\/www.mojabochnia.pl\/index.php?rest_route=\/wp\/v2\/media\/158748"}],"wp:attachment":[{"href":"https:\/\/www.mojabochnia.pl\/index.php?rest_route=%2Fwp%2Fv2%2Fmedia&parent=158735"}],"wp:term":[{"taxonomy":"category","embeddable":true,"href":"https:\/\/www.mojabochnia.pl\/index.php?rest_route=%2Fwp%2Fv2%2Fcategories&post=158735"},{"taxonomy":"post_tag","embeddable":true,"href":"https:\/\/www.mojabochnia.pl\/index.php?rest_route=%2Fwp%2Fv2%2Ftags&post=158735"}],"curies":[{"name":"wp","href":"https:\/\/api.w.org\/{rel}","templated":true}]}}