{"id":158730,"date":"2016-09-01T07:43:15","date_gmt":"2016-09-01T05:43:15","guid":{"rendered":"http:\/\/www.mojabochnia.pl\/?p=158730"},"modified":"2016-08-31T15:03:23","modified_gmt":"2016-08-31T13:03:23","slug":"sobota-ostatni-seans-w-kinie-pod-chmurka","status":"publish","type":"post","link":"https:\/\/www.mojabochnia.pl\/?p=158730","title":{"rendered":"Sobota: Ostatni seans w &#8222;Kinie pod chmurk\u0105&#8221;"},"content":{"rendered":"<p>&#8222;O dziewczynie, kt\u00f3ra wraca noca sama do domu&#8221; to film o dw\u00f3ch pokrewnych duszach &#8211; samotnej, nie\u015bmia\u0142ej wampirzycy i przystojnym \u015bmiertelniku, kt\u00f3rych drogi krzy\u017cuj\u0105 si\u0119 w ciemnym zau\u0142ku Bad City.<\/p>\n<p>Czarno-bia\u0142e gatunkowe szale\u0144stwo i jeden z najpi\u0119kniejszych film\u00f3w o wampirach, jaki kiedykolwiek powsta\u0142!<\/p>\n<p>Ogl\u0105daj\u0105c film amirpour odnosi si\u0119 wra\u017cenie, \u017ce jeste\u015bmy \u015bwiadkami rozwoju czego\u015b niesamowicie wa\u017cnego, wr\u0119cz kultowego. To nowy klasyk w gatunku film\u00f3w o wampirach, klasyk, kt\u00f3ry b\u0119dziemy podziwia\u0107 bez ko\u0144ca!<br \/>\nDrew Taylor, The Playlist<\/p>\n<p>Kiedy w zepsutym do szpiku ko\u015bci Bad City pi\u0119kna i samotna wampirzyca spotyka jedynego uczciwego m\u0119\u017cczyzn\u0119 w mie\u015bcie, staje si\u0119 jasne, \u017ce nic ju\u017c nigdy nie b\u0119dzie takie samo. Ale czy w miejscu, gdzie przest\u0119pczo\u015b\u0107, narkotyki i prostytucja s\u0105 na porz\u0105dku dziennym, mo\u017ce narodzi\u0107 si\u0119 prawdziwa mi\u0142o\u015b\u0107? I czy szlachetna krwiopijczyni, kt\u00f3ra nocami na deskorolce w tradycyjnym ira\u0144skim czadorze wymierza sprawiedliwo\u015b\u0107 w zdegenerowanym mie\u015bcie, odnajdzie szcz\u0119\u015bcie u boku przystojnego \u015bmiertelnika?<\/p>\n<p>Projekcja poprzedzona b\u0119dzie wst\u0119pem Jacka Dziduszko.<\/p>\n<p>&#8212;&#8212;&#8212;&#8212;&#8212;-<br \/>\n<strong>Kino pod chmurk\u0105 || O DZIEWCZYNIE, KT\u00d3RA WRACA NOC\u0104 SAMA DO DOMU (2014)<br \/>\nre\u017cyseria: Ana Lily Amirpour<br \/>\nsobota, 3 wrze\u015bnia, godz. 20:00 Bochnia, Amfiteatr Parku Uzbornia<br \/>\nWst\u0119p wolny<\/strong><\/p>\n","protected":false},"excerpt":{"rendered":"<p>3 wrze\u015bnia b\u0119dzie mia\u0142a miejsce ostatnia tego lata ods\u0142ona &#8222;Kina Pod Chmurk\u0105&#8221;. B\u0119dzie mo\u017cna obejrze\u0107 hipnotyczn\u0105 opowie\u015b\u0107 z pogranicza romansu, horroru i kina fantasy.<\/p>\n","protected":false},"author":13,"featured_media":158731,"comment_status":"open","ping_status":"closed","sticky":false,"template":"","format":"standard","meta":{"_acf_changed":false,"footnotes":""},"categories":[5,92,6250],"tags":[11434,17289,18531,17351],"class_list":["post-158730","post","type-post","status-publish","format-standard","has-post-thumbnail","hentry","category-biezace-wydarzenia","category-kultura","category-tematyka","tag-horror","tag-kino","tag-kino-pod-chmurka","tag-uzbornia","main_tag-kino-2"],"acf":[],"yoast_head":"<!-- This site is optimized with the Yoast SEO plugin v26.9 - https:\/\/yoast.com\/product\/yoast-seo-wordpress\/ -->\n<title>Sobota: Ostatni seans w &quot;Kinie pod chmurk\u0105&quot; - mojabochnia.pl - portal informacyjny<\/title>\n<meta name=\"robots\" content=\"index, follow, max-snippet:-1, max-image-preview:large, max-video-preview:-1\" \/>\n<link rel=\"canonical\" href=\"https:\/\/www.mojabochnia.pl\/?p=158730\" \/>\n<meta property=\"og:locale\" content=\"pl_PL\" \/>\n<meta property=\"og:type\" content=\"article\" \/>\n<meta property=\"og:title\" content=\"Sobota: Ostatni seans w &quot;Kinie pod chmurk\u0105&quot; - mojabochnia.pl - portal informacyjny\" \/>\n<meta property=\"og:description\" content=\"3 wrze\u015bnia b\u0119dzie mia\u0142a miejsce ostatnia tego lata ods\u0142ona &quot;Kina Pod Chmurk\u0105&quot;. B\u0119dzie mo\u017cna obejrze\u0107 hipnotyczn\u0105 opowie\u015b\u0107 z pogranicza romansu, horroru i kina fantasy.\" \/>\n<meta property=\"og:url\" content=\"https:\/\/www.mojabochnia.pl\/?p=158730\" \/>\n<meta property=\"og:site_name\" content=\"mojabochnia.pl - portal informacyjny\" \/>\n<meta property=\"article:publisher\" content=\"https:\/\/www.facebook.com\/mojabochnia\" \/>\n<meta property=\"article:published_time\" content=\"2016-09-01T05:43:15+00:00\" \/>\n<meta property=\"og:image\" content=\"https:\/\/www.mojabochnia.pl\/wp-content\/uploads\/2016\/08\/odziewcz.jpg\" \/>\n\t<meta property=\"og:image:width\" content=\"500\" \/>\n\t<meta property=\"og:image:height\" content=\"677\" \/>\n\t<meta property=\"og:image:type\" content=\"image\/jpeg\" \/>\n<meta name=\"author\" content=\"redakcja\" \/>\n<meta name=\"twitter:card\" content=\"summary_large_image\" \/>\n<meta name=\"twitter:label1\" content=\"Written by\" \/>\n\t<meta name=\"twitter:data1\" content=\"redakcja\" \/>\n\t<meta name=\"twitter:label2\" content=\"Est. reading time\" \/>\n\t<meta name=\"twitter:data2\" content=\"1 minuta\" \/>\n<script type=\"application\/ld+json\" class=\"yoast-schema-graph\">{\"@context\":\"https:\/\/schema.org\",\"@graph\":[{\"@type\":\"Article\",\"@id\":\"https:\/\/www.mojabochnia.pl\/?p=158730#article\",\"isPartOf\":{\"@id\":\"https:\/\/www.mojabochnia.pl\/?p=158730\"},\"author\":{\"name\":\"redakcja\",\"@id\":\"https:\/\/www.mojabochnia.pl\/#\/schema\/person\/7e2f20ead9902216a3384f13606c0ab7\"},\"headline\":\"Sobota: Ostatni seans w &#8222;Kinie pod chmurk\u0105&#8221;\",\"datePublished\":\"2016-09-01T05:43:15+00:00\",\"mainEntityOfPage\":{\"@id\":\"https:\/\/www.mojabochnia.pl\/?p=158730\"},\"wordCount\":224,\"commentCount\":0,\"publisher\":{\"@id\":\"https:\/\/www.mojabochnia.pl\/#organization\"},\"image\":{\"@id\":\"https:\/\/www.mojabochnia.pl\/?p=158730#primaryimage\"},\"thumbnailUrl\":\"https:\/\/www.mojabochnia.pl\/wp-content\/uploads\/2016\/08\/odziewcz.jpg\",\"keywords\":[\"horror\",\"Kino\",\"kino pod chmurk\u0105\",\"uzbornia\"],\"articleSection\":[\"2_ostatnie\",\"kultura\",\"tematyka\"],\"inLanguage\":\"pl-PL\",\"potentialAction\":[{\"@type\":\"CommentAction\",\"name\":\"Comment\",\"target\":[\"https:\/\/www.mojabochnia.pl\/?p=158730#respond\"]}]},{\"@type\":\"WebPage\",\"@id\":\"https:\/\/www.mojabochnia.pl\/?p=158730\",\"url\":\"https:\/\/www.mojabochnia.pl\/?p=158730\",\"name\":\"Sobota: Ostatni seans w \\\"Kinie pod chmurk\u0105\\\" - mojabochnia.pl - portal informacyjny\",\"isPartOf\":{\"@id\":\"https:\/\/www.mojabochnia.pl\/#website\"},\"primaryImageOfPage\":{\"@id\":\"https:\/\/www.mojabochnia.pl\/?p=158730#primaryimage\"},\"image\":{\"@id\":\"https:\/\/www.mojabochnia.pl\/?p=158730#primaryimage\"},\"thumbnailUrl\":\"https:\/\/www.mojabochnia.pl\/wp-content\/uploads\/2016\/08\/odziewcz.jpg\",\"datePublished\":\"2016-09-01T05:43:15+00:00\",\"breadcrumb\":{\"@id\":\"https:\/\/www.mojabochnia.pl\/?p=158730#breadcrumb\"},\"inLanguage\":\"pl-PL\",\"potentialAction\":[{\"@type\":\"ReadAction\",\"target\":[\"https:\/\/www.mojabochnia.pl\/?p=158730\"]}]},{\"@type\":\"ImageObject\",\"inLanguage\":\"pl-PL\",\"@id\":\"https:\/\/www.mojabochnia.pl\/?p=158730#primaryimage\",\"url\":\"https:\/\/www.mojabochnia.pl\/wp-content\/uploads\/2016\/08\/odziewcz.jpg\",\"contentUrl\":\"https:\/\/www.mojabochnia.pl\/wp-content\/uploads\/2016\/08\/odziewcz.jpg\",\"width\":500,\"height\":677,\"caption\":\"plakat\"},{\"@type\":\"BreadcrumbList\",\"@id\":\"https:\/\/www.mojabochnia.pl\/?p=158730#breadcrumb\",\"itemListElement\":[{\"@type\":\"ListItem\",\"position\":1,\"name\":\"Home\",\"item\":\"https:\/\/www.mojabochnia.pl\/\"},{\"@type\":\"ListItem\",\"position\":2,\"name\":\"Sobota: Ostatni seans w &#8222;Kinie pod chmurk\u0105&#8221;\"}]},{\"@type\":\"WebSite\",\"@id\":\"https:\/\/www.mojabochnia.pl\/#website\",\"url\":\"https:\/\/www.mojabochnia.pl\/\",\"name\":\"mojabochnia.pl - portal informacyjny\",\"description\":\"mojaBochnia to portal informacyjny o Bochni. Codziennie o Bochni piszemy i pokazujemy najwa\u017cniejsze wydarzenia\",\"publisher\":{\"@id\":\"https:\/\/www.mojabochnia.pl\/#organization\"},\"potentialAction\":[{\"@type\":\"SearchAction\",\"target\":{\"@type\":\"EntryPoint\",\"urlTemplate\":\"https:\/\/www.mojabochnia.pl\/?s={search_term_string}\"},\"query-input\":{\"@type\":\"PropertyValueSpecification\",\"valueRequired\":true,\"valueName\":\"search_term_string\"}}],\"inLanguage\":\"pl-PL\"},{\"@type\":\"Organization\",\"@id\":\"https:\/\/www.mojabochnia.pl\/#organization\",\"name\":\"mojabochnia.pl - portal informacyjny\",\"url\":\"https:\/\/www.mojabochnia.pl\/\",\"logo\":{\"@type\":\"ImageObject\",\"inLanguage\":\"pl-PL\",\"@id\":\"https:\/\/www.mojabochnia.pl\/#\/schema\/logo\/image\/\",\"url\":\"https:\/\/www.mojabochnia.pl\/wp-content\/uploads\/2017\/08\/logo-mb-opt.png\",\"contentUrl\":\"https:\/\/www.mojabochnia.pl\/wp-content\/uploads\/2017\/08\/logo-mb-opt.png\",\"width\":250,\"height\":48,\"caption\":\"mojabochnia.pl - portal informacyjny\"},\"image\":{\"@id\":\"https:\/\/www.mojabochnia.pl\/#\/schema\/logo\/image\/\"},\"sameAs\":[\"https:\/\/www.facebook.com\/mojabochnia\"]},{\"@type\":\"Person\",\"@id\":\"https:\/\/www.mojabochnia.pl\/#\/schema\/person\/7e2f20ead9902216a3384f13606c0ab7\",\"name\":\"redakcja\",\"sameAs\":[\"http:\/\/\"],\"url\":\"https:\/\/www.mojabochnia.pl\/?author=13\"}]}<\/script>\n<!-- \/ Yoast SEO plugin. -->","yoast_head_json":{"title":"Sobota: Ostatni seans w \"Kinie pod chmurk\u0105\" - mojabochnia.pl - portal informacyjny","robots":{"index":"index","follow":"follow","max-snippet":"max-snippet:-1","max-image-preview":"max-image-preview:large","max-video-preview":"max-video-preview:-1"},"canonical":"https:\/\/www.mojabochnia.pl\/?p=158730","og_locale":"pl_PL","og_type":"article","og_title":"Sobota: Ostatni seans w \"Kinie pod chmurk\u0105\" - mojabochnia.pl - portal informacyjny","og_description":"3 wrze\u015bnia b\u0119dzie mia\u0142a miejsce ostatnia tego lata ods\u0142ona \"Kina Pod Chmurk\u0105\". B\u0119dzie mo\u017cna obejrze\u0107 hipnotyczn\u0105 opowie\u015b\u0107 z pogranicza romansu, horroru i kina fantasy.","og_url":"https:\/\/www.mojabochnia.pl\/?p=158730","og_site_name":"mojabochnia.pl - portal informacyjny","article_publisher":"https:\/\/www.facebook.com\/mojabochnia","article_published_time":"2016-09-01T05:43:15+00:00","og_image":[{"width":500,"height":677,"url":"https:\/\/www.mojabochnia.pl\/wp-content\/uploads\/2016\/08\/odziewcz.jpg","type":"image\/jpeg"}],"author":"redakcja","twitter_card":"summary_large_image","twitter_misc":{"Written by":"redakcja","Est. reading time":"1 minuta"},"schema":{"@context":"https:\/\/schema.org","@graph":[{"@type":"Article","@id":"https:\/\/www.mojabochnia.pl\/?p=158730#article","isPartOf":{"@id":"https:\/\/www.mojabochnia.pl\/?p=158730"},"author":{"name":"redakcja","@id":"https:\/\/www.mojabochnia.pl\/#\/schema\/person\/7e2f20ead9902216a3384f13606c0ab7"},"headline":"Sobota: Ostatni seans w &#8222;Kinie pod chmurk\u0105&#8221;","datePublished":"2016-09-01T05:43:15+00:00","mainEntityOfPage":{"@id":"https:\/\/www.mojabochnia.pl\/?p=158730"},"wordCount":224,"commentCount":0,"publisher":{"@id":"https:\/\/www.mojabochnia.pl\/#organization"},"image":{"@id":"https:\/\/www.mojabochnia.pl\/?p=158730#primaryimage"},"thumbnailUrl":"https:\/\/www.mojabochnia.pl\/wp-content\/uploads\/2016\/08\/odziewcz.jpg","keywords":["horror","Kino","kino pod chmurk\u0105","uzbornia"],"articleSection":["2_ostatnie","kultura","tematyka"],"inLanguage":"pl-PL","potentialAction":[{"@type":"CommentAction","name":"Comment","target":["https:\/\/www.mojabochnia.pl\/?p=158730#respond"]}]},{"@type":"WebPage","@id":"https:\/\/www.mojabochnia.pl\/?p=158730","url":"https:\/\/www.mojabochnia.pl\/?p=158730","name":"Sobota: Ostatni seans w \"Kinie pod chmurk\u0105\" - mojabochnia.pl - portal informacyjny","isPartOf":{"@id":"https:\/\/www.mojabochnia.pl\/#website"},"primaryImageOfPage":{"@id":"https:\/\/www.mojabochnia.pl\/?p=158730#primaryimage"},"image":{"@id":"https:\/\/www.mojabochnia.pl\/?p=158730#primaryimage"},"thumbnailUrl":"https:\/\/www.mojabochnia.pl\/wp-content\/uploads\/2016\/08\/odziewcz.jpg","datePublished":"2016-09-01T05:43:15+00:00","breadcrumb":{"@id":"https:\/\/www.mojabochnia.pl\/?p=158730#breadcrumb"},"inLanguage":"pl-PL","potentialAction":[{"@type":"ReadAction","target":["https:\/\/www.mojabochnia.pl\/?p=158730"]}]},{"@type":"ImageObject","inLanguage":"pl-PL","@id":"https:\/\/www.mojabochnia.pl\/?p=158730#primaryimage","url":"https:\/\/www.mojabochnia.pl\/wp-content\/uploads\/2016\/08\/odziewcz.jpg","contentUrl":"https:\/\/www.mojabochnia.pl\/wp-content\/uploads\/2016\/08\/odziewcz.jpg","width":500,"height":677,"caption":"plakat"},{"@type":"BreadcrumbList","@id":"https:\/\/www.mojabochnia.pl\/?p=158730#breadcrumb","itemListElement":[{"@type":"ListItem","position":1,"name":"Home","item":"https:\/\/www.mojabochnia.pl\/"},{"@type":"ListItem","position":2,"name":"Sobota: Ostatni seans w &#8222;Kinie pod chmurk\u0105&#8221;"}]},{"@type":"WebSite","@id":"https:\/\/www.mojabochnia.pl\/#website","url":"https:\/\/www.mojabochnia.pl\/","name":"mojabochnia.pl - portal informacyjny","description":"mojaBochnia to portal informacyjny o Bochni. Codziennie o Bochni piszemy i pokazujemy najwa\u017cniejsze wydarzenia","publisher":{"@id":"https:\/\/www.mojabochnia.pl\/#organization"},"potentialAction":[{"@type":"SearchAction","target":{"@type":"EntryPoint","urlTemplate":"https:\/\/www.mojabochnia.pl\/?s={search_term_string}"},"query-input":{"@type":"PropertyValueSpecification","valueRequired":true,"valueName":"search_term_string"}}],"inLanguage":"pl-PL"},{"@type":"Organization","@id":"https:\/\/www.mojabochnia.pl\/#organization","name":"mojabochnia.pl - portal informacyjny","url":"https:\/\/www.mojabochnia.pl\/","logo":{"@type":"ImageObject","inLanguage":"pl-PL","@id":"https:\/\/www.mojabochnia.pl\/#\/schema\/logo\/image\/","url":"https:\/\/www.mojabochnia.pl\/wp-content\/uploads\/2017\/08\/logo-mb-opt.png","contentUrl":"https:\/\/www.mojabochnia.pl\/wp-content\/uploads\/2017\/08\/logo-mb-opt.png","width":250,"height":48,"caption":"mojabochnia.pl - portal informacyjny"},"image":{"@id":"https:\/\/www.mojabochnia.pl\/#\/schema\/logo\/image\/"},"sameAs":["https:\/\/www.facebook.com\/mojabochnia"]},{"@type":"Person","@id":"https:\/\/www.mojabochnia.pl\/#\/schema\/person\/7e2f20ead9902216a3384f13606c0ab7","name":"redakcja","sameAs":["http:\/\/"],"url":"https:\/\/www.mojabochnia.pl\/?author=13"}]}},"_links":{"self":[{"href":"https:\/\/www.mojabochnia.pl\/index.php?rest_route=\/wp\/v2\/posts\/158730","targetHints":{"allow":["GET"]}}],"collection":[{"href":"https:\/\/www.mojabochnia.pl\/index.php?rest_route=\/wp\/v2\/posts"}],"about":[{"href":"https:\/\/www.mojabochnia.pl\/index.php?rest_route=\/wp\/v2\/types\/post"}],"author":[{"embeddable":true,"href":"https:\/\/www.mojabochnia.pl\/index.php?rest_route=\/wp\/v2\/users\/13"}],"replies":[{"embeddable":true,"href":"https:\/\/www.mojabochnia.pl\/index.php?rest_route=%2Fwp%2Fv2%2Fcomments&post=158730"}],"version-history":[{"count":1,"href":"https:\/\/www.mojabochnia.pl\/index.php?rest_route=\/wp\/v2\/posts\/158730\/revisions"}],"predecessor-version":[{"id":158732,"href":"https:\/\/www.mojabochnia.pl\/index.php?rest_route=\/wp\/v2\/posts\/158730\/revisions\/158732"}],"wp:featuredmedia":[{"embeddable":true,"href":"https:\/\/www.mojabochnia.pl\/index.php?rest_route=\/wp\/v2\/media\/158731"}],"wp:attachment":[{"href":"https:\/\/www.mojabochnia.pl\/index.php?rest_route=%2Fwp%2Fv2%2Fmedia&parent=158730"}],"wp:term":[{"taxonomy":"category","embeddable":true,"href":"https:\/\/www.mojabochnia.pl\/index.php?rest_route=%2Fwp%2Fv2%2Fcategories&post=158730"},{"taxonomy":"post_tag","embeddable":true,"href":"https:\/\/www.mojabochnia.pl\/index.php?rest_route=%2Fwp%2Fv2%2Ftags&post=158730"}],"curies":[{"name":"wp","href":"https:\/\/api.w.org\/{rel}","templated":true}]}}