{"id":1583,"date":"2008-09-22T14:15:13","date_gmt":"2008-09-22T12:15:13","guid":{"rendered":"http:\/\/www.mojabochnia.pl\/?p=1583"},"modified":"2008-09-22T14:09:51","modified_gmt":"2008-09-22T12:09:51","slug":"nowe-perspektywy-dla-bezrobotnych","status":"publish","type":"post","link":"https:\/\/www.mojabochnia.pl\/?p=1583","title":{"rendered":"Nowe perspektywy dla bezrobotnych"},"content":{"rendered":"<p>W lipcu rozpocz\u0119to realizacj\u0119 programu \u201eNowe  perspektywy\u201d, kt\u00f3ry ma na celu promocj\u0119 zatrudnienia, \u0142agodzenie skutk\u00f3w bezrobocia i aktywizacj\u0119 zawodow\u0105. Program jest skierowany do os\u00f3b bezrobotnych z terenu powiatu boche\u0144skiego. W ramach tego projektu zostan\u0105 m.in. jednorazowo przyznane \u015brodki na uruchomienie dzia\u0142alno\u015bci gospodarczej, b\u0119d\u0105 refundowane koszty wyposa\u017cenia lub doposa\u017cenia stanowiska pracy, organizowane miejsca pracy w ramach rob\u00f3t publicznych. Osoby korzystaj\u0105ce z programu zostan\u0105 tak\u017ce obj\u0119te us\u0142ugami poradnictwa zawodowego. <\/p>\n<p>Osoby bezrobotne mog\u0105 tak\u017ce skorzysta\u0107 z innego programu \u201eWiatr w \u017cagle\u201d, kt\u00f3ry realizowany jest ze \u015brodk\u00f3w Programu Operacyjnego Kapita\u0142 Ludzki. W ramach tego projektu b\u0119d\u0105 realizowane nast\u0119puj\u0105ce przedsi\u0119wzi\u0119cia: poradnictwo zawodowe, po\u015brednictwo pracy, organizacja sta\u017cy i przygotowania zawodowego w miejscu pracy, szkolenia, udzielanie \u015brodk\u00f3w na uruchomienie dzia\u0142alno\u015bci gospodarczej. <\/p>\n<p>Program \u201eJunior\u201d, \u201eIskierka\u201d i \u201eSzansa wyj\u015bcia\u201d to programy przeznaczone dla os\u00f3b niepe\u0142nosprawnych finansowane ze \u015brodk\u00f3w Pa\u0144stwowego Funduszu Rehabilitacji Os\u00f3b Niepe\u0142nosprawnych. Celem tych projekt\u00f3w jest\u00a0stworzenie szans osobom poszukuj\u0105cym pracy i ich  powr\u00f3t na rynek pracy. <\/p>\n<p>Szczeg\u00f3\u0142owe informacje na temat wszystkich projekt\u00f3w dost\u0119pne s\u0105 w Powiatowym Urz\u0119dzie Pracy w Bochni.  <\/p>\n","protected":false},"excerpt":{"rendered":"<p>Osoby pozostaj\u0105ce bez pracy oraz osoby niepe\u0142nosprawne mog\u0105 zg\u0142asza\u0107 si\u0119 do Powiatowego Urz\u0119du Pracy w Bochni w celu skorzystania z program\u00f3w aktywizacji  i wsparcia realizowanych przez urz\u0105d pracy.<\/p>\n","protected":false},"author":1,"featured_media":0,"comment_status":"open","ping_status":"open","sticky":false,"template":"","format":"standard","meta":{"_acf_changed":false,"footnotes":""},"categories":[5],"tags":[17253,17221,17259,779,444,416,17277,17359],"class_list":["post-1583","post","type-post","status-publish","format-standard","hentry","category-biezace-wydarzenia","tag-dotacja","tag-niepelnosprawni","tag-praca","tag-program","tag-program-operacyjny","tag-staz","tag-szkolenie","tag-urzad-pracy"],"acf":[],"yoast_head":"<!-- This site is optimized with the Yoast SEO plugin v26.9 - https:\/\/yoast.com\/product\/yoast-seo-wordpress\/ -->\n<title>Nowe perspektywy dla bezrobotnych - mojabochnia.pl - portal informacyjny<\/title>\n<meta name=\"robots\" content=\"index, follow, max-snippet:-1, max-image-preview:large, max-video-preview:-1\" \/>\n<link rel=\"canonical\" href=\"https:\/\/www.mojabochnia.pl\/?p=1583\" \/>\n<meta property=\"og:locale\" content=\"pl_PL\" \/>\n<meta property=\"og:type\" content=\"article\" \/>\n<meta property=\"og:title\" content=\"Nowe perspektywy dla bezrobotnych - mojabochnia.pl - portal informacyjny\" \/>\n<meta property=\"og:description\" content=\"Osoby pozostaj\u0105ce bez pracy oraz osoby niepe\u0142nosprawne mog\u0105 zg\u0142asza\u0107 si\u0119 do Powiatowego Urz\u0119du Pracy w Bochni w celu skorzystania z program\u00f3w aktywizacji i wsparcia realizowanych przez urz\u0105d pracy.\" \/>\n<meta property=\"og:url\" content=\"https:\/\/www.mojabochnia.pl\/?p=1583\" \/>\n<meta property=\"og:site_name\" content=\"mojabochnia.pl - portal informacyjny\" \/>\n<meta property=\"article:publisher\" content=\"https:\/\/www.facebook.com\/mojabochnia\" \/>\n<meta property=\"article:published_time\" content=\"2008-09-22T12:15:13+00:00\" \/>\n<meta name=\"author\" content=\"administrator\" \/>\n<meta name=\"twitter:card\" content=\"summary_large_image\" \/>\n<meta name=\"twitter:label1\" content=\"Written by\" \/>\n\t<meta name=\"twitter:data1\" content=\"administrator\" \/>\n\t<meta name=\"twitter:label2\" content=\"Est. reading time\" \/>\n\t<meta name=\"twitter:data2\" content=\"1 minuta\" \/>\n<script type=\"application\/ld+json\" class=\"yoast-schema-graph\">{\"@context\":\"https:\/\/schema.org\",\"@graph\":[{\"@type\":\"Article\",\"@id\":\"https:\/\/www.mojabochnia.pl\/?p=1583#article\",\"isPartOf\":{\"@id\":\"https:\/\/www.mojabochnia.pl\/?p=1583\"},\"author\":{\"name\":\"administrator\",\"@id\":\"https:\/\/www.mojabochnia.pl\/#\/schema\/person\/c00e1f64e6fa0e6de6d410f2c340017f\"},\"headline\":\"Nowe perspektywy dla bezrobotnych\",\"datePublished\":\"2008-09-22T12:15:13+00:00\",\"mainEntityOfPage\":{\"@id\":\"https:\/\/www.mojabochnia.pl\/?p=1583\"},\"wordCount\":210,\"commentCount\":0,\"publisher\":{\"@id\":\"https:\/\/www.mojabochnia.pl\/#organization\"},\"keywords\":[\"dotacja\",\"niepe\u0142nosprawni\",\"praca\",\"program\",\"program operacyjny\",\"sta\u017c\",\"szkolenie\",\"urz\u0105d pracy\"],\"articleSection\":[\"2_ostatnie\"],\"inLanguage\":\"pl-PL\",\"potentialAction\":[{\"@type\":\"CommentAction\",\"name\":\"Comment\",\"target\":[\"https:\/\/www.mojabochnia.pl\/?p=1583#respond\"]}]},{\"@type\":\"WebPage\",\"@id\":\"https:\/\/www.mojabochnia.pl\/?p=1583\",\"url\":\"https:\/\/www.mojabochnia.pl\/?p=1583\",\"name\":\"Nowe perspektywy dla bezrobotnych - mojabochnia.pl - portal informacyjny\",\"isPartOf\":{\"@id\":\"https:\/\/www.mojabochnia.pl\/#website\"},\"datePublished\":\"2008-09-22T12:15:13+00:00\",\"breadcrumb\":{\"@id\":\"https:\/\/www.mojabochnia.pl\/?p=1583#breadcrumb\"},\"inLanguage\":\"pl-PL\",\"potentialAction\":[{\"@type\":\"ReadAction\",\"target\":[\"https:\/\/www.mojabochnia.pl\/?p=1583\"]}]},{\"@type\":\"BreadcrumbList\",\"@id\":\"https:\/\/www.mojabochnia.pl\/?p=1583#breadcrumb\",\"itemListElement\":[{\"@type\":\"ListItem\",\"position\":1,\"name\":\"Home\",\"item\":\"https:\/\/www.mojabochnia.pl\/\"},{\"@type\":\"ListItem\",\"position\":2,\"name\":\"Nowe perspektywy dla bezrobotnych\"}]},{\"@type\":\"WebSite\",\"@id\":\"https:\/\/www.mojabochnia.pl\/#website\",\"url\":\"https:\/\/www.mojabochnia.pl\/\",\"name\":\"mojabochnia.pl - portal informacyjny\",\"description\":\"mojaBochnia to portal informacyjny o Bochni. Codziennie o Bochni piszemy i pokazujemy najwa\u017cniejsze wydarzenia\",\"publisher\":{\"@id\":\"https:\/\/www.mojabochnia.pl\/#organization\"},\"potentialAction\":[{\"@type\":\"SearchAction\",\"target\":{\"@type\":\"EntryPoint\",\"urlTemplate\":\"https:\/\/www.mojabochnia.pl\/?s={search_term_string}\"},\"query-input\":{\"@type\":\"PropertyValueSpecification\",\"valueRequired\":true,\"valueName\":\"search_term_string\"}}],\"inLanguage\":\"pl-PL\"},{\"@type\":\"Organization\",\"@id\":\"https:\/\/www.mojabochnia.pl\/#organization\",\"name\":\"mojabochnia.pl - portal informacyjny\",\"url\":\"https:\/\/www.mojabochnia.pl\/\",\"logo\":{\"@type\":\"ImageObject\",\"inLanguage\":\"pl-PL\",\"@id\":\"https:\/\/www.mojabochnia.pl\/#\/schema\/logo\/image\/\",\"url\":\"https:\/\/www.mojabochnia.pl\/wp-content\/uploads\/2017\/08\/logo-mb-opt.png\",\"contentUrl\":\"https:\/\/www.mojabochnia.pl\/wp-content\/uploads\/2017\/08\/logo-mb-opt.png\",\"width\":250,\"height\":48,\"caption\":\"mojabochnia.pl - portal informacyjny\"},\"image\":{\"@id\":\"https:\/\/www.mojabochnia.pl\/#\/schema\/logo\/image\/\"},\"sameAs\":[\"https:\/\/www.facebook.com\/mojabochnia\"]},{\"@type\":\"Person\",\"@id\":\"https:\/\/www.mojabochnia.pl\/#\/schema\/person\/c00e1f64e6fa0e6de6d410f2c340017f\",\"name\":\"administrator\",\"url\":\"https:\/\/www.mojabochnia.pl\/?author=1\"}]}<\/script>\n<!-- \/ Yoast SEO plugin. -->","yoast_head_json":{"title":"Nowe perspektywy dla bezrobotnych - mojabochnia.pl - portal informacyjny","robots":{"index":"index","follow":"follow","max-snippet":"max-snippet:-1","max-image-preview":"max-image-preview:large","max-video-preview":"max-video-preview:-1"},"canonical":"https:\/\/www.mojabochnia.pl\/?p=1583","og_locale":"pl_PL","og_type":"article","og_title":"Nowe perspektywy dla bezrobotnych - mojabochnia.pl - portal informacyjny","og_description":"Osoby pozostaj\u0105ce bez pracy oraz osoby niepe\u0142nosprawne mog\u0105 zg\u0142asza\u0107 si\u0119 do Powiatowego Urz\u0119du Pracy w Bochni w celu skorzystania z program\u00f3w aktywizacji i wsparcia realizowanych przez urz\u0105d pracy.","og_url":"https:\/\/www.mojabochnia.pl\/?p=1583","og_site_name":"mojabochnia.pl - portal informacyjny","article_publisher":"https:\/\/www.facebook.com\/mojabochnia","article_published_time":"2008-09-22T12:15:13+00:00","author":"administrator","twitter_card":"summary_large_image","twitter_misc":{"Written by":"administrator","Est. reading time":"1 minuta"},"schema":{"@context":"https:\/\/schema.org","@graph":[{"@type":"Article","@id":"https:\/\/www.mojabochnia.pl\/?p=1583#article","isPartOf":{"@id":"https:\/\/www.mojabochnia.pl\/?p=1583"},"author":{"name":"administrator","@id":"https:\/\/www.mojabochnia.pl\/#\/schema\/person\/c00e1f64e6fa0e6de6d410f2c340017f"},"headline":"Nowe perspektywy dla bezrobotnych","datePublished":"2008-09-22T12:15:13+00:00","mainEntityOfPage":{"@id":"https:\/\/www.mojabochnia.pl\/?p=1583"},"wordCount":210,"commentCount":0,"publisher":{"@id":"https:\/\/www.mojabochnia.pl\/#organization"},"keywords":["dotacja","niepe\u0142nosprawni","praca","program","program operacyjny","sta\u017c","szkolenie","urz\u0105d pracy"],"articleSection":["2_ostatnie"],"inLanguage":"pl-PL","potentialAction":[{"@type":"CommentAction","name":"Comment","target":["https:\/\/www.mojabochnia.pl\/?p=1583#respond"]}]},{"@type":"WebPage","@id":"https:\/\/www.mojabochnia.pl\/?p=1583","url":"https:\/\/www.mojabochnia.pl\/?p=1583","name":"Nowe perspektywy dla bezrobotnych - mojabochnia.pl - portal informacyjny","isPartOf":{"@id":"https:\/\/www.mojabochnia.pl\/#website"},"datePublished":"2008-09-22T12:15:13+00:00","breadcrumb":{"@id":"https:\/\/www.mojabochnia.pl\/?p=1583#breadcrumb"},"inLanguage":"pl-PL","potentialAction":[{"@type":"ReadAction","target":["https:\/\/www.mojabochnia.pl\/?p=1583"]}]},{"@type":"BreadcrumbList","@id":"https:\/\/www.mojabochnia.pl\/?p=1583#breadcrumb","itemListElement":[{"@type":"ListItem","position":1,"name":"Home","item":"https:\/\/www.mojabochnia.pl\/"},{"@type":"ListItem","position":2,"name":"Nowe perspektywy dla bezrobotnych"}]},{"@type":"WebSite","@id":"https:\/\/www.mojabochnia.pl\/#website","url":"https:\/\/www.mojabochnia.pl\/","name":"mojabochnia.pl - portal informacyjny","description":"mojaBochnia to portal informacyjny o Bochni. Codziennie o Bochni piszemy i pokazujemy najwa\u017cniejsze wydarzenia","publisher":{"@id":"https:\/\/www.mojabochnia.pl\/#organization"},"potentialAction":[{"@type":"SearchAction","target":{"@type":"EntryPoint","urlTemplate":"https:\/\/www.mojabochnia.pl\/?s={search_term_string}"},"query-input":{"@type":"PropertyValueSpecification","valueRequired":true,"valueName":"search_term_string"}}],"inLanguage":"pl-PL"},{"@type":"Organization","@id":"https:\/\/www.mojabochnia.pl\/#organization","name":"mojabochnia.pl - portal informacyjny","url":"https:\/\/www.mojabochnia.pl\/","logo":{"@type":"ImageObject","inLanguage":"pl-PL","@id":"https:\/\/www.mojabochnia.pl\/#\/schema\/logo\/image\/","url":"https:\/\/www.mojabochnia.pl\/wp-content\/uploads\/2017\/08\/logo-mb-opt.png","contentUrl":"https:\/\/www.mojabochnia.pl\/wp-content\/uploads\/2017\/08\/logo-mb-opt.png","width":250,"height":48,"caption":"mojabochnia.pl - portal informacyjny"},"image":{"@id":"https:\/\/www.mojabochnia.pl\/#\/schema\/logo\/image\/"},"sameAs":["https:\/\/www.facebook.com\/mojabochnia"]},{"@type":"Person","@id":"https:\/\/www.mojabochnia.pl\/#\/schema\/person\/c00e1f64e6fa0e6de6d410f2c340017f","name":"administrator","url":"https:\/\/www.mojabochnia.pl\/?author=1"}]}},"_links":{"self":[{"href":"https:\/\/www.mojabochnia.pl\/index.php?rest_route=\/wp\/v2\/posts\/1583","targetHints":{"allow":["GET"]}}],"collection":[{"href":"https:\/\/www.mojabochnia.pl\/index.php?rest_route=\/wp\/v2\/posts"}],"about":[{"href":"https:\/\/www.mojabochnia.pl\/index.php?rest_route=\/wp\/v2\/types\/post"}],"author":[{"embeddable":true,"href":"https:\/\/www.mojabochnia.pl\/index.php?rest_route=\/wp\/v2\/users\/1"}],"replies":[{"embeddable":true,"href":"https:\/\/www.mojabochnia.pl\/index.php?rest_route=%2Fwp%2Fv2%2Fcomments&post=1583"}],"version-history":[{"count":0,"href":"https:\/\/www.mojabochnia.pl\/index.php?rest_route=\/wp\/v2\/posts\/1583\/revisions"}],"wp:attachment":[{"href":"https:\/\/www.mojabochnia.pl\/index.php?rest_route=%2Fwp%2Fv2%2Fmedia&parent=1583"}],"wp:term":[{"taxonomy":"category","embeddable":true,"href":"https:\/\/www.mojabochnia.pl\/index.php?rest_route=%2Fwp%2Fv2%2Fcategories&post=1583"},{"taxonomy":"post_tag","embeddable":true,"href":"https:\/\/www.mojabochnia.pl\/index.php?rest_route=%2Fwp%2Fv2%2Ftags&post=1583"}],"curies":[{"name":"wp","href":"https:\/\/api.w.org\/{rel}","templated":true}]}}