{"id":1554,"date":"2008-09-22T09:50:55","date_gmt":"2008-09-22T07:50:55","guid":{"rendered":"http:\/\/www.mojabochnia.pl\/?p=1554"},"modified":"2009-07-20T12:46:34","modified_gmt":"2009-07-20T10:46:34","slug":"nowy-kosciol-w-gierczycach-poswiecony","status":"publish","type":"post","link":"https:\/\/www.mojabochnia.pl\/?p=1554","title":{"rendered":"Nowy ko\u015bci\u00f3\u0142 w Gierczycach po\u015bwi\u0119cony"},"content":{"rendered":"<p>W miniony pi\u0105tek i sobot\u0119 msze \u015bwi\u0119te odbywa\u0142y si\u0119 w kaplicy bocznej. Nie oby\u0142o si\u0119 bez \u0142ez w oczach i wzrusze\u0144. \u2013 <em>Budowali\u015bmy ten ko\u015bci\u00f3\u0142 od 2003 r.  i nikt si\u0119 nie spodziewa\u0142, \u017ce po pi\u0119ciu latach b\u0119dzie nam dane ju\u017c si\u0119 w nim modli\u0107<\/em> \u2013 m\u00f3wili parafianie. <\/p>\n<p>Uroczysto\u015bci przewodniczy\u0142 bp W\u0142adys\u0142aw Bobowski. Podczas homilii zwraca\u0142 on uwag\u0119 na trojakie znaczenie s\u0142owa \u201eko\u015bci\u00f3\u0142\u201d. \u2013 <em>Najpierw chodzi o ko\u015bci\u00f3\u0142 jako instytucj\u0119, p\u00f3\u017aniej ko\u015bci\u00f3\u0142 jako budynek, w ko\u0144cu ko\u015bci\u00f3\u0142 istnieje w sercu ka\u017cdego z nas. Najwa\u017cniejsze jest, aby ko\u015bci\u00f3\u0142 w naszych sercach by\u0142 mocny, a wtedy b\u0119dziemy mie\u0107 motywacj\u0119, aby budowa\u0107 nowe ko\u015bcio\u0142y z ceg\u0142y<\/em> \u2013 m\u00f3wi\u0142 hierarcha.<\/p>\n<p>\u015awi\u0105tynia zosta\u0142a uroczy\u015bcie pokropiona wod\u0105 \u015bwi\u0119con\u0105. Nie by\u0142a to konsekracja, ta planowana jest dopiero wtedy, gdy wyposa\u017cenie nowej \u015bwi\u0105tyni b\u0119dzie kompletne. \u2013 <em>Czujemy rado\u015b\u0107 i wzruszenie, \u017ce po kilku latach budowy mogli\u015bmy doczeka\u0107 Mszy w nowym ko\u015bciele<\/em> \u2013 m\u00f3wi Marcin Wojas. \u2013 <em>Czuj\u0119 wewn\u0119trzn\u0105 eufori\u0119<\/em> \u2013 dodaje pani Anna. \u2013 <em>Ca\u0142a parafia stara\u0142a si\u0119, aby ten ko\u015bci\u00f3\u0142 wybudowa\u0107. Bardzo si\u0119 cieszymy, \u017ce na uroczysto\u015b\u0107 przyby\u0142o mn\u00f3stwo ludzi <\/em>\u2013 m\u00f3wi Marcin Zaj\u0105c.<\/p>\n<p>Wierni zwracali uwag\u0119 na ogromne zas\u0142ugi ks. Stanis\u0142awa Pilcha, proboszcza parafii. \u2013 <em>Kiedy rozpoczynali\u015bmy budow\u0119, biskup zdecydowa\u0142 o przeniesieniu naszego ksi\u0119dza do innej parafii. Pojechali\u015bmy wtedy w delegacji do kurii i biskup decyzj\u0119 zmieni\u0142<\/em>. Parafianie z Gierczyc m\u00f3wi\u0105, \u017ce to proboszcz swoj\u0105 postaw\u0105 dopingowa\u0142 ich do pracy i wyrzecze\u0144. \u2013 <em>Kiedy trzeba by\u0142o, wsiada\u0142 na kopark\u0119 czy wchodzi\u0142 na rusztowanie i ca\u0142y dzie\u0144 potrafi\u0142 pracowa\u0107 na r\u00f3wni z innymi robotnikami. Prosto z rusztowania schodzi\u0142, aby odprawi\u0107 Msz\u0119 \u015bw.<\/em> \u2013 m\u00f3wi\u0105 z dum\u0105 wierni.<\/p>\n<p>Sam proboszcz r\u00f3wnie\u017c nie kryje wzruszenia. Pierwotnie wej\u015bciem do nowego ko\u015bcio\u0142a planowane by\u0142o na pasterk\u0119 2007 r., p\u00f3\u017aniej na I komuni\u0119 \u015bw., ostatecznie jednak uroczysto\u015b\u0107 prze\u0142o\u017cono na odpust. Nadz\u00f3r budowlany wyda\u0142 zgod\u0119 na u\u017cytkowanie obiektu. \u2013 <em>Wielka rado\u015b\u0107 przepe\u0142nia i moje serce i serce naszych parafian, u niekt\u00f3rych widzia\u0142em \u0142zy w oczach, \u017ce my\u015bl o budowie ko\u015bcio\u0142a, do kt\u00f3rej przygotowywali\u015bmy si\u0119 ponad 20 lat, zosta\u0142a uwie\u0144czona<\/em> \u2013 m\u00f3wi proboszcz i wymienia zas\u0142ugi swoich poprzednik\u00f3w: ks. Kazimierza G\u00f3rki, pierwszego proboszcza w Gierczycach, kt\u00f3ry zbudowa\u0142 plebani\u0119, oraz ks. Stanis\u0142awa \u0141ab\u0119dzia, kt\u00f3ry rozpocz\u0105\u0142 przygotowania do budowy, gromadz\u0105c niema\u0142\u0105 ilo\u015b\u0107 materia\u0142u.<\/p>\n<p>\u2013 Brakuje nam jeszcze \u0142awek, ogrzewania, wystroju wn\u0119trza, ale przynajmniej mury zosta\u0142y zako\u0144czone, i posadzka i schody. Dzi\u0119kujemy Bogu, \u017ce uda\u0142o nam si\u0119 bezpiecznie zrealizowa\u0107 nasz zamiar i mo\u017cemy w nowym ko\u015bciele oddawa\u0107 chwa\u0142\u0119 Bogu przez wstawiennictwo Matki Bo\u017cej Bolesnej &#8211; dodaje proboszcz.<\/p>\n<p>Do tej pory Msze \u015bw. w Gierczycach by\u0142y odprawiane w tymczasowej kaplicy, jak\u0105 utworzono w dawnym dworku. Tymczasowa kaplica s\u0142u\u017cy\u0142a od 11 marca 1971 r. do 18 wrze\u015bnia 2008 r. Nied\u0142ugo budynek zostanie wyburzony, poniewa\u017c jego stan techniczny grozi zawaleniem. Wcze\u015bniej Gierczyce (oraz D\u0105browica i Nieszkowice Ma\u0142e) stanowi\u0142y cz\u0119\u015b\u0107 parafii Che\u0142m. Do powstania parafii i tymczasowej kaplicy w Gierczycach przyczyni\u0142 si\u0119 wieloletni proboszcz w Che\u0142mie, ks. Antoni Tworek.<\/p>\n","protected":false},"excerpt":{"rendered":"<p>Nowy ko\u015bci\u00f3\u0142 w Gierczycach zosta\u0142 po\u015bwi\u0119cony. Podczas niedzielnej uroczysto\u015bci odpustowej ku czci Matki Bo\u017cej Bolesnej w Gierczycach wierni po raz pierwszy modlili si\u0119 przy g\u0142\u00f3wnym o\u0142tarzu nowej \u015bwi\u0105tyni.<\/p>\n","protected":false},"author":4,"featured_media":0,"comment_status":"open","ping_status":"open","sticky":false,"template":"","format":"standard","meta":{"_acf_changed":false,"footnotes":""},"categories":[11,1342],"tags":[505,17352,17244,602,17217,17225,755,17325,757,758,759,694,695,756,754],"class_list":["post-1554","post","type-post","status-publish","format-standard","hentry","category-top-temat","category-zycie-religijne","tag-bp-wladyslaw-bobowski","tag-budowa","tag-chelm","tag-dabrowica","tag-gierczyce","tag-gmina-bochnia","tag-konsekracja","tag-kosciol","tag-ks-antoni-tworek","tag-ks-kazimierz-gorka","tag-ks-stanislaw-labedz","tag-ks-stanislaw-pilch","tag-matka-boza-bolesna","tag-nieszkowice-male","tag-poswiecenie"],"acf":[],"yoast_head":"<!-- This site is optimized with the Yoast SEO plugin v26.9 - https:\/\/yoast.com\/product\/yoast-seo-wordpress\/ -->\n<title>Nowy ko\u015bci\u00f3\u0142 w Gierczycach po\u015bwi\u0119cony - mojabochnia.pl - portal informacyjny<\/title>\n<meta name=\"robots\" content=\"index, follow, max-snippet:-1, max-image-preview:large, max-video-preview:-1\" \/>\n<link rel=\"canonical\" href=\"https:\/\/www.mojabochnia.pl\/?p=1554\" \/>\n<meta property=\"og:locale\" content=\"pl_PL\" \/>\n<meta property=\"og:type\" content=\"article\" \/>\n<meta property=\"og:title\" content=\"Nowy ko\u015bci\u00f3\u0142 w Gierczycach po\u015bwi\u0119cony - mojabochnia.pl - portal informacyjny\" \/>\n<meta property=\"og:description\" content=\"Nowy ko\u015bci\u00f3\u0142 w Gierczycach zosta\u0142 po\u015bwi\u0119cony. Podczas niedzielnej uroczysto\u015bci odpustowej ku czci Matki Bo\u017cej Bolesnej w Gierczycach wierni po raz pierwszy modlili si\u0119 przy g\u0142\u00f3wnym o\u0142tarzu nowej \u015bwi\u0105tyni.\" \/>\n<meta property=\"og:url\" content=\"https:\/\/www.mojabochnia.pl\/?p=1554\" \/>\n<meta property=\"og:site_name\" content=\"mojabochnia.pl - portal informacyjny\" \/>\n<meta property=\"article:publisher\" content=\"https:\/\/www.facebook.com\/mojabochnia\" \/>\n<meta property=\"article:published_time\" content=\"2008-09-22T07:50:55+00:00\" \/>\n<meta property=\"article:modified_time\" content=\"2009-07-20T10:46:34+00:00\" \/>\n<meta name=\"author\" content=\"Pawe\u0142 Michalczyk\" \/>\n<meta name=\"twitter:card\" content=\"summary_large_image\" \/>\n<meta name=\"twitter:label1\" content=\"Written by\" \/>\n\t<meta name=\"twitter:data1\" content=\"Pawe\u0142 Michalczyk\" \/>\n\t<meta name=\"twitter:label2\" content=\"Est. reading time\" \/>\n\t<meta name=\"twitter:data2\" content=\"3 minuty\" \/>\n<script type=\"application\/ld+json\" class=\"yoast-schema-graph\">{\"@context\":\"https:\/\/schema.org\",\"@graph\":[{\"@type\":\"Article\",\"@id\":\"https:\/\/www.mojabochnia.pl\/?p=1554#article\",\"isPartOf\":{\"@id\":\"https:\/\/www.mojabochnia.pl\/?p=1554\"},\"author\":{\"name\":\"Pawe\u0142 Michalczyk\",\"@id\":\"https:\/\/www.mojabochnia.pl\/#\/schema\/person\/ea042e4724a77627963f02166828ead4\"},\"headline\":\"Nowy ko\u015bci\u00f3\u0142 w Gierczycach po\u015bwi\u0119cony\",\"datePublished\":\"2008-09-22T07:50:55+00:00\",\"dateModified\":\"2009-07-20T10:46:34+00:00\",\"mainEntityOfPage\":{\"@id\":\"https:\/\/www.mojabochnia.pl\/?p=1554\"},\"wordCount\":559,\"commentCount\":0,\"publisher\":{\"@id\":\"https:\/\/www.mojabochnia.pl\/#organization\"},\"keywords\":[\"bp w\u0142adys\u0142aw bobowski\",\"budowa\",\"che\u0142m\",\"d\u0105browica\",\"gierczyce\",\"gmina bochnia\",\"konsekracja\",\"ko\u015bci\u00f3\u0142\",\"ks. antoni tworek\",\"ks. kazimierz g\u00f3rka\",\"ks. stanis\u0142aw \u0142ab\u0119d\u017a\",\"ks. stanis\u0142aw pilch\",\"matka bo\u017ca bolesna\",\"nieszkowice ma\u0142e\",\"po\u015bwi\u0119cenie\"],\"articleSection\":[\"3_w centrum uwagi\",\"\u017bycie religijne\"],\"inLanguage\":\"pl-PL\",\"potentialAction\":[{\"@type\":\"CommentAction\",\"name\":\"Comment\",\"target\":[\"https:\/\/www.mojabochnia.pl\/?p=1554#respond\"]}]},{\"@type\":\"WebPage\",\"@id\":\"https:\/\/www.mojabochnia.pl\/?p=1554\",\"url\":\"https:\/\/www.mojabochnia.pl\/?p=1554\",\"name\":\"Nowy ko\u015bci\u00f3\u0142 w Gierczycach po\u015bwi\u0119cony - mojabochnia.pl - portal informacyjny\",\"isPartOf\":{\"@id\":\"https:\/\/www.mojabochnia.pl\/#website\"},\"datePublished\":\"2008-09-22T07:50:55+00:00\",\"dateModified\":\"2009-07-20T10:46:34+00:00\",\"breadcrumb\":{\"@id\":\"https:\/\/www.mojabochnia.pl\/?p=1554#breadcrumb\"},\"inLanguage\":\"pl-PL\",\"potentialAction\":[{\"@type\":\"ReadAction\",\"target\":[\"https:\/\/www.mojabochnia.pl\/?p=1554\"]}]},{\"@type\":\"BreadcrumbList\",\"@id\":\"https:\/\/www.mojabochnia.pl\/?p=1554#breadcrumb\",\"itemListElement\":[{\"@type\":\"ListItem\",\"position\":1,\"name\":\"Home\",\"item\":\"https:\/\/www.mojabochnia.pl\/\"},{\"@type\":\"ListItem\",\"position\":2,\"name\":\"Nowy ko\u015bci\u00f3\u0142 w Gierczycach po\u015bwi\u0119cony\"}]},{\"@type\":\"WebSite\",\"@id\":\"https:\/\/www.mojabochnia.pl\/#website\",\"url\":\"https:\/\/www.mojabochnia.pl\/\",\"name\":\"mojabochnia.pl - portal informacyjny\",\"description\":\"mojaBochnia to portal informacyjny o Bochni. Codziennie o Bochni piszemy i pokazujemy najwa\u017cniejsze wydarzenia\",\"publisher\":{\"@id\":\"https:\/\/www.mojabochnia.pl\/#organization\"},\"potentialAction\":[{\"@type\":\"SearchAction\",\"target\":{\"@type\":\"EntryPoint\",\"urlTemplate\":\"https:\/\/www.mojabochnia.pl\/?s={search_term_string}\"},\"query-input\":{\"@type\":\"PropertyValueSpecification\",\"valueRequired\":true,\"valueName\":\"search_term_string\"}}],\"inLanguage\":\"pl-PL\"},{\"@type\":\"Organization\",\"@id\":\"https:\/\/www.mojabochnia.pl\/#organization\",\"name\":\"mojabochnia.pl - portal informacyjny\",\"url\":\"https:\/\/www.mojabochnia.pl\/\",\"logo\":{\"@type\":\"ImageObject\",\"inLanguage\":\"pl-PL\",\"@id\":\"https:\/\/www.mojabochnia.pl\/#\/schema\/logo\/image\/\",\"url\":\"https:\/\/www.mojabochnia.pl\/wp-content\/uploads\/2017\/08\/logo-mb-opt.png\",\"contentUrl\":\"https:\/\/www.mojabochnia.pl\/wp-content\/uploads\/2017\/08\/logo-mb-opt.png\",\"width\":250,\"height\":48,\"caption\":\"mojabochnia.pl - portal informacyjny\"},\"image\":{\"@id\":\"https:\/\/www.mojabochnia.pl\/#\/schema\/logo\/image\/\"},\"sameAs\":[\"https:\/\/www.facebook.com\/mojabochnia\"]},{\"@type\":\"Person\",\"@id\":\"https:\/\/www.mojabochnia.pl\/#\/schema\/person\/ea042e4724a77627963f02166828ead4\",\"name\":\"Pawe\u0142 Michalczyk\",\"url\":\"https:\/\/www.mojabochnia.pl\/?author=4\"}]}<\/script>\n<!-- \/ Yoast SEO plugin. -->","yoast_head_json":{"title":"Nowy ko\u015bci\u00f3\u0142 w Gierczycach po\u015bwi\u0119cony - mojabochnia.pl - portal informacyjny","robots":{"index":"index","follow":"follow","max-snippet":"max-snippet:-1","max-image-preview":"max-image-preview:large","max-video-preview":"max-video-preview:-1"},"canonical":"https:\/\/www.mojabochnia.pl\/?p=1554","og_locale":"pl_PL","og_type":"article","og_title":"Nowy ko\u015bci\u00f3\u0142 w Gierczycach po\u015bwi\u0119cony - mojabochnia.pl - portal informacyjny","og_description":"Nowy ko\u015bci\u00f3\u0142 w Gierczycach zosta\u0142 po\u015bwi\u0119cony. Podczas niedzielnej uroczysto\u015bci odpustowej ku czci Matki Bo\u017cej Bolesnej w Gierczycach wierni po raz pierwszy modlili si\u0119 przy g\u0142\u00f3wnym o\u0142tarzu nowej \u015bwi\u0105tyni.","og_url":"https:\/\/www.mojabochnia.pl\/?p=1554","og_site_name":"mojabochnia.pl - portal informacyjny","article_publisher":"https:\/\/www.facebook.com\/mojabochnia","article_published_time":"2008-09-22T07:50:55+00:00","article_modified_time":"2009-07-20T10:46:34+00:00","author":"Pawe\u0142 Michalczyk","twitter_card":"summary_large_image","twitter_misc":{"Written by":"Pawe\u0142 Michalczyk","Est. reading time":"3 minuty"},"schema":{"@context":"https:\/\/schema.org","@graph":[{"@type":"Article","@id":"https:\/\/www.mojabochnia.pl\/?p=1554#article","isPartOf":{"@id":"https:\/\/www.mojabochnia.pl\/?p=1554"},"author":{"name":"Pawe\u0142 Michalczyk","@id":"https:\/\/www.mojabochnia.pl\/#\/schema\/person\/ea042e4724a77627963f02166828ead4"},"headline":"Nowy ko\u015bci\u00f3\u0142 w Gierczycach po\u015bwi\u0119cony","datePublished":"2008-09-22T07:50:55+00:00","dateModified":"2009-07-20T10:46:34+00:00","mainEntityOfPage":{"@id":"https:\/\/www.mojabochnia.pl\/?p=1554"},"wordCount":559,"commentCount":0,"publisher":{"@id":"https:\/\/www.mojabochnia.pl\/#organization"},"keywords":["bp w\u0142adys\u0142aw bobowski","budowa","che\u0142m","d\u0105browica","gierczyce","gmina bochnia","konsekracja","ko\u015bci\u00f3\u0142","ks. antoni tworek","ks. kazimierz g\u00f3rka","ks. stanis\u0142aw \u0142ab\u0119d\u017a","ks. stanis\u0142aw pilch","matka bo\u017ca bolesna","nieszkowice ma\u0142e","po\u015bwi\u0119cenie"],"articleSection":["3_w centrum uwagi","\u017bycie religijne"],"inLanguage":"pl-PL","potentialAction":[{"@type":"CommentAction","name":"Comment","target":["https:\/\/www.mojabochnia.pl\/?p=1554#respond"]}]},{"@type":"WebPage","@id":"https:\/\/www.mojabochnia.pl\/?p=1554","url":"https:\/\/www.mojabochnia.pl\/?p=1554","name":"Nowy ko\u015bci\u00f3\u0142 w Gierczycach po\u015bwi\u0119cony - mojabochnia.pl - portal informacyjny","isPartOf":{"@id":"https:\/\/www.mojabochnia.pl\/#website"},"datePublished":"2008-09-22T07:50:55+00:00","dateModified":"2009-07-20T10:46:34+00:00","breadcrumb":{"@id":"https:\/\/www.mojabochnia.pl\/?p=1554#breadcrumb"},"inLanguage":"pl-PL","potentialAction":[{"@type":"ReadAction","target":["https:\/\/www.mojabochnia.pl\/?p=1554"]}]},{"@type":"BreadcrumbList","@id":"https:\/\/www.mojabochnia.pl\/?p=1554#breadcrumb","itemListElement":[{"@type":"ListItem","position":1,"name":"Home","item":"https:\/\/www.mojabochnia.pl\/"},{"@type":"ListItem","position":2,"name":"Nowy ko\u015bci\u00f3\u0142 w Gierczycach po\u015bwi\u0119cony"}]},{"@type":"WebSite","@id":"https:\/\/www.mojabochnia.pl\/#website","url":"https:\/\/www.mojabochnia.pl\/","name":"mojabochnia.pl - portal informacyjny","description":"mojaBochnia to portal informacyjny o Bochni. Codziennie o Bochni piszemy i pokazujemy najwa\u017cniejsze wydarzenia","publisher":{"@id":"https:\/\/www.mojabochnia.pl\/#organization"},"potentialAction":[{"@type":"SearchAction","target":{"@type":"EntryPoint","urlTemplate":"https:\/\/www.mojabochnia.pl\/?s={search_term_string}"},"query-input":{"@type":"PropertyValueSpecification","valueRequired":true,"valueName":"search_term_string"}}],"inLanguage":"pl-PL"},{"@type":"Organization","@id":"https:\/\/www.mojabochnia.pl\/#organization","name":"mojabochnia.pl - portal informacyjny","url":"https:\/\/www.mojabochnia.pl\/","logo":{"@type":"ImageObject","inLanguage":"pl-PL","@id":"https:\/\/www.mojabochnia.pl\/#\/schema\/logo\/image\/","url":"https:\/\/www.mojabochnia.pl\/wp-content\/uploads\/2017\/08\/logo-mb-opt.png","contentUrl":"https:\/\/www.mojabochnia.pl\/wp-content\/uploads\/2017\/08\/logo-mb-opt.png","width":250,"height":48,"caption":"mojabochnia.pl - portal informacyjny"},"image":{"@id":"https:\/\/www.mojabochnia.pl\/#\/schema\/logo\/image\/"},"sameAs":["https:\/\/www.facebook.com\/mojabochnia"]},{"@type":"Person","@id":"https:\/\/www.mojabochnia.pl\/#\/schema\/person\/ea042e4724a77627963f02166828ead4","name":"Pawe\u0142 Michalczyk","url":"https:\/\/www.mojabochnia.pl\/?author=4"}]}},"_links":{"self":[{"href":"https:\/\/www.mojabochnia.pl\/index.php?rest_route=\/wp\/v2\/posts\/1554","targetHints":{"allow":["GET"]}}],"collection":[{"href":"https:\/\/www.mojabochnia.pl\/index.php?rest_route=\/wp\/v2\/posts"}],"about":[{"href":"https:\/\/www.mojabochnia.pl\/index.php?rest_route=\/wp\/v2\/types\/post"}],"author":[{"embeddable":true,"href":"https:\/\/www.mojabochnia.pl\/index.php?rest_route=\/wp\/v2\/users\/4"}],"replies":[{"embeddable":true,"href":"https:\/\/www.mojabochnia.pl\/index.php?rest_route=%2Fwp%2Fv2%2Fcomments&post=1554"}],"version-history":[{"count":0,"href":"https:\/\/www.mojabochnia.pl\/index.php?rest_route=\/wp\/v2\/posts\/1554\/revisions"}],"wp:attachment":[{"href":"https:\/\/www.mojabochnia.pl\/index.php?rest_route=%2Fwp%2Fv2%2Fmedia&parent=1554"}],"wp:term":[{"taxonomy":"category","embeddable":true,"href":"https:\/\/www.mojabochnia.pl\/index.php?rest_route=%2Fwp%2Fv2%2Fcategories&post=1554"},{"taxonomy":"post_tag","embeddable":true,"href":"https:\/\/www.mojabochnia.pl\/index.php?rest_route=%2Fwp%2Fv2%2Ftags&post=1554"}],"curies":[{"name":"wp","href":"https:\/\/api.w.org\/{rel}","templated":true}]}}