{"id":149954,"date":"2016-04-19T10:45:56","date_gmt":"2016-04-19T08:45:56","guid":{"rendered":"http:\/\/www.mojabochnia.pl\/?p=149954"},"modified":"2016-04-19T10:45:56","modified_gmt":"2016-04-19T08:45:56","slug":"1050-rocznica-chrztu-polski-w-zsg-w-bogucicach","status":"publish","type":"post","link":"https:\/\/www.mojabochnia.pl\/?p=149954","title":{"rendered":"1050. rocznica Chrztu Polski w ZSG w Bogucicach"},"content":{"rendered":"<p><em>Uczniowie nie tylko s\u0142uchali swych koleg\u00f3w, ale tak\u017ce ogl\u0105dali prezentacj\u0119 multimedialn\u0105 \u015bci\u015ble zwi\u0105zan\u0105 z tym, co by\u0142o wyg\u0142aszane. Opr\u00f3cz tego w trakcie spotkania zosta\u0142a przedstawiona scenka, w kt\u00f3rej zaprezentowa\u0142 si\u0119 sam Mieszko I \u2013 pierwszy w\u0142adca Polski, jego \u017cona Dobrawa, dru\u017cyna woj\u00f3w Mieszka, poddani, kt\u00f3rzy sk\u0142adali swemu Panu daniny, a tak\u017ce biskup, kt\u00f3ry chrzci\u0142 w\u0142adc\u0119 i inni duchowni. Kr\u00f3tka inscenizacja pokaza\u0142a dawnych mieszka\u0144c\u00f3w Polski jako pogan, kt\u00f3rzy wznosili pos\u0105gi bo\u017ck\u00f3w, m.in. \u015awiatowida<\/em> &#8211; zwraca uwag\u0119 Magdalena Ko\u0142odziej, nauczycielka. <\/p>\n<p>Kolejn\u0105 scenk\u0105 by\u0142a ceremonia chrztu Mieszka i Polski, a tak\u017ce jego woj\u00f3w.  <em>Pr\u00f3cz s\u0142owa m\u00f3wionego spo\u0142eczno\u015b\u0107 uczniowska mog\u0142a r\u00f3wnie\u017c pos\u0142ucha\u0107 historii Polski w piosenkach skomponowanych specjalnie na t\u0105 okazj\u0119: \u201eTak si\u0119 rodzi\u0142a Polska\u2026 na tle b\u0142\u0119kitu nieba pot\u0119\u017cny, bia\u0142y orze\u0142 a w jego oczach ogie\u0144 bia\u0142o-czerwone zorze, na wyspie orle gniazdo w z\u0142ocistym polu cz\u0142owiek s\u0142owia\u0144skie w ziemi ziarno ukryta dusza w s\u0142owie\u2026\u201d<\/em> &#8211; dodaje.      <\/p>\n<p>                   Inna z kolei pie\u015b\u0144, pt., \u201eChrzest Mieszka\u201d informowa\u0142a o tym, \u017ce\u201d\u2026Mieszko przyj\u0105\u0142 \u015bwi\u0119ty chrzest przyj\u0105\u0142 prawo Bo\u017ce, by od z\u0142ego zawsze broni\u0142 nas B\u00f3g i Bia\u0142y Orze\u0142\u201d\u2026. Na zako\u0144czenie uroczystych obchod\u00f3w 1050. rocznicy Chrztu Polski w naszej szkole, uczennice z klasy IV i V za\u015bpiewa\u0142y piosenk\u0119, kt\u00f3ra idealnie pasowa\u0142a do tego \u015bwi\u0119ta:             <\/p>\n<p>\u201eBy dumna z nas by\u0142a Polska\u201d<br \/>\n\u201eTo jest m\u00f3j Syn umi\u0142owany<br \/>\n Jego s\u0142uchajcie<br \/>\n To jest wasz Kr\u00f3l z nieba zes\u0142any<br \/>\nWi\u0119c przy Nim sta\u0144cie<br \/>\n\u017byjmy w pokoju<br \/>\n W mi\u0142o\u015bci trwajmy<br \/>\nB\u0105d\u017amy Mu wierni  \t\t\t\t\t\t\t\t\t                             Sen o ojczy\u017anie<br \/>\nJu\u017c dojrza\u0142 w sercu<br \/>\nNiech si\u0119 nam spe\u0142ni<br \/>\nB\u0142ogos\u0142aw nam Bo\u017ce Wielki\t\t\t\t\t\t\t                              Ojczy\u017anie naszej b\u0142ogos\u0142aw<br \/>\nPragniemy by\u0107 m\u0105drzy, pi\u0119kni\t\t\t\t\t                                                  By dumna z nas by\u0142a Polska\u2026\u201d<\/p>\n","protected":false},"excerpt":{"rendered":"<p>15 kwietnia  uczniowie ZSG w Bogucicach pr\u00f3bowali zrozumie\u0107 istot\u0119 1050. rocznicy chrztu Polski. Pom\u00f3g\u0142 im w tym wyk\u0142ad uczni\u00f3w klasy I gimnazjum: Aleksandry Jesionki oraz Szymona P\u0142anety. <\/p>\n","protected":false},"author":13,"featured_media":149955,"comment_status":"open","ping_status":"closed","sticky":false,"template":"","format":"standard","meta":{"_acf_changed":false,"footnotes":""},"categories":[5,6251,6250],"tags":[708,17249],"class_list":["post-149954","post","type-post","status-publish","format-standard","has-post-thumbnail","hentry","category-biezace-wydarzenia","category-polityka-i-wydarzenia","category-tematyka","tag-bogucice","tag-szkola","main_tag-szkola"],"acf":[],"yoast_head":"<!-- This site is optimized with the Yoast SEO plugin v26.9 - https:\/\/yoast.com\/product\/yoast-seo-wordpress\/ -->\n<title>1050. rocznica Chrztu Polski w ZSG w Bogucicach - mojabochnia.pl - portal informacyjny<\/title>\n<meta name=\"robots\" content=\"index, follow, max-snippet:-1, max-image-preview:large, max-video-preview:-1\" \/>\n<link rel=\"canonical\" href=\"https:\/\/www.mojabochnia.pl\/?p=149954\" \/>\n<meta property=\"og:locale\" content=\"pl_PL\" \/>\n<meta property=\"og:type\" content=\"article\" \/>\n<meta property=\"og:title\" content=\"1050. rocznica Chrztu Polski w ZSG w Bogucicach - mojabochnia.pl - portal informacyjny\" \/>\n<meta property=\"og:description\" content=\"15 kwietnia uczniowie ZSG w Bogucicach pr\u00f3bowali zrozumie\u0107 istot\u0119 1050. rocznicy chrztu Polski. Pom\u00f3g\u0142 im w tym wyk\u0142ad uczni\u00f3w klasy I gimnazjum: Aleksandry Jesionki oraz Szymona P\u0142anety.\" \/>\n<meta property=\"og:url\" content=\"https:\/\/www.mojabochnia.pl\/?p=149954\" \/>\n<meta property=\"og:site_name\" content=\"mojabochnia.pl - portal informacyjny\" \/>\n<meta property=\"article:publisher\" content=\"https:\/\/www.facebook.com\/mojabochnia\" \/>\n<meta property=\"article:published_time\" content=\"2016-04-19T08:45:56+00:00\" \/>\n<meta property=\"og:image\" content=\"https:\/\/www.mojabochnia.pl\/wp-content\/uploads\/2016\/04\/IMG_4970.jpg\" \/>\n\t<meta property=\"og:image:width\" content=\"800\" \/>\n\t<meta property=\"og:image:height\" content=\"452\" \/>\n\t<meta property=\"og:image:type\" content=\"image\/jpeg\" \/>\n<meta name=\"author\" content=\"redakcja\" \/>\n<meta name=\"twitter:card\" content=\"summary_large_image\" \/>\n<meta name=\"twitter:label1\" content=\"Written by\" \/>\n\t<meta name=\"twitter:data1\" content=\"redakcja\" \/>\n\t<meta name=\"twitter:label2\" content=\"Est. reading time\" \/>\n\t<meta name=\"twitter:data2\" content=\"2 minuty\" \/>\n<script type=\"application\/ld+json\" class=\"yoast-schema-graph\">{\"@context\":\"https:\/\/schema.org\",\"@graph\":[{\"@type\":\"Article\",\"@id\":\"https:\/\/www.mojabochnia.pl\/?p=149954#article\",\"isPartOf\":{\"@id\":\"https:\/\/www.mojabochnia.pl\/?p=149954\"},\"author\":{\"name\":\"redakcja\",\"@id\":\"https:\/\/www.mojabochnia.pl\/#\/schema\/person\/7e2f20ead9902216a3384f13606c0ab7\"},\"headline\":\"1050. rocznica Chrztu Polski w ZSG w Bogucicach\",\"datePublished\":\"2016-04-19T08:45:56+00:00\",\"mainEntityOfPage\":{\"@id\":\"https:\/\/www.mojabochnia.pl\/?p=149954\"},\"wordCount\":347,\"commentCount\":0,\"publisher\":{\"@id\":\"https:\/\/www.mojabochnia.pl\/#organization\"},\"image\":{\"@id\":\"https:\/\/www.mojabochnia.pl\/?p=149954#primaryimage\"},\"thumbnailUrl\":\"https:\/\/www.mojabochnia.pl\/wp-content\/uploads\/2016\/04\/IMG_4970.jpg\",\"keywords\":[\"bogucice\",\"szko\u0142a\"],\"articleSection\":[\"2_ostatnie\",\"polityka i wydarzenia\",\"tematyka\"],\"inLanguage\":\"pl-PL\",\"potentialAction\":[{\"@type\":\"CommentAction\",\"name\":\"Comment\",\"target\":[\"https:\/\/www.mojabochnia.pl\/?p=149954#respond\"]}]},{\"@type\":\"WebPage\",\"@id\":\"https:\/\/www.mojabochnia.pl\/?p=149954\",\"url\":\"https:\/\/www.mojabochnia.pl\/?p=149954\",\"name\":\"1050. rocznica Chrztu Polski w ZSG w Bogucicach - mojabochnia.pl - portal informacyjny\",\"isPartOf\":{\"@id\":\"https:\/\/www.mojabochnia.pl\/#website\"},\"primaryImageOfPage\":{\"@id\":\"https:\/\/www.mojabochnia.pl\/?p=149954#primaryimage\"},\"image\":{\"@id\":\"https:\/\/www.mojabochnia.pl\/?p=149954#primaryimage\"},\"thumbnailUrl\":\"https:\/\/www.mojabochnia.pl\/wp-content\/uploads\/2016\/04\/IMG_4970.jpg\",\"datePublished\":\"2016-04-19T08:45:56+00:00\",\"breadcrumb\":{\"@id\":\"https:\/\/www.mojabochnia.pl\/?p=149954#breadcrumb\"},\"inLanguage\":\"pl-PL\",\"potentialAction\":[{\"@type\":\"ReadAction\",\"target\":[\"https:\/\/www.mojabochnia.pl\/?p=149954\"]}]},{\"@type\":\"ImageObject\",\"inLanguage\":\"pl-PL\",\"@id\":\"https:\/\/www.mojabochnia.pl\/?p=149954#primaryimage\",\"url\":\"https:\/\/www.mojabochnia.pl\/wp-content\/uploads\/2016\/04\/IMG_4970.jpg\",\"contentUrl\":\"https:\/\/www.mojabochnia.pl\/wp-content\/uploads\/2016\/04\/IMG_4970.jpg\",\"width\":800,\"height\":452,\"caption\":\"arch. szko\u0142y\"},{\"@type\":\"BreadcrumbList\",\"@id\":\"https:\/\/www.mojabochnia.pl\/?p=149954#breadcrumb\",\"itemListElement\":[{\"@type\":\"ListItem\",\"position\":1,\"name\":\"Home\",\"item\":\"https:\/\/www.mojabochnia.pl\/\"},{\"@type\":\"ListItem\",\"position\":2,\"name\":\"1050. rocznica Chrztu Polski w ZSG w Bogucicach\"}]},{\"@type\":\"WebSite\",\"@id\":\"https:\/\/www.mojabochnia.pl\/#website\",\"url\":\"https:\/\/www.mojabochnia.pl\/\",\"name\":\"mojabochnia.pl - portal informacyjny\",\"description\":\"mojaBochnia to portal informacyjny o Bochni. Codziennie o Bochni piszemy i pokazujemy najwa\u017cniejsze wydarzenia\",\"publisher\":{\"@id\":\"https:\/\/www.mojabochnia.pl\/#organization\"},\"potentialAction\":[{\"@type\":\"SearchAction\",\"target\":{\"@type\":\"EntryPoint\",\"urlTemplate\":\"https:\/\/www.mojabochnia.pl\/?s={search_term_string}\"},\"query-input\":{\"@type\":\"PropertyValueSpecification\",\"valueRequired\":true,\"valueName\":\"search_term_string\"}}],\"inLanguage\":\"pl-PL\"},{\"@type\":\"Organization\",\"@id\":\"https:\/\/www.mojabochnia.pl\/#organization\",\"name\":\"mojabochnia.pl - portal informacyjny\",\"url\":\"https:\/\/www.mojabochnia.pl\/\",\"logo\":{\"@type\":\"ImageObject\",\"inLanguage\":\"pl-PL\",\"@id\":\"https:\/\/www.mojabochnia.pl\/#\/schema\/logo\/image\/\",\"url\":\"https:\/\/www.mojabochnia.pl\/wp-content\/uploads\/2017\/08\/logo-mb-opt.png\",\"contentUrl\":\"https:\/\/www.mojabochnia.pl\/wp-content\/uploads\/2017\/08\/logo-mb-opt.png\",\"width\":250,\"height\":48,\"caption\":\"mojabochnia.pl - portal informacyjny\"},\"image\":{\"@id\":\"https:\/\/www.mojabochnia.pl\/#\/schema\/logo\/image\/\"},\"sameAs\":[\"https:\/\/www.facebook.com\/mojabochnia\"]},{\"@type\":\"Person\",\"@id\":\"https:\/\/www.mojabochnia.pl\/#\/schema\/person\/7e2f20ead9902216a3384f13606c0ab7\",\"name\":\"redakcja\",\"sameAs\":[\"http:\/\/\"],\"url\":\"https:\/\/www.mojabochnia.pl\/?author=13\"}]}<\/script>\n<!-- \/ Yoast SEO plugin. -->","yoast_head_json":{"title":"1050. rocznica Chrztu Polski w ZSG w Bogucicach - mojabochnia.pl - portal informacyjny","robots":{"index":"index","follow":"follow","max-snippet":"max-snippet:-1","max-image-preview":"max-image-preview:large","max-video-preview":"max-video-preview:-1"},"canonical":"https:\/\/www.mojabochnia.pl\/?p=149954","og_locale":"pl_PL","og_type":"article","og_title":"1050. rocznica Chrztu Polski w ZSG w Bogucicach - mojabochnia.pl - portal informacyjny","og_description":"15 kwietnia uczniowie ZSG w Bogucicach pr\u00f3bowali zrozumie\u0107 istot\u0119 1050. rocznicy chrztu Polski. Pom\u00f3g\u0142 im w tym wyk\u0142ad uczni\u00f3w klasy I gimnazjum: Aleksandry Jesionki oraz Szymona P\u0142anety.","og_url":"https:\/\/www.mojabochnia.pl\/?p=149954","og_site_name":"mojabochnia.pl - portal informacyjny","article_publisher":"https:\/\/www.facebook.com\/mojabochnia","article_published_time":"2016-04-19T08:45:56+00:00","og_image":[{"width":800,"height":452,"url":"https:\/\/www.mojabochnia.pl\/wp-content\/uploads\/2016\/04\/IMG_4970.jpg","type":"image\/jpeg"}],"author":"redakcja","twitter_card":"summary_large_image","twitter_misc":{"Written by":"redakcja","Est. reading time":"2 minuty"},"schema":{"@context":"https:\/\/schema.org","@graph":[{"@type":"Article","@id":"https:\/\/www.mojabochnia.pl\/?p=149954#article","isPartOf":{"@id":"https:\/\/www.mojabochnia.pl\/?p=149954"},"author":{"name":"redakcja","@id":"https:\/\/www.mojabochnia.pl\/#\/schema\/person\/7e2f20ead9902216a3384f13606c0ab7"},"headline":"1050. rocznica Chrztu Polski w ZSG w Bogucicach","datePublished":"2016-04-19T08:45:56+00:00","mainEntityOfPage":{"@id":"https:\/\/www.mojabochnia.pl\/?p=149954"},"wordCount":347,"commentCount":0,"publisher":{"@id":"https:\/\/www.mojabochnia.pl\/#organization"},"image":{"@id":"https:\/\/www.mojabochnia.pl\/?p=149954#primaryimage"},"thumbnailUrl":"https:\/\/www.mojabochnia.pl\/wp-content\/uploads\/2016\/04\/IMG_4970.jpg","keywords":["bogucice","szko\u0142a"],"articleSection":["2_ostatnie","polityka i wydarzenia","tematyka"],"inLanguage":"pl-PL","potentialAction":[{"@type":"CommentAction","name":"Comment","target":["https:\/\/www.mojabochnia.pl\/?p=149954#respond"]}]},{"@type":"WebPage","@id":"https:\/\/www.mojabochnia.pl\/?p=149954","url":"https:\/\/www.mojabochnia.pl\/?p=149954","name":"1050. rocznica Chrztu Polski w ZSG w Bogucicach - mojabochnia.pl - portal informacyjny","isPartOf":{"@id":"https:\/\/www.mojabochnia.pl\/#website"},"primaryImageOfPage":{"@id":"https:\/\/www.mojabochnia.pl\/?p=149954#primaryimage"},"image":{"@id":"https:\/\/www.mojabochnia.pl\/?p=149954#primaryimage"},"thumbnailUrl":"https:\/\/www.mojabochnia.pl\/wp-content\/uploads\/2016\/04\/IMG_4970.jpg","datePublished":"2016-04-19T08:45:56+00:00","breadcrumb":{"@id":"https:\/\/www.mojabochnia.pl\/?p=149954#breadcrumb"},"inLanguage":"pl-PL","potentialAction":[{"@type":"ReadAction","target":["https:\/\/www.mojabochnia.pl\/?p=149954"]}]},{"@type":"ImageObject","inLanguage":"pl-PL","@id":"https:\/\/www.mojabochnia.pl\/?p=149954#primaryimage","url":"https:\/\/www.mojabochnia.pl\/wp-content\/uploads\/2016\/04\/IMG_4970.jpg","contentUrl":"https:\/\/www.mojabochnia.pl\/wp-content\/uploads\/2016\/04\/IMG_4970.jpg","width":800,"height":452,"caption":"arch. szko\u0142y"},{"@type":"BreadcrumbList","@id":"https:\/\/www.mojabochnia.pl\/?p=149954#breadcrumb","itemListElement":[{"@type":"ListItem","position":1,"name":"Home","item":"https:\/\/www.mojabochnia.pl\/"},{"@type":"ListItem","position":2,"name":"1050. rocznica Chrztu Polski w ZSG w Bogucicach"}]},{"@type":"WebSite","@id":"https:\/\/www.mojabochnia.pl\/#website","url":"https:\/\/www.mojabochnia.pl\/","name":"mojabochnia.pl - portal informacyjny","description":"mojaBochnia to portal informacyjny o Bochni. Codziennie o Bochni piszemy i pokazujemy najwa\u017cniejsze wydarzenia","publisher":{"@id":"https:\/\/www.mojabochnia.pl\/#organization"},"potentialAction":[{"@type":"SearchAction","target":{"@type":"EntryPoint","urlTemplate":"https:\/\/www.mojabochnia.pl\/?s={search_term_string}"},"query-input":{"@type":"PropertyValueSpecification","valueRequired":true,"valueName":"search_term_string"}}],"inLanguage":"pl-PL"},{"@type":"Organization","@id":"https:\/\/www.mojabochnia.pl\/#organization","name":"mojabochnia.pl - portal informacyjny","url":"https:\/\/www.mojabochnia.pl\/","logo":{"@type":"ImageObject","inLanguage":"pl-PL","@id":"https:\/\/www.mojabochnia.pl\/#\/schema\/logo\/image\/","url":"https:\/\/www.mojabochnia.pl\/wp-content\/uploads\/2017\/08\/logo-mb-opt.png","contentUrl":"https:\/\/www.mojabochnia.pl\/wp-content\/uploads\/2017\/08\/logo-mb-opt.png","width":250,"height":48,"caption":"mojabochnia.pl - portal informacyjny"},"image":{"@id":"https:\/\/www.mojabochnia.pl\/#\/schema\/logo\/image\/"},"sameAs":["https:\/\/www.facebook.com\/mojabochnia"]},{"@type":"Person","@id":"https:\/\/www.mojabochnia.pl\/#\/schema\/person\/7e2f20ead9902216a3384f13606c0ab7","name":"redakcja","sameAs":["http:\/\/"],"url":"https:\/\/www.mojabochnia.pl\/?author=13"}]}},"_links":{"self":[{"href":"https:\/\/www.mojabochnia.pl\/index.php?rest_route=\/wp\/v2\/posts\/149954","targetHints":{"allow":["GET"]}}],"collection":[{"href":"https:\/\/www.mojabochnia.pl\/index.php?rest_route=\/wp\/v2\/posts"}],"about":[{"href":"https:\/\/www.mojabochnia.pl\/index.php?rest_route=\/wp\/v2\/types\/post"}],"author":[{"embeddable":true,"href":"https:\/\/www.mojabochnia.pl\/index.php?rest_route=\/wp\/v2\/users\/13"}],"replies":[{"embeddable":true,"href":"https:\/\/www.mojabochnia.pl\/index.php?rest_route=%2Fwp%2Fv2%2Fcomments&post=149954"}],"version-history":[{"count":3,"href":"https:\/\/www.mojabochnia.pl\/index.php?rest_route=\/wp\/v2\/posts\/149954\/revisions"}],"predecessor-version":[{"id":149958,"href":"https:\/\/www.mojabochnia.pl\/index.php?rest_route=\/wp\/v2\/posts\/149954\/revisions\/149958"}],"wp:featuredmedia":[{"embeddable":true,"href":"https:\/\/www.mojabochnia.pl\/index.php?rest_route=\/wp\/v2\/media\/149955"}],"wp:attachment":[{"href":"https:\/\/www.mojabochnia.pl\/index.php?rest_route=%2Fwp%2Fv2%2Fmedia&parent=149954"}],"wp:term":[{"taxonomy":"category","embeddable":true,"href":"https:\/\/www.mojabochnia.pl\/index.php?rest_route=%2Fwp%2Fv2%2Fcategories&post=149954"},{"taxonomy":"post_tag","embeddable":true,"href":"https:\/\/www.mojabochnia.pl\/index.php?rest_route=%2Fwp%2Fv2%2Ftags&post=149954"}],"curies":[{"name":"wp","href":"https:\/\/api.w.org\/{rel}","templated":true}]}}