{"id":147839,"date":"2016-03-17T09:25:47","date_gmt":"2016-03-17T08:25:47","guid":{"rendered":"http:\/\/www.mojabochnia.pl\/?p=147839"},"modified":"2016-03-17T09:29:13","modified_gmt":"2016-03-17T08:29:13","slug":"ks-wojciech-galda-kanonikiem-gremialnym-kapituly-bochenskiej","status":"publish","type":"post","link":"https:\/\/www.mojabochnia.pl\/?p=147839","title":{"rendered":"Ks. Wojciech Ga\u0142da Kanonikiem Gremialnym Kapitu\u0142y Boche\u0144skiej"},"content":{"rendered":"<p>Uroczyste w\u0142\u0105czenie proboszcza boche\u0144skiej parafii do kapitu\u0142y odby\u0142o si\u0119 we wtorek, 15 marca. Mszy \u015bw. z udzia\u0142em kanonik\u00f3w Kapitu\u0142y Kolegiackiej w Bochni przewodniczy\u0142 ks. prof. Janusz Kr\u00f3likowski.<\/p>\n","protected":false},"excerpt":{"rendered":"<p>Biskup tarnowski Andrzej Je\u017c mianowa\u0142 ks. Wojciecha Ga\u0142d\u0119, proboszcza parafii \u015bw. Miko\u0142aja w Bochni, Kanonikiem Gremialnym Kapitu\u0142y Boche\u0144skiej.<\/p>\n","protected":false},"author":13,"featured_media":144197,"comment_status":"open","ping_status":"closed","sticky":false,"template":"","format":"standard","meta":{"_acf_changed":false,"footnotes":""},"categories":[5,6250,1342],"tags":[17608,11763,4109,16515],"class_list":["post-147839","post","type-post","status-publish","format-standard","has-post-thumbnail","hentry","category-biezace-wydarzenia","category-tematyka","category-zycie-religijne","tag-bazylika","tag-kanonik","tag-kapitula","tag-ks-wojciech-galda","main_tag-proboszcz"],"acf":[],"yoast_head":"<!-- This site is optimized with the Yoast SEO plugin v26.9 - https:\/\/yoast.com\/product\/yoast-seo-wordpress\/ -->\n<title>Ks. Wojciech Ga\u0142da Kanonikiem Gremialnym Kapitu\u0142y Boche\u0144skiej - mojabochnia.pl - portal informacyjny<\/title>\n<meta name=\"robots\" content=\"index, follow, max-snippet:-1, max-image-preview:large, max-video-preview:-1\" \/>\n<link rel=\"canonical\" href=\"https:\/\/www.mojabochnia.pl\/?p=147839\" \/>\n<meta property=\"og:locale\" content=\"pl_PL\" \/>\n<meta property=\"og:type\" content=\"article\" \/>\n<meta property=\"og:title\" content=\"Ks. Wojciech Ga\u0142da Kanonikiem Gremialnym Kapitu\u0142y Boche\u0144skiej - mojabochnia.pl - portal informacyjny\" \/>\n<meta property=\"og:description\" content=\"Biskup tarnowski Andrzej Je\u017c mianowa\u0142 ks. Wojciecha Ga\u0142d\u0119, proboszcza parafii \u015bw. Miko\u0142aja w Bochni, Kanonikiem Gremialnym Kapitu\u0142y Boche\u0144skiej.\" \/>\n<meta property=\"og:url\" content=\"https:\/\/www.mojabochnia.pl\/?p=147839\" \/>\n<meta property=\"og:site_name\" content=\"mojabochnia.pl - portal informacyjny\" \/>\n<meta property=\"article:publisher\" content=\"https:\/\/www.facebook.com\/mojabochnia\" \/>\n<meta property=\"article:published_time\" content=\"2016-03-17T08:25:47+00:00\" \/>\n<meta property=\"article:modified_time\" content=\"2016-03-17T08:29:13+00:00\" \/>\n<meta property=\"og:image\" content=\"https:\/\/www.mojabochnia.pl\/wp-content\/uploads\/2016\/01\/IMG_6296.jpg\" \/>\n\t<meta property=\"og:image:width\" content=\"800\" \/>\n\t<meta property=\"og:image:height\" content=\"534\" \/>\n\t<meta property=\"og:image:type\" content=\"image\/jpeg\" \/>\n<meta name=\"author\" content=\"redakcja\" \/>\n<meta name=\"twitter:card\" content=\"summary_large_image\" \/>\n<meta name=\"twitter:label1\" content=\"Written by\" \/>\n\t<meta name=\"twitter:data1\" content=\"redakcja\" \/>\n<script type=\"application\/ld+json\" class=\"yoast-schema-graph\">{\"@context\":\"https:\/\/schema.org\",\"@graph\":[{\"@type\":\"Article\",\"@id\":\"https:\/\/www.mojabochnia.pl\/?p=147839#article\",\"isPartOf\":{\"@id\":\"https:\/\/www.mojabochnia.pl\/?p=147839\"},\"author\":{\"name\":\"redakcja\",\"@id\":\"https:\/\/www.mojabochnia.pl\/#\/schema\/person\/7e2f20ead9902216a3384f13606c0ab7\"},\"headline\":\"Ks. Wojciech Ga\u0142da Kanonikiem Gremialnym Kapitu\u0142y Boche\u0144skiej\",\"datePublished\":\"2016-03-17T08:25:47+00:00\",\"dateModified\":\"2016-03-17T08:29:13+00:00\",\"mainEntityOfPage\":{\"@id\":\"https:\/\/www.mojabochnia.pl\/?p=147839\"},\"wordCount\":44,\"commentCount\":0,\"publisher\":{\"@id\":\"https:\/\/www.mojabochnia.pl\/#organization\"},\"image\":{\"@id\":\"https:\/\/www.mojabochnia.pl\/?p=147839#primaryimage\"},\"thumbnailUrl\":\"https:\/\/www.mojabochnia.pl\/wp-content\/uploads\/2016\/01\/IMG_6296.jpg\",\"keywords\":[\"bazylika\",\"kanonik\",\"kapitu\u0142a\",\"ks. wojciech ga\u0142da\"],\"articleSection\":[\"2_ostatnie\",\"tematyka\",\"\u017bycie religijne\"],\"inLanguage\":\"pl-PL\",\"potentialAction\":[{\"@type\":\"CommentAction\",\"name\":\"Comment\",\"target\":[\"https:\/\/www.mojabochnia.pl\/?p=147839#respond\"]}]},{\"@type\":\"WebPage\",\"@id\":\"https:\/\/www.mojabochnia.pl\/?p=147839\",\"url\":\"https:\/\/www.mojabochnia.pl\/?p=147839\",\"name\":\"Ks. Wojciech Ga\u0142da Kanonikiem Gremialnym Kapitu\u0142y Boche\u0144skiej - mojabochnia.pl - portal informacyjny\",\"isPartOf\":{\"@id\":\"https:\/\/www.mojabochnia.pl\/#website\"},\"primaryImageOfPage\":{\"@id\":\"https:\/\/www.mojabochnia.pl\/?p=147839#primaryimage\"},\"image\":{\"@id\":\"https:\/\/www.mojabochnia.pl\/?p=147839#primaryimage\"},\"thumbnailUrl\":\"https:\/\/www.mojabochnia.pl\/wp-content\/uploads\/2016\/01\/IMG_6296.jpg\",\"datePublished\":\"2016-03-17T08:25:47+00:00\",\"dateModified\":\"2016-03-17T08:29:13+00:00\",\"breadcrumb\":{\"@id\":\"https:\/\/www.mojabochnia.pl\/?p=147839#breadcrumb\"},\"inLanguage\":\"pl-PL\",\"potentialAction\":[{\"@type\":\"ReadAction\",\"target\":[\"https:\/\/www.mojabochnia.pl\/?p=147839\"]}]},{\"@type\":\"ImageObject\",\"inLanguage\":\"pl-PL\",\"@id\":\"https:\/\/www.mojabochnia.pl\/?p=147839#primaryimage\",\"url\":\"https:\/\/www.mojabochnia.pl\/wp-content\/uploads\/2016\/01\/IMG_6296.jpg\",\"contentUrl\":\"https:\/\/www.mojabochnia.pl\/wp-content\/uploads\/2016\/01\/IMG_6296.jpg\",\"width\":800,\"height\":534,\"caption\":\"Pawe\u0142 Michalczyk\"},{\"@type\":\"BreadcrumbList\",\"@id\":\"https:\/\/www.mojabochnia.pl\/?p=147839#breadcrumb\",\"itemListElement\":[{\"@type\":\"ListItem\",\"position\":1,\"name\":\"Home\",\"item\":\"https:\/\/www.mojabochnia.pl\/\"},{\"@type\":\"ListItem\",\"position\":2,\"name\":\"Ks. Wojciech Ga\u0142da Kanonikiem Gremialnym Kapitu\u0142y Boche\u0144skiej\"}]},{\"@type\":\"WebSite\",\"@id\":\"https:\/\/www.mojabochnia.pl\/#website\",\"url\":\"https:\/\/www.mojabochnia.pl\/\",\"name\":\"mojabochnia.pl - portal informacyjny\",\"description\":\"mojaBochnia to portal informacyjny o Bochni. Codziennie o Bochni piszemy i pokazujemy najwa\u017cniejsze wydarzenia\",\"publisher\":{\"@id\":\"https:\/\/www.mojabochnia.pl\/#organization\"},\"potentialAction\":[{\"@type\":\"SearchAction\",\"target\":{\"@type\":\"EntryPoint\",\"urlTemplate\":\"https:\/\/www.mojabochnia.pl\/?s={search_term_string}\"},\"query-input\":{\"@type\":\"PropertyValueSpecification\",\"valueRequired\":true,\"valueName\":\"search_term_string\"}}],\"inLanguage\":\"pl-PL\"},{\"@type\":\"Organization\",\"@id\":\"https:\/\/www.mojabochnia.pl\/#organization\",\"name\":\"mojabochnia.pl - portal informacyjny\",\"url\":\"https:\/\/www.mojabochnia.pl\/\",\"logo\":{\"@type\":\"ImageObject\",\"inLanguage\":\"pl-PL\",\"@id\":\"https:\/\/www.mojabochnia.pl\/#\/schema\/logo\/image\/\",\"url\":\"https:\/\/www.mojabochnia.pl\/wp-content\/uploads\/2017\/08\/logo-mb-opt.png\",\"contentUrl\":\"https:\/\/www.mojabochnia.pl\/wp-content\/uploads\/2017\/08\/logo-mb-opt.png\",\"width\":250,\"height\":48,\"caption\":\"mojabochnia.pl - portal informacyjny\"},\"image\":{\"@id\":\"https:\/\/www.mojabochnia.pl\/#\/schema\/logo\/image\/\"},\"sameAs\":[\"https:\/\/www.facebook.com\/mojabochnia\"]},{\"@type\":\"Person\",\"@id\":\"https:\/\/www.mojabochnia.pl\/#\/schema\/person\/7e2f20ead9902216a3384f13606c0ab7\",\"name\":\"redakcja\",\"sameAs\":[\"http:\/\/\"],\"url\":\"https:\/\/www.mojabochnia.pl\/?author=13\"}]}<\/script>\n<!-- \/ Yoast SEO plugin. -->","yoast_head_json":{"title":"Ks. Wojciech Ga\u0142da Kanonikiem Gremialnym Kapitu\u0142y Boche\u0144skiej - mojabochnia.pl - portal informacyjny","robots":{"index":"index","follow":"follow","max-snippet":"max-snippet:-1","max-image-preview":"max-image-preview:large","max-video-preview":"max-video-preview:-1"},"canonical":"https:\/\/www.mojabochnia.pl\/?p=147839","og_locale":"pl_PL","og_type":"article","og_title":"Ks. Wojciech Ga\u0142da Kanonikiem Gremialnym Kapitu\u0142y Boche\u0144skiej - mojabochnia.pl - portal informacyjny","og_description":"Biskup tarnowski Andrzej Je\u017c mianowa\u0142 ks. Wojciecha Ga\u0142d\u0119, proboszcza parafii \u015bw. Miko\u0142aja w Bochni, Kanonikiem Gremialnym Kapitu\u0142y Boche\u0144skiej.","og_url":"https:\/\/www.mojabochnia.pl\/?p=147839","og_site_name":"mojabochnia.pl - portal informacyjny","article_publisher":"https:\/\/www.facebook.com\/mojabochnia","article_published_time":"2016-03-17T08:25:47+00:00","article_modified_time":"2016-03-17T08:29:13+00:00","og_image":[{"width":800,"height":534,"url":"https:\/\/www.mojabochnia.pl\/wp-content\/uploads\/2016\/01\/IMG_6296.jpg","type":"image\/jpeg"}],"author":"redakcja","twitter_card":"summary_large_image","twitter_misc":{"Written by":"redakcja"},"schema":{"@context":"https:\/\/schema.org","@graph":[{"@type":"Article","@id":"https:\/\/www.mojabochnia.pl\/?p=147839#article","isPartOf":{"@id":"https:\/\/www.mojabochnia.pl\/?p=147839"},"author":{"name":"redakcja","@id":"https:\/\/www.mojabochnia.pl\/#\/schema\/person\/7e2f20ead9902216a3384f13606c0ab7"},"headline":"Ks. Wojciech Ga\u0142da Kanonikiem Gremialnym Kapitu\u0142y Boche\u0144skiej","datePublished":"2016-03-17T08:25:47+00:00","dateModified":"2016-03-17T08:29:13+00:00","mainEntityOfPage":{"@id":"https:\/\/www.mojabochnia.pl\/?p=147839"},"wordCount":44,"commentCount":0,"publisher":{"@id":"https:\/\/www.mojabochnia.pl\/#organization"},"image":{"@id":"https:\/\/www.mojabochnia.pl\/?p=147839#primaryimage"},"thumbnailUrl":"https:\/\/www.mojabochnia.pl\/wp-content\/uploads\/2016\/01\/IMG_6296.jpg","keywords":["bazylika","kanonik","kapitu\u0142a","ks. wojciech ga\u0142da"],"articleSection":["2_ostatnie","tematyka","\u017bycie religijne"],"inLanguage":"pl-PL","potentialAction":[{"@type":"CommentAction","name":"Comment","target":["https:\/\/www.mojabochnia.pl\/?p=147839#respond"]}]},{"@type":"WebPage","@id":"https:\/\/www.mojabochnia.pl\/?p=147839","url":"https:\/\/www.mojabochnia.pl\/?p=147839","name":"Ks. Wojciech Ga\u0142da Kanonikiem Gremialnym Kapitu\u0142y Boche\u0144skiej - mojabochnia.pl - portal informacyjny","isPartOf":{"@id":"https:\/\/www.mojabochnia.pl\/#website"},"primaryImageOfPage":{"@id":"https:\/\/www.mojabochnia.pl\/?p=147839#primaryimage"},"image":{"@id":"https:\/\/www.mojabochnia.pl\/?p=147839#primaryimage"},"thumbnailUrl":"https:\/\/www.mojabochnia.pl\/wp-content\/uploads\/2016\/01\/IMG_6296.jpg","datePublished":"2016-03-17T08:25:47+00:00","dateModified":"2016-03-17T08:29:13+00:00","breadcrumb":{"@id":"https:\/\/www.mojabochnia.pl\/?p=147839#breadcrumb"},"inLanguage":"pl-PL","potentialAction":[{"@type":"ReadAction","target":["https:\/\/www.mojabochnia.pl\/?p=147839"]}]},{"@type":"ImageObject","inLanguage":"pl-PL","@id":"https:\/\/www.mojabochnia.pl\/?p=147839#primaryimage","url":"https:\/\/www.mojabochnia.pl\/wp-content\/uploads\/2016\/01\/IMG_6296.jpg","contentUrl":"https:\/\/www.mojabochnia.pl\/wp-content\/uploads\/2016\/01\/IMG_6296.jpg","width":800,"height":534,"caption":"Pawe\u0142 Michalczyk"},{"@type":"BreadcrumbList","@id":"https:\/\/www.mojabochnia.pl\/?p=147839#breadcrumb","itemListElement":[{"@type":"ListItem","position":1,"name":"Home","item":"https:\/\/www.mojabochnia.pl\/"},{"@type":"ListItem","position":2,"name":"Ks. Wojciech Ga\u0142da Kanonikiem Gremialnym Kapitu\u0142y Boche\u0144skiej"}]},{"@type":"WebSite","@id":"https:\/\/www.mojabochnia.pl\/#website","url":"https:\/\/www.mojabochnia.pl\/","name":"mojabochnia.pl - portal informacyjny","description":"mojaBochnia to portal informacyjny o Bochni. Codziennie o Bochni piszemy i pokazujemy najwa\u017cniejsze wydarzenia","publisher":{"@id":"https:\/\/www.mojabochnia.pl\/#organization"},"potentialAction":[{"@type":"SearchAction","target":{"@type":"EntryPoint","urlTemplate":"https:\/\/www.mojabochnia.pl\/?s={search_term_string}"},"query-input":{"@type":"PropertyValueSpecification","valueRequired":true,"valueName":"search_term_string"}}],"inLanguage":"pl-PL"},{"@type":"Organization","@id":"https:\/\/www.mojabochnia.pl\/#organization","name":"mojabochnia.pl - portal informacyjny","url":"https:\/\/www.mojabochnia.pl\/","logo":{"@type":"ImageObject","inLanguage":"pl-PL","@id":"https:\/\/www.mojabochnia.pl\/#\/schema\/logo\/image\/","url":"https:\/\/www.mojabochnia.pl\/wp-content\/uploads\/2017\/08\/logo-mb-opt.png","contentUrl":"https:\/\/www.mojabochnia.pl\/wp-content\/uploads\/2017\/08\/logo-mb-opt.png","width":250,"height":48,"caption":"mojabochnia.pl - portal informacyjny"},"image":{"@id":"https:\/\/www.mojabochnia.pl\/#\/schema\/logo\/image\/"},"sameAs":["https:\/\/www.facebook.com\/mojabochnia"]},{"@type":"Person","@id":"https:\/\/www.mojabochnia.pl\/#\/schema\/person\/7e2f20ead9902216a3384f13606c0ab7","name":"redakcja","sameAs":["http:\/\/"],"url":"https:\/\/www.mojabochnia.pl\/?author=13"}]}},"_links":{"self":[{"href":"https:\/\/www.mojabochnia.pl\/index.php?rest_route=\/wp\/v2\/posts\/147839","targetHints":{"allow":["GET"]}}],"collection":[{"href":"https:\/\/www.mojabochnia.pl\/index.php?rest_route=\/wp\/v2\/posts"}],"about":[{"href":"https:\/\/www.mojabochnia.pl\/index.php?rest_route=\/wp\/v2\/types\/post"}],"author":[{"embeddable":true,"href":"https:\/\/www.mojabochnia.pl\/index.php?rest_route=\/wp\/v2\/users\/13"}],"replies":[{"embeddable":true,"href":"https:\/\/www.mojabochnia.pl\/index.php?rest_route=%2Fwp%2Fv2%2Fcomments&post=147839"}],"version-history":[{"count":1,"href":"https:\/\/www.mojabochnia.pl\/index.php?rest_route=\/wp\/v2\/posts\/147839\/revisions"}],"predecessor-version":[{"id":147840,"href":"https:\/\/www.mojabochnia.pl\/index.php?rest_route=\/wp\/v2\/posts\/147839\/revisions\/147840"}],"wp:featuredmedia":[{"embeddable":true,"href":"https:\/\/www.mojabochnia.pl\/index.php?rest_route=\/wp\/v2\/media\/144197"}],"wp:attachment":[{"href":"https:\/\/www.mojabochnia.pl\/index.php?rest_route=%2Fwp%2Fv2%2Fmedia&parent=147839"}],"wp:term":[{"taxonomy":"category","embeddable":true,"href":"https:\/\/www.mojabochnia.pl\/index.php?rest_route=%2Fwp%2Fv2%2Fcategories&post=147839"},{"taxonomy":"post_tag","embeddable":true,"href":"https:\/\/www.mojabochnia.pl\/index.php?rest_route=%2Fwp%2Fv2%2Ftags&post=147839"}],"curies":[{"name":"wp","href":"https:\/\/api.w.org\/{rel}","templated":true}]}}