{"id":146150,"date":"2016-02-08T12:38:38","date_gmt":"2016-02-08T11:38:38","guid":{"rendered":"http:\/\/www.mojabochnia.pl\/?p=146150"},"modified":"2016-02-08T12:40:33","modified_gmt":"2016-02-08T11:40:33","slug":"krzeczowska-powiat-liczy-dni-zwloki-i-nalicza-kare-juz-cwierc-mln-zl","status":"publish","type":"post","link":"https:\/\/www.mojabochnia.pl\/?p=146150","title":{"rendered":"Krzeczowska: Powiat liczy dni zw\u0142oki i nalicza kar\u0119 &#8211; ju\u017c \u0107wier\u0107 mln z\u0142"},"content":{"rendered":"<p>Zgodnie z ustawionym znakiem, zakaz ruchu pod wiaduktem na ul. Krzeczowskiej &#8222;nie dotyczy dojazdu do posesji&#8221;. \u0141ukasz Ostr\u0119ga, rzecznik prasowy policji przyznaje, \u017ce policjanci na\u0142o\u017cyli tam kilka mandat\u00f3w karnych, ale zaznacza, \u017ce nie jest to zorganizowana akcja nastawiona na represjonowanie kierowc\u00f3w. <\/p>\n<p>Andrzej Koprowski, asystent burmistrza Bochni przypomina, \u017ce przejazd mia\u0142 by\u0107 gotowy na prze\u0142omie grudnia i stycznia, tymczasem jest ju\u017c 8 lutego. <em>Jak wida\u0107, inwestycja dalej stoi i to stoi w taki spos\u00f3b, \u017ce nic si\u0119 tam praktycznie nie dzieje. Wysy\u0142ali\u015bmy pisma, ostatnio zast\u0119pca burmistrza pan Robert Cerazy zwr\u00f3ci\u0142 si\u0119 mailem, odpowiedzi nie ma. Osoby, kt\u00f3re odpowiadaj\u0105 za t\u0119 inwestycj\u0119 nie odbieraj\u0105 telefon\u00f3w, wi\u0119c trudno nam co\u015b powiedzie\u0107 <\/em>\u2013 m\u00f3wi Andrzej Koprowski, asystent burmistrza Bochni. <\/p>\n<p>Dorota Szalacha, z zespo\u0142u prasowego PKP PLK poinformowa\u0142a nas, \u017ce wykonawca nie m\u00f3g\u0142 prowadzi\u0107 prac w podawanym wcze\u015bniej terminie, bo ziemia by\u0142a zamarzni\u0119ta. Wznowi\u0142 je 2 lutego, obecnie obowi\u0105zuj\u0105cy termin zako\u0144czenia to ok. 17 lutego. <em>Wykonawca<\/em> [\u2026] <em>w dalszym ci\u0105gu utrzymuje, \u017ce prace drogowe pod nowym wiaduktem w Bochni b\u0119d\u0105 trwa\u0142y oko\u0142o dw\u00f3ch tygodni (przy sprzyjaj\u0105cych warunkach pogodowych). Puszczenie ruchu samochodowego i pieszego planuje od ok. 17 lutego<\/em>.<\/p>\n<p><em>Patrz\u0105c na to, co robi PKP, trudno uwierzy\u0107, \u017ce dotrzymaj\u0105 tym razem terminu. Oby tak si\u0119 sta\u0142o <\/em>\u2013 dodaje asystent burmistrza.<\/p>\n<p>Rosn\u0105cym op\u00f3\u017anieniem niepokoj\u0105 si\u0119 te\u017c w\u0142adze powiatu. <em>Starostwo Powiatowe w Bochni wystosowa\u0142o pismo do Trakcja PRKiL S.A wzywaj\u0105ce do zintensyfikowania prac i niezw\u0142ocznego udost\u0119pnienia przejazdu pod wiaduktem kolejowym wraz z przebudowan\u0105 drog\u0105 powiatow\u0105<\/em> \u2013 informuje biuro prasowe starostwa.<\/p>\n<p>Zgodnie z zawartym porozumieniem, wykonawca &#8211; Tiltra PRKiI S.A zobowi\u0105za\u0142 si\u0119 do udost\u0119pnienia przejazdu pod wiaduktem kolejowym wraz z przebudow\u0105 drogi powiatowej w Bochni przy ul. Krzeczowskiej dla transportu samochodowego oraz ruchu pieszych <strong>w nieprzekraczalnym terminie do 31 pa\u017adziernika 2015 r.<\/strong> <em>Aktualnie &#8211; na dzie\u0144 dzisiejszy przejazd i droga nie zosta\u0142y zgodnie z warunkami porozumienia uko\u0144czone i udost\u0119pnione dla ruchu samochodowego oraz ruchu pieszych. Zgodnie z porozumieniem w przypadku zw\u0142oki, powiat ma prawo naliczy\u0107 kar\u0119 umown\u0105 w wysoko\u015bci 2 500 z\u0142 za ka\u017cdy dzie\u0144 zw\u0142oki <\/em>\u2013 czytamy w komunikacie biura prasowego. <\/p>\n<p>Jak poinformowa\u0142 nas wicestarosta J\u00f3zef Mroczek, powiat tak\u0105 kar\u0119 naliczy. Do dzisiaj wykonawca przekroczy\u0142 termin zawarty w porozumieniu o 99 dni, co daje <strong>blisko \u0107wier\u0107 miliona z\u0142otych kary<\/strong>. <\/p>\n<p>Rodzi si\u0119 pytanie, czy i jakie kary na rzecz wykonawcy naliczy PKP. <em>Przebudowa wiadukt\u00f3w w Bochni realizowana jest przez PKP Polskie Linie Kolejowe w ramach modernizacji linii kolejowej E30 Krak\u00f3w \u2013 Rzesz\u00f3w, na odcinku Pod\u0142\u0119\u017ce \u2013 Bochnia. Inwestycja jest przedsi\u0119wzi\u0119ciem z\u0142o\u017conym (wielobran\u017cowym) i skomplikowanym,  z uwagi na zakres prac oraz warunki, w jakich jest realizowana. Prace s\u0105 prowadzone przy jednoczesnym zachowaniu przejezdno\u015bci w ruchu kolejowym, co z kolei wymaga fazowania rob\u00f3t (tj. np. wykonywania ich najpierw na jednej cz\u0119\u015bci tor\u00f3w, p\u00f3\u017aniej prze\u0142o\u017ceniu ruchu na zmodernizowane tory  i nast\u0119pnie prace na drugiej cz\u0119\u015bci tor\u00f3w). Wykonawca przygotowuje wcze\u015bniej harmonogramy przebudowy obiekt\u00f3w, kt\u00f3re mog\u0105 ulega\u0107 przesuni\u0119ciu z przyczyn obiektywnych. Wystarczy czasem drobna zmiana  w przebiegu prac wielobran\u017cowych, b\u0105d\u017a nieprzewidziane okoliczno\u015bci, kt\u00f3re powoduj\u0105 przesuni\u0119cie termin\u00f3w modernizacji wiadukt\u00f3w (b\u0105d\u017a innych obiekt\u00f3w). W\u00f3wczas harmonogramy musz\u0105 by\u0107 na bie\u017c\u0105co uzgadniane i aktualizowane, tak jak w przypadku wiadukt\u00f3w w Bochni<\/em> &#8211; informuje Dorota Szalacha z zespo\u0142u prasowego PKP PLK.<\/p>\n<p><em>Wykonawca kontraktu inwestycyjnego b\u0119dzie rozliczany ca\u0142o\u015bciowo, po zako\u0144czeniu wszystkich prac na odcinku Pod\u0142\u0119\u017ce \u2013 Bochnia. W przypadku op\u00f3\u017anienia, zostan\u0105 wyci\u0105gni\u0119te konsekwencje, przewidziane kontraktem<\/em> &#8211; dodaje Dorota Szalacha.<\/p>\n\t  \r\n\t\r\n\t    <div class=\"mb-gallery\">\r\n\t    <a href=\"https:\/\/www.mojabochnia.pl\/?attachment_id=146152\" class=\"\"><img loading=\"lazy\" decoding=\"async\" width=\"100\" height=\"57\" src=\"https:\/\/www.mojabochnia.pl\/wp-content\/uploads\/2016\/02\/IMG_20160208_075111-120x68.jpg\" class=\"attachment-100x100 size-100x100\" alt=\"\" srcset=\"https:\/\/www.mojabochnia.pl\/wp-content\/uploads\/2016\/02\/IMG_20160208_075111-120x68.jpg 120w, https:\/\/www.mojabochnia.pl\/wp-content\/uploads\/2016\/02\/IMG_20160208_075111-468x268.jpg 468w, https:\/\/www.mojabochnia.pl\/wp-content\/uploads\/2016\/02\/IMG_20160208_075111-660x378.jpg 660w, https:\/\/www.mojabochnia.pl\/wp-content\/uploads\/2016\/02\/IMG_20160208_075111-152x87.jpg 152w, https:\/\/www.mojabochnia.pl\/wp-content\/uploads\/2016\/02\/IMG_20160208_075111.jpg 800w\" sizes=\"auto, (max-width: 100px) 100vw, 100px\" \/><\/a><a href=\"https:\/\/www.mojabochnia.pl\/?attachment_id=146153\" class=\"\"><img loading=\"lazy\" decoding=\"async\" width=\"100\" height=\"59\" src=\"https:\/\/www.mojabochnia.pl\/wp-content\/uploads\/2016\/02\/IMG_20160208_075142-120x71.jpg\" class=\"attachment-100x100 size-100x100\" alt=\"\" srcset=\"https:\/\/www.mojabochnia.pl\/wp-content\/uploads\/2016\/02\/IMG_20160208_075142-120x71.jpg 120w, https:\/\/www.mojabochnia.pl\/wp-content\/uploads\/2016\/02\/IMG_20160208_075142-468x277.jpg 468w, https:\/\/www.mojabochnia.pl\/wp-content\/uploads\/2016\/02\/IMG_20160208_075142-660x391.jpg 660w, https:\/\/www.mojabochnia.pl\/wp-content\/uploads\/2016\/02\/IMG_20160208_075142-152x90.jpg 152w, https:\/\/www.mojabochnia.pl\/wp-content\/uploads\/2016\/02\/IMG_20160208_075142.jpg 800w\" sizes=\"auto, (max-width: 100px) 100vw, 100px\" \/><\/a><a href=\"https:\/\/www.mojabochnia.pl\/?attachment_id=146154\" class=\"\"><img loading=\"lazy\" decoding=\"async\" width=\"100\" height=\"56\" src=\"https:\/\/www.mojabochnia.pl\/wp-content\/uploads\/2016\/02\/IMG_20160208_075315-120x67.jpg\" class=\"attachment-100x100 size-100x100\" alt=\"\" srcset=\"https:\/\/www.mojabochnia.pl\/wp-content\/uploads\/2016\/02\/IMG_20160208_075315-120x67.jpg 120w, https:\/\/www.mojabochnia.pl\/wp-content\/uploads\/2016\/02\/IMG_20160208_075315-468x263.jpg 468w, https:\/\/www.mojabochnia.pl\/wp-content\/uploads\/2016\/02\/IMG_20160208_075315-660x371.jpg 660w, https:\/\/www.mojabochnia.pl\/wp-content\/uploads\/2016\/02\/IMG_20160208_075315-152x85.jpg 152w, https:\/\/www.mojabochnia.pl\/wp-content\/uploads\/2016\/02\/IMG_20160208_075315.jpg 800w\" sizes=\"auto, (max-width: 100px) 100vw, 100px\" \/><\/a><a href=\"https:\/\/www.mojabochnia.pl\/?attachment_id=146155\" class=\"\"><img loading=\"lazy\" decoding=\"async\" width=\"100\" height=\"56\" src=\"https:\/\/www.mojabochnia.pl\/wp-content\/uploads\/2016\/02\/IMG_20160208_075348-120x67.jpg\" class=\"attachment-100x100 size-100x100\" alt=\"\" srcset=\"https:\/\/www.mojabochnia.pl\/wp-content\/uploads\/2016\/02\/IMG_20160208_075348-120x67.jpg 120w, https:\/\/www.mojabochnia.pl\/wp-content\/uploads\/2016\/02\/IMG_20160208_075348-468x263.jpg 468w, https:\/\/www.mojabochnia.pl\/wp-content\/uploads\/2016\/02\/IMG_20160208_075348-660x371.jpg 660w, https:\/\/www.mojabochnia.pl\/wp-content\/uploads\/2016\/02\/IMG_20160208_075348-152x85.jpg 152w, https:\/\/www.mojabochnia.pl\/wp-content\/uploads\/2016\/02\/IMG_20160208_075348.jpg 800w\" sizes=\"auto, (max-width: 100px) 100vw, 100px\" \/><\/a>\t    <\/div>\r\n\t    ","protected":false},"excerpt":{"rendered":"<p>Przejazd pod wiaduktem na ul. Krzeczowskiej w Bochni ci\u0105gle nie jest gotowy. Tu\u017c przed Bo\u017cym Narodzeniem uruchomiono drog\u0119 tylko dla mieszka\u0144c\u00f3w. Osoby \u0142ami\u0105ce zakaz ruchu bywaj\u0105 karane przez policj\u0119. Kierowcy, ale r\u00f3wnie\u017c w\u0142adze miasta i powiatu niecierpliwi\u0105 si\u0119. <\/p>\n","protected":false},"author":4,"featured_media":146155,"comment_status":"open","ping_status":"closed","sticky":false,"template":"","format":"standard","meta":{"_acf_changed":false,"footnotes":""},"categories":[5,6247,6246,6251,6250],"tags":[16115,438,1051,17267],"class_list":["post-146150","post","type-post","status-publish","format-standard","has-post-thumbnail","hentry","category-biezace-wydarzenia","category-fotogaleria","category-medium","category-polityka-i-wydarzenia","category-tematyka","tag-dorota-szalacha","tag-pkp","tag-ul-krzeczowska","tag-wiadukt","main_tag-wiadukt"],"acf":[],"yoast_head":"<!-- This site is optimized with the Yoast SEO plugin v26.9 - https:\/\/yoast.com\/product\/yoast-seo-wordpress\/ -->\n<title>Krzeczowska: Powiat liczy dni zw\u0142oki i nalicza kar\u0119 - ju\u017c \u0107wier\u0107 mln z\u0142 - mojabochnia.pl - portal informacyjny<\/title>\n<meta name=\"robots\" content=\"index, follow, max-snippet:-1, max-image-preview:large, max-video-preview:-1\" \/>\n<link rel=\"canonical\" href=\"https:\/\/www.mojabochnia.pl\/?p=146150\" \/>\n<meta property=\"og:locale\" content=\"pl_PL\" \/>\n<meta property=\"og:type\" content=\"article\" \/>\n<meta property=\"og:title\" content=\"Krzeczowska: Powiat liczy dni zw\u0142oki i nalicza kar\u0119 - ju\u017c \u0107wier\u0107 mln z\u0142 - mojabochnia.pl - portal informacyjny\" \/>\n<meta property=\"og:description\" content=\"Przejazd pod wiaduktem na ul. Krzeczowskiej w Bochni ci\u0105gle nie jest gotowy. Tu\u017c przed Bo\u017cym Narodzeniem uruchomiono drog\u0119 tylko dla mieszka\u0144c\u00f3w. Osoby \u0142ami\u0105ce zakaz ruchu bywaj\u0105 karane przez policj\u0119. Kierowcy, ale r\u00f3wnie\u017c w\u0142adze miasta i powiatu niecierpliwi\u0105 si\u0119.\" \/>\n<meta property=\"og:url\" content=\"https:\/\/www.mojabochnia.pl\/?p=146150\" \/>\n<meta property=\"og:site_name\" content=\"mojabochnia.pl - portal informacyjny\" \/>\n<meta property=\"article:publisher\" content=\"https:\/\/www.facebook.com\/mojabochnia\" \/>\n<meta property=\"article:published_time\" content=\"2016-02-08T11:38:38+00:00\" \/>\n<meta property=\"article:modified_time\" content=\"2016-02-08T11:40:33+00:00\" \/>\n<meta property=\"og:image\" content=\"https:\/\/www.mojabochnia.pl\/wp-content\/uploads\/2016\/02\/IMG_20160208_075348.jpg\" \/>\n\t<meta property=\"og:image:width\" content=\"800\" \/>\n\t<meta property=\"og:image:height\" content=\"450\" \/>\n\t<meta property=\"og:image:type\" content=\"image\/jpeg\" \/>\n<meta name=\"author\" content=\"Pawe\u0142 Michalczyk\" \/>\n<meta name=\"twitter:card\" content=\"summary_large_image\" \/>\n<meta name=\"twitter:label1\" content=\"Written by\" \/>\n\t<meta name=\"twitter:data1\" content=\"Pawe\u0142 Michalczyk\" \/>\n\t<meta name=\"twitter:label2\" content=\"Est. reading time\" \/>\n\t<meta name=\"twitter:data2\" content=\"3 minuty\" \/>\n<script type=\"application\/ld+json\" class=\"yoast-schema-graph\">{\"@context\":\"https:\/\/schema.org\",\"@graph\":[{\"@type\":\"Article\",\"@id\":\"https:\/\/www.mojabochnia.pl\/?p=146150#article\",\"isPartOf\":{\"@id\":\"https:\/\/www.mojabochnia.pl\/?p=146150\"},\"author\":{\"name\":\"Pawe\u0142 Michalczyk\",\"@id\":\"https:\/\/www.mojabochnia.pl\/#\/schema\/person\/ea042e4724a77627963f02166828ead4\"},\"headline\":\"Krzeczowska: Powiat liczy dni zw\u0142oki i nalicza kar\u0119 &#8211; ju\u017c \u0107wier\u0107 mln z\u0142\",\"datePublished\":\"2016-02-08T11:38:38+00:00\",\"dateModified\":\"2016-02-08T11:40:33+00:00\",\"mainEntityOfPage\":{\"@id\":\"https:\/\/www.mojabochnia.pl\/?p=146150\"},\"wordCount\":633,\"commentCount\":0,\"publisher\":{\"@id\":\"https:\/\/www.mojabochnia.pl\/#organization\"},\"image\":{\"@id\":\"https:\/\/www.mojabochnia.pl\/?p=146150#primaryimage\"},\"thumbnailUrl\":\"https:\/\/www.mojabochnia.pl\/wp-content\/uploads\/2016\/02\/IMG_20160208_075348.jpg\",\"keywords\":[\"dorota szalacha\",\"PKP\",\"ul. krzeczowska\",\"wiadukt\"],\"articleSection\":[\"2_ostatnie\",\"fotogaleria\",\"Medium\",\"polityka i wydarzenia\",\"tematyka\"],\"inLanguage\":\"pl-PL\",\"potentialAction\":[{\"@type\":\"CommentAction\",\"name\":\"Comment\",\"target\":[\"https:\/\/www.mojabochnia.pl\/?p=146150#respond\"]}]},{\"@type\":\"WebPage\",\"@id\":\"https:\/\/www.mojabochnia.pl\/?p=146150\",\"url\":\"https:\/\/www.mojabochnia.pl\/?p=146150\",\"name\":\"Krzeczowska: Powiat liczy dni zw\u0142oki i nalicza kar\u0119 - ju\u017c \u0107wier\u0107 mln z\u0142 - mojabochnia.pl - portal informacyjny\",\"isPartOf\":{\"@id\":\"https:\/\/www.mojabochnia.pl\/#website\"},\"primaryImageOfPage\":{\"@id\":\"https:\/\/www.mojabochnia.pl\/?p=146150#primaryimage\"},\"image\":{\"@id\":\"https:\/\/www.mojabochnia.pl\/?p=146150#primaryimage\"},\"thumbnailUrl\":\"https:\/\/www.mojabochnia.pl\/wp-content\/uploads\/2016\/02\/IMG_20160208_075348.jpg\",\"datePublished\":\"2016-02-08T11:38:38+00:00\",\"dateModified\":\"2016-02-08T11:40:33+00:00\",\"breadcrumb\":{\"@id\":\"https:\/\/www.mojabochnia.pl\/?p=146150#breadcrumb\"},\"inLanguage\":\"pl-PL\",\"potentialAction\":[{\"@type\":\"ReadAction\",\"target\":[\"https:\/\/www.mojabochnia.pl\/?p=146150\"]}]},{\"@type\":\"ImageObject\",\"inLanguage\":\"pl-PL\",\"@id\":\"https:\/\/www.mojabochnia.pl\/?p=146150#primaryimage\",\"url\":\"https:\/\/www.mojabochnia.pl\/wp-content\/uploads\/2016\/02\/IMG_20160208_075348.jpg\",\"contentUrl\":\"https:\/\/www.mojabochnia.pl\/wp-content\/uploads\/2016\/02\/IMG_20160208_075348.jpg\",\"width\":800,\"height\":450,\"caption\":\"Pawe\u0142 Michalczyk\"},{\"@type\":\"BreadcrumbList\",\"@id\":\"https:\/\/www.mojabochnia.pl\/?p=146150#breadcrumb\",\"itemListElement\":[{\"@type\":\"ListItem\",\"position\":1,\"name\":\"Home\",\"item\":\"https:\/\/www.mojabochnia.pl\/\"},{\"@type\":\"ListItem\",\"position\":2,\"name\":\"Krzeczowska: Powiat liczy dni zw\u0142oki i nalicza kar\u0119 &#8211; ju\u017c \u0107wier\u0107 mln z\u0142\"}]},{\"@type\":\"WebSite\",\"@id\":\"https:\/\/www.mojabochnia.pl\/#website\",\"url\":\"https:\/\/www.mojabochnia.pl\/\",\"name\":\"mojabochnia.pl - portal informacyjny\",\"description\":\"mojaBochnia to portal informacyjny o Bochni. Codziennie o Bochni piszemy i pokazujemy najwa\u017cniejsze wydarzenia\",\"publisher\":{\"@id\":\"https:\/\/www.mojabochnia.pl\/#organization\"},\"potentialAction\":[{\"@type\":\"SearchAction\",\"target\":{\"@type\":\"EntryPoint\",\"urlTemplate\":\"https:\/\/www.mojabochnia.pl\/?s={search_term_string}\"},\"query-input\":{\"@type\":\"PropertyValueSpecification\",\"valueRequired\":true,\"valueName\":\"search_term_string\"}}],\"inLanguage\":\"pl-PL\"},{\"@type\":\"Organization\",\"@id\":\"https:\/\/www.mojabochnia.pl\/#organization\",\"name\":\"mojabochnia.pl - portal informacyjny\",\"url\":\"https:\/\/www.mojabochnia.pl\/\",\"logo\":{\"@type\":\"ImageObject\",\"inLanguage\":\"pl-PL\",\"@id\":\"https:\/\/www.mojabochnia.pl\/#\/schema\/logo\/image\/\",\"url\":\"https:\/\/www.mojabochnia.pl\/wp-content\/uploads\/2017\/08\/logo-mb-opt.png\",\"contentUrl\":\"https:\/\/www.mojabochnia.pl\/wp-content\/uploads\/2017\/08\/logo-mb-opt.png\",\"width\":250,\"height\":48,\"caption\":\"mojabochnia.pl - portal informacyjny\"},\"image\":{\"@id\":\"https:\/\/www.mojabochnia.pl\/#\/schema\/logo\/image\/\"},\"sameAs\":[\"https:\/\/www.facebook.com\/mojabochnia\"]},{\"@type\":\"Person\",\"@id\":\"https:\/\/www.mojabochnia.pl\/#\/schema\/person\/ea042e4724a77627963f02166828ead4\",\"name\":\"Pawe\u0142 Michalczyk\",\"url\":\"https:\/\/www.mojabochnia.pl\/?author=4\"}]}<\/script>\n<!-- \/ Yoast SEO plugin. -->","yoast_head_json":{"title":"Krzeczowska: Powiat liczy dni zw\u0142oki i nalicza kar\u0119 - ju\u017c \u0107wier\u0107 mln z\u0142 - mojabochnia.pl - portal informacyjny","robots":{"index":"index","follow":"follow","max-snippet":"max-snippet:-1","max-image-preview":"max-image-preview:large","max-video-preview":"max-video-preview:-1"},"canonical":"https:\/\/www.mojabochnia.pl\/?p=146150","og_locale":"pl_PL","og_type":"article","og_title":"Krzeczowska: Powiat liczy dni zw\u0142oki i nalicza kar\u0119 - ju\u017c \u0107wier\u0107 mln z\u0142 - mojabochnia.pl - portal informacyjny","og_description":"Przejazd pod wiaduktem na ul. Krzeczowskiej w Bochni ci\u0105gle nie jest gotowy. Tu\u017c przed Bo\u017cym Narodzeniem uruchomiono drog\u0119 tylko dla mieszka\u0144c\u00f3w. Osoby \u0142ami\u0105ce zakaz ruchu bywaj\u0105 karane przez policj\u0119. Kierowcy, ale r\u00f3wnie\u017c w\u0142adze miasta i powiatu niecierpliwi\u0105 si\u0119.","og_url":"https:\/\/www.mojabochnia.pl\/?p=146150","og_site_name":"mojabochnia.pl - portal informacyjny","article_publisher":"https:\/\/www.facebook.com\/mojabochnia","article_published_time":"2016-02-08T11:38:38+00:00","article_modified_time":"2016-02-08T11:40:33+00:00","og_image":[{"width":800,"height":450,"url":"https:\/\/www.mojabochnia.pl\/wp-content\/uploads\/2016\/02\/IMG_20160208_075348.jpg","type":"image\/jpeg"}],"author":"Pawe\u0142 Michalczyk","twitter_card":"summary_large_image","twitter_misc":{"Written by":"Pawe\u0142 Michalczyk","Est. reading time":"3 minuty"},"schema":{"@context":"https:\/\/schema.org","@graph":[{"@type":"Article","@id":"https:\/\/www.mojabochnia.pl\/?p=146150#article","isPartOf":{"@id":"https:\/\/www.mojabochnia.pl\/?p=146150"},"author":{"name":"Pawe\u0142 Michalczyk","@id":"https:\/\/www.mojabochnia.pl\/#\/schema\/person\/ea042e4724a77627963f02166828ead4"},"headline":"Krzeczowska: Powiat liczy dni zw\u0142oki i nalicza kar\u0119 &#8211; ju\u017c \u0107wier\u0107 mln z\u0142","datePublished":"2016-02-08T11:38:38+00:00","dateModified":"2016-02-08T11:40:33+00:00","mainEntityOfPage":{"@id":"https:\/\/www.mojabochnia.pl\/?p=146150"},"wordCount":633,"commentCount":0,"publisher":{"@id":"https:\/\/www.mojabochnia.pl\/#organization"},"image":{"@id":"https:\/\/www.mojabochnia.pl\/?p=146150#primaryimage"},"thumbnailUrl":"https:\/\/www.mojabochnia.pl\/wp-content\/uploads\/2016\/02\/IMG_20160208_075348.jpg","keywords":["dorota szalacha","PKP","ul. krzeczowska","wiadukt"],"articleSection":["2_ostatnie","fotogaleria","Medium","polityka i wydarzenia","tematyka"],"inLanguage":"pl-PL","potentialAction":[{"@type":"CommentAction","name":"Comment","target":["https:\/\/www.mojabochnia.pl\/?p=146150#respond"]}]},{"@type":"WebPage","@id":"https:\/\/www.mojabochnia.pl\/?p=146150","url":"https:\/\/www.mojabochnia.pl\/?p=146150","name":"Krzeczowska: Powiat liczy dni zw\u0142oki i nalicza kar\u0119 - ju\u017c \u0107wier\u0107 mln z\u0142 - mojabochnia.pl - portal informacyjny","isPartOf":{"@id":"https:\/\/www.mojabochnia.pl\/#website"},"primaryImageOfPage":{"@id":"https:\/\/www.mojabochnia.pl\/?p=146150#primaryimage"},"image":{"@id":"https:\/\/www.mojabochnia.pl\/?p=146150#primaryimage"},"thumbnailUrl":"https:\/\/www.mojabochnia.pl\/wp-content\/uploads\/2016\/02\/IMG_20160208_075348.jpg","datePublished":"2016-02-08T11:38:38+00:00","dateModified":"2016-02-08T11:40:33+00:00","breadcrumb":{"@id":"https:\/\/www.mojabochnia.pl\/?p=146150#breadcrumb"},"inLanguage":"pl-PL","potentialAction":[{"@type":"ReadAction","target":["https:\/\/www.mojabochnia.pl\/?p=146150"]}]},{"@type":"ImageObject","inLanguage":"pl-PL","@id":"https:\/\/www.mojabochnia.pl\/?p=146150#primaryimage","url":"https:\/\/www.mojabochnia.pl\/wp-content\/uploads\/2016\/02\/IMG_20160208_075348.jpg","contentUrl":"https:\/\/www.mojabochnia.pl\/wp-content\/uploads\/2016\/02\/IMG_20160208_075348.jpg","width":800,"height":450,"caption":"Pawe\u0142 Michalczyk"},{"@type":"BreadcrumbList","@id":"https:\/\/www.mojabochnia.pl\/?p=146150#breadcrumb","itemListElement":[{"@type":"ListItem","position":1,"name":"Home","item":"https:\/\/www.mojabochnia.pl\/"},{"@type":"ListItem","position":2,"name":"Krzeczowska: Powiat liczy dni zw\u0142oki i nalicza kar\u0119 &#8211; ju\u017c \u0107wier\u0107 mln z\u0142"}]},{"@type":"WebSite","@id":"https:\/\/www.mojabochnia.pl\/#website","url":"https:\/\/www.mojabochnia.pl\/","name":"mojabochnia.pl - portal informacyjny","description":"mojaBochnia to portal informacyjny o Bochni. Codziennie o Bochni piszemy i pokazujemy najwa\u017cniejsze wydarzenia","publisher":{"@id":"https:\/\/www.mojabochnia.pl\/#organization"},"potentialAction":[{"@type":"SearchAction","target":{"@type":"EntryPoint","urlTemplate":"https:\/\/www.mojabochnia.pl\/?s={search_term_string}"},"query-input":{"@type":"PropertyValueSpecification","valueRequired":true,"valueName":"search_term_string"}}],"inLanguage":"pl-PL"},{"@type":"Organization","@id":"https:\/\/www.mojabochnia.pl\/#organization","name":"mojabochnia.pl - portal informacyjny","url":"https:\/\/www.mojabochnia.pl\/","logo":{"@type":"ImageObject","inLanguage":"pl-PL","@id":"https:\/\/www.mojabochnia.pl\/#\/schema\/logo\/image\/","url":"https:\/\/www.mojabochnia.pl\/wp-content\/uploads\/2017\/08\/logo-mb-opt.png","contentUrl":"https:\/\/www.mojabochnia.pl\/wp-content\/uploads\/2017\/08\/logo-mb-opt.png","width":250,"height":48,"caption":"mojabochnia.pl - portal informacyjny"},"image":{"@id":"https:\/\/www.mojabochnia.pl\/#\/schema\/logo\/image\/"},"sameAs":["https:\/\/www.facebook.com\/mojabochnia"]},{"@type":"Person","@id":"https:\/\/www.mojabochnia.pl\/#\/schema\/person\/ea042e4724a77627963f02166828ead4","name":"Pawe\u0142 Michalczyk","url":"https:\/\/www.mojabochnia.pl\/?author=4"}]}},"_links":{"self":[{"href":"https:\/\/www.mojabochnia.pl\/index.php?rest_route=\/wp\/v2\/posts\/146150","targetHints":{"allow":["GET"]}}],"collection":[{"href":"https:\/\/www.mojabochnia.pl\/index.php?rest_route=\/wp\/v2\/posts"}],"about":[{"href":"https:\/\/www.mojabochnia.pl\/index.php?rest_route=\/wp\/v2\/types\/post"}],"author":[{"embeddable":true,"href":"https:\/\/www.mojabochnia.pl\/index.php?rest_route=\/wp\/v2\/users\/4"}],"replies":[{"embeddable":true,"href":"https:\/\/www.mojabochnia.pl\/index.php?rest_route=%2Fwp%2Fv2%2Fcomments&post=146150"}],"version-history":[{"count":6,"href":"https:\/\/www.mojabochnia.pl\/index.php?rest_route=\/wp\/v2\/posts\/146150\/revisions"}],"predecessor-version":[{"id":146160,"href":"https:\/\/www.mojabochnia.pl\/index.php?rest_route=\/wp\/v2\/posts\/146150\/revisions\/146160"}],"wp:featuredmedia":[{"embeddable":true,"href":"https:\/\/www.mojabochnia.pl\/index.php?rest_route=\/wp\/v2\/media\/146155"}],"wp:attachment":[{"href":"https:\/\/www.mojabochnia.pl\/index.php?rest_route=%2Fwp%2Fv2%2Fmedia&parent=146150"}],"wp:term":[{"taxonomy":"category","embeddable":true,"href":"https:\/\/www.mojabochnia.pl\/index.php?rest_route=%2Fwp%2Fv2%2Fcategories&post=146150"},{"taxonomy":"post_tag","embeddable":true,"href":"https:\/\/www.mojabochnia.pl\/index.php?rest_route=%2Fwp%2Fv2%2Ftags&post=146150"}],"curies":[{"name":"wp","href":"https:\/\/api.w.org\/{rel}","templated":true}]}}