{"id":146139,"date":"2016-02-08T09:56:03","date_gmt":"2016-02-08T08:56:03","guid":{"rendered":"http:\/\/www.mojabochnia.pl\/?p=146139"},"modified":"2016-02-08T09:56:03","modified_gmt":"2016-02-08T08:56:03","slug":"grazyna-lobaszewska-wystapi-na-763-urodziny-bochni","status":"publish","type":"post","link":"https:\/\/www.mojabochnia.pl\/?p=146139","title":{"rendered":"Gra\u017cyna \u0141obaszewska wyst\u0105pi na 763. urodziny Bochni"},"content":{"rendered":"<p>Krzysztof \u015aciera\u0144ski, basista i kompozytor, o Gra\u017cynie \u0141obaszewskiej m\u00f3wi, \u017ce to \u201enajczarniejsza z bia\u0142ych kobiet\u201d. Krytycy za\u015b bez wahania por\u00f3wnuj\u0105 wokalistk\u0119 z Areth\u0105 Franklin czy Billie Holiday.<\/p>\n<p>Publiczno\u015b\u0107 zachwycaj\u0105 nie tylko wykonania piosenek napisanych specjalnie dla \u0141obaszewskiej przez najwybitniejszych polskich kompozytor\u00f3w muzyki rozrywkowej, ale tak\u017ce jej w\u0142asne interpretacje standard\u00f3w jazzowych czy gospel.<\/p>\n<p>Od 2008 r. na koncertach towarzyszy Gra\u017cynie \u0141obaszewskiej tczewska formacja AJAGORE w sk\u0142adzie: S\u0142awomir Kornas (bas, \u015bpiew), Maciej Kortas (gitary) oraz Micha\u0142 Szczeblewski (perkusja). Owocem tej wsp\u00f3\u0142pracy jest niezliczona ilo\u015b\u0107 koncert\u00f3w oraz p\u0142yta po\u015bwi\u0119cona pami\u0119ci Czes\u0142awa Niemena pod tytu\u0142em \u201eDziwny jest\u201d. Z takim w\u0142a\u015bnie sk\u0142adem \u0141obaszewska wyst\u0105pi w Bochni<\/p>\n<p>Je\u015bli w muzyce szukacie Pa\u0144stwo pi\u0119kna, prawdy czy kunsztu wykonawczego, je\u017celi chcecie wys\u0142ucha\u0107 ciekawych opowie\u015bci, to koniecznie nale\u017cy by\u0107 na tym koncercie!<br \/>\n\u201ePoznasz ludzi z dusz\u0105. O ile nie zabraknie Ci cierpliwo\u015bci, czas nauczy Ci\u0119 pogody. Przekonasz si\u0119, \u017ce i brzydcy potrafi\u0105 pi\u0119knie kocha\u0107.\u201d \u2013 zach\u0119ca artystka u\u017cywaj\u0105c fraz ze swoich najbardziej znanych piosenek.<\/p>\n<p><strong>GRA\u017bYNA \u0141OBASZEWSKA z zespo\u0142em AJAGORE<br \/>\nOratorium \u015awi\u0119tej Kingi, 27 lutego 2016 r., godz. 19.00<br \/>\nBezp\u0142atne wej\u015bci\u00f3wki dost\u0119pne w sekretariacie MDK i kasie kina Regis.<br \/>\nIlo\u015b\u0107 miejsc ograniczona.<br \/>\nOrganizatorzy: Urz\u0105d Miasta Bochni, Miejski Dom Kultury.<\/strong><\/p>\n","protected":false},"excerpt":{"rendered":"<p>27 lutego, w dok\u0142adn\u0105 &#8211; dzienn\u0105 763. rocznic\u0119 lokacji miasta burmistrz Bochni Stefan Kolawi\u0144ski zaprasza na koncert jednej z najwybitniejszych polskich piosenkarek &#8211; Gra\u017cyny \u0141obaszewskiej.<\/p>\n","protected":false},"author":13,"featured_media":146140,"comment_status":"open","ping_status":"closed","sticky":false,"template":"","format":"standard","meta":{"_acf_changed":false,"footnotes":""},"categories":[5,92,6250],"tags":[16588,17108,18274,16589],"class_list":["post-146139","post","type-post","status-publish","format-standard","has-post-thumbnail","hentry","category-biezace-wydarzenia","category-kultura","category-tematyka","tag-grazyna-lobaszewska","tag-koncert","tag-lokacja","tag-urodziny-bochni","main_tag-koncert"],"acf":[],"yoast_head":"<!-- This site is optimized with the Yoast SEO plugin v26.9 - https:\/\/yoast.com\/product\/yoast-seo-wordpress\/ -->\n<title>Gra\u017cyna \u0141obaszewska wyst\u0105pi na 763. urodziny Bochni - mojabochnia.pl - portal informacyjny<\/title>\n<meta name=\"robots\" content=\"index, follow, max-snippet:-1, max-image-preview:large, max-video-preview:-1\" \/>\n<link rel=\"canonical\" href=\"https:\/\/www.mojabochnia.pl\/?p=146139\" \/>\n<meta property=\"og:locale\" content=\"pl_PL\" \/>\n<meta property=\"og:type\" content=\"article\" \/>\n<meta property=\"og:title\" content=\"Gra\u017cyna \u0141obaszewska wyst\u0105pi na 763. urodziny Bochni - mojabochnia.pl - portal informacyjny\" \/>\n<meta property=\"og:description\" content=\"27 lutego, w dok\u0142adn\u0105 - dzienn\u0105 763. rocznic\u0119 lokacji miasta burmistrz Bochni Stefan Kolawi\u0144ski zaprasza na koncert jednej z najwybitniejszych polskich piosenkarek - Gra\u017cyny \u0141obaszewskiej.\" \/>\n<meta property=\"og:url\" content=\"https:\/\/www.mojabochnia.pl\/?p=146139\" \/>\n<meta property=\"og:site_name\" content=\"mojabochnia.pl - portal informacyjny\" \/>\n<meta property=\"article:publisher\" content=\"https:\/\/www.facebook.com\/mojabochnia\" \/>\n<meta property=\"article:published_time\" content=\"2016-02-08T08:56:03+00:00\" \/>\n<meta property=\"og:image\" content=\"https:\/\/www.mojabochnia.pl\/wp-content\/uploads\/2016\/02\/\u0141obaszewska-01.jpg\" \/>\n\t<meta property=\"og:image:width\" content=\"1191\" \/>\n\t<meta property=\"og:image:height\" content=\"842\" \/>\n\t<meta property=\"og:image:type\" content=\"image\/jpeg\" \/>\n<meta name=\"author\" content=\"redakcja\" \/>\n<meta name=\"twitter:card\" content=\"summary_large_image\" \/>\n<meta name=\"twitter:label1\" content=\"Written by\" \/>\n\t<meta name=\"twitter:data1\" content=\"redakcja\" \/>\n\t<meta name=\"twitter:label2\" content=\"Est. reading time\" \/>\n\t<meta name=\"twitter:data2\" content=\"1 minuta\" \/>\n<script type=\"application\/ld+json\" class=\"yoast-schema-graph\">{\"@context\":\"https:\/\/schema.org\",\"@graph\":[{\"@type\":\"Article\",\"@id\":\"https:\/\/www.mojabochnia.pl\/?p=146139#article\",\"isPartOf\":{\"@id\":\"https:\/\/www.mojabochnia.pl\/?p=146139\"},\"author\":{\"name\":\"redakcja\",\"@id\":\"https:\/\/www.mojabochnia.pl\/#\/schema\/person\/7e2f20ead9902216a3384f13606c0ab7\"},\"headline\":\"Gra\u017cyna \u0141obaszewska wyst\u0105pi na 763. urodziny Bochni\",\"datePublished\":\"2016-02-08T08:56:03+00:00\",\"mainEntityOfPage\":{\"@id\":\"https:\/\/www.mojabochnia.pl\/?p=146139\"},\"wordCount\":236,\"commentCount\":0,\"publisher\":{\"@id\":\"https:\/\/www.mojabochnia.pl\/#organization\"},\"image\":{\"@id\":\"https:\/\/www.mojabochnia.pl\/?p=146139#primaryimage\"},\"thumbnailUrl\":\"https:\/\/www.mojabochnia.pl\/wp-content\/uploads\/2016\/02\/\u0141obaszewska-01.jpg\",\"keywords\":[\"gra\u017cyna \u0142obaszewska\",\"koncert\",\"lokacja\",\"urodziny bochni\"],\"articleSection\":[\"2_ostatnie\",\"kultura\",\"tematyka\"],\"inLanguage\":\"pl-PL\",\"potentialAction\":[{\"@type\":\"CommentAction\",\"name\":\"Comment\",\"target\":[\"https:\/\/www.mojabochnia.pl\/?p=146139#respond\"]}]},{\"@type\":\"WebPage\",\"@id\":\"https:\/\/www.mojabochnia.pl\/?p=146139\",\"url\":\"https:\/\/www.mojabochnia.pl\/?p=146139\",\"name\":\"Gra\u017cyna \u0141obaszewska wyst\u0105pi na 763. urodziny Bochni - mojabochnia.pl - portal informacyjny\",\"isPartOf\":{\"@id\":\"https:\/\/www.mojabochnia.pl\/#website\"},\"primaryImageOfPage\":{\"@id\":\"https:\/\/www.mojabochnia.pl\/?p=146139#primaryimage\"},\"image\":{\"@id\":\"https:\/\/www.mojabochnia.pl\/?p=146139#primaryimage\"},\"thumbnailUrl\":\"https:\/\/www.mojabochnia.pl\/wp-content\/uploads\/2016\/02\/\u0141obaszewska-01.jpg\",\"datePublished\":\"2016-02-08T08:56:03+00:00\",\"breadcrumb\":{\"@id\":\"https:\/\/www.mojabochnia.pl\/?p=146139#breadcrumb\"},\"inLanguage\":\"pl-PL\",\"potentialAction\":[{\"@type\":\"ReadAction\",\"target\":[\"https:\/\/www.mojabochnia.pl\/?p=146139\"]}]},{\"@type\":\"ImageObject\",\"inLanguage\":\"pl-PL\",\"@id\":\"https:\/\/www.mojabochnia.pl\/?p=146139#primaryimage\",\"url\":\"https:\/\/www.mojabochnia.pl\/wp-content\/uploads\/2016\/02\/\u0141obaszewska-01.jpg\",\"contentUrl\":\"https:\/\/www.mojabochnia.pl\/wp-content\/uploads\/2016\/02\/\u0141obaszewska-01.jpg\",\"width\":1191,\"height\":842,\"caption\":\"plakat\"},{\"@type\":\"BreadcrumbList\",\"@id\":\"https:\/\/www.mojabochnia.pl\/?p=146139#breadcrumb\",\"itemListElement\":[{\"@type\":\"ListItem\",\"position\":1,\"name\":\"Home\",\"item\":\"https:\/\/www.mojabochnia.pl\/\"},{\"@type\":\"ListItem\",\"position\":2,\"name\":\"Gra\u017cyna \u0141obaszewska wyst\u0105pi na 763. urodziny Bochni\"}]},{\"@type\":\"WebSite\",\"@id\":\"https:\/\/www.mojabochnia.pl\/#website\",\"url\":\"https:\/\/www.mojabochnia.pl\/\",\"name\":\"mojabochnia.pl - portal informacyjny\",\"description\":\"mojaBochnia to portal informacyjny o Bochni. Codziennie o Bochni piszemy i pokazujemy najwa\u017cniejsze wydarzenia\",\"publisher\":{\"@id\":\"https:\/\/www.mojabochnia.pl\/#organization\"},\"potentialAction\":[{\"@type\":\"SearchAction\",\"target\":{\"@type\":\"EntryPoint\",\"urlTemplate\":\"https:\/\/www.mojabochnia.pl\/?s={search_term_string}\"},\"query-input\":{\"@type\":\"PropertyValueSpecification\",\"valueRequired\":true,\"valueName\":\"search_term_string\"}}],\"inLanguage\":\"pl-PL\"},{\"@type\":\"Organization\",\"@id\":\"https:\/\/www.mojabochnia.pl\/#organization\",\"name\":\"mojabochnia.pl - portal informacyjny\",\"url\":\"https:\/\/www.mojabochnia.pl\/\",\"logo\":{\"@type\":\"ImageObject\",\"inLanguage\":\"pl-PL\",\"@id\":\"https:\/\/www.mojabochnia.pl\/#\/schema\/logo\/image\/\",\"url\":\"https:\/\/www.mojabochnia.pl\/wp-content\/uploads\/2017\/08\/logo-mb-opt.png\",\"contentUrl\":\"https:\/\/www.mojabochnia.pl\/wp-content\/uploads\/2017\/08\/logo-mb-opt.png\",\"width\":250,\"height\":48,\"caption\":\"mojabochnia.pl - portal informacyjny\"},\"image\":{\"@id\":\"https:\/\/www.mojabochnia.pl\/#\/schema\/logo\/image\/\"},\"sameAs\":[\"https:\/\/www.facebook.com\/mojabochnia\"]},{\"@type\":\"Person\",\"@id\":\"https:\/\/www.mojabochnia.pl\/#\/schema\/person\/7e2f20ead9902216a3384f13606c0ab7\",\"name\":\"redakcja\",\"sameAs\":[\"http:\/\/\"],\"url\":\"https:\/\/www.mojabochnia.pl\/?author=13\"}]}<\/script>\n<!-- \/ Yoast SEO plugin. -->","yoast_head_json":{"title":"Gra\u017cyna \u0141obaszewska wyst\u0105pi na 763. urodziny Bochni - mojabochnia.pl - portal informacyjny","robots":{"index":"index","follow":"follow","max-snippet":"max-snippet:-1","max-image-preview":"max-image-preview:large","max-video-preview":"max-video-preview:-1"},"canonical":"https:\/\/www.mojabochnia.pl\/?p=146139","og_locale":"pl_PL","og_type":"article","og_title":"Gra\u017cyna \u0141obaszewska wyst\u0105pi na 763. urodziny Bochni - mojabochnia.pl - portal informacyjny","og_description":"27 lutego, w dok\u0142adn\u0105 - dzienn\u0105 763. rocznic\u0119 lokacji miasta burmistrz Bochni Stefan Kolawi\u0144ski zaprasza na koncert jednej z najwybitniejszych polskich piosenkarek - Gra\u017cyny \u0141obaszewskiej.","og_url":"https:\/\/www.mojabochnia.pl\/?p=146139","og_site_name":"mojabochnia.pl - portal informacyjny","article_publisher":"https:\/\/www.facebook.com\/mojabochnia","article_published_time":"2016-02-08T08:56:03+00:00","og_image":[{"width":1191,"height":842,"url":"https:\/\/www.mojabochnia.pl\/wp-content\/uploads\/2016\/02\/\u0141obaszewska-01.jpg","type":"image\/jpeg"}],"author":"redakcja","twitter_card":"summary_large_image","twitter_misc":{"Written by":"redakcja","Est. reading time":"1 minuta"},"schema":{"@context":"https:\/\/schema.org","@graph":[{"@type":"Article","@id":"https:\/\/www.mojabochnia.pl\/?p=146139#article","isPartOf":{"@id":"https:\/\/www.mojabochnia.pl\/?p=146139"},"author":{"name":"redakcja","@id":"https:\/\/www.mojabochnia.pl\/#\/schema\/person\/7e2f20ead9902216a3384f13606c0ab7"},"headline":"Gra\u017cyna \u0141obaszewska wyst\u0105pi na 763. urodziny Bochni","datePublished":"2016-02-08T08:56:03+00:00","mainEntityOfPage":{"@id":"https:\/\/www.mojabochnia.pl\/?p=146139"},"wordCount":236,"commentCount":0,"publisher":{"@id":"https:\/\/www.mojabochnia.pl\/#organization"},"image":{"@id":"https:\/\/www.mojabochnia.pl\/?p=146139#primaryimage"},"thumbnailUrl":"https:\/\/www.mojabochnia.pl\/wp-content\/uploads\/2016\/02\/\u0141obaszewska-01.jpg","keywords":["gra\u017cyna \u0142obaszewska","koncert","lokacja","urodziny bochni"],"articleSection":["2_ostatnie","kultura","tematyka"],"inLanguage":"pl-PL","potentialAction":[{"@type":"CommentAction","name":"Comment","target":["https:\/\/www.mojabochnia.pl\/?p=146139#respond"]}]},{"@type":"WebPage","@id":"https:\/\/www.mojabochnia.pl\/?p=146139","url":"https:\/\/www.mojabochnia.pl\/?p=146139","name":"Gra\u017cyna \u0141obaszewska wyst\u0105pi na 763. urodziny Bochni - mojabochnia.pl - portal informacyjny","isPartOf":{"@id":"https:\/\/www.mojabochnia.pl\/#website"},"primaryImageOfPage":{"@id":"https:\/\/www.mojabochnia.pl\/?p=146139#primaryimage"},"image":{"@id":"https:\/\/www.mojabochnia.pl\/?p=146139#primaryimage"},"thumbnailUrl":"https:\/\/www.mojabochnia.pl\/wp-content\/uploads\/2016\/02\/\u0141obaszewska-01.jpg","datePublished":"2016-02-08T08:56:03+00:00","breadcrumb":{"@id":"https:\/\/www.mojabochnia.pl\/?p=146139#breadcrumb"},"inLanguage":"pl-PL","potentialAction":[{"@type":"ReadAction","target":["https:\/\/www.mojabochnia.pl\/?p=146139"]}]},{"@type":"ImageObject","inLanguage":"pl-PL","@id":"https:\/\/www.mojabochnia.pl\/?p=146139#primaryimage","url":"https:\/\/www.mojabochnia.pl\/wp-content\/uploads\/2016\/02\/\u0141obaszewska-01.jpg","contentUrl":"https:\/\/www.mojabochnia.pl\/wp-content\/uploads\/2016\/02\/\u0141obaszewska-01.jpg","width":1191,"height":842,"caption":"plakat"},{"@type":"BreadcrumbList","@id":"https:\/\/www.mojabochnia.pl\/?p=146139#breadcrumb","itemListElement":[{"@type":"ListItem","position":1,"name":"Home","item":"https:\/\/www.mojabochnia.pl\/"},{"@type":"ListItem","position":2,"name":"Gra\u017cyna \u0141obaszewska wyst\u0105pi na 763. urodziny Bochni"}]},{"@type":"WebSite","@id":"https:\/\/www.mojabochnia.pl\/#website","url":"https:\/\/www.mojabochnia.pl\/","name":"mojabochnia.pl - portal informacyjny","description":"mojaBochnia to portal informacyjny o Bochni. Codziennie o Bochni piszemy i pokazujemy najwa\u017cniejsze wydarzenia","publisher":{"@id":"https:\/\/www.mojabochnia.pl\/#organization"},"potentialAction":[{"@type":"SearchAction","target":{"@type":"EntryPoint","urlTemplate":"https:\/\/www.mojabochnia.pl\/?s={search_term_string}"},"query-input":{"@type":"PropertyValueSpecification","valueRequired":true,"valueName":"search_term_string"}}],"inLanguage":"pl-PL"},{"@type":"Organization","@id":"https:\/\/www.mojabochnia.pl\/#organization","name":"mojabochnia.pl - portal informacyjny","url":"https:\/\/www.mojabochnia.pl\/","logo":{"@type":"ImageObject","inLanguage":"pl-PL","@id":"https:\/\/www.mojabochnia.pl\/#\/schema\/logo\/image\/","url":"https:\/\/www.mojabochnia.pl\/wp-content\/uploads\/2017\/08\/logo-mb-opt.png","contentUrl":"https:\/\/www.mojabochnia.pl\/wp-content\/uploads\/2017\/08\/logo-mb-opt.png","width":250,"height":48,"caption":"mojabochnia.pl - portal informacyjny"},"image":{"@id":"https:\/\/www.mojabochnia.pl\/#\/schema\/logo\/image\/"},"sameAs":["https:\/\/www.facebook.com\/mojabochnia"]},{"@type":"Person","@id":"https:\/\/www.mojabochnia.pl\/#\/schema\/person\/7e2f20ead9902216a3384f13606c0ab7","name":"redakcja","sameAs":["http:\/\/"],"url":"https:\/\/www.mojabochnia.pl\/?author=13"}]}},"_links":{"self":[{"href":"https:\/\/www.mojabochnia.pl\/index.php?rest_route=\/wp\/v2\/posts\/146139","targetHints":{"allow":["GET"]}}],"collection":[{"href":"https:\/\/www.mojabochnia.pl\/index.php?rest_route=\/wp\/v2\/posts"}],"about":[{"href":"https:\/\/www.mojabochnia.pl\/index.php?rest_route=\/wp\/v2\/types\/post"}],"author":[{"embeddable":true,"href":"https:\/\/www.mojabochnia.pl\/index.php?rest_route=\/wp\/v2\/users\/13"}],"replies":[{"embeddable":true,"href":"https:\/\/www.mojabochnia.pl\/index.php?rest_route=%2Fwp%2Fv2%2Fcomments&post=146139"}],"version-history":[{"count":1,"href":"https:\/\/www.mojabochnia.pl\/index.php?rest_route=\/wp\/v2\/posts\/146139\/revisions"}],"predecessor-version":[{"id":146141,"href":"https:\/\/www.mojabochnia.pl\/index.php?rest_route=\/wp\/v2\/posts\/146139\/revisions\/146141"}],"wp:featuredmedia":[{"embeddable":true,"href":"https:\/\/www.mojabochnia.pl\/index.php?rest_route=\/wp\/v2\/media\/146140"}],"wp:attachment":[{"href":"https:\/\/www.mojabochnia.pl\/index.php?rest_route=%2Fwp%2Fv2%2Fmedia&parent=146139"}],"wp:term":[{"taxonomy":"category","embeddable":true,"href":"https:\/\/www.mojabochnia.pl\/index.php?rest_route=%2Fwp%2Fv2%2Fcategories&post=146139"},{"taxonomy":"post_tag","embeddable":true,"href":"https:\/\/www.mojabochnia.pl\/index.php?rest_route=%2Fwp%2Fv2%2Ftags&post=146139"}],"curies":[{"name":"wp","href":"https:\/\/api.w.org\/{rel}","templated":true}]}}