{"id":146132,"date":"2016-02-08T11:23:38","date_gmt":"2016-02-08T10:23:38","guid":{"rendered":"http:\/\/www.mojabochnia.pl\/?p=146132"},"modified":"2016-04-15T13:05:44","modified_gmt":"2016-04-15T11:05:44","slug":"planty-prawie-co-trzecie-drzewo-do-wyciecia","status":"publish","type":"post","link":"https:\/\/www.mojabochnia.pl\/?p=146132","title":{"rendered":"Planty: Prawie co trzecie drzewo do wyci\u0119cia"},"content":{"rendered":"<p>Planowana rewaloryzacja Plant Salinarnych obejmie m.in. drzewa. Na 2,5-hektarowej dzia\u0142ce ro\u015bnie ich  315. Na podstawie inwentaryzacji dendrologicznej do wycinki przewidziano 95. <\/p>\n<p>Inwentaryzacja dendrologiczna wraz z analiz\u0105 warto\u015bci szaty ro\u015blinnej Plant Salinarnych w Bochni to opracowanie <strong>[pe\u0142ny tekst <a onclick=\"javascript:pageTracker._trackPageview('\/outgoing\/bip.malopolska.pl\/umbochnia\/Download\/get\/id,1355690.html');\"  href=\"http:\/\/bip.malopolska.pl\/umbochnia\/Download\/get\/id,1355690.html\">tutaj]<\/a><\/strong> autorstwa mgr in\u017c. Katarzyny Kozak-Jarosz. Stanowi ono jeden z dokument\u00f3w zawartych w przetargu na rewaloryzacj\u0119 Plant. Wed\u0142ug opracowania, <strong>na Plantach znajduje si\u0119 315 drzew<\/strong> (w tym 6 na prywatnej dzia\u0142ce) <strong>oraz 148 krzew\u00f3w <\/strong>(w tym 6 na prywatnej dzia\u0142ce). Ponadto stwierdzono 545 mb \u017cywop\u0142otu (6 gatunk\u00f3w). Na prywatnej dzia\u0142ce dodatkowo jest 30 mb \u017cywop\u0142otu jednej odmiany.<\/p>\n<p><strong>Wykaz gatunk\u00f3w i odmian drzew o najwi\u0119kszym procentowym udziale na terenie Plant Salinarnych (z wy\u0142\u0105czeniem terenu Kasztelanii)<\/strong><\/p>\n<p>1. Lipa drobnolistna 53 szt. \u2013 17 procent<br \/>\n2. Kasztanowiec zwyczajny 48 szt. \u2013 15 procent<br \/>\n3. Klon zwyczajny 27 szt. \u2013  9 procent<br \/>\n4. Grab pospolity 14 szt. \u2013 5 procent<br \/>\n5. Klon jawor 13 szt. \u2013 4 procent<br \/>\n6. \u015awierk k\u0142uj\u0105cy 11 szt. \u2013  4 procent<br \/>\n7. Modrzew europejski 12 szt. \u2013 4 procent<br \/>\n8. Jesion pensylwa\u0144ski 11 szt. \u2013 4 procent<br \/>\n9. Buk pospolity\u2019 Atropunicea\u2019 12 szt. \u2013 4 procent<br \/>\n10. D\u0105b czerwony 10 szt. \u2013 3 procent<br \/>\n11. A\u0142ycza 10 szt. \u2013 3 procent<br \/>\n12. Wi\u0105z polny 8 szt. \u2013 3 procent<br \/>\n13. Robinia akacjowa 6 szt. \u2013 2 procent<br \/>\n14. D\u0105b szypu\u0142kowy 5 szt. \u2013 2 procent<br \/>\n15. Sosna czarna 6 szt. \u2013 2 procent<br \/>\n16. Brzoza brodawkowata 5 szt. \u2013 2 procent<br \/>\n17. Brzoza omszona 6 szt. \u2013 2 procent<\/p>\n<p><strong>Razem 257 szt. \u2013 85 procent<\/strong><\/p>\n<p><strong>Pozosta\u0142e gatunki i odmiany po 1 procent lub poni\u017cej <\/strong> <strong>52 szt. \u2013 15 procent<br \/>\n<\/strong><br \/>\n<strong>Razem 309 szt. <\/strong><\/p>\n<p>&#8212;&#8212;&#8212;&#8212;&#8212;&#8212;&#8212;&#8212;&#8212;&#8212;&#8212;&#8212;&#8212;&#8212;&#8212;<br \/>\n&#8222;<strong>Do usuni\u0119cia przeznaczono 94 drzewa formy piennej (110 szt. pni)<\/strong>, 2 szt. drzew formy krzewiastej oraz 1 szt. krzewu iglastego forma drzewiasta. Na terenie dzia\u0142ki Restauracji Kasztelania wskazano 1 drzewo do wycinki. <strong>Do piel\u0119gnacji na terenie parku wskazano 172 szt. drzew<\/strong> oraz 4 szt. drzew na terenie dzia\u0142ki z Restauracj\u0105 Kasztelania&#8221; &#8211; podano w opracowaniu.<\/p>\n<p><strong>Wykaz drzew przeznaczonych do usuni\u0119cia:<\/strong><\/p>\n<p>Klon pospolity &#8211; 15<br \/>\nLipa drobnolistna &#8211; 9<br \/>\nModrzew europejski &#8211; 7<br \/>\nKasztanowiec pospolity &#8211; 6<br \/>\nA\u0142ycza &#8211; 5<br \/>\nD\u0105b czerwony &#8211; 5<br \/>\n\u015awierk k\u0142uj\u0105cy 5<br \/>\nKlon jawor &#8211; 5 (w tym 1 z terenu Restauracji Kasztelania)<br \/>\nJesion pensylwa\u0144ski &#8211; 5<br \/>\nRobinia bia\u0142a &#8211; 4<br \/>\nWi\u0105z polny &#8211; 4<br \/>\nJesion wynios\u0142y &#8211; 3<br \/>\nBrzoza omszona &#8211; 2<br \/>\nJesion wynios\u0142y \u2018Ellegantissima\u2019 &#8211; 2<br \/>\nSosna czarna &#8211; 2<br \/>\nWierzba p\u0142acz\u0105ca &#8211; 2<br \/>\nJab\u0142o\u0144 purpurowa &#8211; 1<br \/>\nBrzoza brodawkowata &#8211; 1<br \/>\nBuk pospolity \u2018Atropunicea\u2019 &#8211; 1<br \/>\nCzere\u015bnia ptasia &#8211; 1<br \/>\nG\u0142\u00f3g jednoszyjkowy &#8211; 1<br \/>\nG\u0142\u00f3g szypu\u0142kowy &#8211; 1<br \/>\nJarz\u0105b m\u0105czny &#8211; 1<br \/>\nJarz\u0105b pospolity &#8211; 1<br \/>\nKasztanowiec czerwony &#8211; 1<br \/>\nKlon jesionolistny \u2018Odessanum\u2019 &#8211; 1<br \/>\nRobinia bia\u0142a \u2018Umraculifera\u2019 &#8211; 1<br \/>\nTopola kanadyjska &#8211; 1<br \/>\nWi\u0105z szypu\u0142kowy &#8211; 1<br \/>\nJarz\u0105b szwedzki &#8211; 1 <\/p>\n<p><strong>Razem 95 szt. \u2013 111 sztuk pni<\/strong><\/p>\n<p>W\u015br\u00f3d przewidzianych do wycinki, 6 drzew ma \u015brednic\u0119 pnia w przedziale 71-100 cm, a 2 drzewa 101-130 cm. W\u015br\u00f3d nich s\u0105 dwa kasztanowce pospolite o obwodzie pnia 312 cm i 256 cm, topola kanadyjska &#8211; 405 cm, a tak\u017ce <strong>buk pospolity \u2018Atropunicea\u2019 maj\u0105cy status pomnika przyrody &#8211; 396 cm<\/strong> (w inwentaryzacji na pozycji 44 &#8211; zobacz <a href=\"http:\/\/www.mojabochnia.pl\/?attachment_id=146183\">tutaj<\/a>). <\/p>\n<p>Opr\u00f3cz tego <strong>inwentaryzacja zak\u0142ada wyci\u0119cie 76 krzew\u00f3w i przesadzenie 80<\/strong>. <\/p>\n<p>Jak podano w opracowaniu, &#8222;do wycinki zakwalifikowano drzewa i krzewy ze wzgl\u0119du na utrat\u0119 walor\u00f3w estetycznych, z\u0142y stan zdrowotny, deformacje, brak perspektyw na dalszy prawid\u0142owy rozw\u00f3j oraz popraw\u0119 bezpiecze\u0144stwa. Na terenach zieleni Plant Salinarnych nale\u017cy przeprowadzi\u0107 kompleksowe prace piel\u0119gnacyjno-konserwacyjne oraz przyst\u0105pi\u0107 do nasadze\u0144 drzew i krzew\u00f3w odpowiednich do kompozycji parku&#8221;. O tym, w jakim stanie s\u0105 drzewa na Plantach, mo\u017cna by\u0142o przekona\u0107 si\u0119 w lipcu ub. r., <a href=\"http:\/\/www.mojabochnia.pl\/?attachment_id=133672#gallery\">gdy wichura z\u0142ama\u0142a grube konary jednego z okaz\u00f3w<\/a>. <\/p>\n<p>Ewentualne niepokoje dotycz\u0105ce skali planowanej wycinki studzi zast\u0119pca burmistrza Robert Cerazy. <em>Jest to aktualizacja dokumentu, kt\u00f3ry mieli\u015bmy w swoich zasobach. Pokazany jest stan obecnego drzewostanu, niezb\u0119dne wycinki, piel\u0119gnacje itd. Jest to t\u0142o do tego, co stanie si\u0119 w obszarze Plant, natomiast dzisiaj tych drzew nie b\u0119dziemy wycina\u0107. To jest dopiero dokument, kt\u00f3ry jest za\u0142\u0105cznikiem do opracowania dokumentacji na rewaloryzacj\u0119 Plant Salinarnych. Dopiero po naniesieniu przez projektant\u00f3w r\u00f3\u017cnych element\u00f3w i urz\u0105dze\u0144, b\u0119d\u0105 prowadzone dalsze prace<\/em>. <\/p>\n<p><em>To jest ocena dendrologiczna, natomiast jaki b\u0119dzie fina\u0142, trudno powiedzie\u0107. Mo\u017ce by\u0107 ich mniej, mo\u017ce by\u0107 ich wi\u0119cej, zreszt\u0105 prosz\u0119 zwr\u00f3ci\u0107 uwag\u0119, \u017ce w niekt\u00f3rych przypadkach obwody pni s\u0105 do\u015b\u0107 ma\u0142e. Poza tym jest du\u017co obcych nasadze\u0144, kt\u00f3re kto\u015b kiedy\u015b posadzi\u0142 radosn\u0105 tw\u00f3rczo\u015bci\u0105. Obcych w sensie obecno\u015bci tego drzewostanu w Parku Salinarnym, nikt mi nie powie, \u017ce elementy posadzone np. 20 lat temu by\u0142y w momencie zak\u0142adania parku, np. niekt\u00f3re z drzew iglastych<\/em> &#8211; dodaje zast\u0119pca burmistrza. <\/p>\n<p>Robert Cerazy uwa\u017ca, \u017ce na razie nie ma powodu do obaw. <em><strong>Zaleca\u0142bym daleko id\u0105cy spok\u00f3j, rozwag\u0119 i niepodgrzewanie atmosfery<\/strong> zupe\u0142nie bez potrzeby. Poczekajmy spokojnie na dokumentacj\u0119 projektow\u0105, na pewno zaprezentujemy projekt rewaloryzacji Plant i dopiero b\u0119d\u0105 podejmowane kolejne dzia\u0142ania. Wszystko w tej chwili jest podyktowane tym, \u017ceby mie\u0107 odpowiednie dokumenty i z\u0142o\u017cy\u0107 wniosek w tej po\u0142owie roku na rewaloryzacj\u0119 Plant<\/em>.<\/p>\n\t  \r\n\t\r\n\t    <div class=\"mb-gallery\">\r\n\t    <a href=\"https:\/\/www.mojabochnia.pl\/?attachment_id=146162\" class=\"\"><img loading=\"lazy\" decoding=\"async\" width=\"100\" height=\"56\" src=\"https:\/\/www.mojabochnia.pl\/wp-content\/uploads\/2016\/02\/IMG_20160208_080826-120x67.jpg\" class=\"attachment-100x100 size-100x100\" alt=\"\" srcset=\"https:\/\/www.mojabochnia.pl\/wp-content\/uploads\/2016\/02\/IMG_20160208_080826-120x67.jpg 120w, https:\/\/www.mojabochnia.pl\/wp-content\/uploads\/2016\/02\/IMG_20160208_080826-468x263.jpg 468w, https:\/\/www.mojabochnia.pl\/wp-content\/uploads\/2016\/02\/IMG_20160208_080826-660x371.jpg 660w, https:\/\/www.mojabochnia.pl\/wp-content\/uploads\/2016\/02\/IMG_20160208_080826-152x85.jpg 152w, https:\/\/www.mojabochnia.pl\/wp-content\/uploads\/2016\/02\/IMG_20160208_080826.jpg 800w\" sizes=\"auto, (max-width: 100px) 100vw, 100px\" \/><\/a><a href=\"https:\/\/www.mojabochnia.pl\/?attachment_id=146183\" class=\"\"><img loading=\"lazy\" decoding=\"async\" width=\"100\" height=\"73\" src=\"https:\/\/www.mojabochnia.pl\/wp-content\/uploads\/2016\/02\/Przechwytywanie-w-trybie-pe\u0142noekranowym-2016-02-08-152346-120x87.jpg\" class=\"attachment-100x100 size-100x100\" alt=\"\" srcset=\"https:\/\/www.mojabochnia.pl\/wp-content\/uploads\/2016\/02\/Przechwytywanie-w-trybie-pe\u0142noekranowym-2016-02-08-152346-120x87.jpg 120w, https:\/\/www.mojabochnia.pl\/wp-content\/uploads\/2016\/02\/Przechwytywanie-w-trybie-pe\u0142noekranowym-2016-02-08-152346-468x342.jpg 468w, https:\/\/www.mojabochnia.pl\/wp-content\/uploads\/2016\/02\/Przechwytywanie-w-trybie-pe\u0142noekranowym-2016-02-08-152346-660x483.jpg 660w, https:\/\/www.mojabochnia.pl\/wp-content\/uploads\/2016\/02\/Przechwytywanie-w-trybie-pe\u0142noekranowym-2016-02-08-152346-152x111.jpg 152w, https:\/\/www.mojabochnia.pl\/wp-content\/uploads\/2016\/02\/Przechwytywanie-w-trybie-pe\u0142noekranowym-2016-02-08-152346.jpg 886w\" sizes=\"auto, (max-width: 100px) 100vw, 100px\" \/><\/a>\t    <\/div>\r\n\t    ","protected":false},"excerpt":{"rendered":"<p>95 drzew rosn\u0105cych na Plantach Salinarnych przewidziano do wycinki. W\u015br\u00f3d nich jest pomnik przyrody, buk pospolity maj\u0105cy w obwodzie pnia 396 cm. Do piel\u0119gnacji przewidziano 176 drzew. Usuni\u0119tych ma by\u0107 te\u017c 76 krzew\u00f3w. <em>Dzisiaj tych drzew nie b\u0119dziemy wycina\u0107<\/em> &#8211; uspokaja zast\u0119pca burmistrza.<\/p>\n","protected":false},"author":4,"featured_media":146162,"comment_status":"open","ping_status":"closed","sticky":true,"template":"","format":"standard","meta":{"_acf_changed":false,"footnotes":""},"categories":[5,6251,6250],"tags":[16587,17544,17766,1822],"class_list":["post-146132","post","type-post","status-publish","format-standard","has-post-thumbnail","hentry","category-biezace-wydarzenia","category-polityka-i-wydarzenia","category-tematyka","tag-dendrologia","tag-drzewa","tag-planty-salinarne","tag-wycinka","main_tag-planty-salinarne"],"acf":[],"yoast_head":"<!-- This site is optimized with the Yoast SEO plugin v26.9 - https:\/\/yoast.com\/product\/yoast-seo-wordpress\/ -->\n<title>Planty: Prawie co trzecie drzewo do wyci\u0119cia - mojabochnia.pl - portal informacyjny<\/title>\n<meta name=\"robots\" content=\"index, follow, max-snippet:-1, max-image-preview:large, max-video-preview:-1\" \/>\n<link rel=\"canonical\" href=\"https:\/\/www.mojabochnia.pl\/?p=146132\" \/>\n<meta property=\"og:locale\" content=\"pl_PL\" \/>\n<meta property=\"og:type\" content=\"article\" \/>\n<meta property=\"og:title\" content=\"Planty: Prawie co trzecie drzewo do wyci\u0119cia - mojabochnia.pl - portal informacyjny\" \/>\n<meta property=\"og:description\" content=\"95 drzew rosn\u0105cych na Plantach Salinarnych przewidziano do wycinki. W\u015br\u00f3d nich jest pomnik przyrody, buk pospolity maj\u0105cy w obwodzie pnia 396 cm. Do piel\u0119gnacji przewidziano 176 drzew. Usuni\u0119tych ma by\u0107 te\u017c 76 krzew\u00f3w. Dzisiaj tych drzew nie b\u0119dziemy wycina\u0107 - uspokaja zast\u0119pca burmistrza.\" \/>\n<meta property=\"og:url\" content=\"https:\/\/www.mojabochnia.pl\/?p=146132\" \/>\n<meta property=\"og:site_name\" content=\"mojabochnia.pl - portal informacyjny\" \/>\n<meta property=\"article:publisher\" content=\"https:\/\/www.facebook.com\/mojabochnia\" \/>\n<meta property=\"article:published_time\" content=\"2016-02-08T10:23:38+00:00\" \/>\n<meta property=\"article:modified_time\" content=\"2016-04-15T11:05:44+00:00\" \/>\n<meta property=\"og:image\" content=\"https:\/\/www.mojabochnia.pl\/wp-content\/uploads\/2016\/02\/IMG_20160208_080826.jpg\" \/>\n\t<meta property=\"og:image:width\" content=\"800\" \/>\n\t<meta property=\"og:image:height\" content=\"450\" \/>\n\t<meta property=\"og:image:type\" content=\"image\/jpeg\" \/>\n<meta name=\"author\" content=\"Pawe\u0142 Michalczyk\" \/>\n<meta name=\"twitter:card\" content=\"summary_large_image\" \/>\n<meta name=\"twitter:label1\" content=\"Written by\" \/>\n\t<meta name=\"twitter:data1\" content=\"Pawe\u0142 Michalczyk\" \/>\n\t<meta name=\"twitter:label2\" content=\"Est. reading time\" \/>\n\t<meta name=\"twitter:data2\" content=\"4 minuty\" \/>\n<script type=\"application\/ld+json\" class=\"yoast-schema-graph\">{\"@context\":\"https:\/\/schema.org\",\"@graph\":[{\"@type\":\"Article\",\"@id\":\"https:\/\/www.mojabochnia.pl\/?p=146132#article\",\"isPartOf\":{\"@id\":\"https:\/\/www.mojabochnia.pl\/?p=146132\"},\"author\":{\"name\":\"Pawe\u0142 Michalczyk\",\"@id\":\"https:\/\/www.mojabochnia.pl\/#\/schema\/person\/ea042e4724a77627963f02166828ead4\"},\"headline\":\"Planty: Prawie co trzecie drzewo do wyci\u0119cia\",\"datePublished\":\"2016-02-08T10:23:38+00:00\",\"dateModified\":\"2016-04-15T11:05:44+00:00\",\"mainEntityOfPage\":{\"@id\":\"https:\/\/www.mojabochnia.pl\/?p=146132\"},\"wordCount\":814,\"commentCount\":0,\"publisher\":{\"@id\":\"https:\/\/www.mojabochnia.pl\/#organization\"},\"image\":{\"@id\":\"https:\/\/www.mojabochnia.pl\/?p=146132#primaryimage\"},\"thumbnailUrl\":\"https:\/\/www.mojabochnia.pl\/wp-content\/uploads\/2016\/02\/IMG_20160208_080826.jpg\",\"keywords\":[\"dendrologia\",\"drzewa\",\"planty salinarne\",\"wycinka\"],\"articleSection\":[\"2_ostatnie\",\"polityka i wydarzenia\",\"tematyka\"],\"inLanguage\":\"pl-PL\",\"potentialAction\":[{\"@type\":\"CommentAction\",\"name\":\"Comment\",\"target\":[\"https:\/\/www.mojabochnia.pl\/?p=146132#respond\"]}]},{\"@type\":\"WebPage\",\"@id\":\"https:\/\/www.mojabochnia.pl\/?p=146132\",\"url\":\"https:\/\/www.mojabochnia.pl\/?p=146132\",\"name\":\"Planty: Prawie co trzecie drzewo do wyci\u0119cia - mojabochnia.pl - portal informacyjny\",\"isPartOf\":{\"@id\":\"https:\/\/www.mojabochnia.pl\/#website\"},\"primaryImageOfPage\":{\"@id\":\"https:\/\/www.mojabochnia.pl\/?p=146132#primaryimage\"},\"image\":{\"@id\":\"https:\/\/www.mojabochnia.pl\/?p=146132#primaryimage\"},\"thumbnailUrl\":\"https:\/\/www.mojabochnia.pl\/wp-content\/uploads\/2016\/02\/IMG_20160208_080826.jpg\",\"datePublished\":\"2016-02-08T10:23:38+00:00\",\"dateModified\":\"2016-04-15T11:05:44+00:00\",\"breadcrumb\":{\"@id\":\"https:\/\/www.mojabochnia.pl\/?p=146132#breadcrumb\"},\"inLanguage\":\"pl-PL\",\"potentialAction\":[{\"@type\":\"ReadAction\",\"target\":[\"https:\/\/www.mojabochnia.pl\/?p=146132\"]}]},{\"@type\":\"ImageObject\",\"inLanguage\":\"pl-PL\",\"@id\":\"https:\/\/www.mojabochnia.pl\/?p=146132#primaryimage\",\"url\":\"https:\/\/www.mojabochnia.pl\/wp-content\/uploads\/2016\/02\/IMG_20160208_080826.jpg\",\"contentUrl\":\"https:\/\/www.mojabochnia.pl\/wp-content\/uploads\/2016\/02\/IMG_20160208_080826.jpg\",\"width\":800,\"height\":450,\"caption\":\"Pawe\u0142 Michalczyk\"},{\"@type\":\"BreadcrumbList\",\"@id\":\"https:\/\/www.mojabochnia.pl\/?p=146132#breadcrumb\",\"itemListElement\":[{\"@type\":\"ListItem\",\"position\":1,\"name\":\"Home\",\"item\":\"https:\/\/www.mojabochnia.pl\/\"},{\"@type\":\"ListItem\",\"position\":2,\"name\":\"Planty: Prawie co trzecie drzewo do wyci\u0119cia\"}]},{\"@type\":\"WebSite\",\"@id\":\"https:\/\/www.mojabochnia.pl\/#website\",\"url\":\"https:\/\/www.mojabochnia.pl\/\",\"name\":\"mojabochnia.pl - portal informacyjny\",\"description\":\"mojaBochnia to portal informacyjny o Bochni. Codziennie o Bochni piszemy i pokazujemy najwa\u017cniejsze wydarzenia\",\"publisher\":{\"@id\":\"https:\/\/www.mojabochnia.pl\/#organization\"},\"potentialAction\":[{\"@type\":\"SearchAction\",\"target\":{\"@type\":\"EntryPoint\",\"urlTemplate\":\"https:\/\/www.mojabochnia.pl\/?s={search_term_string}\"},\"query-input\":{\"@type\":\"PropertyValueSpecification\",\"valueRequired\":true,\"valueName\":\"search_term_string\"}}],\"inLanguage\":\"pl-PL\"},{\"@type\":\"Organization\",\"@id\":\"https:\/\/www.mojabochnia.pl\/#organization\",\"name\":\"mojabochnia.pl - portal informacyjny\",\"url\":\"https:\/\/www.mojabochnia.pl\/\",\"logo\":{\"@type\":\"ImageObject\",\"inLanguage\":\"pl-PL\",\"@id\":\"https:\/\/www.mojabochnia.pl\/#\/schema\/logo\/image\/\",\"url\":\"https:\/\/www.mojabochnia.pl\/wp-content\/uploads\/2017\/08\/logo-mb-opt.png\",\"contentUrl\":\"https:\/\/www.mojabochnia.pl\/wp-content\/uploads\/2017\/08\/logo-mb-opt.png\",\"width\":250,\"height\":48,\"caption\":\"mojabochnia.pl - portal informacyjny\"},\"image\":{\"@id\":\"https:\/\/www.mojabochnia.pl\/#\/schema\/logo\/image\/\"},\"sameAs\":[\"https:\/\/www.facebook.com\/mojabochnia\"]},{\"@type\":\"Person\",\"@id\":\"https:\/\/www.mojabochnia.pl\/#\/schema\/person\/ea042e4724a77627963f02166828ead4\",\"name\":\"Pawe\u0142 Michalczyk\",\"url\":\"https:\/\/www.mojabochnia.pl\/?author=4\"}]}<\/script>\n<!-- \/ Yoast SEO plugin. -->","yoast_head_json":{"title":"Planty: Prawie co trzecie drzewo do wyci\u0119cia - mojabochnia.pl - portal informacyjny","robots":{"index":"index","follow":"follow","max-snippet":"max-snippet:-1","max-image-preview":"max-image-preview:large","max-video-preview":"max-video-preview:-1"},"canonical":"https:\/\/www.mojabochnia.pl\/?p=146132","og_locale":"pl_PL","og_type":"article","og_title":"Planty: Prawie co trzecie drzewo do wyci\u0119cia - mojabochnia.pl - portal informacyjny","og_description":"95 drzew rosn\u0105cych na Plantach Salinarnych przewidziano do wycinki. W\u015br\u00f3d nich jest pomnik przyrody, buk pospolity maj\u0105cy w obwodzie pnia 396 cm. Do piel\u0119gnacji przewidziano 176 drzew. Usuni\u0119tych ma by\u0107 te\u017c 76 krzew\u00f3w. Dzisiaj tych drzew nie b\u0119dziemy wycina\u0107 - uspokaja zast\u0119pca burmistrza.","og_url":"https:\/\/www.mojabochnia.pl\/?p=146132","og_site_name":"mojabochnia.pl - portal informacyjny","article_publisher":"https:\/\/www.facebook.com\/mojabochnia","article_published_time":"2016-02-08T10:23:38+00:00","article_modified_time":"2016-04-15T11:05:44+00:00","og_image":[{"width":800,"height":450,"url":"https:\/\/www.mojabochnia.pl\/wp-content\/uploads\/2016\/02\/IMG_20160208_080826.jpg","type":"image\/jpeg"}],"author":"Pawe\u0142 Michalczyk","twitter_card":"summary_large_image","twitter_misc":{"Written by":"Pawe\u0142 Michalczyk","Est. reading time":"4 minuty"},"schema":{"@context":"https:\/\/schema.org","@graph":[{"@type":"Article","@id":"https:\/\/www.mojabochnia.pl\/?p=146132#article","isPartOf":{"@id":"https:\/\/www.mojabochnia.pl\/?p=146132"},"author":{"name":"Pawe\u0142 Michalczyk","@id":"https:\/\/www.mojabochnia.pl\/#\/schema\/person\/ea042e4724a77627963f02166828ead4"},"headline":"Planty: Prawie co trzecie drzewo do wyci\u0119cia","datePublished":"2016-02-08T10:23:38+00:00","dateModified":"2016-04-15T11:05:44+00:00","mainEntityOfPage":{"@id":"https:\/\/www.mojabochnia.pl\/?p=146132"},"wordCount":814,"commentCount":0,"publisher":{"@id":"https:\/\/www.mojabochnia.pl\/#organization"},"image":{"@id":"https:\/\/www.mojabochnia.pl\/?p=146132#primaryimage"},"thumbnailUrl":"https:\/\/www.mojabochnia.pl\/wp-content\/uploads\/2016\/02\/IMG_20160208_080826.jpg","keywords":["dendrologia","drzewa","planty salinarne","wycinka"],"articleSection":["2_ostatnie","polityka i wydarzenia","tematyka"],"inLanguage":"pl-PL","potentialAction":[{"@type":"CommentAction","name":"Comment","target":["https:\/\/www.mojabochnia.pl\/?p=146132#respond"]}]},{"@type":"WebPage","@id":"https:\/\/www.mojabochnia.pl\/?p=146132","url":"https:\/\/www.mojabochnia.pl\/?p=146132","name":"Planty: Prawie co trzecie drzewo do wyci\u0119cia - mojabochnia.pl - portal informacyjny","isPartOf":{"@id":"https:\/\/www.mojabochnia.pl\/#website"},"primaryImageOfPage":{"@id":"https:\/\/www.mojabochnia.pl\/?p=146132#primaryimage"},"image":{"@id":"https:\/\/www.mojabochnia.pl\/?p=146132#primaryimage"},"thumbnailUrl":"https:\/\/www.mojabochnia.pl\/wp-content\/uploads\/2016\/02\/IMG_20160208_080826.jpg","datePublished":"2016-02-08T10:23:38+00:00","dateModified":"2016-04-15T11:05:44+00:00","breadcrumb":{"@id":"https:\/\/www.mojabochnia.pl\/?p=146132#breadcrumb"},"inLanguage":"pl-PL","potentialAction":[{"@type":"ReadAction","target":["https:\/\/www.mojabochnia.pl\/?p=146132"]}]},{"@type":"ImageObject","inLanguage":"pl-PL","@id":"https:\/\/www.mojabochnia.pl\/?p=146132#primaryimage","url":"https:\/\/www.mojabochnia.pl\/wp-content\/uploads\/2016\/02\/IMG_20160208_080826.jpg","contentUrl":"https:\/\/www.mojabochnia.pl\/wp-content\/uploads\/2016\/02\/IMG_20160208_080826.jpg","width":800,"height":450,"caption":"Pawe\u0142 Michalczyk"},{"@type":"BreadcrumbList","@id":"https:\/\/www.mojabochnia.pl\/?p=146132#breadcrumb","itemListElement":[{"@type":"ListItem","position":1,"name":"Home","item":"https:\/\/www.mojabochnia.pl\/"},{"@type":"ListItem","position":2,"name":"Planty: Prawie co trzecie drzewo do wyci\u0119cia"}]},{"@type":"WebSite","@id":"https:\/\/www.mojabochnia.pl\/#website","url":"https:\/\/www.mojabochnia.pl\/","name":"mojabochnia.pl - portal informacyjny","description":"mojaBochnia to portal informacyjny o Bochni. Codziennie o Bochni piszemy i pokazujemy najwa\u017cniejsze wydarzenia","publisher":{"@id":"https:\/\/www.mojabochnia.pl\/#organization"},"potentialAction":[{"@type":"SearchAction","target":{"@type":"EntryPoint","urlTemplate":"https:\/\/www.mojabochnia.pl\/?s={search_term_string}"},"query-input":{"@type":"PropertyValueSpecification","valueRequired":true,"valueName":"search_term_string"}}],"inLanguage":"pl-PL"},{"@type":"Organization","@id":"https:\/\/www.mojabochnia.pl\/#organization","name":"mojabochnia.pl - portal informacyjny","url":"https:\/\/www.mojabochnia.pl\/","logo":{"@type":"ImageObject","inLanguage":"pl-PL","@id":"https:\/\/www.mojabochnia.pl\/#\/schema\/logo\/image\/","url":"https:\/\/www.mojabochnia.pl\/wp-content\/uploads\/2017\/08\/logo-mb-opt.png","contentUrl":"https:\/\/www.mojabochnia.pl\/wp-content\/uploads\/2017\/08\/logo-mb-opt.png","width":250,"height":48,"caption":"mojabochnia.pl - portal informacyjny"},"image":{"@id":"https:\/\/www.mojabochnia.pl\/#\/schema\/logo\/image\/"},"sameAs":["https:\/\/www.facebook.com\/mojabochnia"]},{"@type":"Person","@id":"https:\/\/www.mojabochnia.pl\/#\/schema\/person\/ea042e4724a77627963f02166828ead4","name":"Pawe\u0142 Michalczyk","url":"https:\/\/www.mojabochnia.pl\/?author=4"}]}},"_links":{"self":[{"href":"https:\/\/www.mojabochnia.pl\/index.php?rest_route=\/wp\/v2\/posts\/146132","targetHints":{"allow":["GET"]}}],"collection":[{"href":"https:\/\/www.mojabochnia.pl\/index.php?rest_route=\/wp\/v2\/posts"}],"about":[{"href":"https:\/\/www.mojabochnia.pl\/index.php?rest_route=\/wp\/v2\/types\/post"}],"author":[{"embeddable":true,"href":"https:\/\/www.mojabochnia.pl\/index.php?rest_route=\/wp\/v2\/users\/4"}],"replies":[{"embeddable":true,"href":"https:\/\/www.mojabochnia.pl\/index.php?rest_route=%2Fwp%2Fv2%2Fcomments&post=146132"}],"version-history":[{"count":22,"href":"https:\/\/www.mojabochnia.pl\/index.php?rest_route=\/wp\/v2\/posts\/146132\/revisions"}],"predecessor-version":[{"id":149738,"href":"https:\/\/www.mojabochnia.pl\/index.php?rest_route=\/wp\/v2\/posts\/146132\/revisions\/149738"}],"wp:featuredmedia":[{"embeddable":true,"href":"https:\/\/www.mojabochnia.pl\/index.php?rest_route=\/wp\/v2\/media\/146162"}],"wp:attachment":[{"href":"https:\/\/www.mojabochnia.pl\/index.php?rest_route=%2Fwp%2Fv2%2Fmedia&parent=146132"}],"wp:term":[{"taxonomy":"category","embeddable":true,"href":"https:\/\/www.mojabochnia.pl\/index.php?rest_route=%2Fwp%2Fv2%2Fcategories&post=146132"},{"taxonomy":"post_tag","embeddable":true,"href":"https:\/\/www.mojabochnia.pl\/index.php?rest_route=%2Fwp%2Fv2%2Ftags&post=146132"}],"curies":[{"name":"wp","href":"https:\/\/api.w.org\/{rel}","templated":true}]}}