{"id":14458,"date":"2009-09-10T10:49:32","date_gmt":"2009-09-10T08:49:32","guid":{"rendered":"http:\/\/www.mojabochnia.pl\/?p=14458"},"modified":"2009-09-10T10:49:32","modified_gmt":"2009-09-10T08:49:32","slug":"co-z-konkursem-na-szefa-mdk","status":"publish","type":"post","link":"https:\/\/www.mojabochnia.pl\/?p=14458","title":{"rendered":"Co z konkursem na szefa MDK?"},"content":{"rendered":"<p>Burmistrz  Bogdan Kosturkiewicz powo\u0142uje si\u0119 na uchwa\u0142\u0119 rady miejskiej z sierpnia, przyjmuj\u0105c\u0105 nowy statut jednostki. \u2013 <em>Rada podj\u0119\u0142a decyzj\u0119, w kt\u00f3rej wskazuje przedstawicieli organ\u00f3w, kt\u00f3re maj\u0105 zasiada\u0107 w tej komisji. Czekam na to, aby rada wy\u0142oni\u0142a spo\u015br\u00f3d swoich cz\u0142onk\u00f3w osob\u0119 b\u0105d\u017a osoby, kt\u00f3re b\u0119d\u0105 w tej komisji zasiada\u0107. W chwili obecnej nie mog\u0119 zatem podj\u0105\u0107 \u017cadnej decyzji w zakresie powo\u0142ania komisji<\/em> \u2013 m\u00f3wi burmistrz.<\/p>\n<p>Obecnie trwa oczekiwanie na uprawomocnienie si\u0119 nowego statutu MDK. \u2013 <em>Zgodnie ze statutem rada ma wskaza\u0107 kandydata, kt\u00f3ry b\u0119dzie zasiada\u0142 w tej komisji, natomiast zastanowimy si\u0119, kogo jeszcze dokoptowa\u0107 do radnego b\u0105d\u017a radnych, kt\u00f3rzy b\u0119d\u0105 w komisji zasiada\u0107<\/em> \u2013 dodaje Kosturkiewicz. <\/p>\n<p>Od dnia odwo\u0142ania Doroty Halberdy z funkcji dyrektora Miejskiego Domu Kultury obowi\u0105zki szefa plac\u00f3wki pe\u0142ni Bogdan Szuma\u0144ski, zast\u0119pca burmistrza miasta Bochni. <\/p>\n","protected":false},"excerpt":{"rendered":"<p>Nied\u0142ugo min\u0105 3 miesi\u0105ce od czasu odwo\u0142ania Doroty Halberdy z funkcji dyrektora Miejskiego Domu Kultury. Konkurs na nowego szefa plac\u00f3wki wci\u0105\u017c nie zosta\u0142 og\u0142oszony. Dlaczego?<\/p>\n","protected":false},"author":4,"featured_media":0,"comment_status":"open","ping_status":"closed","sticky":false,"template":"","format":"standard","meta":{"_acf_changed":false,"footnotes":""},"categories":[5],"tags":[17171,17421,554,17203,17122,17444,17426,930,5796,17479],"class_list":["post-14458","post","type-post","status-publish","format-standard","hentry","category-biezace-wydarzenia","tag-bogdan-kosturkiewicz","tag-burmistrz","tag-dorota-halberda","tag-dyrektor","tag-konkurs","tag-mdk","tag-miejski-dom-kultury","tag-rada-miejska","tag-statut","tag-uchwala"],"acf":[],"yoast_head":"<!-- This site is optimized with the Yoast SEO plugin v26.9 - https:\/\/yoast.com\/product\/yoast-seo-wordpress\/ -->\n<title>Co z konkursem na szefa MDK? - mojabochnia.pl - portal informacyjny<\/title>\n<meta name=\"robots\" content=\"index, follow, max-snippet:-1, max-image-preview:large, max-video-preview:-1\" \/>\n<link rel=\"canonical\" href=\"https:\/\/www.mojabochnia.pl\/?p=14458\" \/>\n<meta property=\"og:locale\" content=\"pl_PL\" \/>\n<meta property=\"og:type\" content=\"article\" \/>\n<meta property=\"og:title\" content=\"Co z konkursem na szefa MDK? - mojabochnia.pl - portal informacyjny\" \/>\n<meta property=\"og:description\" content=\"Nied\u0142ugo min\u0105 3 miesi\u0105ce od czasu odwo\u0142ania Doroty Halberdy z funkcji dyrektora Miejskiego Domu Kultury. Konkurs na nowego szefa plac\u00f3wki wci\u0105\u017c nie zosta\u0142 og\u0142oszony. Dlaczego?\" \/>\n<meta property=\"og:url\" content=\"https:\/\/www.mojabochnia.pl\/?p=14458\" \/>\n<meta property=\"og:site_name\" content=\"mojabochnia.pl - portal informacyjny\" \/>\n<meta property=\"article:publisher\" content=\"https:\/\/www.facebook.com\/mojabochnia\" \/>\n<meta property=\"article:published_time\" content=\"2009-09-10T08:49:32+00:00\" \/>\n<meta name=\"author\" content=\"Pawe\u0142 Michalczyk\" \/>\n<meta name=\"twitter:card\" content=\"summary_large_image\" \/>\n<meta name=\"twitter:label1\" content=\"Written by\" \/>\n\t<meta name=\"twitter:data1\" content=\"Pawe\u0142 Michalczyk\" \/>\n\t<meta name=\"twitter:label2\" content=\"Est. reading time\" \/>\n\t<meta name=\"twitter:data2\" content=\"1 minuta\" \/>\n<script type=\"application\/ld+json\" class=\"yoast-schema-graph\">{\"@context\":\"https:\/\/schema.org\",\"@graph\":[{\"@type\":\"Article\",\"@id\":\"https:\/\/www.mojabochnia.pl\/?p=14458#article\",\"isPartOf\":{\"@id\":\"https:\/\/www.mojabochnia.pl\/?p=14458\"},\"author\":{\"name\":\"Pawe\u0142 Michalczyk\",\"@id\":\"https:\/\/www.mojabochnia.pl\/#\/schema\/person\/ea042e4724a77627963f02166828ead4\"},\"headline\":\"Co z konkursem na szefa MDK?\",\"datePublished\":\"2009-09-10T08:49:32+00:00\",\"mainEntityOfPage\":{\"@id\":\"https:\/\/www.mojabochnia.pl\/?p=14458\"},\"wordCount\":156,\"commentCount\":1,\"publisher\":{\"@id\":\"https:\/\/www.mojabochnia.pl\/#organization\"},\"keywords\":[\"bogdan kosturkiewicz\",\"burmistrz\",\"dorota halberda\",\"dyrektor\",\"konkurs\",\"MDK\",\"miejski dom kultury\",\"rada miejska\",\"statut\",\"uchwa\u0142a\"],\"articleSection\":[\"2_ostatnie\"],\"inLanguage\":\"pl-PL\",\"potentialAction\":[{\"@type\":\"CommentAction\",\"name\":\"Comment\",\"target\":[\"https:\/\/www.mojabochnia.pl\/?p=14458#respond\"]}]},{\"@type\":\"WebPage\",\"@id\":\"https:\/\/www.mojabochnia.pl\/?p=14458\",\"url\":\"https:\/\/www.mojabochnia.pl\/?p=14458\",\"name\":\"Co z konkursem na szefa MDK? - mojabochnia.pl - portal informacyjny\",\"isPartOf\":{\"@id\":\"https:\/\/www.mojabochnia.pl\/#website\"},\"datePublished\":\"2009-09-10T08:49:32+00:00\",\"breadcrumb\":{\"@id\":\"https:\/\/www.mojabochnia.pl\/?p=14458#breadcrumb\"},\"inLanguage\":\"pl-PL\",\"potentialAction\":[{\"@type\":\"ReadAction\",\"target\":[\"https:\/\/www.mojabochnia.pl\/?p=14458\"]}]},{\"@type\":\"BreadcrumbList\",\"@id\":\"https:\/\/www.mojabochnia.pl\/?p=14458#breadcrumb\",\"itemListElement\":[{\"@type\":\"ListItem\",\"position\":1,\"name\":\"Home\",\"item\":\"https:\/\/www.mojabochnia.pl\/\"},{\"@type\":\"ListItem\",\"position\":2,\"name\":\"Co z konkursem na szefa MDK?\"}]},{\"@type\":\"WebSite\",\"@id\":\"https:\/\/www.mojabochnia.pl\/#website\",\"url\":\"https:\/\/www.mojabochnia.pl\/\",\"name\":\"mojabochnia.pl - portal informacyjny\",\"description\":\"mojaBochnia to portal informacyjny o Bochni. Codziennie o Bochni piszemy i pokazujemy najwa\u017cniejsze wydarzenia\",\"publisher\":{\"@id\":\"https:\/\/www.mojabochnia.pl\/#organization\"},\"potentialAction\":[{\"@type\":\"SearchAction\",\"target\":{\"@type\":\"EntryPoint\",\"urlTemplate\":\"https:\/\/www.mojabochnia.pl\/?s={search_term_string}\"},\"query-input\":{\"@type\":\"PropertyValueSpecification\",\"valueRequired\":true,\"valueName\":\"search_term_string\"}}],\"inLanguage\":\"pl-PL\"},{\"@type\":\"Organization\",\"@id\":\"https:\/\/www.mojabochnia.pl\/#organization\",\"name\":\"mojabochnia.pl - portal informacyjny\",\"url\":\"https:\/\/www.mojabochnia.pl\/\",\"logo\":{\"@type\":\"ImageObject\",\"inLanguage\":\"pl-PL\",\"@id\":\"https:\/\/www.mojabochnia.pl\/#\/schema\/logo\/image\/\",\"url\":\"https:\/\/www.mojabochnia.pl\/wp-content\/uploads\/2017\/08\/logo-mb-opt.png\",\"contentUrl\":\"https:\/\/www.mojabochnia.pl\/wp-content\/uploads\/2017\/08\/logo-mb-opt.png\",\"width\":250,\"height\":48,\"caption\":\"mojabochnia.pl - portal informacyjny\"},\"image\":{\"@id\":\"https:\/\/www.mojabochnia.pl\/#\/schema\/logo\/image\/\"},\"sameAs\":[\"https:\/\/www.facebook.com\/mojabochnia\"]},{\"@type\":\"Person\",\"@id\":\"https:\/\/www.mojabochnia.pl\/#\/schema\/person\/ea042e4724a77627963f02166828ead4\",\"name\":\"Pawe\u0142 Michalczyk\",\"url\":\"https:\/\/www.mojabochnia.pl\/?author=4\"}]}<\/script>\n<!-- \/ Yoast SEO plugin. -->","yoast_head_json":{"title":"Co z konkursem na szefa MDK? - mojabochnia.pl - portal informacyjny","robots":{"index":"index","follow":"follow","max-snippet":"max-snippet:-1","max-image-preview":"max-image-preview:large","max-video-preview":"max-video-preview:-1"},"canonical":"https:\/\/www.mojabochnia.pl\/?p=14458","og_locale":"pl_PL","og_type":"article","og_title":"Co z konkursem na szefa MDK? - mojabochnia.pl - portal informacyjny","og_description":"Nied\u0142ugo min\u0105 3 miesi\u0105ce od czasu odwo\u0142ania Doroty Halberdy z funkcji dyrektora Miejskiego Domu Kultury. Konkurs na nowego szefa plac\u00f3wki wci\u0105\u017c nie zosta\u0142 og\u0142oszony. Dlaczego?","og_url":"https:\/\/www.mojabochnia.pl\/?p=14458","og_site_name":"mojabochnia.pl - portal informacyjny","article_publisher":"https:\/\/www.facebook.com\/mojabochnia","article_published_time":"2009-09-10T08:49:32+00:00","author":"Pawe\u0142 Michalczyk","twitter_card":"summary_large_image","twitter_misc":{"Written by":"Pawe\u0142 Michalczyk","Est. reading time":"1 minuta"},"schema":{"@context":"https:\/\/schema.org","@graph":[{"@type":"Article","@id":"https:\/\/www.mojabochnia.pl\/?p=14458#article","isPartOf":{"@id":"https:\/\/www.mojabochnia.pl\/?p=14458"},"author":{"name":"Pawe\u0142 Michalczyk","@id":"https:\/\/www.mojabochnia.pl\/#\/schema\/person\/ea042e4724a77627963f02166828ead4"},"headline":"Co z konkursem na szefa MDK?","datePublished":"2009-09-10T08:49:32+00:00","mainEntityOfPage":{"@id":"https:\/\/www.mojabochnia.pl\/?p=14458"},"wordCount":156,"commentCount":1,"publisher":{"@id":"https:\/\/www.mojabochnia.pl\/#organization"},"keywords":["bogdan kosturkiewicz","burmistrz","dorota halberda","dyrektor","konkurs","MDK","miejski dom kultury","rada miejska","statut","uchwa\u0142a"],"articleSection":["2_ostatnie"],"inLanguage":"pl-PL","potentialAction":[{"@type":"CommentAction","name":"Comment","target":["https:\/\/www.mojabochnia.pl\/?p=14458#respond"]}]},{"@type":"WebPage","@id":"https:\/\/www.mojabochnia.pl\/?p=14458","url":"https:\/\/www.mojabochnia.pl\/?p=14458","name":"Co z konkursem na szefa MDK? - mojabochnia.pl - portal informacyjny","isPartOf":{"@id":"https:\/\/www.mojabochnia.pl\/#website"},"datePublished":"2009-09-10T08:49:32+00:00","breadcrumb":{"@id":"https:\/\/www.mojabochnia.pl\/?p=14458#breadcrumb"},"inLanguage":"pl-PL","potentialAction":[{"@type":"ReadAction","target":["https:\/\/www.mojabochnia.pl\/?p=14458"]}]},{"@type":"BreadcrumbList","@id":"https:\/\/www.mojabochnia.pl\/?p=14458#breadcrumb","itemListElement":[{"@type":"ListItem","position":1,"name":"Home","item":"https:\/\/www.mojabochnia.pl\/"},{"@type":"ListItem","position":2,"name":"Co z konkursem na szefa MDK?"}]},{"@type":"WebSite","@id":"https:\/\/www.mojabochnia.pl\/#website","url":"https:\/\/www.mojabochnia.pl\/","name":"mojabochnia.pl - portal informacyjny","description":"mojaBochnia to portal informacyjny o Bochni. Codziennie o Bochni piszemy i pokazujemy najwa\u017cniejsze wydarzenia","publisher":{"@id":"https:\/\/www.mojabochnia.pl\/#organization"},"potentialAction":[{"@type":"SearchAction","target":{"@type":"EntryPoint","urlTemplate":"https:\/\/www.mojabochnia.pl\/?s={search_term_string}"},"query-input":{"@type":"PropertyValueSpecification","valueRequired":true,"valueName":"search_term_string"}}],"inLanguage":"pl-PL"},{"@type":"Organization","@id":"https:\/\/www.mojabochnia.pl\/#organization","name":"mojabochnia.pl - portal informacyjny","url":"https:\/\/www.mojabochnia.pl\/","logo":{"@type":"ImageObject","inLanguage":"pl-PL","@id":"https:\/\/www.mojabochnia.pl\/#\/schema\/logo\/image\/","url":"https:\/\/www.mojabochnia.pl\/wp-content\/uploads\/2017\/08\/logo-mb-opt.png","contentUrl":"https:\/\/www.mojabochnia.pl\/wp-content\/uploads\/2017\/08\/logo-mb-opt.png","width":250,"height":48,"caption":"mojabochnia.pl - portal informacyjny"},"image":{"@id":"https:\/\/www.mojabochnia.pl\/#\/schema\/logo\/image\/"},"sameAs":["https:\/\/www.facebook.com\/mojabochnia"]},{"@type":"Person","@id":"https:\/\/www.mojabochnia.pl\/#\/schema\/person\/ea042e4724a77627963f02166828ead4","name":"Pawe\u0142 Michalczyk","url":"https:\/\/www.mojabochnia.pl\/?author=4"}]}},"_links":{"self":[{"href":"https:\/\/www.mojabochnia.pl\/index.php?rest_route=\/wp\/v2\/posts\/14458","targetHints":{"allow":["GET"]}}],"collection":[{"href":"https:\/\/www.mojabochnia.pl\/index.php?rest_route=\/wp\/v2\/posts"}],"about":[{"href":"https:\/\/www.mojabochnia.pl\/index.php?rest_route=\/wp\/v2\/types\/post"}],"author":[{"embeddable":true,"href":"https:\/\/www.mojabochnia.pl\/index.php?rest_route=\/wp\/v2\/users\/4"}],"replies":[{"embeddable":true,"href":"https:\/\/www.mojabochnia.pl\/index.php?rest_route=%2Fwp%2Fv2%2Fcomments&post=14458"}],"version-history":[{"count":0,"href":"https:\/\/www.mojabochnia.pl\/index.php?rest_route=\/wp\/v2\/posts\/14458\/revisions"}],"wp:attachment":[{"href":"https:\/\/www.mojabochnia.pl\/index.php?rest_route=%2Fwp%2Fv2%2Fmedia&parent=14458"}],"wp:term":[{"taxonomy":"category","embeddable":true,"href":"https:\/\/www.mojabochnia.pl\/index.php?rest_route=%2Fwp%2Fv2%2Fcategories&post=14458"},{"taxonomy":"post_tag","embeddable":true,"href":"https:\/\/www.mojabochnia.pl\/index.php?rest_route=%2Fwp%2Fv2%2Ftags&post=14458"}],"curies":[{"name":"wp","href":"https:\/\/api.w.org\/{rel}","templated":true}]}}