{"id":14447,"date":"2009-09-10T09:12:15","date_gmt":"2009-09-10T07:12:15","guid":{"rendered":"http:\/\/www.mojabochnia.pl\/?p=14447"},"modified":"2009-09-10T10:42:42","modified_gmt":"2009-09-10T08:42:42","slug":"400-tys-zl-dla-powiatu-bochenskiego-na-usuwanie-skutkow-powodzi","status":"publish","type":"post","link":"https:\/\/www.mojabochnia.pl\/?p=14447","title":{"rendered":"400 tys. z\u0142 dla gmin powiatu boche\u0144skiego na usuwanie skutk\u00f3w powodzi"},"content":{"rendered":"<p>w sumie cztery gminy z powiatu: Gmina Bochnia, Drwinia, \u0141apan\u00f3w i Lipnica Murowana otrzymaj\u0105 400 tys. z\u0142, po 100 tys. ka\u017cda. Wed\u0142ug szacunk\u00f3w kwoty te pokryj\u0105 80% koszt\u00f3w usuwania skutk\u00f3w powodzi, pozosta\u0142\u0105 kas\u0119 gminy musz\u0105 wy\u0142o\u017cy\u0107 same. Tylko 12 gmin Ma\u0142opolski otrzyma\u0142o 100 % dofinansowanie, \u0142\u0105cznie 5,5 mln z\u0142 Ministerstwo przeznaczy\u0142o na usuwanie zniszcze\u0144 popowodziowych.<\/p>\n<p><em>&#8211; Przyznane w\u0142a\u015bnie promesy Ministerstwa Spraw Wewn\u0119trznych i Administracji opiewaj\u0105 na \u0142\u0105czn\u0105 kwot\u0119 5,5 mln z\u0142otych. Pieni\u0105dze z rezerwy celowej bud\u017cetu pa\u0144stwa przeznaczone s\u0105 na odbudow\u0119 dr\u00f3g, przepust\u00f3w, most\u00f3w i k\u0142adek oraz obiekt\u00f3w wodno-kanalizacyjnych &#8211;<\/em> podaje Ma\u0142gorzata Wo\u017aniak, rzecznik prasowy wojewody ma\u0142opolskiego.<\/p>\n<p>Wydaje si\u0119, \u017ce nie s\u0105 to jeszcze ostateczne kwoty, wci\u0105\u017c trwa weryfikacja strat. Wst\u0119pnie oceniono, \u017ce w tym roku powodzie i ulewy poch\u0142on\u0119\u0142y w wojew\u00f3dztwie ma\u0142opolskim prawie 418,5 mln z\u0142, kwota ta dotyczy tylko mienia komunalnego.<\/p>\n","protected":false},"excerpt":{"rendered":"<p>Tegoroczne powodzie w powiecie boche\u0144skim cho\u0107 nie by\u0142y tak intensywne jak w innych regionach i tak poczyni\u0142y wiele strat i zniszcze\u0144. MSWiA pomo\u017ce finansowo w usuwaniu ich skutk\u00f3w.<\/p>\n","protected":false},"author":1,"featured_media":0,"comment_status":"open","ping_status":"closed","sticky":false,"template":"","format":"standard","meta":{"_acf_changed":false,"footnotes":""},"categories":[5],"tags":[2617,17344,5790,17225,4723,17125,17233,507,4351,1106,2563,3959,17774,4724,3185],"class_list":["post-14447","post","type-post","status-publish","format-standard","hentry","category-biezace-wydarzenia","tag-deszcz","tag-dofinansowanie","tag-drwnia","tag-gmina-bochnia","tag-gminny-zespol-reagowania-kryzysowego","tag-lipnica","tag-lapanow","tag-malopolska","tag-ministerstwo-spraw-wewnetrznych-i-administracji","tag-mswia","tag-opady","tag-podtopienia","tag-powodz","tag-stan-ostrzegawczy","tag-zalanie"],"acf":[],"yoast_head":"<!-- This site is optimized with the Yoast SEO plugin v26.9 - https:\/\/yoast.com\/product\/yoast-seo-wordpress\/ -->\n<title>400 tys. z\u0142 dla gmin powiatu boche\u0144skiego na usuwanie skutk\u00f3w powodzi - mojabochnia.pl - portal informacyjny<\/title>\n<meta name=\"robots\" content=\"index, follow, max-snippet:-1, max-image-preview:large, max-video-preview:-1\" \/>\n<link rel=\"canonical\" href=\"https:\/\/www.mojabochnia.pl\/?p=14447\" \/>\n<meta property=\"og:locale\" content=\"pl_PL\" \/>\n<meta property=\"og:type\" content=\"article\" \/>\n<meta property=\"og:title\" content=\"400 tys. z\u0142 dla gmin powiatu boche\u0144skiego na usuwanie skutk\u00f3w powodzi - mojabochnia.pl - portal informacyjny\" \/>\n<meta property=\"og:description\" content=\"Tegoroczne powodzie w powiecie boche\u0144skim cho\u0107 nie by\u0142y tak intensywne jak w innych regionach i tak poczyni\u0142y wiele strat i zniszcze\u0144. MSWiA pomo\u017ce finansowo w usuwaniu ich skutk\u00f3w.\" \/>\n<meta property=\"og:url\" content=\"https:\/\/www.mojabochnia.pl\/?p=14447\" \/>\n<meta property=\"og:site_name\" content=\"mojabochnia.pl - portal informacyjny\" \/>\n<meta property=\"article:publisher\" content=\"https:\/\/www.facebook.com\/mojabochnia\" \/>\n<meta property=\"article:published_time\" content=\"2009-09-10T07:12:15+00:00\" \/>\n<meta property=\"article:modified_time\" content=\"2009-09-10T08:42:42+00:00\" \/>\n<meta name=\"author\" content=\"administrator\" \/>\n<meta name=\"twitter:card\" content=\"summary_large_image\" \/>\n<meta name=\"twitter:label1\" content=\"Written by\" \/>\n\t<meta name=\"twitter:data1\" content=\"administrator\" \/>\n\t<meta name=\"twitter:label2\" content=\"Est. reading time\" \/>\n\t<meta name=\"twitter:data2\" content=\"1 minuta\" \/>\n<script type=\"application\/ld+json\" class=\"yoast-schema-graph\">{\"@context\":\"https:\/\/schema.org\",\"@graph\":[{\"@type\":\"Article\",\"@id\":\"https:\/\/www.mojabochnia.pl\/?p=14447#article\",\"isPartOf\":{\"@id\":\"https:\/\/www.mojabochnia.pl\/?p=14447\"},\"author\":{\"name\":\"administrator\",\"@id\":\"https:\/\/www.mojabochnia.pl\/#\/schema\/person\/c00e1f64e6fa0e6de6d410f2c340017f\"},\"headline\":\"400 tys. z\u0142 dla gmin powiatu boche\u0144skiego na usuwanie skutk\u00f3w powodzi\",\"datePublished\":\"2009-09-10T07:12:15+00:00\",\"dateModified\":\"2009-09-10T08:42:42+00:00\",\"mainEntityOfPage\":{\"@id\":\"https:\/\/www.mojabochnia.pl\/?p=14447\"},\"wordCount\":167,\"commentCount\":0,\"publisher\":{\"@id\":\"https:\/\/www.mojabochnia.pl\/#organization\"},\"keywords\":[\"deszcz\",\"dofinansowanie\",\"drwnia\",\"gmina bochnia\",\"gminny zesp\u00f3\u0142 reagowania kryzysowego\",\"Lipnica Murowana\",\"\u0141apan\u00f3w\",\"ma\u0142opolska\",\"ministerstwo spraw wewn\u0119trznych i administracji\",\"mswia\",\"opady\",\"podtopienia\",\"pow\u00f3d\u017a\",\"stan ostrzegawczy\",\"zalanie\"],\"articleSection\":[\"2_ostatnie\"],\"inLanguage\":\"pl-PL\",\"potentialAction\":[{\"@type\":\"CommentAction\",\"name\":\"Comment\",\"target\":[\"https:\/\/www.mojabochnia.pl\/?p=14447#respond\"]}]},{\"@type\":\"WebPage\",\"@id\":\"https:\/\/www.mojabochnia.pl\/?p=14447\",\"url\":\"https:\/\/www.mojabochnia.pl\/?p=14447\",\"name\":\"400 tys. z\u0142 dla gmin powiatu boche\u0144skiego na usuwanie skutk\u00f3w powodzi - mojabochnia.pl - portal informacyjny\",\"isPartOf\":{\"@id\":\"https:\/\/www.mojabochnia.pl\/#website\"},\"datePublished\":\"2009-09-10T07:12:15+00:00\",\"dateModified\":\"2009-09-10T08:42:42+00:00\",\"breadcrumb\":{\"@id\":\"https:\/\/www.mojabochnia.pl\/?p=14447#breadcrumb\"},\"inLanguage\":\"pl-PL\",\"potentialAction\":[{\"@type\":\"ReadAction\",\"target\":[\"https:\/\/www.mojabochnia.pl\/?p=14447\"]}]},{\"@type\":\"BreadcrumbList\",\"@id\":\"https:\/\/www.mojabochnia.pl\/?p=14447#breadcrumb\",\"itemListElement\":[{\"@type\":\"ListItem\",\"position\":1,\"name\":\"Home\",\"item\":\"https:\/\/www.mojabochnia.pl\/\"},{\"@type\":\"ListItem\",\"position\":2,\"name\":\"400 tys. z\u0142 dla gmin powiatu boche\u0144skiego na usuwanie skutk\u00f3w powodzi\"}]},{\"@type\":\"WebSite\",\"@id\":\"https:\/\/www.mojabochnia.pl\/#website\",\"url\":\"https:\/\/www.mojabochnia.pl\/\",\"name\":\"mojabochnia.pl - portal informacyjny\",\"description\":\"mojaBochnia to portal informacyjny o Bochni. Codziennie o Bochni piszemy i pokazujemy najwa\u017cniejsze wydarzenia\",\"publisher\":{\"@id\":\"https:\/\/www.mojabochnia.pl\/#organization\"},\"potentialAction\":[{\"@type\":\"SearchAction\",\"target\":{\"@type\":\"EntryPoint\",\"urlTemplate\":\"https:\/\/www.mojabochnia.pl\/?s={search_term_string}\"},\"query-input\":{\"@type\":\"PropertyValueSpecification\",\"valueRequired\":true,\"valueName\":\"search_term_string\"}}],\"inLanguage\":\"pl-PL\"},{\"@type\":\"Organization\",\"@id\":\"https:\/\/www.mojabochnia.pl\/#organization\",\"name\":\"mojabochnia.pl - portal informacyjny\",\"url\":\"https:\/\/www.mojabochnia.pl\/\",\"logo\":{\"@type\":\"ImageObject\",\"inLanguage\":\"pl-PL\",\"@id\":\"https:\/\/www.mojabochnia.pl\/#\/schema\/logo\/image\/\",\"url\":\"https:\/\/www.mojabochnia.pl\/wp-content\/uploads\/2017\/08\/logo-mb-opt.png\",\"contentUrl\":\"https:\/\/www.mojabochnia.pl\/wp-content\/uploads\/2017\/08\/logo-mb-opt.png\",\"width\":250,\"height\":48,\"caption\":\"mojabochnia.pl - portal informacyjny\"},\"image\":{\"@id\":\"https:\/\/www.mojabochnia.pl\/#\/schema\/logo\/image\/\"},\"sameAs\":[\"https:\/\/www.facebook.com\/mojabochnia\"]},{\"@type\":\"Person\",\"@id\":\"https:\/\/www.mojabochnia.pl\/#\/schema\/person\/c00e1f64e6fa0e6de6d410f2c340017f\",\"name\":\"administrator\",\"url\":\"https:\/\/www.mojabochnia.pl\/?author=1\"}]}<\/script>\n<!-- \/ Yoast SEO plugin. -->","yoast_head_json":{"title":"400 tys. z\u0142 dla gmin powiatu boche\u0144skiego na usuwanie skutk\u00f3w powodzi - mojabochnia.pl - portal informacyjny","robots":{"index":"index","follow":"follow","max-snippet":"max-snippet:-1","max-image-preview":"max-image-preview:large","max-video-preview":"max-video-preview:-1"},"canonical":"https:\/\/www.mojabochnia.pl\/?p=14447","og_locale":"pl_PL","og_type":"article","og_title":"400 tys. z\u0142 dla gmin powiatu boche\u0144skiego na usuwanie skutk\u00f3w powodzi - mojabochnia.pl - portal informacyjny","og_description":"Tegoroczne powodzie w powiecie boche\u0144skim cho\u0107 nie by\u0142y tak intensywne jak w innych regionach i tak poczyni\u0142y wiele strat i zniszcze\u0144. MSWiA pomo\u017ce finansowo w usuwaniu ich skutk\u00f3w.","og_url":"https:\/\/www.mojabochnia.pl\/?p=14447","og_site_name":"mojabochnia.pl - portal informacyjny","article_publisher":"https:\/\/www.facebook.com\/mojabochnia","article_published_time":"2009-09-10T07:12:15+00:00","article_modified_time":"2009-09-10T08:42:42+00:00","author":"administrator","twitter_card":"summary_large_image","twitter_misc":{"Written by":"administrator","Est. reading time":"1 minuta"},"schema":{"@context":"https:\/\/schema.org","@graph":[{"@type":"Article","@id":"https:\/\/www.mojabochnia.pl\/?p=14447#article","isPartOf":{"@id":"https:\/\/www.mojabochnia.pl\/?p=14447"},"author":{"name":"administrator","@id":"https:\/\/www.mojabochnia.pl\/#\/schema\/person\/c00e1f64e6fa0e6de6d410f2c340017f"},"headline":"400 tys. z\u0142 dla gmin powiatu boche\u0144skiego na usuwanie skutk\u00f3w powodzi","datePublished":"2009-09-10T07:12:15+00:00","dateModified":"2009-09-10T08:42:42+00:00","mainEntityOfPage":{"@id":"https:\/\/www.mojabochnia.pl\/?p=14447"},"wordCount":167,"commentCount":0,"publisher":{"@id":"https:\/\/www.mojabochnia.pl\/#organization"},"keywords":["deszcz","dofinansowanie","drwnia","gmina bochnia","gminny zesp\u00f3\u0142 reagowania kryzysowego","Lipnica Murowana","\u0141apan\u00f3w","ma\u0142opolska","ministerstwo spraw wewn\u0119trznych i administracji","mswia","opady","podtopienia","pow\u00f3d\u017a","stan ostrzegawczy","zalanie"],"articleSection":["2_ostatnie"],"inLanguage":"pl-PL","potentialAction":[{"@type":"CommentAction","name":"Comment","target":["https:\/\/www.mojabochnia.pl\/?p=14447#respond"]}]},{"@type":"WebPage","@id":"https:\/\/www.mojabochnia.pl\/?p=14447","url":"https:\/\/www.mojabochnia.pl\/?p=14447","name":"400 tys. z\u0142 dla gmin powiatu boche\u0144skiego na usuwanie skutk\u00f3w powodzi - mojabochnia.pl - portal informacyjny","isPartOf":{"@id":"https:\/\/www.mojabochnia.pl\/#website"},"datePublished":"2009-09-10T07:12:15+00:00","dateModified":"2009-09-10T08:42:42+00:00","breadcrumb":{"@id":"https:\/\/www.mojabochnia.pl\/?p=14447#breadcrumb"},"inLanguage":"pl-PL","potentialAction":[{"@type":"ReadAction","target":["https:\/\/www.mojabochnia.pl\/?p=14447"]}]},{"@type":"BreadcrumbList","@id":"https:\/\/www.mojabochnia.pl\/?p=14447#breadcrumb","itemListElement":[{"@type":"ListItem","position":1,"name":"Home","item":"https:\/\/www.mojabochnia.pl\/"},{"@type":"ListItem","position":2,"name":"400 tys. z\u0142 dla gmin powiatu boche\u0144skiego na usuwanie skutk\u00f3w powodzi"}]},{"@type":"WebSite","@id":"https:\/\/www.mojabochnia.pl\/#website","url":"https:\/\/www.mojabochnia.pl\/","name":"mojabochnia.pl - portal informacyjny","description":"mojaBochnia to portal informacyjny o Bochni. Codziennie o Bochni piszemy i pokazujemy najwa\u017cniejsze wydarzenia","publisher":{"@id":"https:\/\/www.mojabochnia.pl\/#organization"},"potentialAction":[{"@type":"SearchAction","target":{"@type":"EntryPoint","urlTemplate":"https:\/\/www.mojabochnia.pl\/?s={search_term_string}"},"query-input":{"@type":"PropertyValueSpecification","valueRequired":true,"valueName":"search_term_string"}}],"inLanguage":"pl-PL"},{"@type":"Organization","@id":"https:\/\/www.mojabochnia.pl\/#organization","name":"mojabochnia.pl - portal informacyjny","url":"https:\/\/www.mojabochnia.pl\/","logo":{"@type":"ImageObject","inLanguage":"pl-PL","@id":"https:\/\/www.mojabochnia.pl\/#\/schema\/logo\/image\/","url":"https:\/\/www.mojabochnia.pl\/wp-content\/uploads\/2017\/08\/logo-mb-opt.png","contentUrl":"https:\/\/www.mojabochnia.pl\/wp-content\/uploads\/2017\/08\/logo-mb-opt.png","width":250,"height":48,"caption":"mojabochnia.pl - portal informacyjny"},"image":{"@id":"https:\/\/www.mojabochnia.pl\/#\/schema\/logo\/image\/"},"sameAs":["https:\/\/www.facebook.com\/mojabochnia"]},{"@type":"Person","@id":"https:\/\/www.mojabochnia.pl\/#\/schema\/person\/c00e1f64e6fa0e6de6d410f2c340017f","name":"administrator","url":"https:\/\/www.mojabochnia.pl\/?author=1"}]}},"_links":{"self":[{"href":"https:\/\/www.mojabochnia.pl\/index.php?rest_route=\/wp\/v2\/posts\/14447","targetHints":{"allow":["GET"]}}],"collection":[{"href":"https:\/\/www.mojabochnia.pl\/index.php?rest_route=\/wp\/v2\/posts"}],"about":[{"href":"https:\/\/www.mojabochnia.pl\/index.php?rest_route=\/wp\/v2\/types\/post"}],"author":[{"embeddable":true,"href":"https:\/\/www.mojabochnia.pl\/index.php?rest_route=\/wp\/v2\/users\/1"}],"replies":[{"embeddable":true,"href":"https:\/\/www.mojabochnia.pl\/index.php?rest_route=%2Fwp%2Fv2%2Fcomments&post=14447"}],"version-history":[{"count":0,"href":"https:\/\/www.mojabochnia.pl\/index.php?rest_route=\/wp\/v2\/posts\/14447\/revisions"}],"wp:attachment":[{"href":"https:\/\/www.mojabochnia.pl\/index.php?rest_route=%2Fwp%2Fv2%2Fmedia&parent=14447"}],"wp:term":[{"taxonomy":"category","embeddable":true,"href":"https:\/\/www.mojabochnia.pl\/index.php?rest_route=%2Fwp%2Fv2%2Fcategories&post=14447"},{"taxonomy":"post_tag","embeddable":true,"href":"https:\/\/www.mojabochnia.pl\/index.php?rest_route=%2Fwp%2Fv2%2Ftags&post=14447"}],"curies":[{"name":"wp","href":"https:\/\/api.w.org\/{rel}","templated":true}]}}