{"id":14417,"date":"2009-09-09T17:30:56","date_gmt":"2009-09-09T15:30:56","guid":{"rendered":"http:\/\/www.mojabochnia.pl\/?p=14417"},"modified":"2009-09-09T12:36:17","modified_gmt":"2009-09-09T10:36:17","slug":"gm-bochnia-pieniadze-dla-niepelnosprawnych-dzieci-i-mlodziezy","status":"publish","type":"post","link":"https:\/\/www.mojabochnia.pl\/?p=14417","title":{"rendered":"Gm. Bochnia: pieni\u0105dze dla niepe\u0142nosprawnych dzieci i m\u0142odzie\u017cy"},"content":{"rendered":"<p>Jak m\u00f3wi Danuta G\u00f3ra, kierownik Gminnego O\u015brodka Pomocy Spo\u0142ecznej w Bochni, GOPS przyst\u0105pi\u0142 do kolejnej edycji programu \u201eUcze\u0144 na wsi &#8211; pomoc w zdobyciu wykszta\u0142cenia przez osoby niepe\u0142nosprawne zamieszkuj\u0105ce gminy wiejskie oraz gminy miejsko \u2013 wiejskie\u201d. Dzi\u0119ki temu dzieci i m\u0142odzie\u017c z terenu gminy Bochnia mog\u0105 si\u0119 ubiega\u0107 o dofinansowanie np. na zakup sprz\u0119tu niezb\u0119dnego do nauki czy turnusu wakacyjnego. <\/p>\n<p>\u2013<em> Dofinansowanie w ramach programu mo\u017ce otrzyma\u0107 ucze\u0144, kt\u00f3ry posiada orzeczenie o stopniu niepe\u0142nosprawno\u015bci, uczy si\u0119 w szkole podstawowej, gimnazjum lub w szkole ponadgimnazjalnej (z wy\u0142\u0105czeniem szko\u0142y policealnej) oraz posiada sta\u0142e zameldowanie na terenie gminy Bochnia<\/em> \u2013 m\u00f3wi Danuta G\u00f3ra.<\/p>\n<p>Wraz z wnioskiem nale\u017cy z\u0142o\u017cy\u0107 nast\u0119puj\u0105ce dokumenty:<br \/>\n1)\tkserokopia wa\u017cnego orzeczenia o niepe\u0142nosprawno\u015bci lub orzeczenia o stopniu niepe\u0142nosprawno\u015bci ucznia,<br \/>\n2)\to\u015bwiadczenie wnioskodawcy o dochodzie brutto przypadaj\u0105cym na jednego cz\u0142onka rodziny pozostaj\u0105cego w gospodarstwie domowym, kt\u00f3rego wz\u00f3r stanowi za\u0142\u0105cznik do formularza wniosku o dofinansowanie,<br \/>\n3)\tza\u015bwiadczenie ze szko\u0142y o pobieraniu nauki przez ucznia w szkole podstawowej, gimnazjum lub szkole ponadgimnazjalnej,<br \/>\n4)\tkserokopia aktu urodzenia ucznia \u2013 dotyczy wnioskodawcy ubiegaj\u0105cego si\u0119 o pomoc finansow\u0105 w imieniu i na rzecz niepe\u0142noletniego dziecka,<br \/>\n5)\tkserokopia dokumentu o ustanowieniu opieki prawnej nad podopiecznym \u2013 dotyczy wnioskodawc\u00f3w, b\u0119d\u0105cych opiekunami prawnymi ucznia.<\/p>\n<p>Szczeg\u00f3\u0142y mo\u017cna uzyska\u0107 w Gminnym O\u015brodku Pomocy Spo\u0142ecznej w Bochni w pokoju nr 18.<\/p>\n","protected":false},"excerpt":{"rendered":"<p>Dzieci i m\u0142odzie\u017c z terenu gminy Bochnia z orzeczeniem o niepe\u0142nosprawno\u015bci maj\u0105 szans\u0119 na pomoc materialn\u0105 z GOPS. Termin sk\u0142adania wniosk\u00f3w up\u0142ywa 25 wrze\u015bnia. <\/p>\n","protected":false},"author":4,"featured_media":0,"comment_status":"open","ping_status":"closed","sticky":false,"template":"","format":"standard","meta":{"_acf_changed":false,"footnotes":""},"categories":[5],"tags":[5782,17326,17225,5783,17695,17391,17221,5784,1683],"class_list":["post-14417","post","type-post","status-publish","format-standard","hentry","category-biezace-wydarzenia","tag-danuta-gora","tag-dzieci","tag-gmina-bochnia","tag-gminny-osrodek-pomocy-spolecznej","tag-gops","tag-mlodziez","tag-niepelnosprawni","tag-pomoc-materialna","tag-wniosek"],"acf":[],"yoast_head":"<!-- This site is optimized with the Yoast SEO plugin v26.9 - https:\/\/yoast.com\/product\/yoast-seo-wordpress\/ -->\n<title>Gm. Bochnia: pieni\u0105dze dla niepe\u0142nosprawnych dzieci i m\u0142odzie\u017cy - mojabochnia.pl - portal informacyjny<\/title>\n<meta name=\"robots\" content=\"index, follow, max-snippet:-1, max-image-preview:large, max-video-preview:-1\" \/>\n<link rel=\"canonical\" href=\"https:\/\/www.mojabochnia.pl\/?p=14417\" \/>\n<meta property=\"og:locale\" content=\"pl_PL\" \/>\n<meta property=\"og:type\" content=\"article\" \/>\n<meta property=\"og:title\" content=\"Gm. Bochnia: pieni\u0105dze dla niepe\u0142nosprawnych dzieci i m\u0142odzie\u017cy - mojabochnia.pl - portal informacyjny\" \/>\n<meta property=\"og:description\" content=\"Dzieci i m\u0142odzie\u017c z terenu gminy Bochnia z orzeczeniem o niepe\u0142nosprawno\u015bci maj\u0105 szans\u0119 na pomoc materialn\u0105 z GOPS. Termin sk\u0142adania wniosk\u00f3w up\u0142ywa 25 wrze\u015bnia.\" \/>\n<meta property=\"og:url\" content=\"https:\/\/www.mojabochnia.pl\/?p=14417\" \/>\n<meta property=\"og:site_name\" content=\"mojabochnia.pl - portal informacyjny\" \/>\n<meta property=\"article:publisher\" content=\"https:\/\/www.facebook.com\/mojabochnia\" \/>\n<meta property=\"article:published_time\" content=\"2009-09-09T15:30:56+00:00\" \/>\n<meta name=\"author\" content=\"Pawe\u0142 Michalczyk\" \/>\n<meta name=\"twitter:card\" content=\"summary_large_image\" \/>\n<meta name=\"twitter:label1\" content=\"Written by\" \/>\n\t<meta name=\"twitter:data1\" content=\"Pawe\u0142 Michalczyk\" \/>\n\t<meta name=\"twitter:label2\" content=\"Est. reading time\" \/>\n\t<meta name=\"twitter:data2\" content=\"1 minuta\" \/>\n<script type=\"application\/ld+json\" class=\"yoast-schema-graph\">{\"@context\":\"https:\/\/schema.org\",\"@graph\":[{\"@type\":\"Article\",\"@id\":\"https:\/\/www.mojabochnia.pl\/?p=14417#article\",\"isPartOf\":{\"@id\":\"https:\/\/www.mojabochnia.pl\/?p=14417\"},\"author\":{\"name\":\"Pawe\u0142 Michalczyk\",\"@id\":\"https:\/\/www.mojabochnia.pl\/#\/schema\/person\/ea042e4724a77627963f02166828ead4\"},\"headline\":\"Gm. Bochnia: pieni\u0105dze dla niepe\u0142nosprawnych dzieci i m\u0142odzie\u017cy\",\"datePublished\":\"2009-09-09T15:30:56+00:00\",\"mainEntityOfPage\":{\"@id\":\"https:\/\/www.mojabochnia.pl\/?p=14417\"},\"wordCount\":259,\"commentCount\":0,\"publisher\":{\"@id\":\"https:\/\/www.mojabochnia.pl\/#organization\"},\"keywords\":[\"danuta g\u00f3ra\",\"dzieci\",\"gmina bochnia\",\"gminny o\u015brodek pomocy spo\u0142ecznej\",\"gops\",\"m\u0142odzie\u017c\",\"niepe\u0142nosprawni\",\"pomoc materialna\",\"wniosek\"],\"articleSection\":[\"2_ostatnie\"],\"inLanguage\":\"pl-PL\",\"potentialAction\":[{\"@type\":\"CommentAction\",\"name\":\"Comment\",\"target\":[\"https:\/\/www.mojabochnia.pl\/?p=14417#respond\"]}]},{\"@type\":\"WebPage\",\"@id\":\"https:\/\/www.mojabochnia.pl\/?p=14417\",\"url\":\"https:\/\/www.mojabochnia.pl\/?p=14417\",\"name\":\"Gm. Bochnia: pieni\u0105dze dla niepe\u0142nosprawnych dzieci i m\u0142odzie\u017cy - mojabochnia.pl - portal informacyjny\",\"isPartOf\":{\"@id\":\"https:\/\/www.mojabochnia.pl\/#website\"},\"datePublished\":\"2009-09-09T15:30:56+00:00\",\"breadcrumb\":{\"@id\":\"https:\/\/www.mojabochnia.pl\/?p=14417#breadcrumb\"},\"inLanguage\":\"pl-PL\",\"potentialAction\":[{\"@type\":\"ReadAction\",\"target\":[\"https:\/\/www.mojabochnia.pl\/?p=14417\"]}]},{\"@type\":\"BreadcrumbList\",\"@id\":\"https:\/\/www.mojabochnia.pl\/?p=14417#breadcrumb\",\"itemListElement\":[{\"@type\":\"ListItem\",\"position\":1,\"name\":\"Home\",\"item\":\"https:\/\/www.mojabochnia.pl\/\"},{\"@type\":\"ListItem\",\"position\":2,\"name\":\"Gm. Bochnia: pieni\u0105dze dla niepe\u0142nosprawnych dzieci i m\u0142odzie\u017cy\"}]},{\"@type\":\"WebSite\",\"@id\":\"https:\/\/www.mojabochnia.pl\/#website\",\"url\":\"https:\/\/www.mojabochnia.pl\/\",\"name\":\"mojabochnia.pl - portal informacyjny\",\"description\":\"mojaBochnia to portal informacyjny o Bochni. Codziennie o Bochni piszemy i pokazujemy najwa\u017cniejsze wydarzenia\",\"publisher\":{\"@id\":\"https:\/\/www.mojabochnia.pl\/#organization\"},\"potentialAction\":[{\"@type\":\"SearchAction\",\"target\":{\"@type\":\"EntryPoint\",\"urlTemplate\":\"https:\/\/www.mojabochnia.pl\/?s={search_term_string}\"},\"query-input\":{\"@type\":\"PropertyValueSpecification\",\"valueRequired\":true,\"valueName\":\"search_term_string\"}}],\"inLanguage\":\"pl-PL\"},{\"@type\":\"Organization\",\"@id\":\"https:\/\/www.mojabochnia.pl\/#organization\",\"name\":\"mojabochnia.pl - portal informacyjny\",\"url\":\"https:\/\/www.mojabochnia.pl\/\",\"logo\":{\"@type\":\"ImageObject\",\"inLanguage\":\"pl-PL\",\"@id\":\"https:\/\/www.mojabochnia.pl\/#\/schema\/logo\/image\/\",\"url\":\"https:\/\/www.mojabochnia.pl\/wp-content\/uploads\/2017\/08\/logo-mb-opt.png\",\"contentUrl\":\"https:\/\/www.mojabochnia.pl\/wp-content\/uploads\/2017\/08\/logo-mb-opt.png\",\"width\":250,\"height\":48,\"caption\":\"mojabochnia.pl - portal informacyjny\"},\"image\":{\"@id\":\"https:\/\/www.mojabochnia.pl\/#\/schema\/logo\/image\/\"},\"sameAs\":[\"https:\/\/www.facebook.com\/mojabochnia\"]},{\"@type\":\"Person\",\"@id\":\"https:\/\/www.mojabochnia.pl\/#\/schema\/person\/ea042e4724a77627963f02166828ead4\",\"name\":\"Pawe\u0142 Michalczyk\",\"url\":\"https:\/\/www.mojabochnia.pl\/?author=4\"}]}<\/script>\n<!-- \/ Yoast SEO plugin. -->","yoast_head_json":{"title":"Gm. Bochnia: pieni\u0105dze dla niepe\u0142nosprawnych dzieci i m\u0142odzie\u017cy - mojabochnia.pl - portal informacyjny","robots":{"index":"index","follow":"follow","max-snippet":"max-snippet:-1","max-image-preview":"max-image-preview:large","max-video-preview":"max-video-preview:-1"},"canonical":"https:\/\/www.mojabochnia.pl\/?p=14417","og_locale":"pl_PL","og_type":"article","og_title":"Gm. Bochnia: pieni\u0105dze dla niepe\u0142nosprawnych dzieci i m\u0142odzie\u017cy - mojabochnia.pl - portal informacyjny","og_description":"Dzieci i m\u0142odzie\u017c z terenu gminy Bochnia z orzeczeniem o niepe\u0142nosprawno\u015bci maj\u0105 szans\u0119 na pomoc materialn\u0105 z GOPS. Termin sk\u0142adania wniosk\u00f3w up\u0142ywa 25 wrze\u015bnia.","og_url":"https:\/\/www.mojabochnia.pl\/?p=14417","og_site_name":"mojabochnia.pl - portal informacyjny","article_publisher":"https:\/\/www.facebook.com\/mojabochnia","article_published_time":"2009-09-09T15:30:56+00:00","author":"Pawe\u0142 Michalczyk","twitter_card":"summary_large_image","twitter_misc":{"Written by":"Pawe\u0142 Michalczyk","Est. reading time":"1 minuta"},"schema":{"@context":"https:\/\/schema.org","@graph":[{"@type":"Article","@id":"https:\/\/www.mojabochnia.pl\/?p=14417#article","isPartOf":{"@id":"https:\/\/www.mojabochnia.pl\/?p=14417"},"author":{"name":"Pawe\u0142 Michalczyk","@id":"https:\/\/www.mojabochnia.pl\/#\/schema\/person\/ea042e4724a77627963f02166828ead4"},"headline":"Gm. Bochnia: pieni\u0105dze dla niepe\u0142nosprawnych dzieci i m\u0142odzie\u017cy","datePublished":"2009-09-09T15:30:56+00:00","mainEntityOfPage":{"@id":"https:\/\/www.mojabochnia.pl\/?p=14417"},"wordCount":259,"commentCount":0,"publisher":{"@id":"https:\/\/www.mojabochnia.pl\/#organization"},"keywords":["danuta g\u00f3ra","dzieci","gmina bochnia","gminny o\u015brodek pomocy spo\u0142ecznej","gops","m\u0142odzie\u017c","niepe\u0142nosprawni","pomoc materialna","wniosek"],"articleSection":["2_ostatnie"],"inLanguage":"pl-PL","potentialAction":[{"@type":"CommentAction","name":"Comment","target":["https:\/\/www.mojabochnia.pl\/?p=14417#respond"]}]},{"@type":"WebPage","@id":"https:\/\/www.mojabochnia.pl\/?p=14417","url":"https:\/\/www.mojabochnia.pl\/?p=14417","name":"Gm. Bochnia: pieni\u0105dze dla niepe\u0142nosprawnych dzieci i m\u0142odzie\u017cy - mojabochnia.pl - portal informacyjny","isPartOf":{"@id":"https:\/\/www.mojabochnia.pl\/#website"},"datePublished":"2009-09-09T15:30:56+00:00","breadcrumb":{"@id":"https:\/\/www.mojabochnia.pl\/?p=14417#breadcrumb"},"inLanguage":"pl-PL","potentialAction":[{"@type":"ReadAction","target":["https:\/\/www.mojabochnia.pl\/?p=14417"]}]},{"@type":"BreadcrumbList","@id":"https:\/\/www.mojabochnia.pl\/?p=14417#breadcrumb","itemListElement":[{"@type":"ListItem","position":1,"name":"Home","item":"https:\/\/www.mojabochnia.pl\/"},{"@type":"ListItem","position":2,"name":"Gm. Bochnia: pieni\u0105dze dla niepe\u0142nosprawnych dzieci i m\u0142odzie\u017cy"}]},{"@type":"WebSite","@id":"https:\/\/www.mojabochnia.pl\/#website","url":"https:\/\/www.mojabochnia.pl\/","name":"mojabochnia.pl - portal informacyjny","description":"mojaBochnia to portal informacyjny o Bochni. Codziennie o Bochni piszemy i pokazujemy najwa\u017cniejsze wydarzenia","publisher":{"@id":"https:\/\/www.mojabochnia.pl\/#organization"},"potentialAction":[{"@type":"SearchAction","target":{"@type":"EntryPoint","urlTemplate":"https:\/\/www.mojabochnia.pl\/?s={search_term_string}"},"query-input":{"@type":"PropertyValueSpecification","valueRequired":true,"valueName":"search_term_string"}}],"inLanguage":"pl-PL"},{"@type":"Organization","@id":"https:\/\/www.mojabochnia.pl\/#organization","name":"mojabochnia.pl - portal informacyjny","url":"https:\/\/www.mojabochnia.pl\/","logo":{"@type":"ImageObject","inLanguage":"pl-PL","@id":"https:\/\/www.mojabochnia.pl\/#\/schema\/logo\/image\/","url":"https:\/\/www.mojabochnia.pl\/wp-content\/uploads\/2017\/08\/logo-mb-opt.png","contentUrl":"https:\/\/www.mojabochnia.pl\/wp-content\/uploads\/2017\/08\/logo-mb-opt.png","width":250,"height":48,"caption":"mojabochnia.pl - portal informacyjny"},"image":{"@id":"https:\/\/www.mojabochnia.pl\/#\/schema\/logo\/image\/"},"sameAs":["https:\/\/www.facebook.com\/mojabochnia"]},{"@type":"Person","@id":"https:\/\/www.mojabochnia.pl\/#\/schema\/person\/ea042e4724a77627963f02166828ead4","name":"Pawe\u0142 Michalczyk","url":"https:\/\/www.mojabochnia.pl\/?author=4"}]}},"_links":{"self":[{"href":"https:\/\/www.mojabochnia.pl\/index.php?rest_route=\/wp\/v2\/posts\/14417","targetHints":{"allow":["GET"]}}],"collection":[{"href":"https:\/\/www.mojabochnia.pl\/index.php?rest_route=\/wp\/v2\/posts"}],"about":[{"href":"https:\/\/www.mojabochnia.pl\/index.php?rest_route=\/wp\/v2\/types\/post"}],"author":[{"embeddable":true,"href":"https:\/\/www.mojabochnia.pl\/index.php?rest_route=\/wp\/v2\/users\/4"}],"replies":[{"embeddable":true,"href":"https:\/\/www.mojabochnia.pl\/index.php?rest_route=%2Fwp%2Fv2%2Fcomments&post=14417"}],"version-history":[{"count":0,"href":"https:\/\/www.mojabochnia.pl\/index.php?rest_route=\/wp\/v2\/posts\/14417\/revisions"}],"wp:attachment":[{"href":"https:\/\/www.mojabochnia.pl\/index.php?rest_route=%2Fwp%2Fv2%2Fmedia&parent=14417"}],"wp:term":[{"taxonomy":"category","embeddable":true,"href":"https:\/\/www.mojabochnia.pl\/index.php?rest_route=%2Fwp%2Fv2%2Fcategories&post=14417"},{"taxonomy":"post_tag","embeddable":true,"href":"https:\/\/www.mojabochnia.pl\/index.php?rest_route=%2Fwp%2Fv2%2Ftags&post=14417"}],"curies":[{"name":"wp","href":"https:\/\/api.w.org\/{rel}","templated":true}]}}