{"id":143976,"date":"2016-01-07T10:26:12","date_gmt":"2016-01-07T09:26:12","guid":{"rendered":"http:\/\/www.mojabochnia.pl\/?p=143976"},"modified":"2016-01-07T10:26:12","modified_gmt":"2016-01-07T09:26:12","slug":"fundacja-auxilium-prosi-o-1-procent-podatku","status":"publish","type":"post","link":"https:\/\/www.mojabochnia.pl\/?p=143976","title":{"rendered":"Fundacja Auxilium prosi o 1 procent podatku"},"content":{"rendered":"<p>Fundacja Pomocy Osobom Niepe\u0142nosprawnym oraz Dzieciom i M\u0142odzie\u017cy AUXILIUM z siedzib\u0105 przy ul. Regis 2 w Bochni zosta\u0142a wpisana do Wykazu organizacji po\u017cytku publicznego uprawnionych do otrzymania 1% podatku dochodowego od os\u00f3b fizycznych za rok 2015, sporz\u0105dzonego zgodnie z art. 27a ust. 1 i 3 ustawy z dnia 24 kwietnia 2003 r. o dzia\u0142alno\u015bci po\u017cytku publicznego i o wolontariacie (Dz.U. z 2014 r., poz. 1118 z p\u00f3\u017an zm.).<\/p>\n<p>Wpis Fundacji Pomocy Osobom Niepe\u0142nosprawnym oraz Dzieciom i M\u0142odzie\u017cy AUXILIUM znajduje si\u0119 <a onclick=\"javascript:pageTracker._trackPageview('\/outgoing\/www.pozytek.gov.pl\/Wykaz,opp,3666.html pod nr 7893');\"  href=\"http:\/\/www.pozytek.gov.pl\/Wykaz,opp,3666.html pod nr 7893\">tutaj<\/a>. <\/p>\n<p>Numer konta w Alior Banku, kt\u00f3ry uruchomiony zosta\u0142 do cel\u00f3w zbi\u00f3rki 1%:<br \/>\n35 2490 0005 0000 4600 5458 7128<br \/>\nnr KRS: 0000410419<\/p>\n<p>W zale\u017cno\u015bci od tego, komu chcemy przekaza\u0107 wsparcie, nale\u017cy w rubryce dopisa\u0107 imi\u0119 i nazwisko podopiecznego, do kt\u00f3rego kierujecie Pa\u0144stwo swoje wsparcie: <\/p>\n<p>Lista alfabetyczna naszych podopiecznych:<\/p>\n<p>\tBerner Krystian<br \/>\n\tBobek Joanna<br \/>\n\tBroszkiewicz Krzysztof<br \/>\n\tJakubowski Jakub<br \/>\n\tMachaj Tomasz<br \/>\n\tMarcinkowski Roman<br \/>\n\tMarsza\u0142ek Dawid<br \/>\n\tStycze\u0144 Patryk<br \/>\n\tTrybu\u0142a Marcin<br \/>\n\tW\u0105s Sara<br \/>\n\tW\u0119grzyn Katarzyna<br \/>\n\tW\u0119grzyn Paulina<\/p>\n<p>W przypadku, gdy kto\u015b chce wspom\u00f3c dzia\u0142alno\u015b\u0107 Fundacji, bez wyszczeg\u00f3lniania podopiecznego, prosimy w odpowiedniej rubryce zeznania podatkowego PIT wpisa\u0107 \u201eFundacja\u201d, wtedy datki zostan\u0105 przeznaczone na dzia\u0142alno\u015b\u0107 statutow\u0105 Auxilium. <\/p>\n<p>O wszystkich dzia\u0142aniach Fundacji oraz o podopiecznych mo\u017cna przeczyta\u0107 na <a onclick=\"javascript:pageTracker._trackPageview('\/outgoing\/auxilium-fundacja.org.pl');\"  href=\"http:\/\/auxilium-fundacja.org.pl\">stronie Fundacji<\/a>. <\/p>\n<p><em>W imieniu podopiecznych Fundacji oraz ich rodzin dzi\u0119kujemy za dotychczas przekazane wsparcie i chylimy czo\u0142a przed wszystkimi osobami, kt\u00f3re pomagaj\u0105 bezinteresownie. Pa\u0144stwa pomoc to cz\u0119sto jedyne wsparcie, jakie otrzymuj\u0105 nasi podopieczni. Pom\u00f3\u017c nam pomaga\u0107! <\/em> &#8211; m\u00f3wi Luiza Sawicka-Hofstede, prezes Fundacji Auxilium.<\/p>\n","protected":false},"excerpt":{"rendered":"<p>Rozliczaj\u0105c si\u0119 z Urz\u0119dem Skarbowym ka\u017cdy podatnik ma mo\u017cliwo\u015b\u0107 zdecydowania o tym, komu przeka\u017ce sw\u00f3j 1 procent podatku dochodowego. Od tego roku 1 procent podatku mo\u017cna przekaza\u0107 na rzecz podopiecznych Fundacji Pomocy Osobom Niepe\u0142nosprawnym oraz Dzieciom i M\u0142odzie\u017cy AUXILIUM. <\/p>\n","protected":false},"author":13,"featured_media":131564,"comment_status":"open","ping_status":"closed","sticky":false,"template":"","format":"standard","meta":{"_acf_changed":false,"footnotes":""},"categories":[5,6251,6250],"tags":[15188,18529,17436],"class_list":["post-143976","post","type-post","status-publish","format-standard","has-post-thumbnail","hentry","category-biezace-wydarzenia","category-polityka-i-wydarzenia","category-tematyka","tag-1-procent","tag-auxilium","tag-pomoc","main_tag-pomoc"],"acf":[],"yoast_head":"<!-- This site is optimized with the Yoast SEO plugin v26.9 - https:\/\/yoast.com\/product\/yoast-seo-wordpress\/ -->\n<title>Fundacja Auxilium prosi o 1 procent podatku - mojabochnia.pl - portal informacyjny<\/title>\n<meta name=\"robots\" content=\"index, follow, max-snippet:-1, max-image-preview:large, max-video-preview:-1\" \/>\n<link rel=\"canonical\" href=\"https:\/\/www.mojabochnia.pl\/?p=143976\" \/>\n<meta property=\"og:locale\" content=\"pl_PL\" \/>\n<meta property=\"og:type\" content=\"article\" \/>\n<meta property=\"og:title\" content=\"Fundacja Auxilium prosi o 1 procent podatku - mojabochnia.pl - portal informacyjny\" \/>\n<meta property=\"og:description\" content=\"Rozliczaj\u0105c si\u0119 z Urz\u0119dem Skarbowym ka\u017cdy podatnik ma mo\u017cliwo\u015b\u0107 zdecydowania o tym, komu przeka\u017ce sw\u00f3j 1 procent podatku dochodowego. Od tego roku 1 procent podatku mo\u017cna przekaza\u0107 na rzecz podopiecznych Fundacji Pomocy Osobom Niepe\u0142nosprawnym oraz Dzieciom i M\u0142odzie\u017cy AUXILIUM.\" \/>\n<meta property=\"og:url\" content=\"https:\/\/www.mojabochnia.pl\/?p=143976\" \/>\n<meta property=\"og:site_name\" content=\"mojabochnia.pl - portal informacyjny\" \/>\n<meta property=\"article:publisher\" content=\"https:\/\/www.facebook.com\/mojabochnia\" \/>\n<meta property=\"article:published_time\" content=\"2016-01-07T09:26:12+00:00\" \/>\n<meta property=\"og:image\" content=\"https:\/\/www.mojabochnia.pl\/wp-content\/uploads\/2015\/06\/1610937_10206970593924051_3607298684749885670_n.jpg\" \/>\n\t<meta property=\"og:image:width\" content=\"650\" \/>\n\t<meta property=\"og:image:height\" content=\"350\" \/>\n\t<meta property=\"og:image:type\" content=\"image\/jpeg\" \/>\n<meta name=\"author\" content=\"redakcja\" \/>\n<meta name=\"twitter:card\" content=\"summary_large_image\" \/>\n<meta name=\"twitter:label1\" content=\"Written by\" \/>\n\t<meta name=\"twitter:data1\" content=\"redakcja\" \/>\n\t<meta name=\"twitter:label2\" content=\"Est. reading time\" \/>\n\t<meta name=\"twitter:data2\" content=\"1 minuta\" \/>\n<script type=\"application\/ld+json\" class=\"yoast-schema-graph\">{\"@context\":\"https:\/\/schema.org\",\"@graph\":[{\"@type\":\"Article\",\"@id\":\"https:\/\/www.mojabochnia.pl\/?p=143976#article\",\"isPartOf\":{\"@id\":\"https:\/\/www.mojabochnia.pl\/?p=143976\"},\"author\":{\"name\":\"redakcja\",\"@id\":\"https:\/\/www.mojabochnia.pl\/#\/schema\/person\/7e2f20ead9902216a3384f13606c0ab7\"},\"headline\":\"Fundacja Auxilium prosi o 1 procent podatku\",\"datePublished\":\"2016-01-07T09:26:12+00:00\",\"mainEntityOfPage\":{\"@id\":\"https:\/\/www.mojabochnia.pl\/?p=143976\"},\"wordCount\":262,\"commentCount\":0,\"publisher\":{\"@id\":\"https:\/\/www.mojabochnia.pl\/#organization\"},\"image\":{\"@id\":\"https:\/\/www.mojabochnia.pl\/?p=143976#primaryimage\"},\"thumbnailUrl\":\"https:\/\/www.mojabochnia.pl\/wp-content\/uploads\/2015\/06\/1610937_10206970593924051_3607298684749885670_n.jpg\",\"keywords\":[\"1 procent\",\"auxilium\",\"pomoc\"],\"articleSection\":[\"2_ostatnie\",\"polityka i wydarzenia\",\"tematyka\"],\"inLanguage\":\"pl-PL\",\"potentialAction\":[{\"@type\":\"CommentAction\",\"name\":\"Comment\",\"target\":[\"https:\/\/www.mojabochnia.pl\/?p=143976#respond\"]}]},{\"@type\":\"WebPage\",\"@id\":\"https:\/\/www.mojabochnia.pl\/?p=143976\",\"url\":\"https:\/\/www.mojabochnia.pl\/?p=143976\",\"name\":\"Fundacja Auxilium prosi o 1 procent podatku - mojabochnia.pl - portal informacyjny\",\"isPartOf\":{\"@id\":\"https:\/\/www.mojabochnia.pl\/#website\"},\"primaryImageOfPage\":{\"@id\":\"https:\/\/www.mojabochnia.pl\/?p=143976#primaryimage\"},\"image\":{\"@id\":\"https:\/\/www.mojabochnia.pl\/?p=143976#primaryimage\"},\"thumbnailUrl\":\"https:\/\/www.mojabochnia.pl\/wp-content\/uploads\/2015\/06\/1610937_10206970593924051_3607298684749885670_n.jpg\",\"datePublished\":\"2016-01-07T09:26:12+00:00\",\"breadcrumb\":{\"@id\":\"https:\/\/www.mojabochnia.pl\/?p=143976#breadcrumb\"},\"inLanguage\":\"pl-PL\",\"potentialAction\":[{\"@type\":\"ReadAction\",\"target\":[\"https:\/\/www.mojabochnia.pl\/?p=143976\"]}]},{\"@type\":\"ImageObject\",\"inLanguage\":\"pl-PL\",\"@id\":\"https:\/\/www.mojabochnia.pl\/?p=143976#primaryimage\",\"url\":\"https:\/\/www.mojabochnia.pl\/wp-content\/uploads\/2015\/06\/1610937_10206970593924051_3607298684749885670_n.jpg\",\"contentUrl\":\"https:\/\/www.mojabochnia.pl\/wp-content\/uploads\/2015\/06\/1610937_10206970593924051_3607298684749885670_n.jpg\",\"width\":650,\"height\":350,\"caption\":\"materia\u0142y prasowe\"},{\"@type\":\"BreadcrumbList\",\"@id\":\"https:\/\/www.mojabochnia.pl\/?p=143976#breadcrumb\",\"itemListElement\":[{\"@type\":\"ListItem\",\"position\":1,\"name\":\"Home\",\"item\":\"https:\/\/www.mojabochnia.pl\/\"},{\"@type\":\"ListItem\",\"position\":2,\"name\":\"Fundacja Auxilium prosi o 1 procent podatku\"}]},{\"@type\":\"WebSite\",\"@id\":\"https:\/\/www.mojabochnia.pl\/#website\",\"url\":\"https:\/\/www.mojabochnia.pl\/\",\"name\":\"mojabochnia.pl - portal informacyjny\",\"description\":\"mojaBochnia to portal informacyjny o Bochni. Codziennie o Bochni piszemy i pokazujemy najwa\u017cniejsze wydarzenia\",\"publisher\":{\"@id\":\"https:\/\/www.mojabochnia.pl\/#organization\"},\"potentialAction\":[{\"@type\":\"SearchAction\",\"target\":{\"@type\":\"EntryPoint\",\"urlTemplate\":\"https:\/\/www.mojabochnia.pl\/?s={search_term_string}\"},\"query-input\":{\"@type\":\"PropertyValueSpecification\",\"valueRequired\":true,\"valueName\":\"search_term_string\"}}],\"inLanguage\":\"pl-PL\"},{\"@type\":\"Organization\",\"@id\":\"https:\/\/www.mojabochnia.pl\/#organization\",\"name\":\"mojabochnia.pl - portal informacyjny\",\"url\":\"https:\/\/www.mojabochnia.pl\/\",\"logo\":{\"@type\":\"ImageObject\",\"inLanguage\":\"pl-PL\",\"@id\":\"https:\/\/www.mojabochnia.pl\/#\/schema\/logo\/image\/\",\"url\":\"https:\/\/www.mojabochnia.pl\/wp-content\/uploads\/2017\/08\/logo-mb-opt.png\",\"contentUrl\":\"https:\/\/www.mojabochnia.pl\/wp-content\/uploads\/2017\/08\/logo-mb-opt.png\",\"width\":250,\"height\":48,\"caption\":\"mojabochnia.pl - portal informacyjny\"},\"image\":{\"@id\":\"https:\/\/www.mojabochnia.pl\/#\/schema\/logo\/image\/\"},\"sameAs\":[\"https:\/\/www.facebook.com\/mojabochnia\"]},{\"@type\":\"Person\",\"@id\":\"https:\/\/www.mojabochnia.pl\/#\/schema\/person\/7e2f20ead9902216a3384f13606c0ab7\",\"name\":\"redakcja\",\"sameAs\":[\"http:\/\/\"],\"url\":\"https:\/\/www.mojabochnia.pl\/?author=13\"}]}<\/script>\n<!-- \/ Yoast SEO plugin. -->","yoast_head_json":{"title":"Fundacja Auxilium prosi o 1 procent podatku - mojabochnia.pl - portal informacyjny","robots":{"index":"index","follow":"follow","max-snippet":"max-snippet:-1","max-image-preview":"max-image-preview:large","max-video-preview":"max-video-preview:-1"},"canonical":"https:\/\/www.mojabochnia.pl\/?p=143976","og_locale":"pl_PL","og_type":"article","og_title":"Fundacja Auxilium prosi o 1 procent podatku - mojabochnia.pl - portal informacyjny","og_description":"Rozliczaj\u0105c si\u0119 z Urz\u0119dem Skarbowym ka\u017cdy podatnik ma mo\u017cliwo\u015b\u0107 zdecydowania o tym, komu przeka\u017ce sw\u00f3j 1 procent podatku dochodowego. Od tego roku 1 procent podatku mo\u017cna przekaza\u0107 na rzecz podopiecznych Fundacji Pomocy Osobom Niepe\u0142nosprawnym oraz Dzieciom i M\u0142odzie\u017cy AUXILIUM.","og_url":"https:\/\/www.mojabochnia.pl\/?p=143976","og_site_name":"mojabochnia.pl - portal informacyjny","article_publisher":"https:\/\/www.facebook.com\/mojabochnia","article_published_time":"2016-01-07T09:26:12+00:00","og_image":[{"width":650,"height":350,"url":"https:\/\/www.mojabochnia.pl\/wp-content\/uploads\/2015\/06\/1610937_10206970593924051_3607298684749885670_n.jpg","type":"image\/jpeg"}],"author":"redakcja","twitter_card":"summary_large_image","twitter_misc":{"Written by":"redakcja","Est. reading time":"1 minuta"},"schema":{"@context":"https:\/\/schema.org","@graph":[{"@type":"Article","@id":"https:\/\/www.mojabochnia.pl\/?p=143976#article","isPartOf":{"@id":"https:\/\/www.mojabochnia.pl\/?p=143976"},"author":{"name":"redakcja","@id":"https:\/\/www.mojabochnia.pl\/#\/schema\/person\/7e2f20ead9902216a3384f13606c0ab7"},"headline":"Fundacja Auxilium prosi o 1 procent podatku","datePublished":"2016-01-07T09:26:12+00:00","mainEntityOfPage":{"@id":"https:\/\/www.mojabochnia.pl\/?p=143976"},"wordCount":262,"commentCount":0,"publisher":{"@id":"https:\/\/www.mojabochnia.pl\/#organization"},"image":{"@id":"https:\/\/www.mojabochnia.pl\/?p=143976#primaryimage"},"thumbnailUrl":"https:\/\/www.mojabochnia.pl\/wp-content\/uploads\/2015\/06\/1610937_10206970593924051_3607298684749885670_n.jpg","keywords":["1 procent","auxilium","pomoc"],"articleSection":["2_ostatnie","polityka i wydarzenia","tematyka"],"inLanguage":"pl-PL","potentialAction":[{"@type":"CommentAction","name":"Comment","target":["https:\/\/www.mojabochnia.pl\/?p=143976#respond"]}]},{"@type":"WebPage","@id":"https:\/\/www.mojabochnia.pl\/?p=143976","url":"https:\/\/www.mojabochnia.pl\/?p=143976","name":"Fundacja Auxilium prosi o 1 procent podatku - mojabochnia.pl - portal informacyjny","isPartOf":{"@id":"https:\/\/www.mojabochnia.pl\/#website"},"primaryImageOfPage":{"@id":"https:\/\/www.mojabochnia.pl\/?p=143976#primaryimage"},"image":{"@id":"https:\/\/www.mojabochnia.pl\/?p=143976#primaryimage"},"thumbnailUrl":"https:\/\/www.mojabochnia.pl\/wp-content\/uploads\/2015\/06\/1610937_10206970593924051_3607298684749885670_n.jpg","datePublished":"2016-01-07T09:26:12+00:00","breadcrumb":{"@id":"https:\/\/www.mojabochnia.pl\/?p=143976#breadcrumb"},"inLanguage":"pl-PL","potentialAction":[{"@type":"ReadAction","target":["https:\/\/www.mojabochnia.pl\/?p=143976"]}]},{"@type":"ImageObject","inLanguage":"pl-PL","@id":"https:\/\/www.mojabochnia.pl\/?p=143976#primaryimage","url":"https:\/\/www.mojabochnia.pl\/wp-content\/uploads\/2015\/06\/1610937_10206970593924051_3607298684749885670_n.jpg","contentUrl":"https:\/\/www.mojabochnia.pl\/wp-content\/uploads\/2015\/06\/1610937_10206970593924051_3607298684749885670_n.jpg","width":650,"height":350,"caption":"materia\u0142y prasowe"},{"@type":"BreadcrumbList","@id":"https:\/\/www.mojabochnia.pl\/?p=143976#breadcrumb","itemListElement":[{"@type":"ListItem","position":1,"name":"Home","item":"https:\/\/www.mojabochnia.pl\/"},{"@type":"ListItem","position":2,"name":"Fundacja Auxilium prosi o 1 procent podatku"}]},{"@type":"WebSite","@id":"https:\/\/www.mojabochnia.pl\/#website","url":"https:\/\/www.mojabochnia.pl\/","name":"mojabochnia.pl - portal informacyjny","description":"mojaBochnia to portal informacyjny o Bochni. Codziennie o Bochni piszemy i pokazujemy najwa\u017cniejsze wydarzenia","publisher":{"@id":"https:\/\/www.mojabochnia.pl\/#organization"},"potentialAction":[{"@type":"SearchAction","target":{"@type":"EntryPoint","urlTemplate":"https:\/\/www.mojabochnia.pl\/?s={search_term_string}"},"query-input":{"@type":"PropertyValueSpecification","valueRequired":true,"valueName":"search_term_string"}}],"inLanguage":"pl-PL"},{"@type":"Organization","@id":"https:\/\/www.mojabochnia.pl\/#organization","name":"mojabochnia.pl - portal informacyjny","url":"https:\/\/www.mojabochnia.pl\/","logo":{"@type":"ImageObject","inLanguage":"pl-PL","@id":"https:\/\/www.mojabochnia.pl\/#\/schema\/logo\/image\/","url":"https:\/\/www.mojabochnia.pl\/wp-content\/uploads\/2017\/08\/logo-mb-opt.png","contentUrl":"https:\/\/www.mojabochnia.pl\/wp-content\/uploads\/2017\/08\/logo-mb-opt.png","width":250,"height":48,"caption":"mojabochnia.pl - portal informacyjny"},"image":{"@id":"https:\/\/www.mojabochnia.pl\/#\/schema\/logo\/image\/"},"sameAs":["https:\/\/www.facebook.com\/mojabochnia"]},{"@type":"Person","@id":"https:\/\/www.mojabochnia.pl\/#\/schema\/person\/7e2f20ead9902216a3384f13606c0ab7","name":"redakcja","sameAs":["http:\/\/"],"url":"https:\/\/www.mojabochnia.pl\/?author=13"}]}},"_links":{"self":[{"href":"https:\/\/www.mojabochnia.pl\/index.php?rest_route=\/wp\/v2\/posts\/143976","targetHints":{"allow":["GET"]}}],"collection":[{"href":"https:\/\/www.mojabochnia.pl\/index.php?rest_route=\/wp\/v2\/posts"}],"about":[{"href":"https:\/\/www.mojabochnia.pl\/index.php?rest_route=\/wp\/v2\/types\/post"}],"author":[{"embeddable":true,"href":"https:\/\/www.mojabochnia.pl\/index.php?rest_route=\/wp\/v2\/users\/13"}],"replies":[{"embeddable":true,"href":"https:\/\/www.mojabochnia.pl\/index.php?rest_route=%2Fwp%2Fv2%2Fcomments&post=143976"}],"version-history":[{"count":3,"href":"https:\/\/www.mojabochnia.pl\/index.php?rest_route=\/wp\/v2\/posts\/143976\/revisions"}],"predecessor-version":[{"id":143979,"href":"https:\/\/www.mojabochnia.pl\/index.php?rest_route=\/wp\/v2\/posts\/143976\/revisions\/143979"}],"wp:featuredmedia":[{"embeddable":true,"href":"https:\/\/www.mojabochnia.pl\/index.php?rest_route=\/wp\/v2\/media\/131564"}],"wp:attachment":[{"href":"https:\/\/www.mojabochnia.pl\/index.php?rest_route=%2Fwp%2Fv2%2Fmedia&parent=143976"}],"wp:term":[{"taxonomy":"category","embeddable":true,"href":"https:\/\/www.mojabochnia.pl\/index.php?rest_route=%2Fwp%2Fv2%2Fcategories&post=143976"},{"taxonomy":"post_tag","embeddable":true,"href":"https:\/\/www.mojabochnia.pl\/index.php?rest_route=%2Fwp%2Fv2%2Ftags&post=143976"}],"curies":[{"name":"wp","href":"https:\/\/api.w.org\/{rel}","templated":true}]}}