{"id":142796,"date":"2015-12-17T11:17:01","date_gmt":"2015-12-17T10:17:01","guid":{"rendered":"http:\/\/www.mojabochnia.pl\/?p=142796"},"modified":"2015-12-17T11:17:01","modified_gmt":"2015-12-17T10:17:01","slug":"altana-ciagle-niegotowa-burmistrz-zapowiada-kary","status":"publish","type":"post","link":"https:\/\/www.mojabochnia.pl\/?p=142796","title":{"rendered":"Altana ci\u0105gle niegotowa, burmistrz zapowiada kary"},"content":{"rendered":"<p>Burmistrz Stefan Kolawi\u0144ski przypomina, \u017ce altana mia\u0142a by\u0107 gotowa do 15 grudnia i zapowiada, \u017ce na firm\u0119 zostan\u0105 na\u0142o\u017cone kary. <em>Je\u017celi firma nie wywi\u0105\u017ce si\u0119 w czasie z wykonania zadania, zostan\u0105 oczywi\u015bcie na\u0142o\u017cone kary. W tym momencie s\u0105 ju\u017c po terminie<\/em> &#8211; m\u00f3wi burmistrz.<\/p>\n<p>Protesty mieszka\u0144c\u00f3w Bochni, kt\u00f3re dotyczy\u0142y likwidacji a\u017curowo u\u0142o\u017conej ceg\u0142y w podmur\u00f3wce altany na rzecz pustak\u00f3w zosta\u0142y na razie zlekcewa\u017cone. Burmistrz sugeruje, aby poczeka\u0107 z opiniami do czasu, gdy obiekt zostanie wykonany. Niewykluczone, \u017ce motyw a\u017cur\u00f3w b\u0119dzie w przysz\u0142o\u015bci doklejony na cokole. <\/p>\n<p>Na pytanie, czy burmistrz odpowiedzia\u0142 ju\u017c na petycj\u0119 w sprawie altany, kt\u00f3r\u0105 podpisa\u0142o 700 os\u00f3b, Stefan Kolawi\u0144ski odpowiada: <em>Chcia\u0142bym przypomnie\u0107, \u017ce petycja zosta\u0142a z\u0142o\u017cona w dniu sesji, a wi\u0119c mamy jeszcze czas, \u017ceby odpowiedzie\u0107. Taka odpowied\u017a oczywi\u015bcie zostanie udzielona<\/em>. <\/p>\n<p>Burmistrz nie odpowiedzia\u0142 r\u00f3wnie\u017c na pismo z\u0142o\u017cone 2 grudnia przez Paw\u0142a Bie\u0144ka. <em>Oczywi\u015bcie, pan Bieniek te\u017c otrzyma odpowied\u017a<\/em> \u2013 zapewnia Stefan Kolawi\u0144ski. <\/p>\n<p>Budowa nowej altany na Plantach Salinarnych w Bochni poch\u0142onie blisko 56 tys. z\u0142.<\/p>\n\t  \r\n\t\r\n\t    <div class=\"mb-gallery\">\r\n\t    <a href=\"https:\/\/www.mojabochnia.pl\/?attachment_id=142798\" class=\"\"><img loading=\"lazy\" decoding=\"async\" width=\"100\" height=\"67\" src=\"https:\/\/www.mojabochnia.pl\/wp-content\/uploads\/2015\/12\/IMG_5021-120x80.jpg\" class=\"attachment-100x100 size-100x100\" alt=\"\" srcset=\"https:\/\/www.mojabochnia.pl\/wp-content\/uploads\/2015\/12\/IMG_5021-120x80.jpg 120w, https:\/\/www.mojabochnia.pl\/wp-content\/uploads\/2015\/12\/IMG_5021-468x312.jpg 468w, https:\/\/www.mojabochnia.pl\/wp-content\/uploads\/2015\/12\/IMG_5021-660x440.jpg 660w, https:\/\/www.mojabochnia.pl\/wp-content\/uploads\/2015\/12\/IMG_5021-152x101.jpg 152w, https:\/\/www.mojabochnia.pl\/wp-content\/uploads\/2015\/12\/IMG_5021.jpg 800w\" sizes=\"auto, (max-width: 100px) 100vw, 100px\" \/><\/a><a href=\"https:\/\/www.mojabochnia.pl\/?attachment_id=142799\" class=\"\"><img loading=\"lazy\" decoding=\"async\" width=\"100\" height=\"67\" src=\"https:\/\/www.mojabochnia.pl\/wp-content\/uploads\/2015\/12\/IMG_5023-120x80.jpg\" class=\"attachment-100x100 size-100x100\" alt=\"\" srcset=\"https:\/\/www.mojabochnia.pl\/wp-content\/uploads\/2015\/12\/IMG_5023-120x80.jpg 120w, https:\/\/www.mojabochnia.pl\/wp-content\/uploads\/2015\/12\/IMG_5023-468x312.jpg 468w, https:\/\/www.mojabochnia.pl\/wp-content\/uploads\/2015\/12\/IMG_5023-660x440.jpg 660w, https:\/\/www.mojabochnia.pl\/wp-content\/uploads\/2015\/12\/IMG_5023-152x101.jpg 152w, https:\/\/www.mojabochnia.pl\/wp-content\/uploads\/2015\/12\/IMG_5023.jpg 800w\" sizes=\"auto, (max-width: 100px) 100vw, 100px\" \/><\/a><a href=\"https:\/\/www.mojabochnia.pl\/?attachment_id=142800\" class=\"\"><img loading=\"lazy\" decoding=\"async\" width=\"100\" height=\"67\" src=\"https:\/\/www.mojabochnia.pl\/wp-content\/uploads\/2015\/12\/IMG_5024-120x80.jpg\" class=\"attachment-100x100 size-100x100\" alt=\"\" srcset=\"https:\/\/www.mojabochnia.pl\/wp-content\/uploads\/2015\/12\/IMG_5024-120x80.jpg 120w, https:\/\/www.mojabochnia.pl\/wp-content\/uploads\/2015\/12\/IMG_5024-468x312.jpg 468w, https:\/\/www.mojabochnia.pl\/wp-content\/uploads\/2015\/12\/IMG_5024-660x440.jpg 660w, https:\/\/www.mojabochnia.pl\/wp-content\/uploads\/2015\/12\/IMG_5024-152x101.jpg 152w, https:\/\/www.mojabochnia.pl\/wp-content\/uploads\/2015\/12\/IMG_5024.jpg 800w\" sizes=\"auto, (max-width: 100px) 100vw, 100px\" \/><\/a><a href=\"https:\/\/www.mojabochnia.pl\/?attachment_id=142801\" class=\"\"><img loading=\"lazy\" decoding=\"async\" width=\"100\" height=\"67\" src=\"https:\/\/www.mojabochnia.pl\/wp-content\/uploads\/2015\/12\/IMG_5025-120x80.jpg\" class=\"attachment-100x100 size-100x100\" alt=\"\" srcset=\"https:\/\/www.mojabochnia.pl\/wp-content\/uploads\/2015\/12\/IMG_5025-120x80.jpg 120w, https:\/\/www.mojabochnia.pl\/wp-content\/uploads\/2015\/12\/IMG_5025-468x312.jpg 468w, https:\/\/www.mojabochnia.pl\/wp-content\/uploads\/2015\/12\/IMG_5025-660x440.jpg 660w, https:\/\/www.mojabochnia.pl\/wp-content\/uploads\/2015\/12\/IMG_5025-152x101.jpg 152w, https:\/\/www.mojabochnia.pl\/wp-content\/uploads\/2015\/12\/IMG_5025.jpg 800w\" sizes=\"auto, (max-width: 100px) 100vw, 100px\" \/><\/a><a href=\"https:\/\/www.mojabochnia.pl\/?attachment_id=142802\" class=\"\"><img loading=\"lazy\" decoding=\"async\" width=\"100\" height=\"67\" src=\"https:\/\/www.mojabochnia.pl\/wp-content\/uploads\/2015\/12\/IMG_5026-120x80.jpg\" class=\"attachment-100x100 size-100x100\" alt=\"\" srcset=\"https:\/\/www.mojabochnia.pl\/wp-content\/uploads\/2015\/12\/IMG_5026-120x80.jpg 120w, https:\/\/www.mojabochnia.pl\/wp-content\/uploads\/2015\/12\/IMG_5026-468x312.jpg 468w, https:\/\/www.mojabochnia.pl\/wp-content\/uploads\/2015\/12\/IMG_5026-660x440.jpg 660w, https:\/\/www.mojabochnia.pl\/wp-content\/uploads\/2015\/12\/IMG_5026-152x101.jpg 152w, https:\/\/www.mojabochnia.pl\/wp-content\/uploads\/2015\/12\/IMG_5026.jpg 800w\" sizes=\"auto, (max-width: 100px) 100vw, 100px\" \/><\/a><a href=\"https:\/\/www.mojabochnia.pl\/?attachment_id=142803\" class=\"\"><img loading=\"lazy\" decoding=\"async\" width=\"100\" height=\"67\" src=\"https:\/\/www.mojabochnia.pl\/wp-content\/uploads\/2015\/12\/IMG_5027-120x80.jpg\" class=\"attachment-100x100 size-100x100\" alt=\"\" srcset=\"https:\/\/www.mojabochnia.pl\/wp-content\/uploads\/2015\/12\/IMG_5027-120x80.jpg 120w, https:\/\/www.mojabochnia.pl\/wp-content\/uploads\/2015\/12\/IMG_5027-468x312.jpg 468w, https:\/\/www.mojabochnia.pl\/wp-content\/uploads\/2015\/12\/IMG_5027-660x440.jpg 660w, https:\/\/www.mojabochnia.pl\/wp-content\/uploads\/2015\/12\/IMG_5027-152x101.jpg 152w, https:\/\/www.mojabochnia.pl\/wp-content\/uploads\/2015\/12\/IMG_5027.jpg 800w\" sizes=\"auto, (max-width: 100px) 100vw, 100px\" \/><\/a><a href=\"https:\/\/www.mojabochnia.pl\/?attachment_id=142804\" class=\"\"><img loading=\"lazy\" decoding=\"async\" width=\"100\" height=\"67\" src=\"https:\/\/www.mojabochnia.pl\/wp-content\/uploads\/2015\/12\/IMG_5029-120x80.jpg\" class=\"attachment-100x100 size-100x100\" alt=\"\" srcset=\"https:\/\/www.mojabochnia.pl\/wp-content\/uploads\/2015\/12\/IMG_5029-120x80.jpg 120w, https:\/\/www.mojabochnia.pl\/wp-content\/uploads\/2015\/12\/IMG_5029-468x312.jpg 468w, https:\/\/www.mojabochnia.pl\/wp-content\/uploads\/2015\/12\/IMG_5029-660x440.jpg 660w, https:\/\/www.mojabochnia.pl\/wp-content\/uploads\/2015\/12\/IMG_5029-152x101.jpg 152w, https:\/\/www.mojabochnia.pl\/wp-content\/uploads\/2015\/12\/IMG_5029.jpg 800w\" sizes=\"auto, (max-width: 100px) 100vw, 100px\" \/><\/a><a href=\"https:\/\/www.mojabochnia.pl\/?attachment_id=142805\" class=\"\"><img loading=\"lazy\" decoding=\"async\" width=\"100\" height=\"67\" src=\"https:\/\/www.mojabochnia.pl\/wp-content\/uploads\/2015\/12\/IMG_5030-120x80.jpg\" class=\"attachment-100x100 size-100x100\" alt=\"\" srcset=\"https:\/\/www.mojabochnia.pl\/wp-content\/uploads\/2015\/12\/IMG_5030-120x80.jpg 120w, https:\/\/www.mojabochnia.pl\/wp-content\/uploads\/2015\/12\/IMG_5030-468x312.jpg 468w, https:\/\/www.mojabochnia.pl\/wp-content\/uploads\/2015\/12\/IMG_5030-660x440.jpg 660w, https:\/\/www.mojabochnia.pl\/wp-content\/uploads\/2015\/12\/IMG_5030-152x101.jpg 152w, https:\/\/www.mojabochnia.pl\/wp-content\/uploads\/2015\/12\/IMG_5030.jpg 800w\" sizes=\"auto, (max-width: 100px) 100vw, 100px\" \/><\/a>\t    <\/div>\r\n\t    ","protected":false},"excerpt":{"rendered":"<p>Altana na Plantach Salinarnych w Bochni jeszcze nie jest gotowa. Obecnie trwaj\u0105 prace nad wyko\u0144czeniem drewnianej konstrukcji oraz pod\u0142ogi. Wykonawca mo\u017ce spodziewa\u0107 si\u0119 kar za przekroczenie terminu &#8211; zapowiada burmistrz. <\/p>\n","protected":false},"author":4,"featured_media":142799,"comment_status":"open","ping_status":"closed","sticky":false,"template":"","format":"standard","meta":{"_acf_changed":false,"footnotes":""},"categories":[5,6247,6246,6251,6250],"tags":[18565,17371,17766],"class_list":["post-142796","post","type-post","status-publish","format-standard","has-post-thumbnail","hentry","category-biezace-wydarzenia","category-fotogaleria","category-medium","category-polityka-i-wydarzenia","category-tematyka","tag-altana","tag-petycja","tag-planty-salinarne","main_tag-altana"],"acf":[],"yoast_head":"<!-- This site is optimized with the Yoast SEO plugin v26.9 - https:\/\/yoast.com\/product\/yoast-seo-wordpress\/ -->\n<title>Altana ci\u0105gle niegotowa, burmistrz zapowiada kary  - mojabochnia.pl - portal informacyjny<\/title>\n<meta name=\"robots\" content=\"index, follow, max-snippet:-1, max-image-preview:large, max-video-preview:-1\" \/>\n<link rel=\"canonical\" href=\"https:\/\/www.mojabochnia.pl\/?p=142796\" \/>\n<meta property=\"og:locale\" content=\"pl_PL\" \/>\n<meta property=\"og:type\" content=\"article\" \/>\n<meta property=\"og:title\" content=\"Altana ci\u0105gle niegotowa, burmistrz zapowiada kary  - mojabochnia.pl - portal informacyjny\" \/>\n<meta property=\"og:description\" content=\"Altana na Plantach Salinarnych w Bochni jeszcze nie jest gotowa. Obecnie trwaj\u0105 prace nad wyko\u0144czeniem drewnianej konstrukcji oraz pod\u0142ogi. Wykonawca mo\u017ce spodziewa\u0107 si\u0119 kar za przekroczenie terminu - zapowiada burmistrz.\" \/>\n<meta property=\"og:url\" content=\"https:\/\/www.mojabochnia.pl\/?p=142796\" \/>\n<meta property=\"og:site_name\" content=\"mojabochnia.pl - portal informacyjny\" \/>\n<meta property=\"article:publisher\" content=\"https:\/\/www.facebook.com\/mojabochnia\" \/>\n<meta property=\"article:published_time\" content=\"2015-12-17T10:17:01+00:00\" \/>\n<meta property=\"og:image\" content=\"https:\/\/www.mojabochnia.pl\/wp-content\/uploads\/2015\/12\/IMG_5023.jpg\" \/>\n\t<meta property=\"og:image:width\" content=\"800\" \/>\n\t<meta property=\"og:image:height\" content=\"534\" \/>\n\t<meta property=\"og:image:type\" content=\"image\/jpeg\" \/>\n<meta name=\"author\" content=\"Pawe\u0142 Michalczyk\" \/>\n<meta name=\"twitter:card\" content=\"summary_large_image\" \/>\n<meta name=\"twitter:label1\" content=\"Written by\" \/>\n\t<meta name=\"twitter:data1\" content=\"Pawe\u0142 Michalczyk\" \/>\n\t<meta name=\"twitter:label2\" content=\"Est. reading time\" \/>\n\t<meta name=\"twitter:data2\" content=\"1 minuta\" \/>\n<script type=\"application\/ld+json\" class=\"yoast-schema-graph\">{\"@context\":\"https:\/\/schema.org\",\"@graph\":[{\"@type\":\"Article\",\"@id\":\"https:\/\/www.mojabochnia.pl\/?p=142796#article\",\"isPartOf\":{\"@id\":\"https:\/\/www.mojabochnia.pl\/?p=142796\"},\"author\":{\"name\":\"Pawe\u0142 Michalczyk\",\"@id\":\"https:\/\/www.mojabochnia.pl\/#\/schema\/person\/ea042e4724a77627963f02166828ead4\"},\"headline\":\"Altana ci\u0105gle niegotowa, burmistrz zapowiada kary\",\"datePublished\":\"2015-12-17T10:17:01+00:00\",\"mainEntityOfPage\":{\"@id\":\"https:\/\/www.mojabochnia.pl\/?p=142796\"},\"wordCount\":206,\"commentCount\":0,\"publisher\":{\"@id\":\"https:\/\/www.mojabochnia.pl\/#organization\"},\"image\":{\"@id\":\"https:\/\/www.mojabochnia.pl\/?p=142796#primaryimage\"},\"thumbnailUrl\":\"https:\/\/www.mojabochnia.pl\/wp-content\/uploads\/2015\/12\/IMG_5023.jpg\",\"keywords\":[\"altana\",\"petycja\",\"planty salinarne\"],\"articleSection\":[\"2_ostatnie\",\"fotogaleria\",\"Medium\",\"polityka i wydarzenia\",\"tematyka\"],\"inLanguage\":\"pl-PL\",\"potentialAction\":[{\"@type\":\"CommentAction\",\"name\":\"Comment\",\"target\":[\"https:\/\/www.mojabochnia.pl\/?p=142796#respond\"]}]},{\"@type\":\"WebPage\",\"@id\":\"https:\/\/www.mojabochnia.pl\/?p=142796\",\"url\":\"https:\/\/www.mojabochnia.pl\/?p=142796\",\"name\":\"Altana ci\u0105gle niegotowa, burmistrz zapowiada kary - mojabochnia.pl - portal informacyjny\",\"isPartOf\":{\"@id\":\"https:\/\/www.mojabochnia.pl\/#website\"},\"primaryImageOfPage\":{\"@id\":\"https:\/\/www.mojabochnia.pl\/?p=142796#primaryimage\"},\"image\":{\"@id\":\"https:\/\/www.mojabochnia.pl\/?p=142796#primaryimage\"},\"thumbnailUrl\":\"https:\/\/www.mojabochnia.pl\/wp-content\/uploads\/2015\/12\/IMG_5023.jpg\",\"datePublished\":\"2015-12-17T10:17:01+00:00\",\"breadcrumb\":{\"@id\":\"https:\/\/www.mojabochnia.pl\/?p=142796#breadcrumb\"},\"inLanguage\":\"pl-PL\",\"potentialAction\":[{\"@type\":\"ReadAction\",\"target\":[\"https:\/\/www.mojabochnia.pl\/?p=142796\"]}]},{\"@type\":\"ImageObject\",\"inLanguage\":\"pl-PL\",\"@id\":\"https:\/\/www.mojabochnia.pl\/?p=142796#primaryimage\",\"url\":\"https:\/\/www.mojabochnia.pl\/wp-content\/uploads\/2015\/12\/IMG_5023.jpg\",\"contentUrl\":\"https:\/\/www.mojabochnia.pl\/wp-content\/uploads\/2015\/12\/IMG_5023.jpg\",\"width\":800,\"height\":534,\"caption\":\"Pawe\u0142 Michalczyk\"},{\"@type\":\"BreadcrumbList\",\"@id\":\"https:\/\/www.mojabochnia.pl\/?p=142796#breadcrumb\",\"itemListElement\":[{\"@type\":\"ListItem\",\"position\":1,\"name\":\"Home\",\"item\":\"https:\/\/www.mojabochnia.pl\/\"},{\"@type\":\"ListItem\",\"position\":2,\"name\":\"Altana ci\u0105gle niegotowa, burmistrz zapowiada kary\"}]},{\"@type\":\"WebSite\",\"@id\":\"https:\/\/www.mojabochnia.pl\/#website\",\"url\":\"https:\/\/www.mojabochnia.pl\/\",\"name\":\"mojabochnia.pl - portal informacyjny\",\"description\":\"mojaBochnia to portal informacyjny o Bochni. Codziennie o Bochni piszemy i pokazujemy najwa\u017cniejsze wydarzenia\",\"publisher\":{\"@id\":\"https:\/\/www.mojabochnia.pl\/#organization\"},\"potentialAction\":[{\"@type\":\"SearchAction\",\"target\":{\"@type\":\"EntryPoint\",\"urlTemplate\":\"https:\/\/www.mojabochnia.pl\/?s={search_term_string}\"},\"query-input\":{\"@type\":\"PropertyValueSpecification\",\"valueRequired\":true,\"valueName\":\"search_term_string\"}}],\"inLanguage\":\"pl-PL\"},{\"@type\":\"Organization\",\"@id\":\"https:\/\/www.mojabochnia.pl\/#organization\",\"name\":\"mojabochnia.pl - portal informacyjny\",\"url\":\"https:\/\/www.mojabochnia.pl\/\",\"logo\":{\"@type\":\"ImageObject\",\"inLanguage\":\"pl-PL\",\"@id\":\"https:\/\/www.mojabochnia.pl\/#\/schema\/logo\/image\/\",\"url\":\"https:\/\/www.mojabochnia.pl\/wp-content\/uploads\/2017\/08\/logo-mb-opt.png\",\"contentUrl\":\"https:\/\/www.mojabochnia.pl\/wp-content\/uploads\/2017\/08\/logo-mb-opt.png\",\"width\":250,\"height\":48,\"caption\":\"mojabochnia.pl - portal informacyjny\"},\"image\":{\"@id\":\"https:\/\/www.mojabochnia.pl\/#\/schema\/logo\/image\/\"},\"sameAs\":[\"https:\/\/www.facebook.com\/mojabochnia\"]},{\"@type\":\"Person\",\"@id\":\"https:\/\/www.mojabochnia.pl\/#\/schema\/person\/ea042e4724a77627963f02166828ead4\",\"name\":\"Pawe\u0142 Michalczyk\",\"url\":\"https:\/\/www.mojabochnia.pl\/?author=4\"}]}<\/script>\n<!-- \/ Yoast SEO plugin. -->","yoast_head_json":{"title":"Altana ci\u0105gle niegotowa, burmistrz zapowiada kary  - mojabochnia.pl - portal informacyjny","robots":{"index":"index","follow":"follow","max-snippet":"max-snippet:-1","max-image-preview":"max-image-preview:large","max-video-preview":"max-video-preview:-1"},"canonical":"https:\/\/www.mojabochnia.pl\/?p=142796","og_locale":"pl_PL","og_type":"article","og_title":"Altana ci\u0105gle niegotowa, burmistrz zapowiada kary  - mojabochnia.pl - portal informacyjny","og_description":"Altana na Plantach Salinarnych w Bochni jeszcze nie jest gotowa. Obecnie trwaj\u0105 prace nad wyko\u0144czeniem drewnianej konstrukcji oraz pod\u0142ogi. Wykonawca mo\u017ce spodziewa\u0107 si\u0119 kar za przekroczenie terminu - zapowiada burmistrz.","og_url":"https:\/\/www.mojabochnia.pl\/?p=142796","og_site_name":"mojabochnia.pl - portal informacyjny","article_publisher":"https:\/\/www.facebook.com\/mojabochnia","article_published_time":"2015-12-17T10:17:01+00:00","og_image":[{"width":800,"height":534,"url":"https:\/\/www.mojabochnia.pl\/wp-content\/uploads\/2015\/12\/IMG_5023.jpg","type":"image\/jpeg"}],"author":"Pawe\u0142 Michalczyk","twitter_card":"summary_large_image","twitter_misc":{"Written by":"Pawe\u0142 Michalczyk","Est. reading time":"1 minuta"},"schema":{"@context":"https:\/\/schema.org","@graph":[{"@type":"Article","@id":"https:\/\/www.mojabochnia.pl\/?p=142796#article","isPartOf":{"@id":"https:\/\/www.mojabochnia.pl\/?p=142796"},"author":{"name":"Pawe\u0142 Michalczyk","@id":"https:\/\/www.mojabochnia.pl\/#\/schema\/person\/ea042e4724a77627963f02166828ead4"},"headline":"Altana ci\u0105gle niegotowa, burmistrz zapowiada kary","datePublished":"2015-12-17T10:17:01+00:00","mainEntityOfPage":{"@id":"https:\/\/www.mojabochnia.pl\/?p=142796"},"wordCount":206,"commentCount":0,"publisher":{"@id":"https:\/\/www.mojabochnia.pl\/#organization"},"image":{"@id":"https:\/\/www.mojabochnia.pl\/?p=142796#primaryimage"},"thumbnailUrl":"https:\/\/www.mojabochnia.pl\/wp-content\/uploads\/2015\/12\/IMG_5023.jpg","keywords":["altana","petycja","planty salinarne"],"articleSection":["2_ostatnie","fotogaleria","Medium","polityka i wydarzenia","tematyka"],"inLanguage":"pl-PL","potentialAction":[{"@type":"CommentAction","name":"Comment","target":["https:\/\/www.mojabochnia.pl\/?p=142796#respond"]}]},{"@type":"WebPage","@id":"https:\/\/www.mojabochnia.pl\/?p=142796","url":"https:\/\/www.mojabochnia.pl\/?p=142796","name":"Altana ci\u0105gle niegotowa, burmistrz zapowiada kary - mojabochnia.pl - portal informacyjny","isPartOf":{"@id":"https:\/\/www.mojabochnia.pl\/#website"},"primaryImageOfPage":{"@id":"https:\/\/www.mojabochnia.pl\/?p=142796#primaryimage"},"image":{"@id":"https:\/\/www.mojabochnia.pl\/?p=142796#primaryimage"},"thumbnailUrl":"https:\/\/www.mojabochnia.pl\/wp-content\/uploads\/2015\/12\/IMG_5023.jpg","datePublished":"2015-12-17T10:17:01+00:00","breadcrumb":{"@id":"https:\/\/www.mojabochnia.pl\/?p=142796#breadcrumb"},"inLanguage":"pl-PL","potentialAction":[{"@type":"ReadAction","target":["https:\/\/www.mojabochnia.pl\/?p=142796"]}]},{"@type":"ImageObject","inLanguage":"pl-PL","@id":"https:\/\/www.mojabochnia.pl\/?p=142796#primaryimage","url":"https:\/\/www.mojabochnia.pl\/wp-content\/uploads\/2015\/12\/IMG_5023.jpg","contentUrl":"https:\/\/www.mojabochnia.pl\/wp-content\/uploads\/2015\/12\/IMG_5023.jpg","width":800,"height":534,"caption":"Pawe\u0142 Michalczyk"},{"@type":"BreadcrumbList","@id":"https:\/\/www.mojabochnia.pl\/?p=142796#breadcrumb","itemListElement":[{"@type":"ListItem","position":1,"name":"Home","item":"https:\/\/www.mojabochnia.pl\/"},{"@type":"ListItem","position":2,"name":"Altana ci\u0105gle niegotowa, burmistrz zapowiada kary"}]},{"@type":"WebSite","@id":"https:\/\/www.mojabochnia.pl\/#website","url":"https:\/\/www.mojabochnia.pl\/","name":"mojabochnia.pl - portal informacyjny","description":"mojaBochnia to portal informacyjny o Bochni. Codziennie o Bochni piszemy i pokazujemy najwa\u017cniejsze wydarzenia","publisher":{"@id":"https:\/\/www.mojabochnia.pl\/#organization"},"potentialAction":[{"@type":"SearchAction","target":{"@type":"EntryPoint","urlTemplate":"https:\/\/www.mojabochnia.pl\/?s={search_term_string}"},"query-input":{"@type":"PropertyValueSpecification","valueRequired":true,"valueName":"search_term_string"}}],"inLanguage":"pl-PL"},{"@type":"Organization","@id":"https:\/\/www.mojabochnia.pl\/#organization","name":"mojabochnia.pl - portal informacyjny","url":"https:\/\/www.mojabochnia.pl\/","logo":{"@type":"ImageObject","inLanguage":"pl-PL","@id":"https:\/\/www.mojabochnia.pl\/#\/schema\/logo\/image\/","url":"https:\/\/www.mojabochnia.pl\/wp-content\/uploads\/2017\/08\/logo-mb-opt.png","contentUrl":"https:\/\/www.mojabochnia.pl\/wp-content\/uploads\/2017\/08\/logo-mb-opt.png","width":250,"height":48,"caption":"mojabochnia.pl - portal informacyjny"},"image":{"@id":"https:\/\/www.mojabochnia.pl\/#\/schema\/logo\/image\/"},"sameAs":["https:\/\/www.facebook.com\/mojabochnia"]},{"@type":"Person","@id":"https:\/\/www.mojabochnia.pl\/#\/schema\/person\/ea042e4724a77627963f02166828ead4","name":"Pawe\u0142 Michalczyk","url":"https:\/\/www.mojabochnia.pl\/?author=4"}]}},"_links":{"self":[{"href":"https:\/\/www.mojabochnia.pl\/index.php?rest_route=\/wp\/v2\/posts\/142796","targetHints":{"allow":["GET"]}}],"collection":[{"href":"https:\/\/www.mojabochnia.pl\/index.php?rest_route=\/wp\/v2\/posts"}],"about":[{"href":"https:\/\/www.mojabochnia.pl\/index.php?rest_route=\/wp\/v2\/types\/post"}],"author":[{"embeddable":true,"href":"https:\/\/www.mojabochnia.pl\/index.php?rest_route=\/wp\/v2\/users\/4"}],"replies":[{"embeddable":true,"href":"https:\/\/www.mojabochnia.pl\/index.php?rest_route=%2Fwp%2Fv2%2Fcomments&post=142796"}],"version-history":[{"count":1,"href":"https:\/\/www.mojabochnia.pl\/index.php?rest_route=\/wp\/v2\/posts\/142796\/revisions"}],"predecessor-version":[{"id":142797,"href":"https:\/\/www.mojabochnia.pl\/index.php?rest_route=\/wp\/v2\/posts\/142796\/revisions\/142797"}],"wp:featuredmedia":[{"embeddable":true,"href":"https:\/\/www.mojabochnia.pl\/index.php?rest_route=\/wp\/v2\/media\/142799"}],"wp:attachment":[{"href":"https:\/\/www.mojabochnia.pl\/index.php?rest_route=%2Fwp%2Fv2%2Fmedia&parent=142796"}],"wp:term":[{"taxonomy":"category","embeddable":true,"href":"https:\/\/www.mojabochnia.pl\/index.php?rest_route=%2Fwp%2Fv2%2Fcategories&post=142796"},{"taxonomy":"post_tag","embeddable":true,"href":"https:\/\/www.mojabochnia.pl\/index.php?rest_route=%2Fwp%2Fv2%2Ftags&post=142796"}],"curies":[{"name":"wp","href":"https:\/\/api.w.org\/{rel}","templated":true}]}}