{"id":141427,"date":"2015-11-25T16:14:33","date_gmt":"2015-11-25T15:14:33","guid":{"rendered":"http:\/\/www.mojabochnia.pl\/?p=141427"},"modified":"2015-11-25T16:16:35","modified_gmt":"2015-11-25T15:16:35","slug":"parkride-miasto-znow-bez-pozwolenia-na-budowe-co-dalej","status":"publish","type":"post","link":"https:\/\/www.mojabochnia.pl\/?p=141427","title":{"rendered":"Park&#038;Ride: Zn\u00f3w bez pozwolenia na budow\u0119. Co dalej?"},"content":{"rendered":"<p>Nieoficjalnie m\u00f3wi si\u0119, \u017ce powodem wycofania przez miasto wniosku o pozwolenie na budow\u0119 by\u0142o odwo\u0142anie, jakie zosta\u0142o z\u0142o\u017cone od tej decyzji. Andrzej Koprowski, asystent burmistrza Bochni bardzo oszcz\u0119dnie udziela w tej sprawie informacji. <em>W tej chwili prowadzona jest sprawa przez wynaj\u0119t\u0105 przez urz\u0105d miasta kancelari\u0119 prawn\u0105, mo\u017cna powiedzie\u0107 \u017ce jest stuprocentowa pewno\u015b\u0107 \u017ce sprawa b\u0119dzie mia\u0142a sw\u00f3j fina\u0142 w s\u0105dzie i z tego powodu informacje na temat Park&#038;Ride w tej chwili nie s\u0105 udost\u0119pniane na zewn\u0105trz<\/em> \u2013 m\u00f3wi. <\/p>\n<p>Na nasze pytanie, czy odwo\u0142anie z\u0142o\u017cy\u0142 jeden z mieszka\u0144c\u00f3w bloku s\u0105siaduj\u0105cego z planowanym parkingiem, Andrzej Koprowski odpowiada: <em>To jest og\u00f3lnie wiadome, \u017ce stamt\u0105d posz\u0142a skarga i og\u00f3lnie wiadomo, \u017ce zaskar\u017cona zosta\u0142a decyzja \u015brodowiskowa. Zaskar\u017cenie decyzji \u015brodowiskowej mia\u0142o miejsce w lipcu-sierpniu ubieg\u0142ego roku, natomiast wycofanie decyzji <\/em>[pozwolenia na budow\u0119 \u2013 przyp. red] <em>to jest kwestia ostatnich tygodni. Natomiast, jak to wygl\u0105da teraz, nie mog\u0119 takiej informacji w tej chwili przekaza\u0107<\/em>. <\/p>\n<p>W spekulacjach dotycz\u0105cych powod\u00f3w, dla kt\u00f3rych burmistrz Stefan Kolawi\u0144ski wycofa\u0142 wniosek o pozwolenie na budow\u0119 obiektu pojawia si\u0119 argument dotycz\u0105cy rozbie\u017cno\u015bci w zapisach z pozwolenia na budow\u0119 oraz planu przestrzennego. <\/p>\n<p>Jak czytamy w decyzji pozwolenia na budow\u0119, <\/p>\n<p><em>Dzia\u0142ka nr 4786\/2, na kt\u00f3rej zlokalizowana jest inwestycja le\u017cy na terenach, gdzie Gmina Miasta Bochnia posiada prawnie obowi\u0105zuj\u0105cy Miejscowy Plan Zagospodarowania Przestrzennego terenu \u201e\u015ar\u00f3dmie\u015bcie\u201d i oznaczonych na rysunku planu symbolami 1.KDL.1 (zgodnie z par. 48 ust. 1)jako Tereby dr\u00f3g publicznych z podstawowym przeznaczeniem pod drogi publiczne klasy L (lokalne) wraz z urz\u0105dzeniami odwodnienia i o\u015bwietlenia. Zgodnie z par. 48 ust. 2 cyt. wy\u017cej planu w granicach teren\u00f3w w ust. 1 poza podstawowym przeznaczeniem <strong>dopuszcza si\u0119: inne obiekty budowlane, nie wymienione w pkt 1-4, zgodnie z przepisami o drogach publicznych<\/strong>.<\/em> [pisownia oryginalna \u2013 przyp. red.]<\/p>\n<p>Tymczasem pe\u0142ne brzmienie wspomnianego fragmentu miejscowego planu zagospodarowania przestrzennego przedstawia si\u0119 nast\u0119puj\u0105co:<\/p>\n<p><em>\u00a7 48. 1.Wyznacza si\u0119 tereny dr\u00f3g publicznych, oznaczone na rysunku planu symbolami 1.KDL.1, 1.KDL.2, 1.KDL.3, 1.KDL.4, 1.KDL.5, 1.KDL.6 i 1.KDL.7 z podstawowym przeznaczeniem pod drogi publiczne klasy L (lokalne) wraz z urz\u0105dzeniami odwodnienia i o\u015bwietlenia.<br \/>\n2. W granicach teren\u00f3w wyznaczonych w ust. 1 poza podstawowym przeznaczeniem dopuszcza si\u0119:<br \/>\n1) lokalizacj\u0119 ma\u0142ych obiekt\u00f3w kubaturowych (kioski, budki telefoniczne, itp.) zgodnie z przepisami o drogach publicznych,<br \/>\n2) lokalizacj\u0119 obiekt\u00f3w ma\u0142ej architektury i baner\u00f3w reklamowe do 2m2 zharmonizowanych z innymi elementami ma\u0142ej architektury,<br \/>\n3) budow\u0119 \u015bcie\u017cek rowerowych, tras szlak\u00f3w turystycznych i miejsc postojowych,<br \/>\n4) ziele\u0144 ozdobn\u0105,<br \/>\n5) <strong>inne, nie wymienione w pkt 1 \u2013 4, zgodnie z przepisami o drogach publicznych.<\/strong> <\/em>[pisownia oryginalna \u2013 przyp. red.]<\/p>\n<p>W pozwoleniu na budow\u0119 pojawi\u0142o si\u0119 zatem sformu\u0142owanie &#8222;obiekty budowlane&#8221;, podczas gdy w planie przestrzennym by\u0142y wy\u0142\u0105cznie &#8222;inne&#8221;. Przypomnijmy, pierwotnie przygotowana pod nieruchomo\u015b\u0107 dzia\u0142ka okaza\u0142a si\u0119 zbyt w\u0105ska i, aby zmie\u015bci\u0107 parking w wariancie 4-poziomowym, trzeba by\u0142o wej\u015b\u0107 w obszar drogi (ul. Poniatowskiego). <em>Jaki ja mam wp\u0142yw na to, co napisa\u0142o starostwo? Jak ja mam to interpretowa\u0107, ocenia\u0107, recenzowa\u0107? Ja otrzyma\u0142em tak\u0105 decyzj\u0119, nic wi\u0119cej, natomiast starostwo odpowiada za wydanie decyzji pozwolenia na budow\u0119 i to ono by\u0142o konstruktorem zapis\u00f3w, kt\u00f3re zosta\u0142y przedstawione do akceptacji<\/em> \u2013 komentuje spraw\u0119 burmistrz Stefan Kolawi\u0144ski. <\/p>\n<p>Zapewnia, \u017ce to nie odwo\u0142anie z\u0142o\u017cone przez mieszka\u0144ca by\u0142o powodem wycofania wniosku o pozwolenie na budow\u0119. <em>Po co nam pozwolenie na budow\u0119, kiedy nie b\u0119dziemy tego na razie robi\u0107, kiedy nie wiadomo jakie b\u0119d\u0105 \u017ar\u00f3d\u0142a finansowania<\/em> &#8211; dodaje burmistrz. Spraw\u0119 ma rozwin\u0105\u0107 podczas czwartkowej sesji.<\/p>\n<p>Temat Park&#038;Ride pojawi\u0142 si\u0119 na ostatnim posiedzeniu komisji rewizyjnej. Radni chcieli pozna\u0107 kulisy wycofania wniosku, jednak naczelnik AGKI Andrzej D\u0119bi\u0144ski nie chcia\u0142 ujawni\u0107 szczeg\u00f3\u0142\u00f3w ze wzgl\u0119du na obecno\u015b\u0107 prasy. Domaga\u0142 si\u0119 utajnienia obrad, na co z kolei nie zgodzi\u0142 si\u0119 przewodnicz\u0105cy komisji Bogdan Kosturkiewicz. <em>Sprawa jest dziwna, burmistrz nie ma prawa zataja\u0107 informacji. Najprawdopodobniej zwr\u00f3c\u0119 si\u0119 do niego w formie interpelacji z zapytaniem, dlaczego podj\u0105\u0142 tak\u0105, a nie inn\u0105 decyzj\u0119<\/em>. <\/p>\n<p>Bogdan Kosturkiewicz uwa\u017ca, \u017ce utajnienie posiedzenia komisji rewizyjnej, o kt\u00f3re wnioskowa\u0142 naczelnik AGKI jest niezgodne z prawem. <em>W ustawie o samorz\u0105dzie gminnym znajduje si\u0119 zapis stanowi\u0105cy, i\u017c jawno\u015b\u0107 komisji mo\u017cna wy\u0142\u0105czy\u0107 tylko i wy\u0142\u0105cznie w zwi\u0105zku z przepisami okre\u015blonymi w ustawach, czyli np. gdy istniej\u0105 jakie\u015b przeszkody, np. ujawnienie danych osobowych, wtedy mo\u017cna wy\u0142\u0105czy\u0107 jawno\u015b\u0107 komisji. Nie rozumiem, nie wolno im odm\u00f3wi\u0107 w sprawach publicznych informacji na taki temat. To nie jest jaka\u015b informacja handlowa. Burmistrz podj\u0105\u0142 decyzj\u0119, kt\u00f3ra b\u0119dzie mia\u0142a konsekwencje finansowe, a w og\u00f3le jaki by\u0142 sens podejmowania takiej decyzji. Chodzi o zapis, kt\u00f3ry jest w miejscowym planie zagospodarowania przestrzennego, a kt\u00f3ry oni zinterpretowali wed\u0142ug w\u0142asnego uznania. Mam nadziej\u0119, \u017ce nie wiedzieli co robi\u0105<\/em> &#8211; kontynuuje radny. <\/p>\n<p>Zdaniem Bogdana Kosturkiewicza, szykuje si\u0119 ciekawy proces s\u0105dowy. <em>Je\u015bli kto\u015b mo\u017ce by\u0107 pokrzywdzonym w tej kwestii, to mo\u017ce nim by\u0107 tylko i wy\u0142\u0105cznie wykonawca. Po drugie, je\u017celi urz\u0119dnicy b\u0119d\u0105 zeznawali przed s\u0105dem to, co pisali w dokumentach, mog\u0105 by\u0107 problemy. Druga strona te\u017c b\u0119dzie mia\u0142a prawnik\u00f3w i b\u0119d\u0105 wiedzieli, jak do tego podej\u015b\u0107. Ca\u0142y czas jest to tak naprawd\u0119 sp\u00f3r pomi\u0119dzy burmistrzem a wykonawc\u0105. Sprawa jest bardzo z\u0142o\u017cona, nie chcia\u0142bym tu wybiega\u0107 i rozstrzyga\u0107 pewnych kwestii, natomiast dziwi mnie arogancja i takie tupeciarstwo burmistrza, kt\u00f3ry odmawia udzielania informacji w najprostszych sprawach. Zobaczymy, jak na tym wyjdzie. Znam osoby, kt\u00f3re si\u0119 mocno sparzy\u0142y na takim post\u0119powaniu<\/em> &#8211; komentuje by\u0142y burmistrz. <\/p>\n<p>Budowa parkingu Park&#038;Ride w Bochni by\u0107 mo\u017ce stanie si\u0119 faktem w przysz\u0142o\u015bci. Burmistrz Stefan Kolawi\u0144ski zak\u0142ada mo\u017cliwo\u015b\u0107 rozpocz\u0119cia przygotowa\u0144 do inwestycji zupe\u0142nie od zera.<em> Je\u017celi tylko b\u0119dziemy si\u0119 decydowa\u0107 na budow\u0119 parkingu, je\u017celi b\u0119dziemy mie\u0107 \u017ar\u00f3d\u0142o finansowania, to my\u015bl\u0119, \u017ce nawet b\u0119dziemy projektowa\u0107 od nowa, wszystko b\u0119dziemy robi\u0107 od nowa<\/em>. <\/p>\n","protected":false},"excerpt":{"rendered":"<p>Bochnia nie ma ju\u017c pozwolenia na budow\u0119 parkingu wielopoziomowego obok dworca PKP. Wniosek o wydanie dokumentu zosta\u0142 wycofany. Teraz nie do\u015b\u0107, \u017ce Park&#038;Ride nie powstanie w za\u0142o\u017conym terminie, to jeszcze komplikuje si\u0119 jego powstanie w przysz\u0142o\u015bci. <\/p>\n","protected":false},"author":4,"featured_media":136486,"comment_status":"open","ping_status":"closed","sticky":false,"template":"","format":"standard","meta":{"_acf_changed":false,"footnotes":""},"categories":[5,6251,6250],"tags":[17551,15997,14090,834],"class_list":["post-141427","post","type-post","status-publish","format-standard","has-post-thumbnail","hentry","category-biezace-wydarzenia","category-polityka-i-wydarzenia","category-tematyka","tag-miejscowy-plan-zagospodarowania-przestrzennego","tag-parkride","tag-parking-wielopoziomowy","tag-pozwolenie-na-budowe","main_tag-parking"],"acf":[],"yoast_head":"<!-- This site is optimized with the Yoast SEO plugin v26.9 - https:\/\/yoast.com\/product\/yoast-seo-wordpress\/ -->\n<title>Park&amp;Ride: Zn\u00f3w bez pozwolenia na budow\u0119. Co dalej? - mojabochnia.pl - portal informacyjny<\/title>\n<meta name=\"robots\" content=\"index, follow, max-snippet:-1, max-image-preview:large, max-video-preview:-1\" \/>\n<link rel=\"canonical\" href=\"https:\/\/www.mojabochnia.pl\/?p=141427\" \/>\n<meta property=\"og:locale\" content=\"pl_PL\" \/>\n<meta property=\"og:type\" content=\"article\" \/>\n<meta property=\"og:title\" content=\"Park&amp;Ride: Zn\u00f3w bez pozwolenia na budow\u0119. Co dalej? - mojabochnia.pl - portal informacyjny\" \/>\n<meta property=\"og:description\" content=\"Bochnia nie ma ju\u017c pozwolenia na budow\u0119 parkingu wielopoziomowego obok dworca PKP. Wniosek o wydanie dokumentu zosta\u0142 wycofany. Teraz nie do\u015b\u0107, \u017ce Park&amp;Ride nie powstanie w za\u0142o\u017conym terminie, to jeszcze komplikuje si\u0119 jego powstanie w przysz\u0142o\u015bci.\" \/>\n<meta property=\"og:url\" content=\"https:\/\/www.mojabochnia.pl\/?p=141427\" \/>\n<meta property=\"og:site_name\" content=\"mojabochnia.pl - portal informacyjny\" \/>\n<meta property=\"article:publisher\" content=\"https:\/\/www.facebook.com\/mojabochnia\" \/>\n<meta property=\"article:published_time\" content=\"2015-11-25T15:14:33+00:00\" \/>\n<meta property=\"article:modified_time\" content=\"2015-11-25T15:16:35+00:00\" \/>\n<meta property=\"og:image\" content=\"https:\/\/www.mojabochnia.pl\/wp-content\/uploads\/2015\/08\/widok_1.jpg\" \/>\n\t<meta property=\"og:image:width\" content=\"800\" \/>\n\t<meta property=\"og:image:height\" content=\"427\" \/>\n\t<meta property=\"og:image:type\" content=\"image\/jpeg\" \/>\n<meta name=\"author\" content=\"Pawe\u0142 Michalczyk\" \/>\n<meta name=\"twitter:card\" content=\"summary_large_image\" \/>\n<meta name=\"twitter:label1\" content=\"Written by\" \/>\n\t<meta name=\"twitter:data1\" content=\"Pawe\u0142 Michalczyk\" \/>\n\t<meta name=\"twitter:label2\" content=\"Est. reading time\" \/>\n\t<meta name=\"twitter:data2\" content=\"5 minut\" \/>\n<script type=\"application\/ld+json\" class=\"yoast-schema-graph\">{\"@context\":\"https:\/\/schema.org\",\"@graph\":[{\"@type\":\"Article\",\"@id\":\"https:\/\/www.mojabochnia.pl\/?p=141427#article\",\"isPartOf\":{\"@id\":\"https:\/\/www.mojabochnia.pl\/?p=141427\"},\"author\":{\"name\":\"Pawe\u0142 Michalczyk\",\"@id\":\"https:\/\/www.mojabochnia.pl\/#\/schema\/person\/ea042e4724a77627963f02166828ead4\"},\"headline\":\"Park&#038;Ride: Zn\u00f3w bez pozwolenia na budow\u0119. Co dalej?\",\"datePublished\":\"2015-11-25T15:14:33+00:00\",\"dateModified\":\"2015-11-25T15:16:35+00:00\",\"mainEntityOfPage\":{\"@id\":\"https:\/\/www.mojabochnia.pl\/?p=141427\"},\"wordCount\":1039,\"commentCount\":0,\"publisher\":{\"@id\":\"https:\/\/www.mojabochnia.pl\/#organization\"},\"image\":{\"@id\":\"https:\/\/www.mojabochnia.pl\/?p=141427#primaryimage\"},\"thumbnailUrl\":\"https:\/\/www.mojabochnia.pl\/wp-content\/uploads\/2015\/08\/widok_1.jpg\",\"keywords\":[\"miejscowy plan zagospodarowania przestrzennego\",\"park&amp;ride\",\"parking wielopoziomowy\",\"pozwolenie na budow\u0119\"],\"articleSection\":[\"2_ostatnie\",\"polityka i wydarzenia\",\"tematyka\"],\"inLanguage\":\"pl-PL\",\"potentialAction\":[{\"@type\":\"CommentAction\",\"name\":\"Comment\",\"target\":[\"https:\/\/www.mojabochnia.pl\/?p=141427#respond\"]}]},{\"@type\":\"WebPage\",\"@id\":\"https:\/\/www.mojabochnia.pl\/?p=141427\",\"url\":\"https:\/\/www.mojabochnia.pl\/?p=141427\",\"name\":\"Park&Ride: Zn\u00f3w bez pozwolenia na budow\u0119. Co dalej? - mojabochnia.pl - portal informacyjny\",\"isPartOf\":{\"@id\":\"https:\/\/www.mojabochnia.pl\/#website\"},\"primaryImageOfPage\":{\"@id\":\"https:\/\/www.mojabochnia.pl\/?p=141427#primaryimage\"},\"image\":{\"@id\":\"https:\/\/www.mojabochnia.pl\/?p=141427#primaryimage\"},\"thumbnailUrl\":\"https:\/\/www.mojabochnia.pl\/wp-content\/uploads\/2015\/08\/widok_1.jpg\",\"datePublished\":\"2015-11-25T15:14:33+00:00\",\"dateModified\":\"2015-11-25T15:16:35+00:00\",\"breadcrumb\":{\"@id\":\"https:\/\/www.mojabochnia.pl\/?p=141427#breadcrumb\"},\"inLanguage\":\"pl-PL\",\"potentialAction\":[{\"@type\":\"ReadAction\",\"target\":[\"https:\/\/www.mojabochnia.pl\/?p=141427\"]}]},{\"@type\":\"ImageObject\",\"inLanguage\":\"pl-PL\",\"@id\":\"https:\/\/www.mojabochnia.pl\/?p=141427#primaryimage\",\"url\":\"https:\/\/www.mojabochnia.pl\/wp-content\/uploads\/2015\/08\/widok_1.jpg\",\"contentUrl\":\"https:\/\/www.mojabochnia.pl\/wp-content\/uploads\/2015\/08\/widok_1.jpg\",\"width\":800,\"height\":427,\"caption\":\"materia\u0142y wykonawcy\"},{\"@type\":\"BreadcrumbList\",\"@id\":\"https:\/\/www.mojabochnia.pl\/?p=141427#breadcrumb\",\"itemListElement\":[{\"@type\":\"ListItem\",\"position\":1,\"name\":\"Home\",\"item\":\"https:\/\/www.mojabochnia.pl\/\"},{\"@type\":\"ListItem\",\"position\":2,\"name\":\"Park&#038;Ride: Zn\u00f3w bez pozwolenia na budow\u0119. Co dalej?\"}]},{\"@type\":\"WebSite\",\"@id\":\"https:\/\/www.mojabochnia.pl\/#website\",\"url\":\"https:\/\/www.mojabochnia.pl\/\",\"name\":\"mojabochnia.pl - portal informacyjny\",\"description\":\"mojaBochnia to portal informacyjny o Bochni. Codziennie o Bochni piszemy i pokazujemy najwa\u017cniejsze wydarzenia\",\"publisher\":{\"@id\":\"https:\/\/www.mojabochnia.pl\/#organization\"},\"potentialAction\":[{\"@type\":\"SearchAction\",\"target\":{\"@type\":\"EntryPoint\",\"urlTemplate\":\"https:\/\/www.mojabochnia.pl\/?s={search_term_string}\"},\"query-input\":{\"@type\":\"PropertyValueSpecification\",\"valueRequired\":true,\"valueName\":\"search_term_string\"}}],\"inLanguage\":\"pl-PL\"},{\"@type\":\"Organization\",\"@id\":\"https:\/\/www.mojabochnia.pl\/#organization\",\"name\":\"mojabochnia.pl - portal informacyjny\",\"url\":\"https:\/\/www.mojabochnia.pl\/\",\"logo\":{\"@type\":\"ImageObject\",\"inLanguage\":\"pl-PL\",\"@id\":\"https:\/\/www.mojabochnia.pl\/#\/schema\/logo\/image\/\",\"url\":\"https:\/\/www.mojabochnia.pl\/wp-content\/uploads\/2017\/08\/logo-mb-opt.png\",\"contentUrl\":\"https:\/\/www.mojabochnia.pl\/wp-content\/uploads\/2017\/08\/logo-mb-opt.png\",\"width\":250,\"height\":48,\"caption\":\"mojabochnia.pl - portal informacyjny\"},\"image\":{\"@id\":\"https:\/\/www.mojabochnia.pl\/#\/schema\/logo\/image\/\"},\"sameAs\":[\"https:\/\/www.facebook.com\/mojabochnia\"]},{\"@type\":\"Person\",\"@id\":\"https:\/\/www.mojabochnia.pl\/#\/schema\/person\/ea042e4724a77627963f02166828ead4\",\"name\":\"Pawe\u0142 Michalczyk\",\"url\":\"https:\/\/www.mojabochnia.pl\/?author=4\"}]}<\/script>\n<!-- \/ Yoast SEO plugin. -->","yoast_head_json":{"title":"Park&Ride: Zn\u00f3w bez pozwolenia na budow\u0119. Co dalej? - mojabochnia.pl - portal informacyjny","robots":{"index":"index","follow":"follow","max-snippet":"max-snippet:-1","max-image-preview":"max-image-preview:large","max-video-preview":"max-video-preview:-1"},"canonical":"https:\/\/www.mojabochnia.pl\/?p=141427","og_locale":"pl_PL","og_type":"article","og_title":"Park&Ride: Zn\u00f3w bez pozwolenia na budow\u0119. Co dalej? - mojabochnia.pl - portal informacyjny","og_description":"Bochnia nie ma ju\u017c pozwolenia na budow\u0119 parkingu wielopoziomowego obok dworca PKP. Wniosek o wydanie dokumentu zosta\u0142 wycofany. Teraz nie do\u015b\u0107, \u017ce Park&Ride nie powstanie w za\u0142o\u017conym terminie, to jeszcze komplikuje si\u0119 jego powstanie w przysz\u0142o\u015bci.","og_url":"https:\/\/www.mojabochnia.pl\/?p=141427","og_site_name":"mojabochnia.pl - portal informacyjny","article_publisher":"https:\/\/www.facebook.com\/mojabochnia","article_published_time":"2015-11-25T15:14:33+00:00","article_modified_time":"2015-11-25T15:16:35+00:00","og_image":[{"width":800,"height":427,"url":"https:\/\/www.mojabochnia.pl\/wp-content\/uploads\/2015\/08\/widok_1.jpg","type":"image\/jpeg"}],"author":"Pawe\u0142 Michalczyk","twitter_card":"summary_large_image","twitter_misc":{"Written by":"Pawe\u0142 Michalczyk","Est. reading time":"5 minut"},"schema":{"@context":"https:\/\/schema.org","@graph":[{"@type":"Article","@id":"https:\/\/www.mojabochnia.pl\/?p=141427#article","isPartOf":{"@id":"https:\/\/www.mojabochnia.pl\/?p=141427"},"author":{"name":"Pawe\u0142 Michalczyk","@id":"https:\/\/www.mojabochnia.pl\/#\/schema\/person\/ea042e4724a77627963f02166828ead4"},"headline":"Park&#038;Ride: Zn\u00f3w bez pozwolenia na budow\u0119. Co dalej?","datePublished":"2015-11-25T15:14:33+00:00","dateModified":"2015-11-25T15:16:35+00:00","mainEntityOfPage":{"@id":"https:\/\/www.mojabochnia.pl\/?p=141427"},"wordCount":1039,"commentCount":0,"publisher":{"@id":"https:\/\/www.mojabochnia.pl\/#organization"},"image":{"@id":"https:\/\/www.mojabochnia.pl\/?p=141427#primaryimage"},"thumbnailUrl":"https:\/\/www.mojabochnia.pl\/wp-content\/uploads\/2015\/08\/widok_1.jpg","keywords":["miejscowy plan zagospodarowania przestrzennego","park&amp;ride","parking wielopoziomowy","pozwolenie na budow\u0119"],"articleSection":["2_ostatnie","polityka i wydarzenia","tematyka"],"inLanguage":"pl-PL","potentialAction":[{"@type":"CommentAction","name":"Comment","target":["https:\/\/www.mojabochnia.pl\/?p=141427#respond"]}]},{"@type":"WebPage","@id":"https:\/\/www.mojabochnia.pl\/?p=141427","url":"https:\/\/www.mojabochnia.pl\/?p=141427","name":"Park&Ride: Zn\u00f3w bez pozwolenia na budow\u0119. Co dalej? - mojabochnia.pl - portal informacyjny","isPartOf":{"@id":"https:\/\/www.mojabochnia.pl\/#website"},"primaryImageOfPage":{"@id":"https:\/\/www.mojabochnia.pl\/?p=141427#primaryimage"},"image":{"@id":"https:\/\/www.mojabochnia.pl\/?p=141427#primaryimage"},"thumbnailUrl":"https:\/\/www.mojabochnia.pl\/wp-content\/uploads\/2015\/08\/widok_1.jpg","datePublished":"2015-11-25T15:14:33+00:00","dateModified":"2015-11-25T15:16:35+00:00","breadcrumb":{"@id":"https:\/\/www.mojabochnia.pl\/?p=141427#breadcrumb"},"inLanguage":"pl-PL","potentialAction":[{"@type":"ReadAction","target":["https:\/\/www.mojabochnia.pl\/?p=141427"]}]},{"@type":"ImageObject","inLanguage":"pl-PL","@id":"https:\/\/www.mojabochnia.pl\/?p=141427#primaryimage","url":"https:\/\/www.mojabochnia.pl\/wp-content\/uploads\/2015\/08\/widok_1.jpg","contentUrl":"https:\/\/www.mojabochnia.pl\/wp-content\/uploads\/2015\/08\/widok_1.jpg","width":800,"height":427,"caption":"materia\u0142y wykonawcy"},{"@type":"BreadcrumbList","@id":"https:\/\/www.mojabochnia.pl\/?p=141427#breadcrumb","itemListElement":[{"@type":"ListItem","position":1,"name":"Home","item":"https:\/\/www.mojabochnia.pl\/"},{"@type":"ListItem","position":2,"name":"Park&#038;Ride: Zn\u00f3w bez pozwolenia na budow\u0119. Co dalej?"}]},{"@type":"WebSite","@id":"https:\/\/www.mojabochnia.pl\/#website","url":"https:\/\/www.mojabochnia.pl\/","name":"mojabochnia.pl - portal informacyjny","description":"mojaBochnia to portal informacyjny o Bochni. Codziennie o Bochni piszemy i pokazujemy najwa\u017cniejsze wydarzenia","publisher":{"@id":"https:\/\/www.mojabochnia.pl\/#organization"},"potentialAction":[{"@type":"SearchAction","target":{"@type":"EntryPoint","urlTemplate":"https:\/\/www.mojabochnia.pl\/?s={search_term_string}"},"query-input":{"@type":"PropertyValueSpecification","valueRequired":true,"valueName":"search_term_string"}}],"inLanguage":"pl-PL"},{"@type":"Organization","@id":"https:\/\/www.mojabochnia.pl\/#organization","name":"mojabochnia.pl - portal informacyjny","url":"https:\/\/www.mojabochnia.pl\/","logo":{"@type":"ImageObject","inLanguage":"pl-PL","@id":"https:\/\/www.mojabochnia.pl\/#\/schema\/logo\/image\/","url":"https:\/\/www.mojabochnia.pl\/wp-content\/uploads\/2017\/08\/logo-mb-opt.png","contentUrl":"https:\/\/www.mojabochnia.pl\/wp-content\/uploads\/2017\/08\/logo-mb-opt.png","width":250,"height":48,"caption":"mojabochnia.pl - portal informacyjny"},"image":{"@id":"https:\/\/www.mojabochnia.pl\/#\/schema\/logo\/image\/"},"sameAs":["https:\/\/www.facebook.com\/mojabochnia"]},{"@type":"Person","@id":"https:\/\/www.mojabochnia.pl\/#\/schema\/person\/ea042e4724a77627963f02166828ead4","name":"Pawe\u0142 Michalczyk","url":"https:\/\/www.mojabochnia.pl\/?author=4"}]}},"_links":{"self":[{"href":"https:\/\/www.mojabochnia.pl\/index.php?rest_route=\/wp\/v2\/posts\/141427","targetHints":{"allow":["GET"]}}],"collection":[{"href":"https:\/\/www.mojabochnia.pl\/index.php?rest_route=\/wp\/v2\/posts"}],"about":[{"href":"https:\/\/www.mojabochnia.pl\/index.php?rest_route=\/wp\/v2\/types\/post"}],"author":[{"embeddable":true,"href":"https:\/\/www.mojabochnia.pl\/index.php?rest_route=\/wp\/v2\/users\/4"}],"replies":[{"embeddable":true,"href":"https:\/\/www.mojabochnia.pl\/index.php?rest_route=%2Fwp%2Fv2%2Fcomments&post=141427"}],"version-history":[{"count":5,"href":"https:\/\/www.mojabochnia.pl\/index.php?rest_route=\/wp\/v2\/posts\/141427\/revisions"}],"predecessor-version":[{"id":141432,"href":"https:\/\/www.mojabochnia.pl\/index.php?rest_route=\/wp\/v2\/posts\/141427\/revisions\/141432"}],"wp:featuredmedia":[{"embeddable":true,"href":"https:\/\/www.mojabochnia.pl\/index.php?rest_route=\/wp\/v2\/media\/136486"}],"wp:attachment":[{"href":"https:\/\/www.mojabochnia.pl\/index.php?rest_route=%2Fwp%2Fv2%2Fmedia&parent=141427"}],"wp:term":[{"taxonomy":"category","embeddable":true,"href":"https:\/\/www.mojabochnia.pl\/index.php?rest_route=%2Fwp%2Fv2%2Fcategories&post=141427"},{"taxonomy":"post_tag","embeddable":true,"href":"https:\/\/www.mojabochnia.pl\/index.php?rest_route=%2Fwp%2Fv2%2Ftags&post=141427"}],"curies":[{"name":"wp","href":"https:\/\/api.w.org\/{rel}","templated":true}]}}