{"id":141425,"date":"2015-11-25T17:40:02","date_gmt":"2015-11-25T16:40:02","guid":{"rendered":"http:\/\/www.mojabochnia.pl\/?p=141425"},"modified":"2015-11-27T12:25:38","modified_gmt":"2015-11-27T11:25:38","slug":"szpital-zwiazki-zawodowe-boja-sie-prywatyzacji","status":"publish","type":"post","link":"https:\/\/www.mojabochnia.pl\/?p=141425","title":{"rendered":"Szpital: Zwi\u0105zki zawodowe boj\u0105 si\u0119 prywatyzacji"},"content":{"rendered":"<p>Oto tre\u015b\u0107 pisma, jakie trafi\u0142o do komisji zdrowia rady powiatu:<\/p>\n<p><em>Bochnia, 23 XI 2015<\/p>\n<p>Starostwo Powiatowe w Bochni<br \/>\nKomisja Zdrowia<\/p>\n<p>Zwi\u0105zki Zawodowe dzia\u0142aj\u0105ce przy SP ZOZ Szpital Powiatowy im. b\u0142. Marty Wieckiej w Bochni wyra\u017caj\u0105 g\u0142\u0119bokie zaniepokojenie sytuacj\u0105 finansow\u0105 Szpitala.<\/p>\n<p>Zg\u0142aszane s\u0105 do nas sygna\u0142y \u015bwiadcz\u0105ce o tym, i\u017c firma SCANMED* jest zainteresowana przej\u0119ciem kilku oddzia\u0142\u00f3w naszego Szpitala. <\/p>\n<p>W zwi\u0105zku z tym owe sygna\u0142y budz\u0105 nasz niepok\u00f3j, jak i fakt, \u017ce ze Szpitala wyp\u0142ywaj\u0105 du\u017ce kwoty pieni\u0119\u017cne, zw\u0142aszcza na pensje wyp\u0142acane lekarzom kontraktowym, gdy\u017c Szpital Powiatowy w Bochni nie ud\u017awignie tak du\u017cych zobowi\u0105za\u0144. Wyp\u0142acanie jednej grupie zawodowej tak wysokich pensji i podpisywanie tak wysokich kontrakt\u00f3w z lekarzami przez Dyrekcj\u0119 Szpitala, mo\u017cna uzna\u0107 za dzia\u0142anie na szkod\u0119 jednostki i snu\u0107 obawy, \u017ce mo\u017ce to doprowadzi\u0107 do znacznego zad\u0142u\u017cenia, a w efekcie do prywatyzacji. <\/p>\n<p>Zastanawiamy si\u0119 r\u00f3wnie\u017c, czy tak szumnie zapowiadany remont centralnej sterylizacji z zysku za rok 2014 to mia\u0142o by\u0107 malowanie \u015bcian? Wobec tego gdzie podzia\u0142a si\u0119 kwota prawie miliona z\u0142otych? <\/p>\n<p>Nast\u0119pnym naszym krokiem b\u0119dzie zwr\u00f3cenie si\u0119 do Ministerstwa Zdrowia o pomoc.<\/p>\n<p>Z powa\u017caniem:<\/p>\n<p>Zwi\u0105zki Zawodowe<\/em><br \/>\n[podpisy przedstawicieli pi\u0119ciu zwi\u0105zk\u00f3w oraz piecz\u0119cie]<\/p>\n<p>* Do firmy Scamned S.A. wyst\u0105pili\u015bmy z pro\u015bb\u0105 o odniesienie si\u0119 do tych s\u0142\u00f3w. Do godziny 17.00 nie dostali\u015bmy odpowiedzi.<\/p>\n<p>Poniewa\u017c na wtorkowym posiedzeniu komisji zdrowia nie by\u0142o dyrektora szpitala, radni zdecydowali, \u017ce wr\u00f3c\u0105 do tematu pisma za miesi\u0105c. Planowana jest w\u00f3wczas dyskusja o stanie plac\u00f3wki w obecno\u015bci dyrektora Jaros\u0142awa Kyci oraz przedstawicieli wszystkich zwi\u0105zk\u00f3w zawodowych dzia\u0142aj\u0105cych w szpitalu.<\/p>\n<p>Radny Stanis\u0142aw Bukowiec od wielu miesi\u0119cy wyra\u017ca swoje zaniepokojenie sytuacj\u0105 w boche\u0144skim szpitalu. <em>Nie zako\u0144czy\u0142 si\u0119 jeszcze rok bud\u017cetowy, ale informacje, kt\u00f3re docieraj\u0105 do nas s\u0105 niepokoj\u0105ce. M\u00f3wi\u0105 one o tym, \u017ce sytuacja finansowa szpitala jest du\u017co gorsza ni\u017c rok temu. Patrzymy na to z niepokojem, tym bardziej \u017ce jest wiele uwag dotycz\u0105cych dzia\u0142alno\u015bci medycznej szpitala. Takie sygna\u0142y docieraj\u0105 do nas od pracownik\u00f3w, pacjent\u00f3w, mieszka\u0144c\u00f3w. Padaj\u0105 zastrze\u017cenia co do zarz\u0105dzania t\u0105 plac\u00f3wk\u0105 przez dyrekcj\u0119. Potrzebny jest audyt finansowy przeprowadzony przez zewn\u0119trzna, niezale\u017cn\u0105 firm\u0119. Sytuacja szpitala wymaga pilnego wyja\u015bnienia przez dyrekcj\u0119, starost\u0119 i zarz\u0105d powiatu. Koalicja PiS i PSL bierze pe\u0142n\u0105 odpowiedzialno\u015b\u0107 za t\u0105 sytuacj\u0119<\/em> \u2013 m\u00f3wi radny Stanis\u0142aw Bukowiec, cz\u0142onek komisji zdrowia.<\/p>\n<p><em>Jestem przeciwny prywatyzacji szpitala. W ostatnich latach otrzyma\u0142 on du\u017ce wsparcie z bud\u017cetu zar\u00f3wno powiatu, jak i ze \u015brodk\u00f3w zewn\u0119trznych. Uwa\u017cam, \u017ce szpital powinien prowadzi\u0107 nadal dzia\u0142alno\u015b\u0107 jako instytucja publiczna<\/em> \u2013 dodaje.<\/p>\n<p>Zapytany o podwy\u017cki dla personelu szpitala, dyrektor Jaros\u0142aw Kycia w rozmowie z mojaBochnia.pl przypomina, \u017ce s\u0105 one w\u0142a\u015bnie wyp\u0142acane. <em>W ubieg\u0142ym roku zosta\u0142o podpisane porozumienie z przedstawicielami wszystkich zwi\u0105zk\u00f3w zawodowych, w ramach kt\u00f3rego w tym roku realizujemy podwy\u017cki dla wszystkich pracownik\u00f3w szpitala. Jest to \u0142\u0105czna kwota ok. 800 tys. z\u0142 rocznie. Pomimo tego, a tak\u017ce trudnych warunk\u00f3w rynkowych, w szczeg\u00f3lno\u015bci wynikaj\u0105cych z polityki p\u0142atnika publicznego (NFZ) oraz og\u00f3lnie znanych problem\u00f3w z finansowaniem opieki zdrowotnej, sytuacja finansowa szpitala pozostaje stabilna. Wszystkie zobowi\u0105zania, zar\u00f3wno kr\u00f3tko- jak i d\u0142ugoterminowe s\u0105 realizowane na bie\u017c\u0105co, a dzia\u0142alno\u015b\u0107 szpitala nie jest zagro\u017cona<\/em>.<\/p>\n<p>Dyrektor dodaje, \u017ce od wrze\u015bnia br. realizowane s\u0105 r\u00f3wnie\u017c podwy\u017cki dla piel\u0119gniarek i po\u0142o\u017cnych zapisane rozporz\u0105dzeniem ministra zdrowia: 400 z\u0142 miesi\u0119cznie na osob\u0119. W tym przypadku plac\u00f3wka liczy na refundacj\u0119 tych \u015brodk\u00f3w z NFZ. <em>Nie jest mo\u017cliwe ca\u0142kowite spe\u0142nienie oczekiwa\u0144 wszystkich grup zawodowych. Wiadomo bowiem \u017ce z za\u0142o\u017cenia b\u0119d\u0105 one zawsze wi\u0119ksze ni\u017c mo\u017cliwo\u015bci pracodawcy. Staram si\u0119 bilansowa\u0107 te oczekiwania z mo\u017cliwo\u015bciami szpitala oraz konieczno\u015bci\u0105 poprawy jako\u015bci \u015bwiadczonych us\u0142ug. Ponadto zwr\u00f3c\u0119 uwag\u0119, \u017ce jako szpital nie wiemy obecnie, jakie zostan\u0105 nam zaproponowane warunki finansowania \u015bwiadcze\u0144 w roku 2016, dlatego nie mo\u017cna na tym etapie dzieli\u0107 \u015brodk\u00f3w, kt\u00f3rych jeszcze jako szpital nie posiadamy <\/em>\u2013 dodaje dyrektor.<\/p>\n<p>Jaros\u0142aw Kycia kategorycznie ucina temat prywatyzacji kierowanej przez siebie plac\u00f3wki. Prawdopodobnie personel szpitala kojarzy go z podmiotem, kt\u00f3rego nazwa pada w li\u015bcie do komisji zdrowia. Zanim bowiem Jaros\u0142aw Kycia zosta\u0142 dyrektorem szpitala w Bochni, pracowa\u0142 przez kilka lat jako pe\u0142nomocnik ds. prawnych sp\u00f3\u0142ki Scanmed S.A.<em>Insynuacja, \u017ce jaka\u015b firma zewn\u0119trzna mia\u0142aby przej\u0105\u0107 szpital, jest ca\u0142kowicie nieprawdziwa, \u017cadne takie rozmowy si\u0119 nie tocz\u0105. Nie wiem, sk\u0105d w og\u00f3le takie informacje si\u0119 pojawiaj\u0105, kto\u015b pr\u00f3buje chyba wznieci\u0107 niepok\u00f3j w\u015br\u00f3d pracownik\u00f3w. Trudno mi si\u0119 w og\u00f3le do tego odnosi\u0107<\/em>. <\/p>\n<p>Komisja zdrowia wnioskuje, aby jedna z sesji rady powiatu na pocz\u0105tku 2016 roku zosta\u0142a w ca\u0142o\u015bci po\u015bwi\u0119cona problematyce szpitala. Radni chc\u0105 te\u017c, aby coroczny audyt finansowy plac\u00f3wki zosta\u0142 wykonany przez firm\u0119 zewn\u0119trzn\u0105 na zlecenie zarz\u0105du powiatu, a nie jak dotychczas dyrekcji.<\/p>\n","protected":false},"excerpt":{"rendered":"<p>Pracownicy szpitala zrzeszeni w zwi\u0105zkach zawodowych zainteresowali spraw\u0105 plac\u00f3wki radnych z komisji zdrowia rady powiatu. W z\u0142o\u017conym pi\u015bmie jest mowa o zaniepokojeniu sytuacj\u0105 finansow\u0105 plac\u00f3wki, pada r\u00f3wnie\u017c nazwa podmiotu, kt\u00f3ry mia\u0142by by\u0107 \u201ezainteresowany przej\u0119ciem kilku oddzia\u0142\u00f3w szpitala\u201d. <\/p>\n","protected":false},"author":4,"featured_media":35316,"comment_status":"open","ping_status":"closed","sticky":true,"template":"","format":"standard","meta":{"_acf_changed":false,"footnotes":""},"categories":[5,6251,6250],"tags":[11676,16303,17751,17324,12484],"class_list":["post-141425","post","type-post","status-publish","format-standard","has-post-thumbnail","hentry","category-biezace-wydarzenia","category-polityka-i-wydarzenia","category-tematyka","tag-jaroslaw-kycia","tag-prywatyzacja","tag-stanislaw-bukowiec","tag-szpital","tag-zwiazki-zawodowe","main_tag-szpital"],"acf":[],"yoast_head":"<!-- This site is optimized with the Yoast SEO plugin v26.9 - https:\/\/yoast.com\/product\/yoast-seo-wordpress\/ -->\n<title>Szpital: Zwi\u0105zki zawodowe boj\u0105 si\u0119 prywatyzacji - mojabochnia.pl - portal informacyjny<\/title>\n<meta name=\"robots\" content=\"index, follow, max-snippet:-1, max-image-preview:large, max-video-preview:-1\" \/>\n<link rel=\"canonical\" href=\"https:\/\/www.mojabochnia.pl\/?p=141425\" \/>\n<meta property=\"og:locale\" content=\"pl_PL\" \/>\n<meta property=\"og:type\" content=\"article\" \/>\n<meta property=\"og:title\" content=\"Szpital: Zwi\u0105zki zawodowe boj\u0105 si\u0119 prywatyzacji - mojabochnia.pl - portal informacyjny\" \/>\n<meta property=\"og:description\" content=\"Pracownicy szpitala zrzeszeni w zwi\u0105zkach zawodowych zainteresowali spraw\u0105 plac\u00f3wki radnych z komisji zdrowia rady powiatu. W z\u0142o\u017conym pi\u015bmie jest mowa o zaniepokojeniu sytuacj\u0105 finansow\u0105 plac\u00f3wki, pada r\u00f3wnie\u017c nazwa podmiotu, kt\u00f3ry mia\u0142by by\u0107 \u201ezainteresowany przej\u0119ciem kilku oddzia\u0142\u00f3w szpitala\u201d.\" \/>\n<meta property=\"og:url\" content=\"https:\/\/www.mojabochnia.pl\/?p=141425\" \/>\n<meta property=\"og:site_name\" content=\"mojabochnia.pl - portal informacyjny\" \/>\n<meta property=\"article:publisher\" content=\"https:\/\/www.facebook.com\/mojabochnia\" \/>\n<meta property=\"article:published_time\" content=\"2015-11-25T16:40:02+00:00\" \/>\n<meta property=\"article:modified_time\" content=\"2015-11-27T11:25:38+00:00\" \/>\n<meta property=\"og:image\" content=\"https:\/\/www.mojabochnia.pl\/wp-content\/uploads\/2010\/09\/0927_sszpital.jpg\" \/>\n\t<meta property=\"og:image:width\" content=\"800\" \/>\n\t<meta property=\"og:image:height\" content=\"450\" \/>\n\t<meta property=\"og:image:type\" content=\"image\/jpeg\" \/>\n<meta name=\"author\" content=\"Pawe\u0142 Michalczyk\" \/>\n<meta name=\"twitter:card\" content=\"summary_large_image\" \/>\n<meta name=\"twitter:label1\" content=\"Written by\" \/>\n\t<meta name=\"twitter:data1\" content=\"Pawe\u0142 Michalczyk\" \/>\n\t<meta name=\"twitter:label2\" content=\"Est. reading time\" \/>\n\t<meta name=\"twitter:data2\" content=\"4 minuty\" \/>\n<script type=\"application\/ld+json\" class=\"yoast-schema-graph\">{\"@context\":\"https:\/\/schema.org\",\"@graph\":[{\"@type\":\"Article\",\"@id\":\"https:\/\/www.mojabochnia.pl\/?p=141425#article\",\"isPartOf\":{\"@id\":\"https:\/\/www.mojabochnia.pl\/?p=141425\"},\"author\":{\"name\":\"Pawe\u0142 Michalczyk\",\"@id\":\"https:\/\/www.mojabochnia.pl\/#\/schema\/person\/ea042e4724a77627963f02166828ead4\"},\"headline\":\"Szpital: Zwi\u0105zki zawodowe boj\u0105 si\u0119 prywatyzacji\",\"datePublished\":\"2015-11-25T16:40:02+00:00\",\"dateModified\":\"2015-11-27T11:25:38+00:00\",\"mainEntityOfPage\":{\"@id\":\"https:\/\/www.mojabochnia.pl\/?p=141425\"},\"wordCount\":887,\"commentCount\":0,\"publisher\":{\"@id\":\"https:\/\/www.mojabochnia.pl\/#organization\"},\"image\":{\"@id\":\"https:\/\/www.mojabochnia.pl\/?p=141425#primaryimage\"},\"thumbnailUrl\":\"https:\/\/www.mojabochnia.pl\/wp-content\/uploads\/2010\/09\/0927_sszpital.jpg\",\"keywords\":[\"jaros\u0142aw kycia\",\"prywatyzacja\",\"stanis\u0142aw bukowiec\",\"szpital\",\"zwi\u0105zki zawodowe\"],\"articleSection\":[\"2_ostatnie\",\"polityka i wydarzenia\",\"tematyka\"],\"inLanguage\":\"pl-PL\",\"potentialAction\":[{\"@type\":\"CommentAction\",\"name\":\"Comment\",\"target\":[\"https:\/\/www.mojabochnia.pl\/?p=141425#respond\"]}]},{\"@type\":\"WebPage\",\"@id\":\"https:\/\/www.mojabochnia.pl\/?p=141425\",\"url\":\"https:\/\/www.mojabochnia.pl\/?p=141425\",\"name\":\"Szpital: Zwi\u0105zki zawodowe boj\u0105 si\u0119 prywatyzacji - mojabochnia.pl - portal informacyjny\",\"isPartOf\":{\"@id\":\"https:\/\/www.mojabochnia.pl\/#website\"},\"primaryImageOfPage\":{\"@id\":\"https:\/\/www.mojabochnia.pl\/?p=141425#primaryimage\"},\"image\":{\"@id\":\"https:\/\/www.mojabochnia.pl\/?p=141425#primaryimage\"},\"thumbnailUrl\":\"https:\/\/www.mojabochnia.pl\/wp-content\/uploads\/2010\/09\/0927_sszpital.jpg\",\"datePublished\":\"2015-11-25T16:40:02+00:00\",\"dateModified\":\"2015-11-27T11:25:38+00:00\",\"breadcrumb\":{\"@id\":\"https:\/\/www.mojabochnia.pl\/?p=141425#breadcrumb\"},\"inLanguage\":\"pl-PL\",\"potentialAction\":[{\"@type\":\"ReadAction\",\"target\":[\"https:\/\/www.mojabochnia.pl\/?p=141425\"]}]},{\"@type\":\"ImageObject\",\"inLanguage\":\"pl-PL\",\"@id\":\"https:\/\/www.mojabochnia.pl\/?p=141425#primaryimage\",\"url\":\"https:\/\/www.mojabochnia.pl\/wp-content\/uploads\/2010\/09\/0927_sszpital.jpg\",\"contentUrl\":\"https:\/\/www.mojabochnia.pl\/wp-content\/uploads\/2010\/09\/0927_sszpital.jpg\",\"width\":800,\"height\":450,\"caption\":\"Weronika Kucharska\"},{\"@type\":\"BreadcrumbList\",\"@id\":\"https:\/\/www.mojabochnia.pl\/?p=141425#breadcrumb\",\"itemListElement\":[{\"@type\":\"ListItem\",\"position\":1,\"name\":\"Home\",\"item\":\"https:\/\/www.mojabochnia.pl\/\"},{\"@type\":\"ListItem\",\"position\":2,\"name\":\"Szpital: Zwi\u0105zki zawodowe boj\u0105 si\u0119 prywatyzacji\"}]},{\"@type\":\"WebSite\",\"@id\":\"https:\/\/www.mojabochnia.pl\/#website\",\"url\":\"https:\/\/www.mojabochnia.pl\/\",\"name\":\"mojabochnia.pl - portal informacyjny\",\"description\":\"mojaBochnia to portal informacyjny o Bochni. Codziennie o Bochni piszemy i pokazujemy najwa\u017cniejsze wydarzenia\",\"publisher\":{\"@id\":\"https:\/\/www.mojabochnia.pl\/#organization\"},\"potentialAction\":[{\"@type\":\"SearchAction\",\"target\":{\"@type\":\"EntryPoint\",\"urlTemplate\":\"https:\/\/www.mojabochnia.pl\/?s={search_term_string}\"},\"query-input\":{\"@type\":\"PropertyValueSpecification\",\"valueRequired\":true,\"valueName\":\"search_term_string\"}}],\"inLanguage\":\"pl-PL\"},{\"@type\":\"Organization\",\"@id\":\"https:\/\/www.mojabochnia.pl\/#organization\",\"name\":\"mojabochnia.pl - portal informacyjny\",\"url\":\"https:\/\/www.mojabochnia.pl\/\",\"logo\":{\"@type\":\"ImageObject\",\"inLanguage\":\"pl-PL\",\"@id\":\"https:\/\/www.mojabochnia.pl\/#\/schema\/logo\/image\/\",\"url\":\"https:\/\/www.mojabochnia.pl\/wp-content\/uploads\/2017\/08\/logo-mb-opt.png\",\"contentUrl\":\"https:\/\/www.mojabochnia.pl\/wp-content\/uploads\/2017\/08\/logo-mb-opt.png\",\"width\":250,\"height\":48,\"caption\":\"mojabochnia.pl - portal informacyjny\"},\"image\":{\"@id\":\"https:\/\/www.mojabochnia.pl\/#\/schema\/logo\/image\/\"},\"sameAs\":[\"https:\/\/www.facebook.com\/mojabochnia\"]},{\"@type\":\"Person\",\"@id\":\"https:\/\/www.mojabochnia.pl\/#\/schema\/person\/ea042e4724a77627963f02166828ead4\",\"name\":\"Pawe\u0142 Michalczyk\",\"url\":\"https:\/\/www.mojabochnia.pl\/?author=4\"}]}<\/script>\n<!-- \/ Yoast SEO plugin. -->","yoast_head_json":{"title":"Szpital: Zwi\u0105zki zawodowe boj\u0105 si\u0119 prywatyzacji - mojabochnia.pl - portal informacyjny","robots":{"index":"index","follow":"follow","max-snippet":"max-snippet:-1","max-image-preview":"max-image-preview:large","max-video-preview":"max-video-preview:-1"},"canonical":"https:\/\/www.mojabochnia.pl\/?p=141425","og_locale":"pl_PL","og_type":"article","og_title":"Szpital: Zwi\u0105zki zawodowe boj\u0105 si\u0119 prywatyzacji - mojabochnia.pl - portal informacyjny","og_description":"Pracownicy szpitala zrzeszeni w zwi\u0105zkach zawodowych zainteresowali spraw\u0105 plac\u00f3wki radnych z komisji zdrowia rady powiatu. W z\u0142o\u017conym pi\u015bmie jest mowa o zaniepokojeniu sytuacj\u0105 finansow\u0105 plac\u00f3wki, pada r\u00f3wnie\u017c nazwa podmiotu, kt\u00f3ry mia\u0142by by\u0107 \u201ezainteresowany przej\u0119ciem kilku oddzia\u0142\u00f3w szpitala\u201d.","og_url":"https:\/\/www.mojabochnia.pl\/?p=141425","og_site_name":"mojabochnia.pl - portal informacyjny","article_publisher":"https:\/\/www.facebook.com\/mojabochnia","article_published_time":"2015-11-25T16:40:02+00:00","article_modified_time":"2015-11-27T11:25:38+00:00","og_image":[{"width":800,"height":450,"url":"https:\/\/www.mojabochnia.pl\/wp-content\/uploads\/2010\/09\/0927_sszpital.jpg","type":"image\/jpeg"}],"author":"Pawe\u0142 Michalczyk","twitter_card":"summary_large_image","twitter_misc":{"Written by":"Pawe\u0142 Michalczyk","Est. reading time":"4 minuty"},"schema":{"@context":"https:\/\/schema.org","@graph":[{"@type":"Article","@id":"https:\/\/www.mojabochnia.pl\/?p=141425#article","isPartOf":{"@id":"https:\/\/www.mojabochnia.pl\/?p=141425"},"author":{"name":"Pawe\u0142 Michalczyk","@id":"https:\/\/www.mojabochnia.pl\/#\/schema\/person\/ea042e4724a77627963f02166828ead4"},"headline":"Szpital: Zwi\u0105zki zawodowe boj\u0105 si\u0119 prywatyzacji","datePublished":"2015-11-25T16:40:02+00:00","dateModified":"2015-11-27T11:25:38+00:00","mainEntityOfPage":{"@id":"https:\/\/www.mojabochnia.pl\/?p=141425"},"wordCount":887,"commentCount":0,"publisher":{"@id":"https:\/\/www.mojabochnia.pl\/#organization"},"image":{"@id":"https:\/\/www.mojabochnia.pl\/?p=141425#primaryimage"},"thumbnailUrl":"https:\/\/www.mojabochnia.pl\/wp-content\/uploads\/2010\/09\/0927_sszpital.jpg","keywords":["jaros\u0142aw kycia","prywatyzacja","stanis\u0142aw bukowiec","szpital","zwi\u0105zki zawodowe"],"articleSection":["2_ostatnie","polityka i wydarzenia","tematyka"],"inLanguage":"pl-PL","potentialAction":[{"@type":"CommentAction","name":"Comment","target":["https:\/\/www.mojabochnia.pl\/?p=141425#respond"]}]},{"@type":"WebPage","@id":"https:\/\/www.mojabochnia.pl\/?p=141425","url":"https:\/\/www.mojabochnia.pl\/?p=141425","name":"Szpital: Zwi\u0105zki zawodowe boj\u0105 si\u0119 prywatyzacji - mojabochnia.pl - portal informacyjny","isPartOf":{"@id":"https:\/\/www.mojabochnia.pl\/#website"},"primaryImageOfPage":{"@id":"https:\/\/www.mojabochnia.pl\/?p=141425#primaryimage"},"image":{"@id":"https:\/\/www.mojabochnia.pl\/?p=141425#primaryimage"},"thumbnailUrl":"https:\/\/www.mojabochnia.pl\/wp-content\/uploads\/2010\/09\/0927_sszpital.jpg","datePublished":"2015-11-25T16:40:02+00:00","dateModified":"2015-11-27T11:25:38+00:00","breadcrumb":{"@id":"https:\/\/www.mojabochnia.pl\/?p=141425#breadcrumb"},"inLanguage":"pl-PL","potentialAction":[{"@type":"ReadAction","target":["https:\/\/www.mojabochnia.pl\/?p=141425"]}]},{"@type":"ImageObject","inLanguage":"pl-PL","@id":"https:\/\/www.mojabochnia.pl\/?p=141425#primaryimage","url":"https:\/\/www.mojabochnia.pl\/wp-content\/uploads\/2010\/09\/0927_sszpital.jpg","contentUrl":"https:\/\/www.mojabochnia.pl\/wp-content\/uploads\/2010\/09\/0927_sszpital.jpg","width":800,"height":450,"caption":"Weronika Kucharska"},{"@type":"BreadcrumbList","@id":"https:\/\/www.mojabochnia.pl\/?p=141425#breadcrumb","itemListElement":[{"@type":"ListItem","position":1,"name":"Home","item":"https:\/\/www.mojabochnia.pl\/"},{"@type":"ListItem","position":2,"name":"Szpital: Zwi\u0105zki zawodowe boj\u0105 si\u0119 prywatyzacji"}]},{"@type":"WebSite","@id":"https:\/\/www.mojabochnia.pl\/#website","url":"https:\/\/www.mojabochnia.pl\/","name":"mojabochnia.pl - portal informacyjny","description":"mojaBochnia to portal informacyjny o Bochni. Codziennie o Bochni piszemy i pokazujemy najwa\u017cniejsze wydarzenia","publisher":{"@id":"https:\/\/www.mojabochnia.pl\/#organization"},"potentialAction":[{"@type":"SearchAction","target":{"@type":"EntryPoint","urlTemplate":"https:\/\/www.mojabochnia.pl\/?s={search_term_string}"},"query-input":{"@type":"PropertyValueSpecification","valueRequired":true,"valueName":"search_term_string"}}],"inLanguage":"pl-PL"},{"@type":"Organization","@id":"https:\/\/www.mojabochnia.pl\/#organization","name":"mojabochnia.pl - portal informacyjny","url":"https:\/\/www.mojabochnia.pl\/","logo":{"@type":"ImageObject","inLanguage":"pl-PL","@id":"https:\/\/www.mojabochnia.pl\/#\/schema\/logo\/image\/","url":"https:\/\/www.mojabochnia.pl\/wp-content\/uploads\/2017\/08\/logo-mb-opt.png","contentUrl":"https:\/\/www.mojabochnia.pl\/wp-content\/uploads\/2017\/08\/logo-mb-opt.png","width":250,"height":48,"caption":"mojabochnia.pl - portal informacyjny"},"image":{"@id":"https:\/\/www.mojabochnia.pl\/#\/schema\/logo\/image\/"},"sameAs":["https:\/\/www.facebook.com\/mojabochnia"]},{"@type":"Person","@id":"https:\/\/www.mojabochnia.pl\/#\/schema\/person\/ea042e4724a77627963f02166828ead4","name":"Pawe\u0142 Michalczyk","url":"https:\/\/www.mojabochnia.pl\/?author=4"}]}},"_links":{"self":[{"href":"https:\/\/www.mojabochnia.pl\/index.php?rest_route=\/wp\/v2\/posts\/141425","targetHints":{"allow":["GET"]}}],"collection":[{"href":"https:\/\/www.mojabochnia.pl\/index.php?rest_route=\/wp\/v2\/posts"}],"about":[{"href":"https:\/\/www.mojabochnia.pl\/index.php?rest_route=\/wp\/v2\/types\/post"}],"author":[{"embeddable":true,"href":"https:\/\/www.mojabochnia.pl\/index.php?rest_route=\/wp\/v2\/users\/4"}],"replies":[{"embeddable":true,"href":"https:\/\/www.mojabochnia.pl\/index.php?rest_route=%2Fwp%2Fv2%2Fcomments&post=141425"}],"version-history":[{"count":6,"href":"https:\/\/www.mojabochnia.pl\/index.php?rest_route=\/wp\/v2\/posts\/141425\/revisions"}],"predecessor-version":[{"id":141441,"href":"https:\/\/www.mojabochnia.pl\/index.php?rest_route=\/wp\/v2\/posts\/141425\/revisions\/141441"}],"wp:featuredmedia":[{"embeddable":true,"href":"https:\/\/www.mojabochnia.pl\/index.php?rest_route=\/wp\/v2\/media\/35316"}],"wp:attachment":[{"href":"https:\/\/www.mojabochnia.pl\/index.php?rest_route=%2Fwp%2Fv2%2Fmedia&parent=141425"}],"wp:term":[{"taxonomy":"category","embeddable":true,"href":"https:\/\/www.mojabochnia.pl\/index.php?rest_route=%2Fwp%2Fv2%2Fcategories&post=141425"},{"taxonomy":"post_tag","embeddable":true,"href":"https:\/\/www.mojabochnia.pl\/index.php?rest_route=%2Fwp%2Fv2%2Ftags&post=141425"}],"curies":[{"name":"wp","href":"https:\/\/api.w.org\/{rel}","templated":true}]}}