{"id":1365,"date":"2008-09-16T08:36:16","date_gmt":"2008-09-16T06:36:16","guid":{"rendered":"http:\/\/www.mojabochnia.pl\/?p=1365"},"modified":"2008-09-15T11:57:09","modified_gmt":"2008-09-15T09:57:09","slug":"oficjalnie-otwarto-przedszkole-nr-1","status":"publish","type":"post","link":"https:\/\/www.mojabochnia.pl\/?p=1365","title":{"rendered":"Oficjalnie otwarto przedszkole nr 1"},"content":{"rendered":"<p>&#8211; <em>Przedszkole zosta\u0142o uruchomione 1 wrze\u015bnia, ale nie by\u0142o mo\u017cliwo\u015bci wcze\u015bniej zorganizowa\u0107 oficjalnego otwarcie plac\u00f3wki<\/em> \u2013 m\u00f3wi Katarzyna Cie\u015bla \u015bwie\u017co upieczona dyrektor przedszkola nr 1.<\/p>\n<p>W sobot\u0119 przeprowadzono tak\u017ce zbi\u00f3rk\u0119 ksi\u0105\u017cek dla dzieci, kt\u00f3re ucz\u0119szczaj\u0105 do przedszkola. Ka\u017cdy, kto nie zd\u0105\u017cy\u0142 odda\u0107 niepotrzebnych bajek i ksi\u0105\u017cek dla dzieci, mo\u017ce przynie\u015b\u0107 je do kancelarii przedszkola przy ul. Jakubowskiego 12, pawilon \u201eF\u201d.<\/p>\n<p>Termin ca\u0142kowitego zako\u0144czenia prac wok\u00f3\u0142 przedszkola jest przewidziany na 30 wrze\u015bnia. Remont, kt\u00f3rego koszty szacuje si\u0119 na ok. 44 tys. z\u0142, wykonywa\u0142a krzeczowska firma \u201cEDIL &#8211; BUD\u201d. Miejsce pod plac zabaw przygotowa\u0142o Miejskie Przedsi\u0119biorstwo Energetyki Cieplnej. W pracach pomagali tak\u017ce rodzice wychowank\u00f3w, kt\u00f3rzy w pi\u0105tek sadzili drzewka na placu zabaw. <\/p>\n<p>W sobotniej uroczysto\u015bci wzi\u0105\u0142 udzia\u0142 ks. Jan Nowakowski, kt\u00f3rzy po\u015bwi\u0119ci\u0142 budynek nowopowsta\u0142ego przedszkola, obecna by\u0142a tak\u017ce Jolanta Ho\u0142bi\u0144ska \u2013 Kalinowska, starszy wizytator kuratorium w Tarnowie, dyrektor Miejskiego Zespo\u0142u Edukacji Dorota Palej Maliszczak oraz dyrektorzy okolicznych szk\u00f3\u0142 i rodzice. <\/p>\n","protected":false},"excerpt":{"rendered":"<p>W ubieg\u0142\u0105 sobot\u0119 nast\u0105pi\u0142o oficjalne otwarcie Miejskiego Przedszkola nr 1 na os. Niepodleg\u0142o\u015bci. Uroczysto\u015b\u0107 po\u0142\u0105czona by\u0142a ze zbi\u00f3rk\u0105 ksi\u0105\u017cek dla wychowank\u00f3w tej plac\u00f3wki. <\/p>\n","protected":false},"author":1,"featured_media":0,"comment_status":"open","ping_status":"open","sticky":false,"template":"","format":"standard","meta":{"_acf_changed":false,"footnotes":""},"categories":[5],"tags":[660,17326,17216,657,404,661,202,658],"class_list":["post-1365","post","type-post","status-publish","format-standard","hentry","category-biezace-wydarzenia","tag-dorota-palej-maliszczak","tag-dzieci","tag-inwestycja","tag-katarzyna-ciesla","tag-ks-jan-nowakowski","tag-miejski-zespol-edukacji","tag-osiedle-niepodleglosci","tag-przedszkole-nr-1"],"acf":[],"yoast_head":"<!-- This site is optimized with the Yoast SEO plugin v26.9 - https:\/\/yoast.com\/product\/yoast-seo-wordpress\/ -->\n<title>Oficjalnie otwarto przedszkole nr 1 - mojabochnia.pl - portal informacyjny<\/title>\n<meta name=\"robots\" content=\"index, follow, max-snippet:-1, max-image-preview:large, max-video-preview:-1\" \/>\n<link rel=\"canonical\" href=\"https:\/\/www.mojabochnia.pl\/?p=1365\" \/>\n<meta property=\"og:locale\" content=\"pl_PL\" \/>\n<meta property=\"og:type\" content=\"article\" \/>\n<meta property=\"og:title\" content=\"Oficjalnie otwarto przedszkole nr 1 - mojabochnia.pl - portal informacyjny\" \/>\n<meta property=\"og:description\" content=\"W ubieg\u0142\u0105 sobot\u0119 nast\u0105pi\u0142o oficjalne otwarcie Miejskiego Przedszkola nr 1 na os. Niepodleg\u0142o\u015bci. Uroczysto\u015b\u0107 po\u0142\u0105czona by\u0142a ze zbi\u00f3rk\u0105 ksi\u0105\u017cek dla wychowank\u00f3w tej plac\u00f3wki.\" \/>\n<meta property=\"og:url\" content=\"https:\/\/www.mojabochnia.pl\/?p=1365\" \/>\n<meta property=\"og:site_name\" content=\"mojabochnia.pl - portal informacyjny\" \/>\n<meta property=\"article:publisher\" content=\"https:\/\/www.facebook.com\/mojabochnia\" \/>\n<meta property=\"article:published_time\" content=\"2008-09-16T06:36:16+00:00\" \/>\n<meta name=\"author\" content=\"administrator\" \/>\n<meta name=\"twitter:card\" content=\"summary_large_image\" \/>\n<meta name=\"twitter:label1\" content=\"Written by\" \/>\n\t<meta name=\"twitter:data1\" content=\"administrator\" \/>\n\t<meta name=\"twitter:label2\" content=\"Est. reading time\" \/>\n\t<meta name=\"twitter:data2\" content=\"1 minuta\" \/>\n<script type=\"application\/ld+json\" class=\"yoast-schema-graph\">{\"@context\":\"https:\/\/schema.org\",\"@graph\":[{\"@type\":\"Article\",\"@id\":\"https:\/\/www.mojabochnia.pl\/?p=1365#article\",\"isPartOf\":{\"@id\":\"https:\/\/www.mojabochnia.pl\/?p=1365\"},\"author\":{\"name\":\"administrator\",\"@id\":\"https:\/\/www.mojabochnia.pl\/#\/schema\/person\/c00e1f64e6fa0e6de6d410f2c340017f\"},\"headline\":\"Oficjalnie otwarto przedszkole nr 1\",\"datePublished\":\"2008-09-16T06:36:16+00:00\",\"mainEntityOfPage\":{\"@id\":\"https:\/\/www.mojabochnia.pl\/?p=1365\"},\"wordCount\":185,\"commentCount\":3,\"publisher\":{\"@id\":\"https:\/\/www.mojabochnia.pl\/#organization\"},\"keywords\":[\"dorota palej - maliszczak\",\"dzieci\",\"inwestycja\",\"katarzyna cie\u015bla\",\"ks. jan nowakowski\",\"miejski zesp\u00f3\u0142 edukacji\",\"osiedle niepodleg\u0142o\u015bci\",\"przedszkole nr 1\"],\"articleSection\":[\"2_ostatnie\"],\"inLanguage\":\"pl-PL\",\"potentialAction\":[{\"@type\":\"CommentAction\",\"name\":\"Comment\",\"target\":[\"https:\/\/www.mojabochnia.pl\/?p=1365#respond\"]}]},{\"@type\":\"WebPage\",\"@id\":\"https:\/\/www.mojabochnia.pl\/?p=1365\",\"url\":\"https:\/\/www.mojabochnia.pl\/?p=1365\",\"name\":\"Oficjalnie otwarto przedszkole nr 1 - mojabochnia.pl - portal informacyjny\",\"isPartOf\":{\"@id\":\"https:\/\/www.mojabochnia.pl\/#website\"},\"datePublished\":\"2008-09-16T06:36:16+00:00\",\"breadcrumb\":{\"@id\":\"https:\/\/www.mojabochnia.pl\/?p=1365#breadcrumb\"},\"inLanguage\":\"pl-PL\",\"potentialAction\":[{\"@type\":\"ReadAction\",\"target\":[\"https:\/\/www.mojabochnia.pl\/?p=1365\"]}]},{\"@type\":\"BreadcrumbList\",\"@id\":\"https:\/\/www.mojabochnia.pl\/?p=1365#breadcrumb\",\"itemListElement\":[{\"@type\":\"ListItem\",\"position\":1,\"name\":\"Home\",\"item\":\"https:\/\/www.mojabochnia.pl\/\"},{\"@type\":\"ListItem\",\"position\":2,\"name\":\"Oficjalnie otwarto przedszkole nr 1\"}]},{\"@type\":\"WebSite\",\"@id\":\"https:\/\/www.mojabochnia.pl\/#website\",\"url\":\"https:\/\/www.mojabochnia.pl\/\",\"name\":\"mojabochnia.pl - portal informacyjny\",\"description\":\"mojaBochnia to portal informacyjny o Bochni. Codziennie o Bochni piszemy i pokazujemy najwa\u017cniejsze wydarzenia\",\"publisher\":{\"@id\":\"https:\/\/www.mojabochnia.pl\/#organization\"},\"potentialAction\":[{\"@type\":\"SearchAction\",\"target\":{\"@type\":\"EntryPoint\",\"urlTemplate\":\"https:\/\/www.mojabochnia.pl\/?s={search_term_string}\"},\"query-input\":{\"@type\":\"PropertyValueSpecification\",\"valueRequired\":true,\"valueName\":\"search_term_string\"}}],\"inLanguage\":\"pl-PL\"},{\"@type\":\"Organization\",\"@id\":\"https:\/\/www.mojabochnia.pl\/#organization\",\"name\":\"mojabochnia.pl - portal informacyjny\",\"url\":\"https:\/\/www.mojabochnia.pl\/\",\"logo\":{\"@type\":\"ImageObject\",\"inLanguage\":\"pl-PL\",\"@id\":\"https:\/\/www.mojabochnia.pl\/#\/schema\/logo\/image\/\",\"url\":\"https:\/\/www.mojabochnia.pl\/wp-content\/uploads\/2017\/08\/logo-mb-opt.png\",\"contentUrl\":\"https:\/\/www.mojabochnia.pl\/wp-content\/uploads\/2017\/08\/logo-mb-opt.png\",\"width\":250,\"height\":48,\"caption\":\"mojabochnia.pl - portal informacyjny\"},\"image\":{\"@id\":\"https:\/\/www.mojabochnia.pl\/#\/schema\/logo\/image\/\"},\"sameAs\":[\"https:\/\/www.facebook.com\/mojabochnia\"]},{\"@type\":\"Person\",\"@id\":\"https:\/\/www.mojabochnia.pl\/#\/schema\/person\/c00e1f64e6fa0e6de6d410f2c340017f\",\"name\":\"administrator\",\"url\":\"https:\/\/www.mojabochnia.pl\/?author=1\"}]}<\/script>\n<!-- \/ Yoast SEO plugin. -->","yoast_head_json":{"title":"Oficjalnie otwarto przedszkole nr 1 - mojabochnia.pl - portal informacyjny","robots":{"index":"index","follow":"follow","max-snippet":"max-snippet:-1","max-image-preview":"max-image-preview:large","max-video-preview":"max-video-preview:-1"},"canonical":"https:\/\/www.mojabochnia.pl\/?p=1365","og_locale":"pl_PL","og_type":"article","og_title":"Oficjalnie otwarto przedszkole nr 1 - mojabochnia.pl - portal informacyjny","og_description":"W ubieg\u0142\u0105 sobot\u0119 nast\u0105pi\u0142o oficjalne otwarcie Miejskiego Przedszkola nr 1 na os. Niepodleg\u0142o\u015bci. Uroczysto\u015b\u0107 po\u0142\u0105czona by\u0142a ze zbi\u00f3rk\u0105 ksi\u0105\u017cek dla wychowank\u00f3w tej plac\u00f3wki.","og_url":"https:\/\/www.mojabochnia.pl\/?p=1365","og_site_name":"mojabochnia.pl - portal informacyjny","article_publisher":"https:\/\/www.facebook.com\/mojabochnia","article_published_time":"2008-09-16T06:36:16+00:00","author":"administrator","twitter_card":"summary_large_image","twitter_misc":{"Written by":"administrator","Est. reading time":"1 minuta"},"schema":{"@context":"https:\/\/schema.org","@graph":[{"@type":"Article","@id":"https:\/\/www.mojabochnia.pl\/?p=1365#article","isPartOf":{"@id":"https:\/\/www.mojabochnia.pl\/?p=1365"},"author":{"name":"administrator","@id":"https:\/\/www.mojabochnia.pl\/#\/schema\/person\/c00e1f64e6fa0e6de6d410f2c340017f"},"headline":"Oficjalnie otwarto przedszkole nr 1","datePublished":"2008-09-16T06:36:16+00:00","mainEntityOfPage":{"@id":"https:\/\/www.mojabochnia.pl\/?p=1365"},"wordCount":185,"commentCount":3,"publisher":{"@id":"https:\/\/www.mojabochnia.pl\/#organization"},"keywords":["dorota palej - maliszczak","dzieci","inwestycja","katarzyna cie\u015bla","ks. jan nowakowski","miejski zesp\u00f3\u0142 edukacji","osiedle niepodleg\u0142o\u015bci","przedszkole nr 1"],"articleSection":["2_ostatnie"],"inLanguage":"pl-PL","potentialAction":[{"@type":"CommentAction","name":"Comment","target":["https:\/\/www.mojabochnia.pl\/?p=1365#respond"]}]},{"@type":"WebPage","@id":"https:\/\/www.mojabochnia.pl\/?p=1365","url":"https:\/\/www.mojabochnia.pl\/?p=1365","name":"Oficjalnie otwarto przedszkole nr 1 - mojabochnia.pl - portal informacyjny","isPartOf":{"@id":"https:\/\/www.mojabochnia.pl\/#website"},"datePublished":"2008-09-16T06:36:16+00:00","breadcrumb":{"@id":"https:\/\/www.mojabochnia.pl\/?p=1365#breadcrumb"},"inLanguage":"pl-PL","potentialAction":[{"@type":"ReadAction","target":["https:\/\/www.mojabochnia.pl\/?p=1365"]}]},{"@type":"BreadcrumbList","@id":"https:\/\/www.mojabochnia.pl\/?p=1365#breadcrumb","itemListElement":[{"@type":"ListItem","position":1,"name":"Home","item":"https:\/\/www.mojabochnia.pl\/"},{"@type":"ListItem","position":2,"name":"Oficjalnie otwarto przedszkole nr 1"}]},{"@type":"WebSite","@id":"https:\/\/www.mojabochnia.pl\/#website","url":"https:\/\/www.mojabochnia.pl\/","name":"mojabochnia.pl - portal informacyjny","description":"mojaBochnia to portal informacyjny o Bochni. Codziennie o Bochni piszemy i pokazujemy najwa\u017cniejsze wydarzenia","publisher":{"@id":"https:\/\/www.mojabochnia.pl\/#organization"},"potentialAction":[{"@type":"SearchAction","target":{"@type":"EntryPoint","urlTemplate":"https:\/\/www.mojabochnia.pl\/?s={search_term_string}"},"query-input":{"@type":"PropertyValueSpecification","valueRequired":true,"valueName":"search_term_string"}}],"inLanguage":"pl-PL"},{"@type":"Organization","@id":"https:\/\/www.mojabochnia.pl\/#organization","name":"mojabochnia.pl - portal informacyjny","url":"https:\/\/www.mojabochnia.pl\/","logo":{"@type":"ImageObject","inLanguage":"pl-PL","@id":"https:\/\/www.mojabochnia.pl\/#\/schema\/logo\/image\/","url":"https:\/\/www.mojabochnia.pl\/wp-content\/uploads\/2017\/08\/logo-mb-opt.png","contentUrl":"https:\/\/www.mojabochnia.pl\/wp-content\/uploads\/2017\/08\/logo-mb-opt.png","width":250,"height":48,"caption":"mojabochnia.pl - portal informacyjny"},"image":{"@id":"https:\/\/www.mojabochnia.pl\/#\/schema\/logo\/image\/"},"sameAs":["https:\/\/www.facebook.com\/mojabochnia"]},{"@type":"Person","@id":"https:\/\/www.mojabochnia.pl\/#\/schema\/person\/c00e1f64e6fa0e6de6d410f2c340017f","name":"administrator","url":"https:\/\/www.mojabochnia.pl\/?author=1"}]}},"_links":{"self":[{"href":"https:\/\/www.mojabochnia.pl\/index.php?rest_route=\/wp\/v2\/posts\/1365","targetHints":{"allow":["GET"]}}],"collection":[{"href":"https:\/\/www.mojabochnia.pl\/index.php?rest_route=\/wp\/v2\/posts"}],"about":[{"href":"https:\/\/www.mojabochnia.pl\/index.php?rest_route=\/wp\/v2\/types\/post"}],"author":[{"embeddable":true,"href":"https:\/\/www.mojabochnia.pl\/index.php?rest_route=\/wp\/v2\/users\/1"}],"replies":[{"embeddable":true,"href":"https:\/\/www.mojabochnia.pl\/index.php?rest_route=%2Fwp%2Fv2%2Fcomments&post=1365"}],"version-history":[{"count":0,"href":"https:\/\/www.mojabochnia.pl\/index.php?rest_route=\/wp\/v2\/posts\/1365\/revisions"}],"wp:attachment":[{"href":"https:\/\/www.mojabochnia.pl\/index.php?rest_route=%2Fwp%2Fv2%2Fmedia&parent=1365"}],"wp:term":[{"taxonomy":"category","embeddable":true,"href":"https:\/\/www.mojabochnia.pl\/index.php?rest_route=%2Fwp%2Fv2%2Fcategories&post=1365"},{"taxonomy":"post_tag","embeddable":true,"href":"https:\/\/www.mojabochnia.pl\/index.php?rest_route=%2Fwp%2Fv2%2Ftags&post=1365"}],"curies":[{"name":"wp","href":"https:\/\/api.w.org\/{rel}","templated":true}]}}