{"id":135954,"date":"2015-08-10T14:09:51","date_gmt":"2015-08-10T12:09:51","guid":{"rendered":"http:\/\/www.mojabochnia.pl\/?p=135954"},"modified":"2015-08-10T14:09:51","modified_gmt":"2015-08-10T12:09:51","slug":"relacja-z-pielgrzymki-dzien-iii-i-iv","status":"publish","type":"post","link":"https:\/\/www.mojabochnia.pl\/?p=135954","title":{"rendered":"Relacja z pielgrzymki &#8211; dzie\u0144 III i IV"},"content":{"rendered":"<p>Po radosnym wymarszu przez centrum &#8222;miasta kr\u00f3l\u00f3w polskich&#8221; zatrzymali\u015bmy si\u0119 przy dworku bia\u0142opr\u0105dnickim, gdzie konferencj\u0119 wyg\u0142osi\u0142 ks. bp Jan Szkodo\u0144. Na nocleg udali\u015bmy si\u0119 do Smardzowic, gdzie rozbili\u015bmy namioty. Wieczorem wsp\u00f3lne z ca\u0142\u0105 wsp\u00f3lnot\u0105 pr\u0105dnick\u0105 zgromadzili\u015bmy si\u0119 pod miejscowym ko\u015bcio\u0142em na wsp\u00f3lnej zabawie, po kt\u00f3rej nast\u0105pi\u0142 apel jasnog\u00f3rski i adoracja Naj\u015bwi\u0119tszego Sakramentu.<\/p>\n<p>Pi\u0105tek powita\u0142 nas s\u0142o\u0144cem od samego rana (kt\u00f3re nie opuszcza nas przez ca\u0142\u0105 dotychczasow\u0105 drog\u0119). Spakowali\u015bmy baga\u017ce i namioty, po czym udali\u015bmy si\u0119 na Msz\u0119 \u015bw., po kt\u00f3rej rozpocz\u0119li\u015bmy drog\u0119 przez najpi\u0119kniejsze miejsce na trasie pielgrzymki &#8211; Ojcowski Park Narodowy. Na d\u0142u\u017cszy post\u00f3j zatrzymali\u015bmy si\u0119 pod zamkiem w Ojcowie, gdzie wys\u0142uchali\u015bmy konferencji ksi\u0119dza przewodnika grupy w\u0142oskiej (wsp\u00f3lnie z nami pielgrzymuje grupa oko\u0142o 1400 W\u0142och\u00f3w). Kolejny post\u00f3j by\u0142 w malowniczej miejscowo\u015bci Ska\u0142a, gdzie przy kaplicy b\u0142ogos\u0142awionej Salomei odm\u00f3wili\u015bmy Koronk\u0119, po kt\u00f3rej z\u0142o\u017cyli\u015bmy imieninowe \u017cyczenia dla ks. Dominika Niemca, kt\u00f3ry niestety musia\u0142 nas dzisiaj opu\u015bci\u0107, gdy\u017c wraca\u0142 do swojej parafii w Niemczech.<br \/>\nPo przybyciu na nocleg w Zadro\u017cu czeka\u0142a nas mi\u0142a niespodzianka &#8211; koncert zespo\u0142u &#8222;Nazaret&#8221;. Po koncercie pe\u0142ni entuzjazmu udali\u015bmy si\u0119 do ko\u015bcio\u0142a, aby podzi\u0119kowa\u0107 Bogu za kolejny pi\u0119kny dzie\u0144 i prosi\u0107 o dalsze b\u0142ogos\u0142awie\u0144stwo.<\/p>\n<p>Max Tru\u015b<\/p>\n","protected":false},"excerpt":{"rendered":"<p>W czwartek, porann\u0105 Msz\u0105 na Wawelu pod przewodnictwem ks. kardyna\u0142a Stanis\u0142awa Dziwisza, po\u0142\u0105czyli\u015bmy si\u0119 z wszystkimi pozosta\u0142ymi grupami pielgrzym\u00f3w, kt\u00f3re rusza\u0142y z Krakowa.<\/p>\n","protected":false},"author":13,"featured_media":0,"comment_status":"open","ping_status":"closed","sticky":false,"template":"","format":"standard","meta":{"_acf_changed":false,"footnotes":""},"categories":[5,6251,6250,1342],"tags":[17129,7154],"class_list":["post-135954","post","type-post","status-publish","format-standard","hentry","category-biezace-wydarzenia","category-polityka-i-wydarzenia","category-tematyka","category-zycie-religijne","tag-pielgrzymka","tag-pielgrzymka-krakowska","main_tag-pielgrzymka"],"acf":[],"yoast_head":"<!-- This site is optimized with the Yoast SEO plugin v26.9 - https:\/\/yoast.com\/product\/yoast-seo-wordpress\/ -->\n<title>Relacja z pielgrzymki - dzie\u0144 III i IV - mojabochnia.pl - portal informacyjny<\/title>\n<meta name=\"robots\" content=\"index, follow, max-snippet:-1, max-image-preview:large, max-video-preview:-1\" \/>\n<link rel=\"canonical\" href=\"https:\/\/www.mojabochnia.pl\/?p=135954\" \/>\n<meta property=\"og:locale\" content=\"pl_PL\" \/>\n<meta property=\"og:type\" content=\"article\" \/>\n<meta property=\"og:title\" content=\"Relacja z pielgrzymki - dzie\u0144 III i IV - mojabochnia.pl - portal informacyjny\" \/>\n<meta property=\"og:description\" content=\"W czwartek, porann\u0105 Msz\u0105 na Wawelu pod przewodnictwem ks. kardyna\u0142a Stanis\u0142awa Dziwisza, po\u0142\u0105czyli\u015bmy si\u0119 z wszystkimi pozosta\u0142ymi grupami pielgrzym\u00f3w, kt\u00f3re rusza\u0142y z Krakowa.\" \/>\n<meta property=\"og:url\" content=\"https:\/\/www.mojabochnia.pl\/?p=135954\" \/>\n<meta property=\"og:site_name\" content=\"mojabochnia.pl - portal informacyjny\" \/>\n<meta property=\"article:publisher\" content=\"https:\/\/www.facebook.com\/mojabochnia\" \/>\n<meta property=\"article:published_time\" content=\"2015-08-10T12:09:51+00:00\" \/>\n<meta name=\"author\" content=\"redakcja\" \/>\n<meta name=\"twitter:card\" content=\"summary_large_image\" \/>\n<meta name=\"twitter:label1\" content=\"Written by\" \/>\n\t<meta name=\"twitter:data1\" content=\"redakcja\" \/>\n\t<meta name=\"twitter:label2\" content=\"Est. reading time\" \/>\n\t<meta name=\"twitter:data2\" content=\"1 minuta\" \/>\n<script type=\"application\/ld+json\" class=\"yoast-schema-graph\">{\"@context\":\"https:\/\/schema.org\",\"@graph\":[{\"@type\":\"Article\",\"@id\":\"https:\/\/www.mojabochnia.pl\/?p=135954#article\",\"isPartOf\":{\"@id\":\"https:\/\/www.mojabochnia.pl\/?p=135954\"},\"author\":{\"name\":\"redakcja\",\"@id\":\"https:\/\/www.mojabochnia.pl\/#\/schema\/person\/7e2f20ead9902216a3384f13606c0ab7\"},\"headline\":\"Relacja z pielgrzymki &#8211; dzie\u0144 III i IV\",\"datePublished\":\"2015-08-10T12:09:51+00:00\",\"mainEntityOfPage\":{\"@id\":\"https:\/\/www.mojabochnia.pl\/?p=135954\"},\"wordCount\":264,\"commentCount\":0,\"publisher\":{\"@id\":\"https:\/\/www.mojabochnia.pl\/#organization\"},\"keywords\":[\"pielgrzymka\",\"pielgrzymka krakowska\"],\"articleSection\":[\"2_ostatnie\",\"polityka i wydarzenia\",\"tematyka\",\"\u017bycie religijne\"],\"inLanguage\":\"pl-PL\",\"potentialAction\":[{\"@type\":\"CommentAction\",\"name\":\"Comment\",\"target\":[\"https:\/\/www.mojabochnia.pl\/?p=135954#respond\"]}]},{\"@type\":\"WebPage\",\"@id\":\"https:\/\/www.mojabochnia.pl\/?p=135954\",\"url\":\"https:\/\/www.mojabochnia.pl\/?p=135954\",\"name\":\"Relacja z pielgrzymki - dzie\u0144 III i IV - mojabochnia.pl - portal informacyjny\",\"isPartOf\":{\"@id\":\"https:\/\/www.mojabochnia.pl\/#website\"},\"datePublished\":\"2015-08-10T12:09:51+00:00\",\"breadcrumb\":{\"@id\":\"https:\/\/www.mojabochnia.pl\/?p=135954#breadcrumb\"},\"inLanguage\":\"pl-PL\",\"potentialAction\":[{\"@type\":\"ReadAction\",\"target\":[\"https:\/\/www.mojabochnia.pl\/?p=135954\"]}]},{\"@type\":\"BreadcrumbList\",\"@id\":\"https:\/\/www.mojabochnia.pl\/?p=135954#breadcrumb\",\"itemListElement\":[{\"@type\":\"ListItem\",\"position\":1,\"name\":\"Home\",\"item\":\"https:\/\/www.mojabochnia.pl\/\"},{\"@type\":\"ListItem\",\"position\":2,\"name\":\"Relacja z pielgrzymki &#8211; dzie\u0144 III i IV\"}]},{\"@type\":\"WebSite\",\"@id\":\"https:\/\/www.mojabochnia.pl\/#website\",\"url\":\"https:\/\/www.mojabochnia.pl\/\",\"name\":\"mojabochnia.pl - portal informacyjny\",\"description\":\"mojaBochnia to portal informacyjny o Bochni. Codziennie o Bochni piszemy i pokazujemy najwa\u017cniejsze wydarzenia\",\"publisher\":{\"@id\":\"https:\/\/www.mojabochnia.pl\/#organization\"},\"potentialAction\":[{\"@type\":\"SearchAction\",\"target\":{\"@type\":\"EntryPoint\",\"urlTemplate\":\"https:\/\/www.mojabochnia.pl\/?s={search_term_string}\"},\"query-input\":{\"@type\":\"PropertyValueSpecification\",\"valueRequired\":true,\"valueName\":\"search_term_string\"}}],\"inLanguage\":\"pl-PL\"},{\"@type\":\"Organization\",\"@id\":\"https:\/\/www.mojabochnia.pl\/#organization\",\"name\":\"mojabochnia.pl - portal informacyjny\",\"url\":\"https:\/\/www.mojabochnia.pl\/\",\"logo\":{\"@type\":\"ImageObject\",\"inLanguage\":\"pl-PL\",\"@id\":\"https:\/\/www.mojabochnia.pl\/#\/schema\/logo\/image\/\",\"url\":\"https:\/\/www.mojabochnia.pl\/wp-content\/uploads\/2017\/08\/logo-mb-opt.png\",\"contentUrl\":\"https:\/\/www.mojabochnia.pl\/wp-content\/uploads\/2017\/08\/logo-mb-opt.png\",\"width\":250,\"height\":48,\"caption\":\"mojabochnia.pl - portal informacyjny\"},\"image\":{\"@id\":\"https:\/\/www.mojabochnia.pl\/#\/schema\/logo\/image\/\"},\"sameAs\":[\"https:\/\/www.facebook.com\/mojabochnia\"]},{\"@type\":\"Person\",\"@id\":\"https:\/\/www.mojabochnia.pl\/#\/schema\/person\/7e2f20ead9902216a3384f13606c0ab7\",\"name\":\"redakcja\",\"sameAs\":[\"http:\/\/\"],\"url\":\"https:\/\/www.mojabochnia.pl\/?author=13\"}]}<\/script>\n<!-- \/ Yoast SEO plugin. -->","yoast_head_json":{"title":"Relacja z pielgrzymki - dzie\u0144 III i IV - mojabochnia.pl - portal informacyjny","robots":{"index":"index","follow":"follow","max-snippet":"max-snippet:-1","max-image-preview":"max-image-preview:large","max-video-preview":"max-video-preview:-1"},"canonical":"https:\/\/www.mojabochnia.pl\/?p=135954","og_locale":"pl_PL","og_type":"article","og_title":"Relacja z pielgrzymki - dzie\u0144 III i IV - mojabochnia.pl - portal informacyjny","og_description":"W czwartek, porann\u0105 Msz\u0105 na Wawelu pod przewodnictwem ks. kardyna\u0142a Stanis\u0142awa Dziwisza, po\u0142\u0105czyli\u015bmy si\u0119 z wszystkimi pozosta\u0142ymi grupami pielgrzym\u00f3w, kt\u00f3re rusza\u0142y z Krakowa.","og_url":"https:\/\/www.mojabochnia.pl\/?p=135954","og_site_name":"mojabochnia.pl - portal informacyjny","article_publisher":"https:\/\/www.facebook.com\/mojabochnia","article_published_time":"2015-08-10T12:09:51+00:00","author":"redakcja","twitter_card":"summary_large_image","twitter_misc":{"Written by":"redakcja","Est. reading time":"1 minuta"},"schema":{"@context":"https:\/\/schema.org","@graph":[{"@type":"Article","@id":"https:\/\/www.mojabochnia.pl\/?p=135954#article","isPartOf":{"@id":"https:\/\/www.mojabochnia.pl\/?p=135954"},"author":{"name":"redakcja","@id":"https:\/\/www.mojabochnia.pl\/#\/schema\/person\/7e2f20ead9902216a3384f13606c0ab7"},"headline":"Relacja z pielgrzymki &#8211; dzie\u0144 III i IV","datePublished":"2015-08-10T12:09:51+00:00","mainEntityOfPage":{"@id":"https:\/\/www.mojabochnia.pl\/?p=135954"},"wordCount":264,"commentCount":0,"publisher":{"@id":"https:\/\/www.mojabochnia.pl\/#organization"},"keywords":["pielgrzymka","pielgrzymka krakowska"],"articleSection":["2_ostatnie","polityka i wydarzenia","tematyka","\u017bycie religijne"],"inLanguage":"pl-PL","potentialAction":[{"@type":"CommentAction","name":"Comment","target":["https:\/\/www.mojabochnia.pl\/?p=135954#respond"]}]},{"@type":"WebPage","@id":"https:\/\/www.mojabochnia.pl\/?p=135954","url":"https:\/\/www.mojabochnia.pl\/?p=135954","name":"Relacja z pielgrzymki - dzie\u0144 III i IV - mojabochnia.pl - portal informacyjny","isPartOf":{"@id":"https:\/\/www.mojabochnia.pl\/#website"},"datePublished":"2015-08-10T12:09:51+00:00","breadcrumb":{"@id":"https:\/\/www.mojabochnia.pl\/?p=135954#breadcrumb"},"inLanguage":"pl-PL","potentialAction":[{"@type":"ReadAction","target":["https:\/\/www.mojabochnia.pl\/?p=135954"]}]},{"@type":"BreadcrumbList","@id":"https:\/\/www.mojabochnia.pl\/?p=135954#breadcrumb","itemListElement":[{"@type":"ListItem","position":1,"name":"Home","item":"https:\/\/www.mojabochnia.pl\/"},{"@type":"ListItem","position":2,"name":"Relacja z pielgrzymki &#8211; dzie\u0144 III i IV"}]},{"@type":"WebSite","@id":"https:\/\/www.mojabochnia.pl\/#website","url":"https:\/\/www.mojabochnia.pl\/","name":"mojabochnia.pl - portal informacyjny","description":"mojaBochnia to portal informacyjny o Bochni. Codziennie o Bochni piszemy i pokazujemy najwa\u017cniejsze wydarzenia","publisher":{"@id":"https:\/\/www.mojabochnia.pl\/#organization"},"potentialAction":[{"@type":"SearchAction","target":{"@type":"EntryPoint","urlTemplate":"https:\/\/www.mojabochnia.pl\/?s={search_term_string}"},"query-input":{"@type":"PropertyValueSpecification","valueRequired":true,"valueName":"search_term_string"}}],"inLanguage":"pl-PL"},{"@type":"Organization","@id":"https:\/\/www.mojabochnia.pl\/#organization","name":"mojabochnia.pl - portal informacyjny","url":"https:\/\/www.mojabochnia.pl\/","logo":{"@type":"ImageObject","inLanguage":"pl-PL","@id":"https:\/\/www.mojabochnia.pl\/#\/schema\/logo\/image\/","url":"https:\/\/www.mojabochnia.pl\/wp-content\/uploads\/2017\/08\/logo-mb-opt.png","contentUrl":"https:\/\/www.mojabochnia.pl\/wp-content\/uploads\/2017\/08\/logo-mb-opt.png","width":250,"height":48,"caption":"mojabochnia.pl - portal informacyjny"},"image":{"@id":"https:\/\/www.mojabochnia.pl\/#\/schema\/logo\/image\/"},"sameAs":["https:\/\/www.facebook.com\/mojabochnia"]},{"@type":"Person","@id":"https:\/\/www.mojabochnia.pl\/#\/schema\/person\/7e2f20ead9902216a3384f13606c0ab7","name":"redakcja","sameAs":["http:\/\/"],"url":"https:\/\/www.mojabochnia.pl\/?author=13"}]}},"_links":{"self":[{"href":"https:\/\/www.mojabochnia.pl\/index.php?rest_route=\/wp\/v2\/posts\/135954","targetHints":{"allow":["GET"]}}],"collection":[{"href":"https:\/\/www.mojabochnia.pl\/index.php?rest_route=\/wp\/v2\/posts"}],"about":[{"href":"https:\/\/www.mojabochnia.pl\/index.php?rest_route=\/wp\/v2\/types\/post"}],"author":[{"embeddable":true,"href":"https:\/\/www.mojabochnia.pl\/index.php?rest_route=\/wp\/v2\/users\/13"}],"replies":[{"embeddable":true,"href":"https:\/\/www.mojabochnia.pl\/index.php?rest_route=%2Fwp%2Fv2%2Fcomments&post=135954"}],"version-history":[{"count":1,"href":"https:\/\/www.mojabochnia.pl\/index.php?rest_route=\/wp\/v2\/posts\/135954\/revisions"}],"predecessor-version":[{"id":135955,"href":"https:\/\/www.mojabochnia.pl\/index.php?rest_route=\/wp\/v2\/posts\/135954\/revisions\/135955"}],"wp:attachment":[{"href":"https:\/\/www.mojabochnia.pl\/index.php?rest_route=%2Fwp%2Fv2%2Fmedia&parent=135954"}],"wp:term":[{"taxonomy":"category","embeddable":true,"href":"https:\/\/www.mojabochnia.pl\/index.php?rest_route=%2Fwp%2Fv2%2Fcategories&post=135954"},{"taxonomy":"post_tag","embeddable":true,"href":"https:\/\/www.mojabochnia.pl\/index.php?rest_route=%2Fwp%2Fv2%2Ftags&post=135954"}],"curies":[{"name":"wp","href":"https:\/\/api.w.org\/{rel}","templated":true}]}}