{"id":133601,"date":"2015-07-06T14:35:45","date_gmt":"2015-07-06T12:35:45","guid":{"rendered":"http:\/\/www.mojabochnia.pl\/?p=133601"},"modified":"2015-07-07T10:06:39","modified_gmt":"2015-07-07T08:06:39","slug":"zapisy-na-piesza-pielgrzymke-krakowska","status":"publish","type":"post","link":"https:\/\/www.mojabochnia.pl\/?p=133601","title":{"rendered":"Zapisy na Piesz\u0105 Pielgrzymk\u0119 Krakowsk\u0105"},"content":{"rendered":"<p>Koszt pielgrzymowania z Bochni na Jasn\u0105 G\u00f3r\u0119: doro\u015bli &#8211; 65 z\u0142, osoby do 3 klasy gimnazjum &#8211; 35 z\u0142, kolejna osoba z domu &#8211; 30 z\u0142. Koszt pielgrzymowania z Krakowa to odpowiednio 60 z\u0142 i 30 z\u0142. <\/p>\n<p>Msza \u015bw. w ko\u015bciele \u015bw. Paw\u0142a na rozpocz\u0119cie pielgrzymki zostanie odprawiona 4 sierpnia o godz.7.00.<\/p>\n<p>Organizatorzy przyjmuj\u0105 te\u017c zapisy na pielgrzymk\u0119 autokarow\u0105 w dniu wej\u015bcia p\u0105tnik\u00f3w na Jasn\u0105 G\u00f3r\u0119. Koszt: 40 z\u0142, zapisy do 8 sierpnia. Wyjazd z parkingu obok ko\u015bcio\u0142a \u015bw. Paw\u0142a 11 sierpnia o godz.4.30.<\/p>\n<p>Spotkanie organizacyjne grupy nr 3 Pieszej Pielgrzymki Krakowskiej odb\u0119dzie si\u0119 1 sierpnia po Mszy \u015bw. o godz. 18.00.<\/p>\n\t  \r\n\t\r\n\t    <div class=\"mb-gallery\">\r\n\t    <a href=\"https:\/\/www.mojabochnia.pl\/?attachment_id=133603\" class=\"\"><img loading=\"lazy\" decoding=\"async\" width=\"100\" height=\"56\" src=\"https:\/\/www.mojabochnia.pl\/wp-content\/uploads\/2015\/07\/DSC_0633-120x67.jpg\" class=\"attachment-100x100 size-100x100\" alt=\"\" srcset=\"https:\/\/www.mojabochnia.pl\/wp-content\/uploads\/2015\/07\/DSC_0633-120x67.jpg 120w, https:\/\/www.mojabochnia.pl\/wp-content\/uploads\/2015\/07\/DSC_0633-468x263.jpg 468w, https:\/\/www.mojabochnia.pl\/wp-content\/uploads\/2015\/07\/DSC_0633-152x85.jpg 152w, https:\/\/www.mojabochnia.pl\/wp-content\/uploads\/2015\/07\/DSC_0633.jpg 621w\" sizes=\"auto, (max-width: 100px) 100vw, 100px\" \/><\/a><a href=\"https:\/\/www.mojabochnia.pl\/?attachment_id=133604\" class=\"\"><img loading=\"lazy\" decoding=\"async\" width=\"100\" height=\"56\" src=\"https:\/\/www.mojabochnia.pl\/wp-content\/uploads\/2015\/07\/DSC01479-120x67.jpg\" class=\"attachment-100x100 size-100x100\" alt=\"\" srcset=\"https:\/\/www.mojabochnia.pl\/wp-content\/uploads\/2015\/07\/DSC01479-120x67.jpg 120w, https:\/\/www.mojabochnia.pl\/wp-content\/uploads\/2015\/07\/DSC01479-468x263.jpg 468w, https:\/\/www.mojabochnia.pl\/wp-content\/uploads\/2015\/07\/DSC01479-152x85.jpg 152w, https:\/\/www.mojabochnia.pl\/wp-content\/uploads\/2015\/07\/DSC01479.jpg 660w\" sizes=\"auto, (max-width: 100px) 100vw, 100px\" \/><\/a><a href=\"https:\/\/www.mojabochnia.pl\/?attachment_id=133605\" class=\"\"><img loading=\"lazy\" decoding=\"async\" width=\"100\" height=\"56\" src=\"https:\/\/www.mojabochnia.pl\/wp-content\/uploads\/2015\/07\/DSC02014-120x67.jpg\" class=\"attachment-100x100 size-100x100\" alt=\"\" srcset=\"https:\/\/www.mojabochnia.pl\/wp-content\/uploads\/2015\/07\/DSC02014-120x67.jpg 120w, https:\/\/www.mojabochnia.pl\/wp-content\/uploads\/2015\/07\/DSC02014-468x263.jpg 468w, https:\/\/www.mojabochnia.pl\/wp-content\/uploads\/2015\/07\/DSC02014-152x85.jpg 152w, https:\/\/www.mojabochnia.pl\/wp-content\/uploads\/2015\/07\/DSC02014.jpg 660w\" sizes=\"auto, (max-width: 100px) 100vw, 100px\" \/><\/a>\t    <\/div>\r\n\t    ","protected":false},"excerpt":{"rendered":"<p>Zbli\u017ca si\u0119 sierpie\u0144 i jubileuszowa 35. Piesza Pielgrzymka Krakowska na Jasn\u0105 G\u00f3r\u0119. Z Bochni tradycyjnie wyruszy grupa nr 3 im. \u015aw. Jadwigi. Zapisy przyjmowane s\u0105 w kancelarii parafii \u015bw. Paw\u0142a Aposto\u0142a w Bochni.<\/p>\n","protected":false},"author":13,"featured_media":133604,"comment_status":"open","ping_status":"closed","sticky":false,"template":"","format":"standard","meta":{"_acf_changed":false,"footnotes":""},"categories":[5,6250,1342],"tags":[230,17129,9762],"class_list":["post-133601","post","type-post","status-publish","format-standard","has-post-thumbnail","hentry","category-biezace-wydarzenia","category-tematyka","category-zycie-religijne","tag-jasna-gora","tag-pielgrzymka","tag-piesza-pielgrzymka-krakowska","main_tag-pielgrzymka"],"acf":[],"yoast_head":"<!-- This site is optimized with the Yoast SEO plugin v26.9 - https:\/\/yoast.com\/product\/yoast-seo-wordpress\/ -->\n<title>Zapisy na Piesz\u0105 Pielgrzymk\u0119 Krakowsk\u0105 - mojabochnia.pl - portal informacyjny<\/title>\n<meta name=\"robots\" content=\"index, follow, max-snippet:-1, max-image-preview:large, max-video-preview:-1\" \/>\n<link rel=\"canonical\" href=\"https:\/\/www.mojabochnia.pl\/?p=133601\" \/>\n<meta property=\"og:locale\" content=\"pl_PL\" \/>\n<meta property=\"og:type\" content=\"article\" \/>\n<meta property=\"og:title\" content=\"Zapisy na Piesz\u0105 Pielgrzymk\u0119 Krakowsk\u0105 - mojabochnia.pl - portal informacyjny\" \/>\n<meta property=\"og:description\" content=\"Zbli\u017ca si\u0119 sierpie\u0144 i jubileuszowa 35. Piesza Pielgrzymka Krakowska na Jasn\u0105 G\u00f3r\u0119. Z Bochni tradycyjnie wyruszy grupa nr 3 im. \u015aw. Jadwigi. Zapisy przyjmowane s\u0105 w kancelarii parafii \u015bw. Paw\u0142a Aposto\u0142a w Bochni.\" \/>\n<meta property=\"og:url\" content=\"https:\/\/www.mojabochnia.pl\/?p=133601\" \/>\n<meta property=\"og:site_name\" content=\"mojabochnia.pl - portal informacyjny\" \/>\n<meta property=\"article:publisher\" content=\"https:\/\/www.facebook.com\/mojabochnia\" \/>\n<meta property=\"article:published_time\" content=\"2015-07-06T12:35:45+00:00\" \/>\n<meta property=\"article:modified_time\" content=\"2015-07-07T08:06:39+00:00\" \/>\n<meta property=\"og:image\" content=\"https:\/\/www.mojabochnia.pl\/wp-content\/uploads\/2015\/07\/DSC01479.jpg\" \/>\n\t<meta property=\"og:image:width\" content=\"660\" \/>\n\t<meta property=\"og:image:height\" content=\"372\" \/>\n\t<meta property=\"og:image:type\" content=\"image\/jpeg\" \/>\n<meta name=\"author\" content=\"redakcja\" \/>\n<meta name=\"twitter:card\" content=\"summary_large_image\" \/>\n<meta name=\"twitter:label1\" content=\"Written by\" \/>\n\t<meta name=\"twitter:data1\" content=\"redakcja\" \/>\n\t<meta name=\"twitter:label2\" content=\"Est. reading time\" \/>\n\t<meta name=\"twitter:data2\" content=\"1 minuta\" \/>\n<script type=\"application\/ld+json\" class=\"yoast-schema-graph\">{\"@context\":\"https:\/\/schema.org\",\"@graph\":[{\"@type\":\"Article\",\"@id\":\"https:\/\/www.mojabochnia.pl\/?p=133601#article\",\"isPartOf\":{\"@id\":\"https:\/\/www.mojabochnia.pl\/?p=133601\"},\"author\":{\"name\":\"redakcja\",\"@id\":\"https:\/\/www.mojabochnia.pl\/#\/schema\/person\/7e2f20ead9902216a3384f13606c0ab7\"},\"headline\":\"Zapisy na Piesz\u0105 Pielgrzymk\u0119 Krakowsk\u0105\",\"datePublished\":\"2015-07-06T12:35:45+00:00\",\"dateModified\":\"2015-07-07T08:06:39+00:00\",\"mainEntityOfPage\":{\"@id\":\"https:\/\/www.mojabochnia.pl\/?p=133601\"},\"wordCount\":107,\"commentCount\":0,\"publisher\":{\"@id\":\"https:\/\/www.mojabochnia.pl\/#organization\"},\"image\":{\"@id\":\"https:\/\/www.mojabochnia.pl\/?p=133601#primaryimage\"},\"thumbnailUrl\":\"https:\/\/www.mojabochnia.pl\/wp-content\/uploads\/2015\/07\/DSC01479.jpg\",\"keywords\":[\"jasna g\u00f3ra\",\"pielgrzymka\",\"piesza pielgrzymka krakowska\"],\"articleSection\":[\"2_ostatnie\",\"tematyka\",\"\u017bycie religijne\"],\"inLanguage\":\"pl-PL\",\"potentialAction\":[{\"@type\":\"CommentAction\",\"name\":\"Comment\",\"target\":[\"https:\/\/www.mojabochnia.pl\/?p=133601#respond\"]}]},{\"@type\":\"WebPage\",\"@id\":\"https:\/\/www.mojabochnia.pl\/?p=133601\",\"url\":\"https:\/\/www.mojabochnia.pl\/?p=133601\",\"name\":\"Zapisy na Piesz\u0105 Pielgrzymk\u0119 Krakowsk\u0105 - mojabochnia.pl - portal informacyjny\",\"isPartOf\":{\"@id\":\"https:\/\/www.mojabochnia.pl\/#website\"},\"primaryImageOfPage\":{\"@id\":\"https:\/\/www.mojabochnia.pl\/?p=133601#primaryimage\"},\"image\":{\"@id\":\"https:\/\/www.mojabochnia.pl\/?p=133601#primaryimage\"},\"thumbnailUrl\":\"https:\/\/www.mojabochnia.pl\/wp-content\/uploads\/2015\/07\/DSC01479.jpg\",\"datePublished\":\"2015-07-06T12:35:45+00:00\",\"dateModified\":\"2015-07-07T08:06:39+00:00\",\"breadcrumb\":{\"@id\":\"https:\/\/www.mojabochnia.pl\/?p=133601#breadcrumb\"},\"inLanguage\":\"pl-PL\",\"potentialAction\":[{\"@type\":\"ReadAction\",\"target\":[\"https:\/\/www.mojabochnia.pl\/?p=133601\"]}]},{\"@type\":\"ImageObject\",\"inLanguage\":\"pl-PL\",\"@id\":\"https:\/\/www.mojabochnia.pl\/?p=133601#primaryimage\",\"url\":\"https:\/\/www.mojabochnia.pl\/wp-content\/uploads\/2015\/07\/DSC01479.jpg\",\"contentUrl\":\"https:\/\/www.mojabochnia.pl\/wp-content\/uploads\/2015\/07\/DSC01479.jpg\",\"width\":660,\"height\":372,\"caption\":\"z arch. Grupy nr 3\"},{\"@type\":\"BreadcrumbList\",\"@id\":\"https:\/\/www.mojabochnia.pl\/?p=133601#breadcrumb\",\"itemListElement\":[{\"@type\":\"ListItem\",\"position\":1,\"name\":\"Home\",\"item\":\"https:\/\/www.mojabochnia.pl\/\"},{\"@type\":\"ListItem\",\"position\":2,\"name\":\"Zapisy na Piesz\u0105 Pielgrzymk\u0119 Krakowsk\u0105\"}]},{\"@type\":\"WebSite\",\"@id\":\"https:\/\/www.mojabochnia.pl\/#website\",\"url\":\"https:\/\/www.mojabochnia.pl\/\",\"name\":\"mojabochnia.pl - portal informacyjny\",\"description\":\"mojaBochnia to portal informacyjny o Bochni. Codziennie o Bochni piszemy i pokazujemy najwa\u017cniejsze wydarzenia\",\"publisher\":{\"@id\":\"https:\/\/www.mojabochnia.pl\/#organization\"},\"potentialAction\":[{\"@type\":\"SearchAction\",\"target\":{\"@type\":\"EntryPoint\",\"urlTemplate\":\"https:\/\/www.mojabochnia.pl\/?s={search_term_string}\"},\"query-input\":{\"@type\":\"PropertyValueSpecification\",\"valueRequired\":true,\"valueName\":\"search_term_string\"}}],\"inLanguage\":\"pl-PL\"},{\"@type\":\"Organization\",\"@id\":\"https:\/\/www.mojabochnia.pl\/#organization\",\"name\":\"mojabochnia.pl - portal informacyjny\",\"url\":\"https:\/\/www.mojabochnia.pl\/\",\"logo\":{\"@type\":\"ImageObject\",\"inLanguage\":\"pl-PL\",\"@id\":\"https:\/\/www.mojabochnia.pl\/#\/schema\/logo\/image\/\",\"url\":\"https:\/\/www.mojabochnia.pl\/wp-content\/uploads\/2017\/08\/logo-mb-opt.png\",\"contentUrl\":\"https:\/\/www.mojabochnia.pl\/wp-content\/uploads\/2017\/08\/logo-mb-opt.png\",\"width\":250,\"height\":48,\"caption\":\"mojabochnia.pl - portal informacyjny\"},\"image\":{\"@id\":\"https:\/\/www.mojabochnia.pl\/#\/schema\/logo\/image\/\"},\"sameAs\":[\"https:\/\/www.facebook.com\/mojabochnia\"]},{\"@type\":\"Person\",\"@id\":\"https:\/\/www.mojabochnia.pl\/#\/schema\/person\/7e2f20ead9902216a3384f13606c0ab7\",\"name\":\"redakcja\",\"sameAs\":[\"http:\/\/\"],\"url\":\"https:\/\/www.mojabochnia.pl\/?author=13\"}]}<\/script>\n<!-- \/ Yoast SEO plugin. -->","yoast_head_json":{"title":"Zapisy na Piesz\u0105 Pielgrzymk\u0119 Krakowsk\u0105 - mojabochnia.pl - portal informacyjny","robots":{"index":"index","follow":"follow","max-snippet":"max-snippet:-1","max-image-preview":"max-image-preview:large","max-video-preview":"max-video-preview:-1"},"canonical":"https:\/\/www.mojabochnia.pl\/?p=133601","og_locale":"pl_PL","og_type":"article","og_title":"Zapisy na Piesz\u0105 Pielgrzymk\u0119 Krakowsk\u0105 - mojabochnia.pl - portal informacyjny","og_description":"Zbli\u017ca si\u0119 sierpie\u0144 i jubileuszowa 35. Piesza Pielgrzymka Krakowska na Jasn\u0105 G\u00f3r\u0119. Z Bochni tradycyjnie wyruszy grupa nr 3 im. \u015aw. Jadwigi. Zapisy przyjmowane s\u0105 w kancelarii parafii \u015bw. Paw\u0142a Aposto\u0142a w Bochni.","og_url":"https:\/\/www.mojabochnia.pl\/?p=133601","og_site_name":"mojabochnia.pl - portal informacyjny","article_publisher":"https:\/\/www.facebook.com\/mojabochnia","article_published_time":"2015-07-06T12:35:45+00:00","article_modified_time":"2015-07-07T08:06:39+00:00","og_image":[{"width":660,"height":372,"url":"https:\/\/www.mojabochnia.pl\/wp-content\/uploads\/2015\/07\/DSC01479.jpg","type":"image\/jpeg"}],"author":"redakcja","twitter_card":"summary_large_image","twitter_misc":{"Written by":"redakcja","Est. reading time":"1 minuta"},"schema":{"@context":"https:\/\/schema.org","@graph":[{"@type":"Article","@id":"https:\/\/www.mojabochnia.pl\/?p=133601#article","isPartOf":{"@id":"https:\/\/www.mojabochnia.pl\/?p=133601"},"author":{"name":"redakcja","@id":"https:\/\/www.mojabochnia.pl\/#\/schema\/person\/7e2f20ead9902216a3384f13606c0ab7"},"headline":"Zapisy na Piesz\u0105 Pielgrzymk\u0119 Krakowsk\u0105","datePublished":"2015-07-06T12:35:45+00:00","dateModified":"2015-07-07T08:06:39+00:00","mainEntityOfPage":{"@id":"https:\/\/www.mojabochnia.pl\/?p=133601"},"wordCount":107,"commentCount":0,"publisher":{"@id":"https:\/\/www.mojabochnia.pl\/#organization"},"image":{"@id":"https:\/\/www.mojabochnia.pl\/?p=133601#primaryimage"},"thumbnailUrl":"https:\/\/www.mojabochnia.pl\/wp-content\/uploads\/2015\/07\/DSC01479.jpg","keywords":["jasna g\u00f3ra","pielgrzymka","piesza pielgrzymka krakowska"],"articleSection":["2_ostatnie","tematyka","\u017bycie religijne"],"inLanguage":"pl-PL","potentialAction":[{"@type":"CommentAction","name":"Comment","target":["https:\/\/www.mojabochnia.pl\/?p=133601#respond"]}]},{"@type":"WebPage","@id":"https:\/\/www.mojabochnia.pl\/?p=133601","url":"https:\/\/www.mojabochnia.pl\/?p=133601","name":"Zapisy na Piesz\u0105 Pielgrzymk\u0119 Krakowsk\u0105 - mojabochnia.pl - portal informacyjny","isPartOf":{"@id":"https:\/\/www.mojabochnia.pl\/#website"},"primaryImageOfPage":{"@id":"https:\/\/www.mojabochnia.pl\/?p=133601#primaryimage"},"image":{"@id":"https:\/\/www.mojabochnia.pl\/?p=133601#primaryimage"},"thumbnailUrl":"https:\/\/www.mojabochnia.pl\/wp-content\/uploads\/2015\/07\/DSC01479.jpg","datePublished":"2015-07-06T12:35:45+00:00","dateModified":"2015-07-07T08:06:39+00:00","breadcrumb":{"@id":"https:\/\/www.mojabochnia.pl\/?p=133601#breadcrumb"},"inLanguage":"pl-PL","potentialAction":[{"@type":"ReadAction","target":["https:\/\/www.mojabochnia.pl\/?p=133601"]}]},{"@type":"ImageObject","inLanguage":"pl-PL","@id":"https:\/\/www.mojabochnia.pl\/?p=133601#primaryimage","url":"https:\/\/www.mojabochnia.pl\/wp-content\/uploads\/2015\/07\/DSC01479.jpg","contentUrl":"https:\/\/www.mojabochnia.pl\/wp-content\/uploads\/2015\/07\/DSC01479.jpg","width":660,"height":372,"caption":"z arch. Grupy nr 3"},{"@type":"BreadcrumbList","@id":"https:\/\/www.mojabochnia.pl\/?p=133601#breadcrumb","itemListElement":[{"@type":"ListItem","position":1,"name":"Home","item":"https:\/\/www.mojabochnia.pl\/"},{"@type":"ListItem","position":2,"name":"Zapisy na Piesz\u0105 Pielgrzymk\u0119 Krakowsk\u0105"}]},{"@type":"WebSite","@id":"https:\/\/www.mojabochnia.pl\/#website","url":"https:\/\/www.mojabochnia.pl\/","name":"mojabochnia.pl - portal informacyjny","description":"mojaBochnia to portal informacyjny o Bochni. Codziennie o Bochni piszemy i pokazujemy najwa\u017cniejsze wydarzenia","publisher":{"@id":"https:\/\/www.mojabochnia.pl\/#organization"},"potentialAction":[{"@type":"SearchAction","target":{"@type":"EntryPoint","urlTemplate":"https:\/\/www.mojabochnia.pl\/?s={search_term_string}"},"query-input":{"@type":"PropertyValueSpecification","valueRequired":true,"valueName":"search_term_string"}}],"inLanguage":"pl-PL"},{"@type":"Organization","@id":"https:\/\/www.mojabochnia.pl\/#organization","name":"mojabochnia.pl - portal informacyjny","url":"https:\/\/www.mojabochnia.pl\/","logo":{"@type":"ImageObject","inLanguage":"pl-PL","@id":"https:\/\/www.mojabochnia.pl\/#\/schema\/logo\/image\/","url":"https:\/\/www.mojabochnia.pl\/wp-content\/uploads\/2017\/08\/logo-mb-opt.png","contentUrl":"https:\/\/www.mojabochnia.pl\/wp-content\/uploads\/2017\/08\/logo-mb-opt.png","width":250,"height":48,"caption":"mojabochnia.pl - portal informacyjny"},"image":{"@id":"https:\/\/www.mojabochnia.pl\/#\/schema\/logo\/image\/"},"sameAs":["https:\/\/www.facebook.com\/mojabochnia"]},{"@type":"Person","@id":"https:\/\/www.mojabochnia.pl\/#\/schema\/person\/7e2f20ead9902216a3384f13606c0ab7","name":"redakcja","sameAs":["http:\/\/"],"url":"https:\/\/www.mojabochnia.pl\/?author=13"}]}},"_links":{"self":[{"href":"https:\/\/www.mojabochnia.pl\/index.php?rest_route=\/wp\/v2\/posts\/133601","targetHints":{"allow":["GET"]}}],"collection":[{"href":"https:\/\/www.mojabochnia.pl\/index.php?rest_route=\/wp\/v2\/posts"}],"about":[{"href":"https:\/\/www.mojabochnia.pl\/index.php?rest_route=\/wp\/v2\/types\/post"}],"author":[{"embeddable":true,"href":"https:\/\/www.mojabochnia.pl\/index.php?rest_route=\/wp\/v2\/users\/13"}],"replies":[{"embeddable":true,"href":"https:\/\/www.mojabochnia.pl\/index.php?rest_route=%2Fwp%2Fv2%2Fcomments&post=133601"}],"version-history":[{"count":3,"href":"https:\/\/www.mojabochnia.pl\/index.php?rest_route=\/wp\/v2\/posts\/133601\/revisions"}],"predecessor-version":[{"id":133622,"href":"https:\/\/www.mojabochnia.pl\/index.php?rest_route=\/wp\/v2\/posts\/133601\/revisions\/133622"}],"wp:featuredmedia":[{"embeddable":true,"href":"https:\/\/www.mojabochnia.pl\/index.php?rest_route=\/wp\/v2\/media\/133604"}],"wp:attachment":[{"href":"https:\/\/www.mojabochnia.pl\/index.php?rest_route=%2Fwp%2Fv2%2Fmedia&parent=133601"}],"wp:term":[{"taxonomy":"category","embeddable":true,"href":"https:\/\/www.mojabochnia.pl\/index.php?rest_route=%2Fwp%2Fv2%2Fcategories&post=133601"},{"taxonomy":"post_tag","embeddable":true,"href":"https:\/\/www.mojabochnia.pl\/index.php?rest_route=%2Fwp%2Fv2%2Ftags&post=133601"}],"curies":[{"name":"wp","href":"https:\/\/api.w.org\/{rel}","templated":true}]}}