{"id":126016,"date":"2015-03-20T14:45:33","date_gmt":"2015-03-20T13:45:33","guid":{"rendered":"http:\/\/www.mojabochnia.pl\/?p=126016"},"modified":"2015-03-23T09:58:57","modified_gmt":"2015-03-23T08:58:57","slug":"tutaj-wszystko-sie-zaczyna-ucz-sie-w-powiecie-bochenskim-spot","status":"publish","type":"post","link":"https:\/\/www.mojabochnia.pl\/?p=126016","title":{"rendered":"Tutaj wszystko si\u0119 zaczyna&#8230; Ucz si\u0119 w Powiecie Boche\u0144skim &#8211; spot"},"content":{"rendered":"<p>Ogl\u0105daj\u0105c film poznamy lekarza, managera, przedsi\u0119biorc\u00f3w, studentk\u0119, a tak\u017ce naczelnika Policji. Przygotowana kampania ma zach\u0119ci\u0107 m\u0142odzie\u017c do kontynuowania nauki w naszych szko\u0142ach.<\/p>\n<p>Jest to kolejny film promuj\u0105cy boche\u0144skie szko\u0142y. W poprzednich latach spoty cieszy\u0142y si\u0119 du\u017ca popularno\u015bci\u0105. Obejrza\u0142o je ponad 100 tysi\u0119cy os\u00f3b.<\/p>\n<p>Filmik mo\u017cna obejrze\u0107 na  kanale youtube Powiatu Boche\u0144skiego:<br \/>\n<iframe loading=\"lazy\" title=\"Tutaj wszystko si\u0119 zaczyna...Ucz si\u0119 w Powiecie Boche\u0144skim!\" width=\"640\" height=\"360\" src=\"https:\/\/www.youtube.com\/embed\/z_uXwoY72fk?feature=oembed\" frameborder=\"0\" allow=\"accelerometer; autoplay; clipboard-write; encrypted-media; gyroscope; picture-in-picture; web-share\" referrerpolicy=\"strict-origin-when-cross-origin\" allowfullscreen><\/iframe> <\/p>\n<p>Zapraszamy r\u00f3wnie\u017c na stron\u0119 www.bochnia.edu.pl, gdzie znajduj\u0105 si\u0119 szczeg\u00f3\u0142owe informacje dotycz\u0105ce rekrutacji.<\/p>\n<p>Spot promuj\u0105cy szko\u0142y w Powiecie Boche\u0144skim w 2014 roku:<br \/>\n<iframe loading=\"lazy\" title=\"Spot promuj\u0105cy szko\u0142y ponadgimnazjalne Powiatu Boche\u0144skiego 2014\" width=\"640\" height=\"360\" src=\"https:\/\/www.youtube.com\/embed\/Gyuwys7e4vE?feature=oembed\" frameborder=\"0\" allow=\"accelerometer; autoplay; clipboard-write; encrypted-media; gyroscope; picture-in-picture; web-share\" referrerpolicy=\"strict-origin-when-cross-origin\" allowfullscreen><\/iframe><\/p>\n<p>Spot promuj\u0105cy szko\u0142y w Powiecie Boche\u0144skim w 2013 roku:<br \/>\n<iframe loading=\"lazy\" title=\"Spot promuj\u0105cy szko\u0142y ponadgimnazjalne z Powiatu Boche\u0144skiego\" width=\"640\" height=\"360\" src=\"https:\/\/www.youtube.com\/embed\/OneOOSkYSSg?feature=oembed\" frameborder=\"0\" allow=\"accelerometer; autoplay; clipboard-write; encrypted-media; gyroscope; picture-in-picture; web-share\" referrerpolicy=\"strict-origin-when-cross-origin\" allowfullscreen><\/iframe> <\/p>\n\t  \r\n\t\r\n\t    <div class=\"mb-gallery\">\r\n\t    <a href=\"https:\/\/www.mojabochnia.pl\/?attachment_id=126021\" class=\"\"><img loading=\"lazy\" decoding=\"async\" width=\"100\" height=\"56\" src=\"https:\/\/www.mojabochnia.pl\/wp-content\/uploads\/2015\/03\/1-120x67.jpg\" class=\"attachment-100x100 size-100x100\" alt=\"\" srcset=\"https:\/\/www.mojabochnia.pl\/wp-content\/uploads\/2015\/03\/1-120x67.jpg 120w, https:\/\/www.mojabochnia.pl\/wp-content\/uploads\/2015\/03\/1-468x263.jpg 468w, https:\/\/www.mojabochnia.pl\/wp-content\/uploads\/2015\/03\/1-152x85.jpg 152w, https:\/\/www.mojabochnia.pl\/wp-content\/uploads\/2015\/03\/1.jpg 660w\" sizes=\"auto, (max-width: 100px) 100vw, 100px\" \/><\/a><a href=\"https:\/\/www.mojabochnia.pl\/?attachment_id=126022\" class=\"\"><img loading=\"lazy\" decoding=\"async\" width=\"100\" height=\"56\" src=\"https:\/\/www.mojabochnia.pl\/wp-content\/uploads\/2015\/03\/2-120x67.jpg\" class=\"attachment-100x100 size-100x100\" alt=\"\" srcset=\"https:\/\/www.mojabochnia.pl\/wp-content\/uploads\/2015\/03\/2-120x67.jpg 120w, https:\/\/www.mojabochnia.pl\/wp-content\/uploads\/2015\/03\/2-468x263.jpg 468w, https:\/\/www.mojabochnia.pl\/wp-content\/uploads\/2015\/03\/2-152x85.jpg 152w, https:\/\/www.mojabochnia.pl\/wp-content\/uploads\/2015\/03\/2.jpg 660w\" sizes=\"auto, (max-width: 100px) 100vw, 100px\" \/><\/a><a href=\"https:\/\/www.mojabochnia.pl\/?attachment_id=126023\" class=\"\"><img loading=\"lazy\" decoding=\"async\" width=\"100\" height=\"56\" src=\"https:\/\/www.mojabochnia.pl\/wp-content\/uploads\/2015\/03\/3-120x67.jpg\" class=\"attachment-100x100 size-100x100\" alt=\"\" srcset=\"https:\/\/www.mojabochnia.pl\/wp-content\/uploads\/2015\/03\/3-120x67.jpg 120w, https:\/\/www.mojabochnia.pl\/wp-content\/uploads\/2015\/03\/3-468x263.jpg 468w, https:\/\/www.mojabochnia.pl\/wp-content\/uploads\/2015\/03\/3-152x85.jpg 152w, https:\/\/www.mojabochnia.pl\/wp-content\/uploads\/2015\/03\/3.jpg 660w\" sizes=\"auto, (max-width: 100px) 100vw, 100px\" \/><\/a><a href=\"https:\/\/www.mojabochnia.pl\/?attachment_id=126024\" class=\"\"><img loading=\"lazy\" decoding=\"async\" width=\"100\" height=\"56\" src=\"https:\/\/www.mojabochnia.pl\/wp-content\/uploads\/2015\/03\/4-120x67.jpg\" class=\"attachment-100x100 size-100x100\" alt=\"\" srcset=\"https:\/\/www.mojabochnia.pl\/wp-content\/uploads\/2015\/03\/4-120x67.jpg 120w, https:\/\/www.mojabochnia.pl\/wp-content\/uploads\/2015\/03\/4-468x263.jpg 468w, https:\/\/www.mojabochnia.pl\/wp-content\/uploads\/2015\/03\/4-152x85.jpg 152w, https:\/\/www.mojabochnia.pl\/wp-content\/uploads\/2015\/03\/4.jpg 660w\" sizes=\"auto, (max-width: 100px) 100vw, 100px\" \/><\/a><a href=\"https:\/\/www.mojabochnia.pl\/?attachment_id=126025\" class=\"\"><img loading=\"lazy\" decoding=\"async\" width=\"100\" height=\"56\" src=\"https:\/\/www.mojabochnia.pl\/wp-content\/uploads\/2015\/03\/5-120x67.jpg\" class=\"attachment-100x100 size-100x100\" alt=\"\" srcset=\"https:\/\/www.mojabochnia.pl\/wp-content\/uploads\/2015\/03\/5-120x67.jpg 120w, https:\/\/www.mojabochnia.pl\/wp-content\/uploads\/2015\/03\/5-468x263.jpg 468w, https:\/\/www.mojabochnia.pl\/wp-content\/uploads\/2015\/03\/5-152x85.jpg 152w, https:\/\/www.mojabochnia.pl\/wp-content\/uploads\/2015\/03\/5.jpg 660w\" sizes=\"auto, (max-width: 100px) 100vw, 100px\" \/><\/a><a href=\"https:\/\/www.mojabochnia.pl\/?attachment_id=126026\" class=\"\"><img loading=\"lazy\" decoding=\"async\" width=\"100\" height=\"56\" src=\"https:\/\/www.mojabochnia.pl\/wp-content\/uploads\/2015\/03\/6-120x67.jpg\" class=\"attachment-100x100 size-100x100\" alt=\"\" srcset=\"https:\/\/www.mojabochnia.pl\/wp-content\/uploads\/2015\/03\/6-120x67.jpg 120w, https:\/\/www.mojabochnia.pl\/wp-content\/uploads\/2015\/03\/6-468x263.jpg 468w, https:\/\/www.mojabochnia.pl\/wp-content\/uploads\/2015\/03\/6-152x85.jpg 152w, https:\/\/www.mojabochnia.pl\/wp-content\/uploads\/2015\/03\/6.jpg 660w\" sizes=\"auto, (max-width: 100px) 100vw, 100px\" \/><\/a><a href=\"https:\/\/www.mojabochnia.pl\/?attachment_id=126027\" class=\"\"><img loading=\"lazy\" decoding=\"async\" width=\"100\" height=\"56\" src=\"https:\/\/www.mojabochnia.pl\/wp-content\/uploads\/2015\/03\/7-120x67.jpg\" class=\"attachment-100x100 size-100x100\" alt=\"\" srcset=\"https:\/\/www.mojabochnia.pl\/wp-content\/uploads\/2015\/03\/7-120x67.jpg 120w, https:\/\/www.mojabochnia.pl\/wp-content\/uploads\/2015\/03\/7-468x263.jpg 468w, https:\/\/www.mojabochnia.pl\/wp-content\/uploads\/2015\/03\/7-152x85.jpg 152w, https:\/\/www.mojabochnia.pl\/wp-content\/uploads\/2015\/03\/7.jpg 660w\" sizes=\"auto, (max-width: 100px) 100vw, 100px\" \/><\/a><a href=\"https:\/\/www.mojabochnia.pl\/?attachment_id=126028\" class=\"\"><img loading=\"lazy\" decoding=\"async\" width=\"100\" height=\"56\" src=\"https:\/\/www.mojabochnia.pl\/wp-content\/uploads\/2015\/03\/Przechwytywanie-w-trybie-pe\u0142noekranowym-2015-03-20-144123-120x67.jpg\" class=\"attachment-100x100 size-100x100\" alt=\"\" srcset=\"https:\/\/www.mojabochnia.pl\/wp-content\/uploads\/2015\/03\/Przechwytywanie-w-trybie-pe\u0142noekranowym-2015-03-20-144123-120x67.jpg 120w, https:\/\/www.mojabochnia.pl\/wp-content\/uploads\/2015\/03\/Przechwytywanie-w-trybie-pe\u0142noekranowym-2015-03-20-144123-468x263.jpg 468w, https:\/\/www.mojabochnia.pl\/wp-content\/uploads\/2015\/03\/Przechwytywanie-w-trybie-pe\u0142noekranowym-2015-03-20-144123-152x85.jpg 152w, https:\/\/www.mojabochnia.pl\/wp-content\/uploads\/2015\/03\/Przechwytywanie-w-trybie-pe\u0142noekranowym-2015-03-20-144123.jpg 660w\" sizes=\"auto, (max-width: 100px) 100vw, 100px\" \/><\/a>\t    <\/div>\r\n\t    ","protected":false},"excerpt":{"rendered":"<p>Starostwo Powiatowe w Bochni przygotowa\u0142o kolejny film promuj\u0105cy nauk\u0119 w szko\u0142ach, kt\u00f3re prowadzi. W filmie wyst\u0119puj\u0105 absolwenci, kt\u00f3rzy pokazuj\u0105, \u017ce wyb\u00f3r szko\u0142y determinuje przysz\u0142o\u015b\u0107. Spot pokazuje, \u017ce w naszych plac\u00f3wkach m\u0142odzi ludzie mog\u0105 rozwija\u0107 swoje zainteresowania i pasje, poszerza\u0107 swoj\u0105 wiedz\u0119 i umiej\u0119tno\u015bci.<\/p>\n","protected":false},"author":12,"featured_media":126028,"comment_status":"open","ping_status":"closed","sticky":false,"template":"","format":"standard","meta":{"_acf_changed":false,"footnotes":""},"categories":[5,6247,6246,6251,6250,3633,3276],"tags":[17396,17398,7913,17249],"class_list":["post-126016","post","type-post","status-publish","format-standard","has-post-thumbnail","hentry","category-biezace-wydarzenia","category-fotogaleria","category-medium","category-polityka-i-wydarzenia","category-tematyka","category-tv","category-tv-flesz","tag-edukacja","tag-powiat","tag-spot","tag-szkola","main_tag-szkola"],"acf":[],"yoast_head":"<!-- This site is optimized with the Yoast SEO plugin v26.9 - https:\/\/yoast.com\/product\/yoast-seo-wordpress\/ -->\n<title>Tutaj wszystko si\u0119 zaczyna... Ucz si\u0119 w Powiecie Boche\u0144skim - spot - mojabochnia.pl - portal informacyjny<\/title>\n<meta name=\"robots\" content=\"index, follow, max-snippet:-1, max-image-preview:large, max-video-preview:-1\" \/>\n<link rel=\"canonical\" href=\"https:\/\/www.mojabochnia.pl\/?p=126016\" \/>\n<meta property=\"og:locale\" content=\"pl_PL\" \/>\n<meta property=\"og:type\" content=\"article\" \/>\n<meta property=\"og:title\" content=\"Tutaj wszystko si\u0119 zaczyna... Ucz si\u0119 w Powiecie Boche\u0144skim - spot - mojabochnia.pl - portal informacyjny\" \/>\n<meta property=\"og:description\" content=\"Starostwo Powiatowe w Bochni przygotowa\u0142o kolejny film promuj\u0105cy nauk\u0119 w szko\u0142ach, kt\u00f3re prowadzi. W filmie wyst\u0119puj\u0105 absolwenci, kt\u00f3rzy pokazuj\u0105, \u017ce wyb\u00f3r szko\u0142y determinuje przysz\u0142o\u015b\u0107. Spot pokazuje, \u017ce w naszych plac\u00f3wkach m\u0142odzi ludzie mog\u0105 rozwija\u0107 swoje zainteresowania i pasje, poszerza\u0107 swoj\u0105 wiedz\u0119 i umiej\u0119tno\u015bci.\" \/>\n<meta property=\"og:url\" content=\"https:\/\/www.mojabochnia.pl\/?p=126016\" \/>\n<meta property=\"og:site_name\" content=\"mojabochnia.pl - portal informacyjny\" \/>\n<meta property=\"article:publisher\" content=\"https:\/\/www.facebook.com\/mojabochnia\" \/>\n<meta property=\"article:published_time\" content=\"2015-03-20T13:45:33+00:00\" \/>\n<meta property=\"article:modified_time\" content=\"2015-03-23T08:58:57+00:00\" \/>\n<meta property=\"og:image\" content=\"https:\/\/www.mojabochnia.pl\/wp-content\/uploads\/2015\/03\/Przechwytywanie-w-trybie-pe\u0142noekranowym-2015-03-20-144123.jpg\" \/>\n\t<meta property=\"og:image:width\" content=\"660\" \/>\n\t<meta property=\"og:image:height\" content=\"372\" \/>\n\t<meta property=\"og:image:type\" content=\"image\/jpeg\" \/>\n<meta name=\"author\" content=\"tekst sponsorowany\" \/>\n<meta name=\"twitter:card\" content=\"summary_large_image\" \/>\n<meta name=\"twitter:label1\" content=\"Written by\" \/>\n\t<meta name=\"twitter:data1\" content=\"tekst sponsorowany\" \/>\n\t<meta name=\"twitter:label2\" content=\"Est. reading time\" \/>\n\t<meta name=\"twitter:data2\" content=\"1 minuta\" \/>\n<script type=\"application\/ld+json\" class=\"yoast-schema-graph\">{\"@context\":\"https:\/\/schema.org\",\"@graph\":[{\"@type\":\"Article\",\"@id\":\"https:\/\/www.mojabochnia.pl\/?p=126016#article\",\"isPartOf\":{\"@id\":\"https:\/\/www.mojabochnia.pl\/?p=126016\"},\"author\":{\"name\":\"tekst sponsorowany\",\"@id\":\"https:\/\/www.mojabochnia.pl\/#\/schema\/person\/146c38805d6d0d8e5dc56f00345e6a5e\"},\"headline\":\"Tutaj wszystko si\u0119 zaczyna&#8230; Ucz si\u0119 w Powiecie Boche\u0144skim &#8211; spot\",\"datePublished\":\"2015-03-20T13:45:33+00:00\",\"dateModified\":\"2015-03-23T08:58:57+00:00\",\"mainEntityOfPage\":{\"@id\":\"https:\/\/www.mojabochnia.pl\/?p=126016\"},\"wordCount\":137,\"commentCount\":0,\"publisher\":{\"@id\":\"https:\/\/www.mojabochnia.pl\/#organization\"},\"image\":{\"@id\":\"https:\/\/www.mojabochnia.pl\/?p=126016#primaryimage\"},\"thumbnailUrl\":\"https:\/\/www.mojabochnia.pl\/wp-content\/uploads\/2015\/03\/Przechwytywanie-w-trybie-pe\u0142noekranowym-2015-03-20-144123.jpg\",\"keywords\":[\"edukacja\",\"powiat\",\"spot\",\"szko\u0142a\"],\"articleSection\":[\"2_ostatnie\",\"fotogaleria\",\"Medium\",\"polityka i wydarzenia\",\"tematyka\",\"TV\",\"TV Flesz\"],\"inLanguage\":\"pl-PL\",\"potentialAction\":[{\"@type\":\"CommentAction\",\"name\":\"Comment\",\"target\":[\"https:\/\/www.mojabochnia.pl\/?p=126016#respond\"]}]},{\"@type\":\"WebPage\",\"@id\":\"https:\/\/www.mojabochnia.pl\/?p=126016\",\"url\":\"https:\/\/www.mojabochnia.pl\/?p=126016\",\"name\":\"Tutaj wszystko si\u0119 zaczyna... Ucz si\u0119 w Powiecie Boche\u0144skim - spot - mojabochnia.pl - portal informacyjny\",\"isPartOf\":{\"@id\":\"https:\/\/www.mojabochnia.pl\/#website\"},\"primaryImageOfPage\":{\"@id\":\"https:\/\/www.mojabochnia.pl\/?p=126016#primaryimage\"},\"image\":{\"@id\":\"https:\/\/www.mojabochnia.pl\/?p=126016#primaryimage\"},\"thumbnailUrl\":\"https:\/\/www.mojabochnia.pl\/wp-content\/uploads\/2015\/03\/Przechwytywanie-w-trybie-pe\u0142noekranowym-2015-03-20-144123.jpg\",\"datePublished\":\"2015-03-20T13:45:33+00:00\",\"dateModified\":\"2015-03-23T08:58:57+00:00\",\"breadcrumb\":{\"@id\":\"https:\/\/www.mojabochnia.pl\/?p=126016#breadcrumb\"},\"inLanguage\":\"pl-PL\",\"potentialAction\":[{\"@type\":\"ReadAction\",\"target\":[\"https:\/\/www.mojabochnia.pl\/?p=126016\"]}]},{\"@type\":\"ImageObject\",\"inLanguage\":\"pl-PL\",\"@id\":\"https:\/\/www.mojabochnia.pl\/?p=126016#primaryimage\",\"url\":\"https:\/\/www.mojabochnia.pl\/wp-content\/uploads\/2015\/03\/Przechwytywanie-w-trybie-pe\u0142noekranowym-2015-03-20-144123.jpg\",\"contentUrl\":\"https:\/\/www.mojabochnia.pl\/wp-content\/uploads\/2015\/03\/Przechwytywanie-w-trybie-pe\u0142noekranowym-2015-03-20-144123.jpg\",\"width\":660,\"height\":372,\"caption\":\"materia\u0142y prasowe\"},{\"@type\":\"BreadcrumbList\",\"@id\":\"https:\/\/www.mojabochnia.pl\/?p=126016#breadcrumb\",\"itemListElement\":[{\"@type\":\"ListItem\",\"position\":1,\"name\":\"Home\",\"item\":\"https:\/\/www.mojabochnia.pl\/\"},{\"@type\":\"ListItem\",\"position\":2,\"name\":\"Tutaj wszystko si\u0119 zaczyna&#8230; Ucz si\u0119 w Powiecie Boche\u0144skim &#8211; spot\"}]},{\"@type\":\"WebSite\",\"@id\":\"https:\/\/www.mojabochnia.pl\/#website\",\"url\":\"https:\/\/www.mojabochnia.pl\/\",\"name\":\"mojabochnia.pl - portal informacyjny\",\"description\":\"mojaBochnia to portal informacyjny o Bochni. Codziennie o Bochni piszemy i pokazujemy najwa\u017cniejsze wydarzenia\",\"publisher\":{\"@id\":\"https:\/\/www.mojabochnia.pl\/#organization\"},\"potentialAction\":[{\"@type\":\"SearchAction\",\"target\":{\"@type\":\"EntryPoint\",\"urlTemplate\":\"https:\/\/www.mojabochnia.pl\/?s={search_term_string}\"},\"query-input\":{\"@type\":\"PropertyValueSpecification\",\"valueRequired\":true,\"valueName\":\"search_term_string\"}}],\"inLanguage\":\"pl-PL\"},{\"@type\":\"Organization\",\"@id\":\"https:\/\/www.mojabochnia.pl\/#organization\",\"name\":\"mojabochnia.pl - portal informacyjny\",\"url\":\"https:\/\/www.mojabochnia.pl\/\",\"logo\":{\"@type\":\"ImageObject\",\"inLanguage\":\"pl-PL\",\"@id\":\"https:\/\/www.mojabochnia.pl\/#\/schema\/logo\/image\/\",\"url\":\"https:\/\/www.mojabochnia.pl\/wp-content\/uploads\/2017\/08\/logo-mb-opt.png\",\"contentUrl\":\"https:\/\/www.mojabochnia.pl\/wp-content\/uploads\/2017\/08\/logo-mb-opt.png\",\"width\":250,\"height\":48,\"caption\":\"mojabochnia.pl - portal informacyjny\"},\"image\":{\"@id\":\"https:\/\/www.mojabochnia.pl\/#\/schema\/logo\/image\/\"},\"sameAs\":[\"https:\/\/www.facebook.com\/mojabochnia\"]},{\"@type\":\"Person\",\"@id\":\"https:\/\/www.mojabochnia.pl\/#\/schema\/person\/146c38805d6d0d8e5dc56f00345e6a5e\",\"name\":\"tekst sponsorowany\",\"sameAs\":[\"http:\/\/\"],\"url\":\"https:\/\/www.mojabochnia.pl\/?author=12\"}]}<\/script>\n<!-- \/ Yoast SEO plugin. -->","yoast_head_json":{"title":"Tutaj wszystko si\u0119 zaczyna... Ucz si\u0119 w Powiecie Boche\u0144skim - spot - mojabochnia.pl - portal informacyjny","robots":{"index":"index","follow":"follow","max-snippet":"max-snippet:-1","max-image-preview":"max-image-preview:large","max-video-preview":"max-video-preview:-1"},"canonical":"https:\/\/www.mojabochnia.pl\/?p=126016","og_locale":"pl_PL","og_type":"article","og_title":"Tutaj wszystko si\u0119 zaczyna... Ucz si\u0119 w Powiecie Boche\u0144skim - spot - mojabochnia.pl - portal informacyjny","og_description":"Starostwo Powiatowe w Bochni przygotowa\u0142o kolejny film promuj\u0105cy nauk\u0119 w szko\u0142ach, kt\u00f3re prowadzi. W filmie wyst\u0119puj\u0105 absolwenci, kt\u00f3rzy pokazuj\u0105, \u017ce wyb\u00f3r szko\u0142y determinuje przysz\u0142o\u015b\u0107. Spot pokazuje, \u017ce w naszych plac\u00f3wkach m\u0142odzi ludzie mog\u0105 rozwija\u0107 swoje zainteresowania i pasje, poszerza\u0107 swoj\u0105 wiedz\u0119 i umiej\u0119tno\u015bci.","og_url":"https:\/\/www.mojabochnia.pl\/?p=126016","og_site_name":"mojabochnia.pl - portal informacyjny","article_publisher":"https:\/\/www.facebook.com\/mojabochnia","article_published_time":"2015-03-20T13:45:33+00:00","article_modified_time":"2015-03-23T08:58:57+00:00","og_image":[{"width":660,"height":372,"url":"https:\/\/www.mojabochnia.pl\/wp-content\/uploads\/2015\/03\/Przechwytywanie-w-trybie-pe\u0142noekranowym-2015-03-20-144123.jpg","type":"image\/jpeg"}],"author":"tekst sponsorowany","twitter_card":"summary_large_image","twitter_misc":{"Written by":"tekst sponsorowany","Est. reading time":"1 minuta"},"schema":{"@context":"https:\/\/schema.org","@graph":[{"@type":"Article","@id":"https:\/\/www.mojabochnia.pl\/?p=126016#article","isPartOf":{"@id":"https:\/\/www.mojabochnia.pl\/?p=126016"},"author":{"name":"tekst sponsorowany","@id":"https:\/\/www.mojabochnia.pl\/#\/schema\/person\/146c38805d6d0d8e5dc56f00345e6a5e"},"headline":"Tutaj wszystko si\u0119 zaczyna&#8230; Ucz si\u0119 w Powiecie Boche\u0144skim &#8211; spot","datePublished":"2015-03-20T13:45:33+00:00","dateModified":"2015-03-23T08:58:57+00:00","mainEntityOfPage":{"@id":"https:\/\/www.mojabochnia.pl\/?p=126016"},"wordCount":137,"commentCount":0,"publisher":{"@id":"https:\/\/www.mojabochnia.pl\/#organization"},"image":{"@id":"https:\/\/www.mojabochnia.pl\/?p=126016#primaryimage"},"thumbnailUrl":"https:\/\/www.mojabochnia.pl\/wp-content\/uploads\/2015\/03\/Przechwytywanie-w-trybie-pe\u0142noekranowym-2015-03-20-144123.jpg","keywords":["edukacja","powiat","spot","szko\u0142a"],"articleSection":["2_ostatnie","fotogaleria","Medium","polityka i wydarzenia","tematyka","TV","TV Flesz"],"inLanguage":"pl-PL","potentialAction":[{"@type":"CommentAction","name":"Comment","target":["https:\/\/www.mojabochnia.pl\/?p=126016#respond"]}]},{"@type":"WebPage","@id":"https:\/\/www.mojabochnia.pl\/?p=126016","url":"https:\/\/www.mojabochnia.pl\/?p=126016","name":"Tutaj wszystko si\u0119 zaczyna... Ucz si\u0119 w Powiecie Boche\u0144skim - spot - mojabochnia.pl - portal informacyjny","isPartOf":{"@id":"https:\/\/www.mojabochnia.pl\/#website"},"primaryImageOfPage":{"@id":"https:\/\/www.mojabochnia.pl\/?p=126016#primaryimage"},"image":{"@id":"https:\/\/www.mojabochnia.pl\/?p=126016#primaryimage"},"thumbnailUrl":"https:\/\/www.mojabochnia.pl\/wp-content\/uploads\/2015\/03\/Przechwytywanie-w-trybie-pe\u0142noekranowym-2015-03-20-144123.jpg","datePublished":"2015-03-20T13:45:33+00:00","dateModified":"2015-03-23T08:58:57+00:00","breadcrumb":{"@id":"https:\/\/www.mojabochnia.pl\/?p=126016#breadcrumb"},"inLanguage":"pl-PL","potentialAction":[{"@type":"ReadAction","target":["https:\/\/www.mojabochnia.pl\/?p=126016"]}]},{"@type":"ImageObject","inLanguage":"pl-PL","@id":"https:\/\/www.mojabochnia.pl\/?p=126016#primaryimage","url":"https:\/\/www.mojabochnia.pl\/wp-content\/uploads\/2015\/03\/Przechwytywanie-w-trybie-pe\u0142noekranowym-2015-03-20-144123.jpg","contentUrl":"https:\/\/www.mojabochnia.pl\/wp-content\/uploads\/2015\/03\/Przechwytywanie-w-trybie-pe\u0142noekranowym-2015-03-20-144123.jpg","width":660,"height":372,"caption":"materia\u0142y prasowe"},{"@type":"BreadcrumbList","@id":"https:\/\/www.mojabochnia.pl\/?p=126016#breadcrumb","itemListElement":[{"@type":"ListItem","position":1,"name":"Home","item":"https:\/\/www.mojabochnia.pl\/"},{"@type":"ListItem","position":2,"name":"Tutaj wszystko si\u0119 zaczyna&#8230; Ucz si\u0119 w Powiecie Boche\u0144skim &#8211; spot"}]},{"@type":"WebSite","@id":"https:\/\/www.mojabochnia.pl\/#website","url":"https:\/\/www.mojabochnia.pl\/","name":"mojabochnia.pl - portal informacyjny","description":"mojaBochnia to portal informacyjny o Bochni. Codziennie o Bochni piszemy i pokazujemy najwa\u017cniejsze wydarzenia","publisher":{"@id":"https:\/\/www.mojabochnia.pl\/#organization"},"potentialAction":[{"@type":"SearchAction","target":{"@type":"EntryPoint","urlTemplate":"https:\/\/www.mojabochnia.pl\/?s={search_term_string}"},"query-input":{"@type":"PropertyValueSpecification","valueRequired":true,"valueName":"search_term_string"}}],"inLanguage":"pl-PL"},{"@type":"Organization","@id":"https:\/\/www.mojabochnia.pl\/#organization","name":"mojabochnia.pl - portal informacyjny","url":"https:\/\/www.mojabochnia.pl\/","logo":{"@type":"ImageObject","inLanguage":"pl-PL","@id":"https:\/\/www.mojabochnia.pl\/#\/schema\/logo\/image\/","url":"https:\/\/www.mojabochnia.pl\/wp-content\/uploads\/2017\/08\/logo-mb-opt.png","contentUrl":"https:\/\/www.mojabochnia.pl\/wp-content\/uploads\/2017\/08\/logo-mb-opt.png","width":250,"height":48,"caption":"mojabochnia.pl - portal informacyjny"},"image":{"@id":"https:\/\/www.mojabochnia.pl\/#\/schema\/logo\/image\/"},"sameAs":["https:\/\/www.facebook.com\/mojabochnia"]},{"@type":"Person","@id":"https:\/\/www.mojabochnia.pl\/#\/schema\/person\/146c38805d6d0d8e5dc56f00345e6a5e","name":"tekst sponsorowany","sameAs":["http:\/\/"],"url":"https:\/\/www.mojabochnia.pl\/?author=12"}]}},"_links":{"self":[{"href":"https:\/\/www.mojabochnia.pl\/index.php?rest_route=\/wp\/v2\/posts\/126016","targetHints":{"allow":["GET"]}}],"collection":[{"href":"https:\/\/www.mojabochnia.pl\/index.php?rest_route=\/wp\/v2\/posts"}],"about":[{"href":"https:\/\/www.mojabochnia.pl\/index.php?rest_route=\/wp\/v2\/types\/post"}],"author":[{"embeddable":true,"href":"https:\/\/www.mojabochnia.pl\/index.php?rest_route=\/wp\/v2\/users\/12"}],"replies":[{"embeddable":true,"href":"https:\/\/www.mojabochnia.pl\/index.php?rest_route=%2Fwp%2Fv2%2Fcomments&post=126016"}],"version-history":[{"count":5,"href":"https:\/\/www.mojabochnia.pl\/index.php?rest_route=\/wp\/v2\/posts\/126016\/revisions"}],"predecessor-version":[{"id":126029,"href":"https:\/\/www.mojabochnia.pl\/index.php?rest_route=\/wp\/v2\/posts\/126016\/revisions\/126029"}],"wp:featuredmedia":[{"embeddable":true,"href":"https:\/\/www.mojabochnia.pl\/index.php?rest_route=\/wp\/v2\/media\/126028"}],"wp:attachment":[{"href":"https:\/\/www.mojabochnia.pl\/index.php?rest_route=%2Fwp%2Fv2%2Fmedia&parent=126016"}],"wp:term":[{"taxonomy":"category","embeddable":true,"href":"https:\/\/www.mojabochnia.pl\/index.php?rest_route=%2Fwp%2Fv2%2Fcategories&post=126016"},{"taxonomy":"post_tag","embeddable":true,"href":"https:\/\/www.mojabochnia.pl\/index.php?rest_route=%2Fwp%2Fv2%2Ftags&post=126016"}],"curies":[{"name":"wp","href":"https:\/\/api.w.org\/{rel}","templated":true}]}}