{"id":124513,"date":"2015-02-24T11:50:22","date_gmt":"2015-02-24T10:50:22","guid":{"rendered":"http:\/\/www.mojabochnia.pl\/?p=124513"},"modified":"2015-02-24T11:50:22","modified_gmt":"2015-02-24T10:50:22","slug":"psycho-krafcy-prezentuja-klip-i-zapowiadaja-maxi-singiel","status":"publish","type":"post","link":"https:\/\/www.mojabochnia.pl\/?p=124513","title":{"rendered":"\u201ePsycho\u201d \u2013 KraFcy prezentuj\u0105 klip i zapowiadaj\u0105 maxi singiel"},"content":{"rendered":"<p><em>Maxi singiel b\u0119dzie zawiera\u0142 dwa utwory: \u201ePsycho\u201d i \u201eCasting\u201d oraz ich remiksy <\/em>\u2013 t\u0142umaczy Robert Laska, gitarzysta KraFc\u00f3w. <em>Do piosenki tytu\u0142owej z singla zrealizowali\u015bmy teledysk. Nad jego produkcj\u0105 czuwa\u0142 Grzegorz Stodolny z Black Light Studio. W teledysku wzi\u0119li udzia\u0142 aktorzy m\u0142odego pokolenia: Barbara Garstka, Beata \u015aliwi\u0144ska, Alicja Karluk oraz w roli g\u0142\u00f3wnej nasz wokalista i aktor zarazem &#8211; \u0141ukasz \u201eSzczepan\u201d Szczepanik<\/em>. <\/p>\n<p>Premier\u0119 maxi singla zesp\u00f3\u0142 zapowiada na 27 lutego. KraFcy singlem chc\u0105 o sobie przypomnie\u0107 po dobrze przyj\u0119tym debiucie, jakim by\u0142a wydana w 2011 roku p\u0142yta \u201eeF\u201d. Ma to by\u0107 tak\u017ce okazja do pokazania si\u0119 z nowym wokalist\u0105, wspomnianym \u0141ukaszem Szczepanikiem, z kt\u00f3rym zesp\u00f3\u0142 wsp\u00f3\u0142pracuje od dw\u00f3ch lat a kt\u00f3rego mo\u017cna by\u0142o zobaczy\u0107 mi\u0119dzy innymi w ostatniej edycji programu Voice Of Poland. <\/p>\n<p><em>Materia\u0142 na nasz\u0105 drug\u0105 du\u017c\u0105 p\u0142yt\u0119 jest w zasadzie przygotowany, czeka tylko na profesjonaln\u0105 rejestracj\u0119 i realizacj\u0119<\/em> \u2013 kontynuuje Robert Laska. <em>My natomiast w najbli\u017cszym czasie b\u0119dziemy si\u0119 skupia\u0107 na poszukiwaniu wydawcy<\/em>.<\/p>\n<p>Zapowiadany Singiel, podobnie jak p\u0142yta \u201eeF\u201d powsta\u0142 dzi\u0119ki fanom, kt\u00f3rzy go sfinansowali na jednym z serwis\u00f3w crowdfundingowych. <\/p>\n<p>D\u017awi\u0119ki KraFc\u00f3w to solidna dawka gor\u0105cej, t\u0119tni\u0105cej \u017cyciem muzyki. Chwytliwe melodie, mocny groove, rockowe zagrywki i niebanalne teksty w j\u0119zyku polskim to znaki szczeg\u00f3lne krafcowego stylu. Istniej\u0105 od 2003 roku, w tym czasie go\u015bcili czterokrotnie w studiach nagra\u0144. Powsta\u0142y w ten spos\u00f3b dwa albumy demo EP (\u201eDemo\u201d &#8211; 2003; \u201eB\u0142ahe chwile\u201d &#8211; 2007), singiel \u201eBez znieczulenia\u201d z 2005 roku, kt\u00f3ry mo\u017cna by\u0142o us\u0142ysze\u0107 na antenie wielu rozg\u0142o\u015bni radiowych podobnie jak piosenki z debiutanckiego albumu \u201eeF\u201d, kt\u00f3ry ukaza\u0142 si\u0119 w styczniu 2011 roku.<\/p>\n<p>Wi\u0119cej:<br \/>\nwww.krafcy.com<br \/>\nwww.facebook.com\/krafcy<\/p>\n","protected":false},"excerpt":{"rendered":"<p>Zesp\u00f3\u0142 KraFcy zapowiada maxi singiel zatytu\u0142owany \u201ePsycho\u201d, na kt\u00f3ry z\u0142o\u017c\u0105 si\u0119 dwa utwory. Do tytu\u0142owego w\u0142a\u015bnie powsta\u0142 klip. Wydawnictwo b\u0119dzie zapowiedzi\u0105 planowanej na 2015 rok kolejnej du\u017cej p\u0142yty.<\/p>\n","protected":false},"author":13,"featured_media":124517,"comment_status":"open","ping_status":"closed","sticky":false,"template":"","format":"standard","meta":{"_acf_changed":false,"footnotes":""},"categories":[5,92,6246,6250,3633,3276],"tags":[17385,15329],"class_list":["post-124513","post","type-post","status-publish","format-standard","has-post-thumbnail","hentry","category-biezace-wydarzenia","category-kultura","category-medium","category-tematyka","category-tv","category-tv-flesz","tag-krafcy","tag-singiel","main_tag-muzyka"],"acf":[],"yoast_head":"<!-- This site is optimized with the Yoast SEO plugin v26.9 - https:\/\/yoast.com\/product\/yoast-seo-wordpress\/ -->\n<title>\u201ePsycho\u201d \u2013 KraFcy prezentuj\u0105 klip i zapowiadaj\u0105 maxi singiel - mojabochnia.pl - portal informacyjny<\/title>\n<meta name=\"robots\" content=\"index, follow, max-snippet:-1, max-image-preview:large, max-video-preview:-1\" \/>\n<link rel=\"canonical\" href=\"https:\/\/www.mojabochnia.pl\/?p=124513\" \/>\n<meta property=\"og:locale\" content=\"pl_PL\" \/>\n<meta property=\"og:type\" content=\"article\" \/>\n<meta property=\"og:title\" content=\"\u201ePsycho\u201d \u2013 KraFcy prezentuj\u0105 klip i zapowiadaj\u0105 maxi singiel - mojabochnia.pl - portal informacyjny\" \/>\n<meta property=\"og:description\" content=\"Zesp\u00f3\u0142 KraFcy zapowiada maxi singiel zatytu\u0142owany \u201ePsycho\u201d, na kt\u00f3ry z\u0142o\u017c\u0105 si\u0119 dwa utwory. Do tytu\u0142owego w\u0142a\u015bnie powsta\u0142 klip. Wydawnictwo b\u0119dzie zapowiedzi\u0105 planowanej na 2015 rok kolejnej du\u017cej p\u0142yty.\" \/>\n<meta property=\"og:url\" content=\"https:\/\/www.mojabochnia.pl\/?p=124513\" \/>\n<meta property=\"og:site_name\" content=\"mojabochnia.pl - portal informacyjny\" \/>\n<meta property=\"article:publisher\" content=\"https:\/\/www.facebook.com\/mojabochnia\" \/>\n<meta property=\"article:published_time\" content=\"2015-02-24T10:50:22+00:00\" \/>\n<meta property=\"og:image\" content=\"https:\/\/www.mojabochnia.pl\/wp-content\/uploads\/2015\/02\/foto_krafcy_1.jpg\" \/>\n\t<meta property=\"og:image:width\" content=\"660\" \/>\n\t<meta property=\"og:image:height\" content=\"469\" \/>\n\t<meta property=\"og:image:type\" content=\"image\/jpeg\" \/>\n<meta name=\"author\" content=\"redakcja\" \/>\n<meta name=\"twitter:card\" content=\"summary_large_image\" \/>\n<meta name=\"twitter:label1\" content=\"Written by\" \/>\n\t<meta name=\"twitter:data1\" content=\"redakcja\" \/>\n\t<meta name=\"twitter:label2\" content=\"Est. reading time\" \/>\n\t<meta name=\"twitter:data2\" content=\"1 minuta\" \/>\n<script type=\"application\/ld+json\" class=\"yoast-schema-graph\">{\"@context\":\"https:\/\/schema.org\",\"@graph\":[{\"@type\":\"Article\",\"@id\":\"https:\/\/www.mojabochnia.pl\/?p=124513#article\",\"isPartOf\":{\"@id\":\"https:\/\/www.mojabochnia.pl\/?p=124513\"},\"author\":{\"name\":\"redakcja\",\"@id\":\"https:\/\/www.mojabochnia.pl\/#\/schema\/person\/7e2f20ead9902216a3384f13606c0ab7\"},\"headline\":\"\u201ePsycho\u201d \u2013 KraFcy prezentuj\u0105 klip i zapowiadaj\u0105 maxi singiel\",\"datePublished\":\"2015-02-24T10:50:22+00:00\",\"mainEntityOfPage\":{\"@id\":\"https:\/\/www.mojabochnia.pl\/?p=124513\"},\"wordCount\":307,\"commentCount\":0,\"publisher\":{\"@id\":\"https:\/\/www.mojabochnia.pl\/#organization\"},\"image\":{\"@id\":\"https:\/\/www.mojabochnia.pl\/?p=124513#primaryimage\"},\"thumbnailUrl\":\"https:\/\/www.mojabochnia.pl\/wp-content\/uploads\/2015\/02\/foto_krafcy_1.jpg\",\"keywords\":[\"krafcy\",\"singiel\"],\"articleSection\":[\"2_ostatnie\",\"kultura\",\"Medium\",\"tematyka\",\"TV\",\"TV Flesz\"],\"inLanguage\":\"pl-PL\",\"potentialAction\":[{\"@type\":\"CommentAction\",\"name\":\"Comment\",\"target\":[\"https:\/\/www.mojabochnia.pl\/?p=124513#respond\"]}]},{\"@type\":\"WebPage\",\"@id\":\"https:\/\/www.mojabochnia.pl\/?p=124513\",\"url\":\"https:\/\/www.mojabochnia.pl\/?p=124513\",\"name\":\"\u201ePsycho\u201d \u2013 KraFcy prezentuj\u0105 klip i zapowiadaj\u0105 maxi singiel - mojabochnia.pl - portal informacyjny\",\"isPartOf\":{\"@id\":\"https:\/\/www.mojabochnia.pl\/#website\"},\"primaryImageOfPage\":{\"@id\":\"https:\/\/www.mojabochnia.pl\/?p=124513#primaryimage\"},\"image\":{\"@id\":\"https:\/\/www.mojabochnia.pl\/?p=124513#primaryimage\"},\"thumbnailUrl\":\"https:\/\/www.mojabochnia.pl\/wp-content\/uploads\/2015\/02\/foto_krafcy_1.jpg\",\"datePublished\":\"2015-02-24T10:50:22+00:00\",\"breadcrumb\":{\"@id\":\"https:\/\/www.mojabochnia.pl\/?p=124513#breadcrumb\"},\"inLanguage\":\"pl-PL\",\"potentialAction\":[{\"@type\":\"ReadAction\",\"target\":[\"https:\/\/www.mojabochnia.pl\/?p=124513\"]}]},{\"@type\":\"ImageObject\",\"inLanguage\":\"pl-PL\",\"@id\":\"https:\/\/www.mojabochnia.pl\/?p=124513#primaryimage\",\"url\":\"https:\/\/www.mojabochnia.pl\/wp-content\/uploads\/2015\/02\/foto_krafcy_1.jpg\",\"contentUrl\":\"https:\/\/www.mojabochnia.pl\/wp-content\/uploads\/2015\/02\/foto_krafcy_1.jpg\",\"width\":660,\"height\":469,\"caption\":\"materia\u0142y prasowe\"},{\"@type\":\"BreadcrumbList\",\"@id\":\"https:\/\/www.mojabochnia.pl\/?p=124513#breadcrumb\",\"itemListElement\":[{\"@type\":\"ListItem\",\"position\":1,\"name\":\"Home\",\"item\":\"https:\/\/www.mojabochnia.pl\/\"},{\"@type\":\"ListItem\",\"position\":2,\"name\":\"\u201ePsycho\u201d \u2013 KraFcy prezentuj\u0105 klip i zapowiadaj\u0105 maxi singiel\"}]},{\"@type\":\"WebSite\",\"@id\":\"https:\/\/www.mojabochnia.pl\/#website\",\"url\":\"https:\/\/www.mojabochnia.pl\/\",\"name\":\"mojabochnia.pl - portal informacyjny\",\"description\":\"mojaBochnia to portal informacyjny o Bochni. Codziennie o Bochni piszemy i pokazujemy najwa\u017cniejsze wydarzenia\",\"publisher\":{\"@id\":\"https:\/\/www.mojabochnia.pl\/#organization\"},\"potentialAction\":[{\"@type\":\"SearchAction\",\"target\":{\"@type\":\"EntryPoint\",\"urlTemplate\":\"https:\/\/www.mojabochnia.pl\/?s={search_term_string}\"},\"query-input\":{\"@type\":\"PropertyValueSpecification\",\"valueRequired\":true,\"valueName\":\"search_term_string\"}}],\"inLanguage\":\"pl-PL\"},{\"@type\":\"Organization\",\"@id\":\"https:\/\/www.mojabochnia.pl\/#organization\",\"name\":\"mojabochnia.pl - portal informacyjny\",\"url\":\"https:\/\/www.mojabochnia.pl\/\",\"logo\":{\"@type\":\"ImageObject\",\"inLanguage\":\"pl-PL\",\"@id\":\"https:\/\/www.mojabochnia.pl\/#\/schema\/logo\/image\/\",\"url\":\"https:\/\/www.mojabochnia.pl\/wp-content\/uploads\/2017\/08\/logo-mb-opt.png\",\"contentUrl\":\"https:\/\/www.mojabochnia.pl\/wp-content\/uploads\/2017\/08\/logo-mb-opt.png\",\"width\":250,\"height\":48,\"caption\":\"mojabochnia.pl - portal informacyjny\"},\"image\":{\"@id\":\"https:\/\/www.mojabochnia.pl\/#\/schema\/logo\/image\/\"},\"sameAs\":[\"https:\/\/www.facebook.com\/mojabochnia\"]},{\"@type\":\"Person\",\"@id\":\"https:\/\/www.mojabochnia.pl\/#\/schema\/person\/7e2f20ead9902216a3384f13606c0ab7\",\"name\":\"redakcja\",\"sameAs\":[\"http:\/\/\"],\"url\":\"https:\/\/www.mojabochnia.pl\/?author=13\"}]}<\/script>\n<!-- \/ Yoast SEO plugin. -->","yoast_head_json":{"title":"\u201ePsycho\u201d \u2013 KraFcy prezentuj\u0105 klip i zapowiadaj\u0105 maxi singiel - mojabochnia.pl - portal informacyjny","robots":{"index":"index","follow":"follow","max-snippet":"max-snippet:-1","max-image-preview":"max-image-preview:large","max-video-preview":"max-video-preview:-1"},"canonical":"https:\/\/www.mojabochnia.pl\/?p=124513","og_locale":"pl_PL","og_type":"article","og_title":"\u201ePsycho\u201d \u2013 KraFcy prezentuj\u0105 klip i zapowiadaj\u0105 maxi singiel - mojabochnia.pl - portal informacyjny","og_description":"Zesp\u00f3\u0142 KraFcy zapowiada maxi singiel zatytu\u0142owany \u201ePsycho\u201d, na kt\u00f3ry z\u0142o\u017c\u0105 si\u0119 dwa utwory. Do tytu\u0142owego w\u0142a\u015bnie powsta\u0142 klip. Wydawnictwo b\u0119dzie zapowiedzi\u0105 planowanej na 2015 rok kolejnej du\u017cej p\u0142yty.","og_url":"https:\/\/www.mojabochnia.pl\/?p=124513","og_site_name":"mojabochnia.pl - portal informacyjny","article_publisher":"https:\/\/www.facebook.com\/mojabochnia","article_published_time":"2015-02-24T10:50:22+00:00","og_image":[{"width":660,"height":469,"url":"https:\/\/www.mojabochnia.pl\/wp-content\/uploads\/2015\/02\/foto_krafcy_1.jpg","type":"image\/jpeg"}],"author":"redakcja","twitter_card":"summary_large_image","twitter_misc":{"Written by":"redakcja","Est. reading time":"1 minuta"},"schema":{"@context":"https:\/\/schema.org","@graph":[{"@type":"Article","@id":"https:\/\/www.mojabochnia.pl\/?p=124513#article","isPartOf":{"@id":"https:\/\/www.mojabochnia.pl\/?p=124513"},"author":{"name":"redakcja","@id":"https:\/\/www.mojabochnia.pl\/#\/schema\/person\/7e2f20ead9902216a3384f13606c0ab7"},"headline":"\u201ePsycho\u201d \u2013 KraFcy prezentuj\u0105 klip i zapowiadaj\u0105 maxi singiel","datePublished":"2015-02-24T10:50:22+00:00","mainEntityOfPage":{"@id":"https:\/\/www.mojabochnia.pl\/?p=124513"},"wordCount":307,"commentCount":0,"publisher":{"@id":"https:\/\/www.mojabochnia.pl\/#organization"},"image":{"@id":"https:\/\/www.mojabochnia.pl\/?p=124513#primaryimage"},"thumbnailUrl":"https:\/\/www.mojabochnia.pl\/wp-content\/uploads\/2015\/02\/foto_krafcy_1.jpg","keywords":["krafcy","singiel"],"articleSection":["2_ostatnie","kultura","Medium","tematyka","TV","TV Flesz"],"inLanguage":"pl-PL","potentialAction":[{"@type":"CommentAction","name":"Comment","target":["https:\/\/www.mojabochnia.pl\/?p=124513#respond"]}]},{"@type":"WebPage","@id":"https:\/\/www.mojabochnia.pl\/?p=124513","url":"https:\/\/www.mojabochnia.pl\/?p=124513","name":"\u201ePsycho\u201d \u2013 KraFcy prezentuj\u0105 klip i zapowiadaj\u0105 maxi singiel - mojabochnia.pl - portal informacyjny","isPartOf":{"@id":"https:\/\/www.mojabochnia.pl\/#website"},"primaryImageOfPage":{"@id":"https:\/\/www.mojabochnia.pl\/?p=124513#primaryimage"},"image":{"@id":"https:\/\/www.mojabochnia.pl\/?p=124513#primaryimage"},"thumbnailUrl":"https:\/\/www.mojabochnia.pl\/wp-content\/uploads\/2015\/02\/foto_krafcy_1.jpg","datePublished":"2015-02-24T10:50:22+00:00","breadcrumb":{"@id":"https:\/\/www.mojabochnia.pl\/?p=124513#breadcrumb"},"inLanguage":"pl-PL","potentialAction":[{"@type":"ReadAction","target":["https:\/\/www.mojabochnia.pl\/?p=124513"]}]},{"@type":"ImageObject","inLanguage":"pl-PL","@id":"https:\/\/www.mojabochnia.pl\/?p=124513#primaryimage","url":"https:\/\/www.mojabochnia.pl\/wp-content\/uploads\/2015\/02\/foto_krafcy_1.jpg","contentUrl":"https:\/\/www.mojabochnia.pl\/wp-content\/uploads\/2015\/02\/foto_krafcy_1.jpg","width":660,"height":469,"caption":"materia\u0142y prasowe"},{"@type":"BreadcrumbList","@id":"https:\/\/www.mojabochnia.pl\/?p=124513#breadcrumb","itemListElement":[{"@type":"ListItem","position":1,"name":"Home","item":"https:\/\/www.mojabochnia.pl\/"},{"@type":"ListItem","position":2,"name":"\u201ePsycho\u201d \u2013 KraFcy prezentuj\u0105 klip i zapowiadaj\u0105 maxi singiel"}]},{"@type":"WebSite","@id":"https:\/\/www.mojabochnia.pl\/#website","url":"https:\/\/www.mojabochnia.pl\/","name":"mojabochnia.pl - portal informacyjny","description":"mojaBochnia to portal informacyjny o Bochni. Codziennie o Bochni piszemy i pokazujemy najwa\u017cniejsze wydarzenia","publisher":{"@id":"https:\/\/www.mojabochnia.pl\/#organization"},"potentialAction":[{"@type":"SearchAction","target":{"@type":"EntryPoint","urlTemplate":"https:\/\/www.mojabochnia.pl\/?s={search_term_string}"},"query-input":{"@type":"PropertyValueSpecification","valueRequired":true,"valueName":"search_term_string"}}],"inLanguage":"pl-PL"},{"@type":"Organization","@id":"https:\/\/www.mojabochnia.pl\/#organization","name":"mojabochnia.pl - portal informacyjny","url":"https:\/\/www.mojabochnia.pl\/","logo":{"@type":"ImageObject","inLanguage":"pl-PL","@id":"https:\/\/www.mojabochnia.pl\/#\/schema\/logo\/image\/","url":"https:\/\/www.mojabochnia.pl\/wp-content\/uploads\/2017\/08\/logo-mb-opt.png","contentUrl":"https:\/\/www.mojabochnia.pl\/wp-content\/uploads\/2017\/08\/logo-mb-opt.png","width":250,"height":48,"caption":"mojabochnia.pl - portal informacyjny"},"image":{"@id":"https:\/\/www.mojabochnia.pl\/#\/schema\/logo\/image\/"},"sameAs":["https:\/\/www.facebook.com\/mojabochnia"]},{"@type":"Person","@id":"https:\/\/www.mojabochnia.pl\/#\/schema\/person\/7e2f20ead9902216a3384f13606c0ab7","name":"redakcja","sameAs":["http:\/\/"],"url":"https:\/\/www.mojabochnia.pl\/?author=13"}]}},"_links":{"self":[{"href":"https:\/\/www.mojabochnia.pl\/index.php?rest_route=\/wp\/v2\/posts\/124513","targetHints":{"allow":["GET"]}}],"collection":[{"href":"https:\/\/www.mojabochnia.pl\/index.php?rest_route=\/wp\/v2\/posts"}],"about":[{"href":"https:\/\/www.mojabochnia.pl\/index.php?rest_route=\/wp\/v2\/types\/post"}],"author":[{"embeddable":true,"href":"https:\/\/www.mojabochnia.pl\/index.php?rest_route=\/wp\/v2\/users\/13"}],"replies":[{"embeddable":true,"href":"https:\/\/www.mojabochnia.pl\/index.php?rest_route=%2Fwp%2Fv2%2Fcomments&post=124513"}],"version-history":[{"count":4,"href":"https:\/\/www.mojabochnia.pl\/index.php?rest_route=\/wp\/v2\/posts\/124513\/revisions"}],"predecessor-version":[{"id":124518,"href":"https:\/\/www.mojabochnia.pl\/index.php?rest_route=\/wp\/v2\/posts\/124513\/revisions\/124518"}],"wp:featuredmedia":[{"embeddable":true,"href":"https:\/\/www.mojabochnia.pl\/index.php?rest_route=\/wp\/v2\/media\/124517"}],"wp:attachment":[{"href":"https:\/\/www.mojabochnia.pl\/index.php?rest_route=%2Fwp%2Fv2%2Fmedia&parent=124513"}],"wp:term":[{"taxonomy":"category","embeddable":true,"href":"https:\/\/www.mojabochnia.pl\/index.php?rest_route=%2Fwp%2Fv2%2Fcategories&post=124513"},{"taxonomy":"post_tag","embeddable":true,"href":"https:\/\/www.mojabochnia.pl\/index.php?rest_route=%2Fwp%2Fv2%2Ftags&post=124513"}],"curies":[{"name":"wp","href":"https:\/\/api.w.org\/{rel}","templated":true}]}}