{"id":124324,"date":"2015-02-22T21:48:21","date_gmt":"2015-02-22T20:48:21","guid":{"rendered":"http:\/\/www.mojabochnia.pl\/?p=124324"},"modified":"2015-02-22T21:48:21","modified_gmt":"2015-02-22T20:48:21","slug":"refleksje-na-niedziele-przymierze","status":"publish","type":"post","link":"https:\/\/www.mojabochnia.pl\/?p=124324","title":{"rendered":"Refleksje na niedziel\u0119: Przymierze"},"content":{"rendered":"<p>\u201eZawieram z wami przymierze, tak i\u017c nigdy ju\u017c nie zostanie zg\u0142adzona wodami potopu \u017cadna istota \u017cywa i ju\u017c nigdy nie b\u0119dzie potopu niszcz\u0105cego ziemi\u0119\u201d. To pierwsze z dw\u00f3ch przymierzy, kt\u00f3re B\u00f3g zawar\u0142 z ca\u0142\u0105 ludzko\u015bci\u0105. Ju\u017c nigdy \u017cadna istota nie zginie z powodu z\u0142a, kt\u00f3re czyni. Mimo i\u017c ludzie wielokrotnie czynili wielkie z\u0142o, to B\u00f3g dawa\u0142 im mo\u017cliwo\u015b\u0107 nawr\u00f3cenia. Wody potopu by\u0142y symbolem w\u00f3d chrztu, kt\u00f3re oczy\u015bci\u0142y nasz\u0105 dusz\u0119. \u201eZa dni Noego cierpliwo\u015b\u0107 Bo\u017ca oczekiwa\u0142a, a budowana by\u0142a arka, w kt\u00f3rej niewielu, to jest osiem dusz, zosta\u0142o uratowanych przez wod\u0119. Teraz r\u00f3wnie\u017c zgodnie z tym wzorem ratuje was ona we chrzcie nie przez obmycie brudu cielesnego, ale przez zwr\u00f3con\u0105 do Boga pro\u015bb\u0119 o dobre sumienie, dzi\u0119ki zmartwychwstaniu Jezusa Chrystusa\u201d.<\/p>\n<p>Ewangelia natomiast nam ukazuje stan idealny. \u201eCzterdzie\u015bci dni przeby\u0142 na pustyni, kuszony przez szatana. \u017cy\u0142 tam w\u015br\u00f3d zwierz\u0105t, anio\u0142owie za\u015b us\u0142ugiwali\u201d. Te s\u0142owa s\u0105 aluzj\u0105 do Ksi\u0119gi proroka Izajasza \u201eWtedy wilk zamieszka wraz z barankiem, pantera z ko\u017al\u0119ciem razem le\u017ce\u0107 b\u0119d\u0105, ciel\u0119 i lew pa\u015b\u0107 si\u0119 b\u0119d\u0105 spo\u0142em i ma\u0142y ch\u0142opiec b\u0119dzie je pogania\u0142. Krowa i nied\u017awiedzica przestawa\u0107 b\u0119d\u0105 przyja\u017anie, m\u0142ode ich razem b\u0119d\u0105 lega\u0142y. Lew te\u017c jak w\u00f3\u0142 b\u0119dzie jada\u0142 s\u0142om\u0119\u201d. Ten powszechny pok\u00f3j ma zapanowa\u0107 po powt\u00f3rnym przyj\u015bciu Chrystusa. Ale zacz\u0105tkiem niego by\u0142a publiczna dzia\u0142alno\u015b\u0107 Chrystusa. St\u0105d na pustyni tak by\u0142o. Ten stan jest nam dany, r\u00f3wnie\u017c jako zadanie, w Ko\u015bciele. To w\u0142a\u015bnie tu, dzi\u0119ki obecno\u015bci \u017cyj\u0105cego Zbawiciela, mo\u017cemy zasmakowa\u0107 wiecznej rado\u015bci i Bo\u017cego pokoju.<\/p>\n<p>W \u015awi\u0119ta Wielkanocne b\u0119dziemy prze\u017cywa\u0107 pami\u0105tk\u0119 Zbawienia, b\u0119dziemy wspomina\u0107 r\u00f3wnie\u017c to Nowe, doskona\u0142e Przymierze zawarte z ca\u0142\u0105 ludzko\u015bci\u0105 przez Chrystusa przez M\u0119k\u0119, \u015amier\u0107 i Zmartwychwstanie. Ale \u017ceby to nie by\u0142y tylko wspominki to powinni\u015bmy si\u0119 do tego przygotowa\u0107. Z ka\u017cdym z nas w momencie naszego chrztu B\u00f3g zawar\u0142 przymierze i warto by zobaczy\u0107 czy jeste\u015bmy mu wierni. Ko\u015bci\u00f3\u0142 podsuwa nam czyny pokutne jako spos\u00f3b na odnowienie przymierza. Ale \u017ceby post nie by\u0142 zwyk\u0142\u0105 diet\u0105 to powinien by\u0107 czyniony dla Chrystusa. Ca\u0142e nasze post\u0119powanie powinno by\u0107 przenikni\u0119te nasz\u0105 mi\u0142o\u015bci\u0105 do Zbawiciela.<\/p>\n","protected":false},"excerpt":{"rendered":"<p>W starych ko\u015bcio\u0142ach na wej\u015bciu do prezbiterium znajdowa\u0142 si\u0119 \u0142uk t\u0119czowy. By\u0142 to, cz\u0119sto stylizowany \u0142uk, kt\u00f3ry mia\u0142 symbolizowa\u0107 t\u0119cz\u0119, zwie\u0144czony krzy\u017cem. By\u0142o to odwo\u0142anie do dw\u00f3ch przymierzy, kt\u00f3re B\u00f3g zawar\u0142 z wszystkimi stworzeniami \u2013 pierwsze z Noem, a drugie ostatnie, najdoskonalsze przez krew swojego Syna.<\/p>\n","protected":false},"author":1165,"featured_media":102596,"comment_status":"open","ping_status":"closed","sticky":false,"template":"","format":"standard","meta":{"_acf_changed":false,"footnotes":""},"categories":[5,6250,1342],"tags":[17844,10187,17365],"class_list":["post-124324","post","type-post","status-publish","format-standard","has-post-thumbnail","hentry","category-biezace-wydarzenia","category-tematyka","category-zycie-religijne","tag-jezus","tag-reflekse-na-niedziele","tag-wiara","main_tag-refleksje-na-niedziele"],"acf":[],"yoast_head":"<!-- This site is optimized with the Yoast SEO plugin v26.9 - https:\/\/yoast.com\/product\/yoast-seo-wordpress\/ -->\n<title>Refleksje na niedziel\u0119: Przymierze - mojabochnia.pl - portal informacyjny<\/title>\n<meta name=\"robots\" content=\"index, follow, max-snippet:-1, max-image-preview:large, max-video-preview:-1\" \/>\n<link rel=\"canonical\" href=\"https:\/\/www.mojabochnia.pl\/?p=124324\" \/>\n<meta property=\"og:locale\" content=\"pl_PL\" \/>\n<meta property=\"og:type\" content=\"article\" \/>\n<meta property=\"og:title\" content=\"Refleksje na niedziel\u0119: Przymierze - mojabochnia.pl - portal informacyjny\" \/>\n<meta property=\"og:description\" content=\"W starych ko\u015bcio\u0142ach na wej\u015bciu do prezbiterium znajdowa\u0142 si\u0119 \u0142uk t\u0119czowy. By\u0142 to, cz\u0119sto stylizowany \u0142uk, kt\u00f3ry mia\u0142 symbolizowa\u0107 t\u0119cz\u0119, zwie\u0144czony krzy\u017cem. By\u0142o to odwo\u0142anie do dw\u00f3ch przymierzy, kt\u00f3re B\u00f3g zawar\u0142 z wszystkimi stworzeniami \u2013 pierwsze z Noem, a drugie ostatnie, najdoskonalsze przez krew swojego Syna.\" \/>\n<meta property=\"og:url\" content=\"https:\/\/www.mojabochnia.pl\/?p=124324\" \/>\n<meta property=\"og:site_name\" content=\"mojabochnia.pl - portal informacyjny\" \/>\n<meta property=\"article:publisher\" content=\"https:\/\/www.facebook.com\/mojabochnia\" \/>\n<meta property=\"article:published_time\" content=\"2015-02-22T20:48:21+00:00\" \/>\n<meta property=\"og:image\" content=\"https:\/\/www.mojabochnia.pl\/wp-content\/uploads\/2013\/12\/chelm-6.jpg\" \/>\n\t<meta property=\"og:image:width\" content=\"800\" \/>\n\t<meta property=\"og:image:height\" content=\"450\" \/>\n\t<meta property=\"og:image:type\" content=\"image\/jpeg\" \/>\n<meta name=\"author\" content=\"Grzegorz P. Bronowski\" \/>\n<meta name=\"twitter:card\" content=\"summary_large_image\" \/>\n<meta name=\"twitter:label1\" content=\"Written by\" \/>\n\t<meta name=\"twitter:data1\" content=\"Grzegorz P. Bronowski\" \/>\n\t<meta name=\"twitter:label2\" content=\"Est. reading time\" \/>\n\t<meta name=\"twitter:data2\" content=\"2 minuty\" \/>\n<script type=\"application\/ld+json\" class=\"yoast-schema-graph\">{\"@context\":\"https:\/\/schema.org\",\"@graph\":[{\"@type\":\"Article\",\"@id\":\"https:\/\/www.mojabochnia.pl\/?p=124324#article\",\"isPartOf\":{\"@id\":\"https:\/\/www.mojabochnia.pl\/?p=124324\"},\"author\":{\"name\":\"Grzegorz P. Bronowski\",\"@id\":\"https:\/\/www.mojabochnia.pl\/#\/schema\/person\/e69284965a8b760e6471c06218b14017\"},\"headline\":\"Refleksje na niedziel\u0119: Przymierze\",\"datePublished\":\"2015-02-22T20:48:21+00:00\",\"mainEntityOfPage\":{\"@id\":\"https:\/\/www.mojabochnia.pl\/?p=124324\"},\"wordCount\":421,\"commentCount\":0,\"publisher\":{\"@id\":\"https:\/\/www.mojabochnia.pl\/#organization\"},\"image\":{\"@id\":\"https:\/\/www.mojabochnia.pl\/?p=124324#primaryimage\"},\"thumbnailUrl\":\"https:\/\/www.mojabochnia.pl\/wp-content\/uploads\/2013\/12\/chelm-6.jpg\",\"keywords\":[\"jezus\",\"reflekse na niedziel\u0119\",\"wiara\"],\"articleSection\":[\"2_ostatnie\",\"tematyka\",\"\u017bycie religijne\"],\"inLanguage\":\"pl-PL\",\"potentialAction\":[{\"@type\":\"CommentAction\",\"name\":\"Comment\",\"target\":[\"https:\/\/www.mojabochnia.pl\/?p=124324#respond\"]}]},{\"@type\":\"WebPage\",\"@id\":\"https:\/\/www.mojabochnia.pl\/?p=124324\",\"url\":\"https:\/\/www.mojabochnia.pl\/?p=124324\",\"name\":\"Refleksje na niedziel\u0119: Przymierze - mojabochnia.pl - portal informacyjny\",\"isPartOf\":{\"@id\":\"https:\/\/www.mojabochnia.pl\/#website\"},\"primaryImageOfPage\":{\"@id\":\"https:\/\/www.mojabochnia.pl\/?p=124324#primaryimage\"},\"image\":{\"@id\":\"https:\/\/www.mojabochnia.pl\/?p=124324#primaryimage\"},\"thumbnailUrl\":\"https:\/\/www.mojabochnia.pl\/wp-content\/uploads\/2013\/12\/chelm-6.jpg\",\"datePublished\":\"2015-02-22T20:48:21+00:00\",\"breadcrumb\":{\"@id\":\"https:\/\/www.mojabochnia.pl\/?p=124324#breadcrumb\"},\"inLanguage\":\"pl-PL\",\"potentialAction\":[{\"@type\":\"ReadAction\",\"target\":[\"https:\/\/www.mojabochnia.pl\/?p=124324\"]}]},{\"@type\":\"ImageObject\",\"inLanguage\":\"pl-PL\",\"@id\":\"https:\/\/www.mojabochnia.pl\/?p=124324#primaryimage\",\"url\":\"https:\/\/www.mojabochnia.pl\/wp-content\/uploads\/2013\/12\/chelm-6.jpg\",\"contentUrl\":\"https:\/\/www.mojabochnia.pl\/wp-content\/uploads\/2013\/12\/chelm-6.jpg\",\"width\":800,\"height\":450,\"caption\":\"P. Michalczyk\"},{\"@type\":\"BreadcrumbList\",\"@id\":\"https:\/\/www.mojabochnia.pl\/?p=124324#breadcrumb\",\"itemListElement\":[{\"@type\":\"ListItem\",\"position\":1,\"name\":\"Home\",\"item\":\"https:\/\/www.mojabochnia.pl\/\"},{\"@type\":\"ListItem\",\"position\":2,\"name\":\"Refleksje na niedziel\u0119: Przymierze\"}]},{\"@type\":\"WebSite\",\"@id\":\"https:\/\/www.mojabochnia.pl\/#website\",\"url\":\"https:\/\/www.mojabochnia.pl\/\",\"name\":\"mojabochnia.pl - portal informacyjny\",\"description\":\"mojaBochnia to portal informacyjny o Bochni. Codziennie o Bochni piszemy i pokazujemy najwa\u017cniejsze wydarzenia\",\"publisher\":{\"@id\":\"https:\/\/www.mojabochnia.pl\/#organization\"},\"potentialAction\":[{\"@type\":\"SearchAction\",\"target\":{\"@type\":\"EntryPoint\",\"urlTemplate\":\"https:\/\/www.mojabochnia.pl\/?s={search_term_string}\"},\"query-input\":{\"@type\":\"PropertyValueSpecification\",\"valueRequired\":true,\"valueName\":\"search_term_string\"}}],\"inLanguage\":\"pl-PL\"},{\"@type\":\"Organization\",\"@id\":\"https:\/\/www.mojabochnia.pl\/#organization\",\"name\":\"mojabochnia.pl - portal informacyjny\",\"url\":\"https:\/\/www.mojabochnia.pl\/\",\"logo\":{\"@type\":\"ImageObject\",\"inLanguage\":\"pl-PL\",\"@id\":\"https:\/\/www.mojabochnia.pl\/#\/schema\/logo\/image\/\",\"url\":\"https:\/\/www.mojabochnia.pl\/wp-content\/uploads\/2017\/08\/logo-mb-opt.png\",\"contentUrl\":\"https:\/\/www.mojabochnia.pl\/wp-content\/uploads\/2017\/08\/logo-mb-opt.png\",\"width\":250,\"height\":48,\"caption\":\"mojabochnia.pl - portal informacyjny\"},\"image\":{\"@id\":\"https:\/\/www.mojabochnia.pl\/#\/schema\/logo\/image\/\"},\"sameAs\":[\"https:\/\/www.facebook.com\/mojabochnia\"]},{\"@type\":\"Person\",\"@id\":\"https:\/\/www.mojabochnia.pl\/#\/schema\/person\/e69284965a8b760e6471c06218b14017\",\"name\":\"Grzegorz P. Bronowski\",\"url\":\"https:\/\/www.mojabochnia.pl\/?author=1165\"}]}<\/script>\n<!-- \/ Yoast SEO plugin. -->","yoast_head_json":{"title":"Refleksje na niedziel\u0119: Przymierze - mojabochnia.pl - portal informacyjny","robots":{"index":"index","follow":"follow","max-snippet":"max-snippet:-1","max-image-preview":"max-image-preview:large","max-video-preview":"max-video-preview:-1"},"canonical":"https:\/\/www.mojabochnia.pl\/?p=124324","og_locale":"pl_PL","og_type":"article","og_title":"Refleksje na niedziel\u0119: Przymierze - mojabochnia.pl - portal informacyjny","og_description":"W starych ko\u015bcio\u0142ach na wej\u015bciu do prezbiterium znajdowa\u0142 si\u0119 \u0142uk t\u0119czowy. By\u0142 to, cz\u0119sto stylizowany \u0142uk, kt\u00f3ry mia\u0142 symbolizowa\u0107 t\u0119cz\u0119, zwie\u0144czony krzy\u017cem. By\u0142o to odwo\u0142anie do dw\u00f3ch przymierzy, kt\u00f3re B\u00f3g zawar\u0142 z wszystkimi stworzeniami \u2013 pierwsze z Noem, a drugie ostatnie, najdoskonalsze przez krew swojego Syna.","og_url":"https:\/\/www.mojabochnia.pl\/?p=124324","og_site_name":"mojabochnia.pl - portal informacyjny","article_publisher":"https:\/\/www.facebook.com\/mojabochnia","article_published_time":"2015-02-22T20:48:21+00:00","og_image":[{"width":800,"height":450,"url":"https:\/\/www.mojabochnia.pl\/wp-content\/uploads\/2013\/12\/chelm-6.jpg","type":"image\/jpeg"}],"author":"Grzegorz P. Bronowski","twitter_card":"summary_large_image","twitter_misc":{"Written by":"Grzegorz P. Bronowski","Est. reading time":"2 minuty"},"schema":{"@context":"https:\/\/schema.org","@graph":[{"@type":"Article","@id":"https:\/\/www.mojabochnia.pl\/?p=124324#article","isPartOf":{"@id":"https:\/\/www.mojabochnia.pl\/?p=124324"},"author":{"name":"Grzegorz P. Bronowski","@id":"https:\/\/www.mojabochnia.pl\/#\/schema\/person\/e69284965a8b760e6471c06218b14017"},"headline":"Refleksje na niedziel\u0119: Przymierze","datePublished":"2015-02-22T20:48:21+00:00","mainEntityOfPage":{"@id":"https:\/\/www.mojabochnia.pl\/?p=124324"},"wordCount":421,"commentCount":0,"publisher":{"@id":"https:\/\/www.mojabochnia.pl\/#organization"},"image":{"@id":"https:\/\/www.mojabochnia.pl\/?p=124324#primaryimage"},"thumbnailUrl":"https:\/\/www.mojabochnia.pl\/wp-content\/uploads\/2013\/12\/chelm-6.jpg","keywords":["jezus","reflekse na niedziel\u0119","wiara"],"articleSection":["2_ostatnie","tematyka","\u017bycie religijne"],"inLanguage":"pl-PL","potentialAction":[{"@type":"CommentAction","name":"Comment","target":["https:\/\/www.mojabochnia.pl\/?p=124324#respond"]}]},{"@type":"WebPage","@id":"https:\/\/www.mojabochnia.pl\/?p=124324","url":"https:\/\/www.mojabochnia.pl\/?p=124324","name":"Refleksje na niedziel\u0119: Przymierze - mojabochnia.pl - portal informacyjny","isPartOf":{"@id":"https:\/\/www.mojabochnia.pl\/#website"},"primaryImageOfPage":{"@id":"https:\/\/www.mojabochnia.pl\/?p=124324#primaryimage"},"image":{"@id":"https:\/\/www.mojabochnia.pl\/?p=124324#primaryimage"},"thumbnailUrl":"https:\/\/www.mojabochnia.pl\/wp-content\/uploads\/2013\/12\/chelm-6.jpg","datePublished":"2015-02-22T20:48:21+00:00","breadcrumb":{"@id":"https:\/\/www.mojabochnia.pl\/?p=124324#breadcrumb"},"inLanguage":"pl-PL","potentialAction":[{"@type":"ReadAction","target":["https:\/\/www.mojabochnia.pl\/?p=124324"]}]},{"@type":"ImageObject","inLanguage":"pl-PL","@id":"https:\/\/www.mojabochnia.pl\/?p=124324#primaryimage","url":"https:\/\/www.mojabochnia.pl\/wp-content\/uploads\/2013\/12\/chelm-6.jpg","contentUrl":"https:\/\/www.mojabochnia.pl\/wp-content\/uploads\/2013\/12\/chelm-6.jpg","width":800,"height":450,"caption":"P. Michalczyk"},{"@type":"BreadcrumbList","@id":"https:\/\/www.mojabochnia.pl\/?p=124324#breadcrumb","itemListElement":[{"@type":"ListItem","position":1,"name":"Home","item":"https:\/\/www.mojabochnia.pl\/"},{"@type":"ListItem","position":2,"name":"Refleksje na niedziel\u0119: Przymierze"}]},{"@type":"WebSite","@id":"https:\/\/www.mojabochnia.pl\/#website","url":"https:\/\/www.mojabochnia.pl\/","name":"mojabochnia.pl - portal informacyjny","description":"mojaBochnia to portal informacyjny o Bochni. Codziennie o Bochni piszemy i pokazujemy najwa\u017cniejsze wydarzenia","publisher":{"@id":"https:\/\/www.mojabochnia.pl\/#organization"},"potentialAction":[{"@type":"SearchAction","target":{"@type":"EntryPoint","urlTemplate":"https:\/\/www.mojabochnia.pl\/?s={search_term_string}"},"query-input":{"@type":"PropertyValueSpecification","valueRequired":true,"valueName":"search_term_string"}}],"inLanguage":"pl-PL"},{"@type":"Organization","@id":"https:\/\/www.mojabochnia.pl\/#organization","name":"mojabochnia.pl - portal informacyjny","url":"https:\/\/www.mojabochnia.pl\/","logo":{"@type":"ImageObject","inLanguage":"pl-PL","@id":"https:\/\/www.mojabochnia.pl\/#\/schema\/logo\/image\/","url":"https:\/\/www.mojabochnia.pl\/wp-content\/uploads\/2017\/08\/logo-mb-opt.png","contentUrl":"https:\/\/www.mojabochnia.pl\/wp-content\/uploads\/2017\/08\/logo-mb-opt.png","width":250,"height":48,"caption":"mojabochnia.pl - portal informacyjny"},"image":{"@id":"https:\/\/www.mojabochnia.pl\/#\/schema\/logo\/image\/"},"sameAs":["https:\/\/www.facebook.com\/mojabochnia"]},{"@type":"Person","@id":"https:\/\/www.mojabochnia.pl\/#\/schema\/person\/e69284965a8b760e6471c06218b14017","name":"Grzegorz P. Bronowski","url":"https:\/\/www.mojabochnia.pl\/?author=1165"}]}},"_links":{"self":[{"href":"https:\/\/www.mojabochnia.pl\/index.php?rest_route=\/wp\/v2\/posts\/124324","targetHints":{"allow":["GET"]}}],"collection":[{"href":"https:\/\/www.mojabochnia.pl\/index.php?rest_route=\/wp\/v2\/posts"}],"about":[{"href":"https:\/\/www.mojabochnia.pl\/index.php?rest_route=\/wp\/v2\/types\/post"}],"author":[{"embeddable":true,"href":"https:\/\/www.mojabochnia.pl\/index.php?rest_route=\/wp\/v2\/users\/1165"}],"replies":[{"embeddable":true,"href":"https:\/\/www.mojabochnia.pl\/index.php?rest_route=%2Fwp%2Fv2%2Fcomments&post=124324"}],"version-history":[{"count":3,"href":"https:\/\/www.mojabochnia.pl\/index.php?rest_route=\/wp\/v2\/posts\/124324\/revisions"}],"predecessor-version":[{"id":124327,"href":"https:\/\/www.mojabochnia.pl\/index.php?rest_route=\/wp\/v2\/posts\/124324\/revisions\/124327"}],"wp:featuredmedia":[{"embeddable":true,"href":"https:\/\/www.mojabochnia.pl\/index.php?rest_route=\/wp\/v2\/media\/102596"}],"wp:attachment":[{"href":"https:\/\/www.mojabochnia.pl\/index.php?rest_route=%2Fwp%2Fv2%2Fmedia&parent=124324"}],"wp:term":[{"taxonomy":"category","embeddable":true,"href":"https:\/\/www.mojabochnia.pl\/index.php?rest_route=%2Fwp%2Fv2%2Fcategories&post=124324"},{"taxonomy":"post_tag","embeddable":true,"href":"https:\/\/www.mojabochnia.pl\/index.php?rest_route=%2Fwp%2Fv2%2Ftags&post=124324"}],"curies":[{"name":"wp","href":"https:\/\/api.w.org\/{rel}","templated":true}]}}