{"id":122880,"date":"2015-02-01T00:29:43","date_gmt":"2015-01-31T23:29:43","guid":{"rendered":"http:\/\/www.mojabochnia.pl\/?p=122880"},"modified":"2015-02-01T00:29:43","modified_gmt":"2015-01-31T23:29:43","slug":"refleksje-na-niedziele-prorocka-misja-chrzescijana","status":"publish","type":"post","link":"https:\/\/www.mojabochnia.pl\/?p=122880","title":{"rendered":"Refleksje na niedziel\u0119: Prorocka misja chrze\u015bcijana"},"content":{"rendered":"<p>\t\u201eWzbudz\u0119 im proroka\u201d. Prorok to, wbrew powszechnemu prze\u015bwiadczeniu, nie ten, kt\u00f3ry przewiduje przysz\u0142o\u015b\u0107, ale ten kto przemawia w imi\u0119 Pa\u0144skie, przypominaj\u0105c Bo\u017c\u0105 nauk\u0119 i wzywaj\u0105c do nawr\u00f3cenia. \u201eWzbudz\u0119 im proroka spo\u015br\u00f3d ich braci, takiego jak ty, i w\u0142o\u017c\u0119 w jego usta moje s\u0142owa, b\u0119dzie im m\u00f3wi\u0142 wszystko, co rozka\u017c\u0119\u201d. To osoba ca\u0142kowicie oddana Bogu. Mia\u0142 on nastawa\u0107 w por\u0119 i nie w por\u0119, m\u00f3wi\u0107 czasem s\u0142owa trudne i gorzkie. I niedopuszczalne by\u0142o by fa\u0142szowa\u0142 jako\u015b s\u0142owa Jahwe: \u201eLecz je\u015bli kt\u00f3ry prorok odwa\u017cy si\u0119 m\u00f3wi\u0107 w moim imieniu to, czego mu nie rozkaza\u0142em, albo wyst\u0105pi w imieniu bog\u00f3w obcych &#8211; taki prorok musi ponie\u015b\u0107 \u015bmier\u0107\u201d. Mo\u017ce wydaje si\u0119 to zbyt ci\u0119\u017ck\u0105 kar\u0105, ale chodzi\u0142o tu o relacj\u0119 z Bogiem i to by nar\u00f3d wybrany wiedzia\u0142 czego oczekuje od nich Pan.<\/p>\n<p>\t\u201eM\u00f3wi\u0119 to dla waszego po\u017cytku, (\u2026) by\u015bcie godnie i z upodobaniem trwali przy Panu\u201d. Chrze\u015bcijanin zawsze powinien wiernie trwa\u0107. Chodzi tu o ca\u0142kowity radykalizm, nie mo\u017cna p\u00f3j\u015b\u0107 za Jezusem tylko troch\u0119. \u015aw. Pawe\u0142, id\u0105c za s\u0142owami samego Jezusa, m\u00f3wi, \u017ce B\u00f3g powinien by\u0107 zawsze na pierwszym miejscu \u2013 bo wtedy wszystko jest na w\u0142a\u015bciwym miejscu. Niedopuszczalna jest zatem postawa \u201eBogu \u015bwieczk\u0119 a diab\u0142u ogarek\u201d. \u017bycie chrze\u015bcijanina powinno by\u0107 dla wszystkich \u015bwiadectwem, tak by ka\u017cdy, kto na niego spojrzy wiedzia\u0142. Tak by nikt si\u0119 nie zastanawia\u0142, jak to jest, \u017ce jeste\u015b chrze\u015bcijaninem  &#8211; a czynisz takie rzeczy.<\/p>\n<p>\tNie wystarczy wiedzie\u0107, \u017ce B\u00f3g jest. Nie wystarczy wiedzie\u0107, \u017ce Jezus jest \u201e\u015awi\u0119tym Boga\u201d. Poniewa\u017c szatan te\u017c to wie, jednak ten fakt nie spowodowa\u0142 w nim mi\u0142o\u015bci Boga, nie spowodowa\u0142 tego, \u017ce chcia\u0142 przylgn\u0105\u0107 do Boga jako kochaj\u0105cego Ojca. Wiara to nie teoria, lecz ca\u0142kowite zaanga\u017cowanie si\u0119 po stronie Chrystusa. To zgoda na \u017cycie w \u015bwiat\u0142o\u015bci Boga. Tego z\u0142y duch nie chcia\u0142 uczyni\u0107, wola\u0142 przed \u015awi\u0119tym Bo\u017cym ucieka\u0107.<\/p>\n<p>\tTakie przylgni\u0119cie do Tr\u00f3jcy powoduje, \u017ce cz\u0142owiek zaczyna \u017cy\u0107 nie swoim, a Bo\u017cym \u017cyciem. Wtedy r\u00f3wnie\u017c mo\u017ce wype\u0142nia\u0107 rol\u0119 prorock\u0105, do jakiej jako chrze\u015bcijanie zostali\u015bmy powo\u0142ani. Nie m\u00f3wimy wtedy w\u0142asnej nauki, ale Boga. Czynimy wtedy r\u00f3wnie\u017c czyny przenikni\u0119te mi\u0142o\u015bci\u0105 Pana boga i bli\u017aniego.<\/p>\n","protected":false},"excerpt":{"rendered":"<p>Mi\u0142o\u015b\u0107 wchodzi tam, gdzie wiedza pozostaje na zewn\u0105trz. Wiedzie\u0107 nie znaczy jeszcze wierzy\u0107, bo wiara to odpowied\u017a na Bo\u017c\u0105 mi\u0142o\u015b\u0107 \u2013 sama zatem powinna by\u0107 mi\u0142o\u015bci\u0105.<\/p>\n","protected":false},"author":1165,"featured_media":102596,"comment_status":"open","ping_status":"closed","sticky":false,"template":"","format":"standard","meta":{"_acf_changed":false,"footnotes":""},"categories":[5,6250,1342],"tags":[10187,17365],"class_list":["post-122880","post","type-post","status-publish","format-standard","has-post-thumbnail","hentry","category-biezace-wydarzenia","category-tematyka","category-zycie-religijne","tag-reflekse-na-niedziele","tag-wiara","main_tag-refleksje-na-niedziele"],"acf":[],"yoast_head":"<!-- This site is optimized with the Yoast SEO plugin v26.9 - https:\/\/yoast.com\/product\/yoast-seo-wordpress\/ -->\n<title>Refleksje na niedziel\u0119: Prorocka misja chrze\u015bcijana - mojabochnia.pl - portal informacyjny<\/title>\n<meta name=\"robots\" content=\"index, follow, max-snippet:-1, max-image-preview:large, max-video-preview:-1\" \/>\n<link rel=\"canonical\" href=\"https:\/\/www.mojabochnia.pl\/?p=122880\" \/>\n<meta property=\"og:locale\" content=\"pl_PL\" \/>\n<meta property=\"og:type\" content=\"article\" \/>\n<meta property=\"og:title\" content=\"Refleksje na niedziel\u0119: Prorocka misja chrze\u015bcijana - mojabochnia.pl - portal informacyjny\" \/>\n<meta property=\"og:description\" content=\"Mi\u0142o\u015b\u0107 wchodzi tam, gdzie wiedza pozostaje na zewn\u0105trz. Wiedzie\u0107 nie znaczy jeszcze wierzy\u0107, bo wiara to odpowied\u017a na Bo\u017c\u0105 mi\u0142o\u015b\u0107 \u2013 sama zatem powinna by\u0107 mi\u0142o\u015bci\u0105.\" \/>\n<meta property=\"og:url\" content=\"https:\/\/www.mojabochnia.pl\/?p=122880\" \/>\n<meta property=\"og:site_name\" content=\"mojabochnia.pl - portal informacyjny\" \/>\n<meta property=\"article:publisher\" content=\"https:\/\/www.facebook.com\/mojabochnia\" \/>\n<meta property=\"article:published_time\" content=\"2015-01-31T23:29:43+00:00\" \/>\n<meta property=\"og:image\" content=\"https:\/\/www.mojabochnia.pl\/wp-content\/uploads\/2013\/12\/chelm-6.jpg\" \/>\n\t<meta property=\"og:image:width\" content=\"800\" \/>\n\t<meta property=\"og:image:height\" content=\"450\" \/>\n\t<meta property=\"og:image:type\" content=\"image\/jpeg\" \/>\n<meta name=\"author\" content=\"Grzegorz P. Bronowski\" \/>\n<meta name=\"twitter:card\" content=\"summary_large_image\" \/>\n<meta name=\"twitter:label1\" content=\"Written by\" \/>\n\t<meta name=\"twitter:data1\" content=\"Grzegorz P. Bronowski\" \/>\n\t<meta name=\"twitter:label2\" content=\"Est. reading time\" \/>\n\t<meta name=\"twitter:data2\" content=\"2 minuty\" \/>\n<script type=\"application\/ld+json\" class=\"yoast-schema-graph\">{\"@context\":\"https:\/\/schema.org\",\"@graph\":[{\"@type\":\"Article\",\"@id\":\"https:\/\/www.mojabochnia.pl\/?p=122880#article\",\"isPartOf\":{\"@id\":\"https:\/\/www.mojabochnia.pl\/?p=122880\"},\"author\":{\"name\":\"Grzegorz P. Bronowski\",\"@id\":\"https:\/\/www.mojabochnia.pl\/#\/schema\/person\/e69284965a8b760e6471c06218b14017\"},\"headline\":\"Refleksje na niedziel\u0119: Prorocka misja chrze\u015bcijana\",\"datePublished\":\"2015-01-31T23:29:43+00:00\",\"mainEntityOfPage\":{\"@id\":\"https:\/\/www.mojabochnia.pl\/?p=122880\"},\"wordCount\":417,\"commentCount\":0,\"publisher\":{\"@id\":\"https:\/\/www.mojabochnia.pl\/#organization\"},\"image\":{\"@id\":\"https:\/\/www.mojabochnia.pl\/?p=122880#primaryimage\"},\"thumbnailUrl\":\"https:\/\/www.mojabochnia.pl\/wp-content\/uploads\/2013\/12\/chelm-6.jpg\",\"keywords\":[\"reflekse na niedziel\u0119\",\"wiara\"],\"articleSection\":[\"2_ostatnie\",\"tematyka\",\"\u017bycie religijne\"],\"inLanguage\":\"pl-PL\",\"potentialAction\":[{\"@type\":\"CommentAction\",\"name\":\"Comment\",\"target\":[\"https:\/\/www.mojabochnia.pl\/?p=122880#respond\"]}]},{\"@type\":\"WebPage\",\"@id\":\"https:\/\/www.mojabochnia.pl\/?p=122880\",\"url\":\"https:\/\/www.mojabochnia.pl\/?p=122880\",\"name\":\"Refleksje na niedziel\u0119: Prorocka misja chrze\u015bcijana - mojabochnia.pl - portal informacyjny\",\"isPartOf\":{\"@id\":\"https:\/\/www.mojabochnia.pl\/#website\"},\"primaryImageOfPage\":{\"@id\":\"https:\/\/www.mojabochnia.pl\/?p=122880#primaryimage\"},\"image\":{\"@id\":\"https:\/\/www.mojabochnia.pl\/?p=122880#primaryimage\"},\"thumbnailUrl\":\"https:\/\/www.mojabochnia.pl\/wp-content\/uploads\/2013\/12\/chelm-6.jpg\",\"datePublished\":\"2015-01-31T23:29:43+00:00\",\"breadcrumb\":{\"@id\":\"https:\/\/www.mojabochnia.pl\/?p=122880#breadcrumb\"},\"inLanguage\":\"pl-PL\",\"potentialAction\":[{\"@type\":\"ReadAction\",\"target\":[\"https:\/\/www.mojabochnia.pl\/?p=122880\"]}]},{\"@type\":\"ImageObject\",\"inLanguage\":\"pl-PL\",\"@id\":\"https:\/\/www.mojabochnia.pl\/?p=122880#primaryimage\",\"url\":\"https:\/\/www.mojabochnia.pl\/wp-content\/uploads\/2013\/12\/chelm-6.jpg\",\"contentUrl\":\"https:\/\/www.mojabochnia.pl\/wp-content\/uploads\/2013\/12\/chelm-6.jpg\",\"width\":800,\"height\":450,\"caption\":\"P. Michalczyk\"},{\"@type\":\"BreadcrumbList\",\"@id\":\"https:\/\/www.mojabochnia.pl\/?p=122880#breadcrumb\",\"itemListElement\":[{\"@type\":\"ListItem\",\"position\":1,\"name\":\"Home\",\"item\":\"https:\/\/www.mojabochnia.pl\/\"},{\"@type\":\"ListItem\",\"position\":2,\"name\":\"Refleksje na niedziel\u0119: Prorocka misja chrze\u015bcijana\"}]},{\"@type\":\"WebSite\",\"@id\":\"https:\/\/www.mojabochnia.pl\/#website\",\"url\":\"https:\/\/www.mojabochnia.pl\/\",\"name\":\"mojabochnia.pl - portal informacyjny\",\"description\":\"mojaBochnia to portal informacyjny o Bochni. Codziennie o Bochni piszemy i pokazujemy najwa\u017cniejsze wydarzenia\",\"publisher\":{\"@id\":\"https:\/\/www.mojabochnia.pl\/#organization\"},\"potentialAction\":[{\"@type\":\"SearchAction\",\"target\":{\"@type\":\"EntryPoint\",\"urlTemplate\":\"https:\/\/www.mojabochnia.pl\/?s={search_term_string}\"},\"query-input\":{\"@type\":\"PropertyValueSpecification\",\"valueRequired\":true,\"valueName\":\"search_term_string\"}}],\"inLanguage\":\"pl-PL\"},{\"@type\":\"Organization\",\"@id\":\"https:\/\/www.mojabochnia.pl\/#organization\",\"name\":\"mojabochnia.pl - portal informacyjny\",\"url\":\"https:\/\/www.mojabochnia.pl\/\",\"logo\":{\"@type\":\"ImageObject\",\"inLanguage\":\"pl-PL\",\"@id\":\"https:\/\/www.mojabochnia.pl\/#\/schema\/logo\/image\/\",\"url\":\"https:\/\/www.mojabochnia.pl\/wp-content\/uploads\/2017\/08\/logo-mb-opt.png\",\"contentUrl\":\"https:\/\/www.mojabochnia.pl\/wp-content\/uploads\/2017\/08\/logo-mb-opt.png\",\"width\":250,\"height\":48,\"caption\":\"mojabochnia.pl - portal informacyjny\"},\"image\":{\"@id\":\"https:\/\/www.mojabochnia.pl\/#\/schema\/logo\/image\/\"},\"sameAs\":[\"https:\/\/www.facebook.com\/mojabochnia\"]},{\"@type\":\"Person\",\"@id\":\"https:\/\/www.mojabochnia.pl\/#\/schema\/person\/e69284965a8b760e6471c06218b14017\",\"name\":\"Grzegorz P. Bronowski\",\"url\":\"https:\/\/www.mojabochnia.pl\/?author=1165\"}]}<\/script>\n<!-- \/ Yoast SEO plugin. -->","yoast_head_json":{"title":"Refleksje na niedziel\u0119: Prorocka misja chrze\u015bcijana - mojabochnia.pl - portal informacyjny","robots":{"index":"index","follow":"follow","max-snippet":"max-snippet:-1","max-image-preview":"max-image-preview:large","max-video-preview":"max-video-preview:-1"},"canonical":"https:\/\/www.mojabochnia.pl\/?p=122880","og_locale":"pl_PL","og_type":"article","og_title":"Refleksje na niedziel\u0119: Prorocka misja chrze\u015bcijana - mojabochnia.pl - portal informacyjny","og_description":"Mi\u0142o\u015b\u0107 wchodzi tam, gdzie wiedza pozostaje na zewn\u0105trz. Wiedzie\u0107 nie znaczy jeszcze wierzy\u0107, bo wiara to odpowied\u017a na Bo\u017c\u0105 mi\u0142o\u015b\u0107 \u2013 sama zatem powinna by\u0107 mi\u0142o\u015bci\u0105.","og_url":"https:\/\/www.mojabochnia.pl\/?p=122880","og_site_name":"mojabochnia.pl - portal informacyjny","article_publisher":"https:\/\/www.facebook.com\/mojabochnia","article_published_time":"2015-01-31T23:29:43+00:00","og_image":[{"width":800,"height":450,"url":"https:\/\/www.mojabochnia.pl\/wp-content\/uploads\/2013\/12\/chelm-6.jpg","type":"image\/jpeg"}],"author":"Grzegorz P. Bronowski","twitter_card":"summary_large_image","twitter_misc":{"Written by":"Grzegorz P. Bronowski","Est. reading time":"2 minuty"},"schema":{"@context":"https:\/\/schema.org","@graph":[{"@type":"Article","@id":"https:\/\/www.mojabochnia.pl\/?p=122880#article","isPartOf":{"@id":"https:\/\/www.mojabochnia.pl\/?p=122880"},"author":{"name":"Grzegorz P. Bronowski","@id":"https:\/\/www.mojabochnia.pl\/#\/schema\/person\/e69284965a8b760e6471c06218b14017"},"headline":"Refleksje na niedziel\u0119: Prorocka misja chrze\u015bcijana","datePublished":"2015-01-31T23:29:43+00:00","mainEntityOfPage":{"@id":"https:\/\/www.mojabochnia.pl\/?p=122880"},"wordCount":417,"commentCount":0,"publisher":{"@id":"https:\/\/www.mojabochnia.pl\/#organization"},"image":{"@id":"https:\/\/www.mojabochnia.pl\/?p=122880#primaryimage"},"thumbnailUrl":"https:\/\/www.mojabochnia.pl\/wp-content\/uploads\/2013\/12\/chelm-6.jpg","keywords":["reflekse na niedziel\u0119","wiara"],"articleSection":["2_ostatnie","tematyka","\u017bycie religijne"],"inLanguage":"pl-PL","potentialAction":[{"@type":"CommentAction","name":"Comment","target":["https:\/\/www.mojabochnia.pl\/?p=122880#respond"]}]},{"@type":"WebPage","@id":"https:\/\/www.mojabochnia.pl\/?p=122880","url":"https:\/\/www.mojabochnia.pl\/?p=122880","name":"Refleksje na niedziel\u0119: Prorocka misja chrze\u015bcijana - mojabochnia.pl - portal informacyjny","isPartOf":{"@id":"https:\/\/www.mojabochnia.pl\/#website"},"primaryImageOfPage":{"@id":"https:\/\/www.mojabochnia.pl\/?p=122880#primaryimage"},"image":{"@id":"https:\/\/www.mojabochnia.pl\/?p=122880#primaryimage"},"thumbnailUrl":"https:\/\/www.mojabochnia.pl\/wp-content\/uploads\/2013\/12\/chelm-6.jpg","datePublished":"2015-01-31T23:29:43+00:00","breadcrumb":{"@id":"https:\/\/www.mojabochnia.pl\/?p=122880#breadcrumb"},"inLanguage":"pl-PL","potentialAction":[{"@type":"ReadAction","target":["https:\/\/www.mojabochnia.pl\/?p=122880"]}]},{"@type":"ImageObject","inLanguage":"pl-PL","@id":"https:\/\/www.mojabochnia.pl\/?p=122880#primaryimage","url":"https:\/\/www.mojabochnia.pl\/wp-content\/uploads\/2013\/12\/chelm-6.jpg","contentUrl":"https:\/\/www.mojabochnia.pl\/wp-content\/uploads\/2013\/12\/chelm-6.jpg","width":800,"height":450,"caption":"P. Michalczyk"},{"@type":"BreadcrumbList","@id":"https:\/\/www.mojabochnia.pl\/?p=122880#breadcrumb","itemListElement":[{"@type":"ListItem","position":1,"name":"Home","item":"https:\/\/www.mojabochnia.pl\/"},{"@type":"ListItem","position":2,"name":"Refleksje na niedziel\u0119: Prorocka misja chrze\u015bcijana"}]},{"@type":"WebSite","@id":"https:\/\/www.mojabochnia.pl\/#website","url":"https:\/\/www.mojabochnia.pl\/","name":"mojabochnia.pl - portal informacyjny","description":"mojaBochnia to portal informacyjny o Bochni. Codziennie o Bochni piszemy i pokazujemy najwa\u017cniejsze wydarzenia","publisher":{"@id":"https:\/\/www.mojabochnia.pl\/#organization"},"potentialAction":[{"@type":"SearchAction","target":{"@type":"EntryPoint","urlTemplate":"https:\/\/www.mojabochnia.pl\/?s={search_term_string}"},"query-input":{"@type":"PropertyValueSpecification","valueRequired":true,"valueName":"search_term_string"}}],"inLanguage":"pl-PL"},{"@type":"Organization","@id":"https:\/\/www.mojabochnia.pl\/#organization","name":"mojabochnia.pl - portal informacyjny","url":"https:\/\/www.mojabochnia.pl\/","logo":{"@type":"ImageObject","inLanguage":"pl-PL","@id":"https:\/\/www.mojabochnia.pl\/#\/schema\/logo\/image\/","url":"https:\/\/www.mojabochnia.pl\/wp-content\/uploads\/2017\/08\/logo-mb-opt.png","contentUrl":"https:\/\/www.mojabochnia.pl\/wp-content\/uploads\/2017\/08\/logo-mb-opt.png","width":250,"height":48,"caption":"mojabochnia.pl - portal informacyjny"},"image":{"@id":"https:\/\/www.mojabochnia.pl\/#\/schema\/logo\/image\/"},"sameAs":["https:\/\/www.facebook.com\/mojabochnia"]},{"@type":"Person","@id":"https:\/\/www.mojabochnia.pl\/#\/schema\/person\/e69284965a8b760e6471c06218b14017","name":"Grzegorz P. Bronowski","url":"https:\/\/www.mojabochnia.pl\/?author=1165"}]}},"_links":{"self":[{"href":"https:\/\/www.mojabochnia.pl\/index.php?rest_route=\/wp\/v2\/posts\/122880","targetHints":{"allow":["GET"]}}],"collection":[{"href":"https:\/\/www.mojabochnia.pl\/index.php?rest_route=\/wp\/v2\/posts"}],"about":[{"href":"https:\/\/www.mojabochnia.pl\/index.php?rest_route=\/wp\/v2\/types\/post"}],"author":[{"embeddable":true,"href":"https:\/\/www.mojabochnia.pl\/index.php?rest_route=\/wp\/v2\/users\/1165"}],"replies":[{"embeddable":true,"href":"https:\/\/www.mojabochnia.pl\/index.php?rest_route=%2Fwp%2Fv2%2Fcomments&post=122880"}],"version-history":[{"count":1,"href":"https:\/\/www.mojabochnia.pl\/index.php?rest_route=\/wp\/v2\/posts\/122880\/revisions"}],"predecessor-version":[{"id":122881,"href":"https:\/\/www.mojabochnia.pl\/index.php?rest_route=\/wp\/v2\/posts\/122880\/revisions\/122881"}],"wp:featuredmedia":[{"embeddable":true,"href":"https:\/\/www.mojabochnia.pl\/index.php?rest_route=\/wp\/v2\/media\/102596"}],"wp:attachment":[{"href":"https:\/\/www.mojabochnia.pl\/index.php?rest_route=%2Fwp%2Fv2%2Fmedia&parent=122880"}],"wp:term":[{"taxonomy":"category","embeddable":true,"href":"https:\/\/www.mojabochnia.pl\/index.php?rest_route=%2Fwp%2Fv2%2Fcategories&post=122880"},{"taxonomy":"post_tag","embeddable":true,"href":"https:\/\/www.mojabochnia.pl\/index.php?rest_route=%2Fwp%2Fv2%2Ftags&post=122880"}],"curies":[{"name":"wp","href":"https:\/\/api.w.org\/{rel}","templated":true}]}}