{"id":121370,"date":"2015-01-11T00:46:48","date_gmt":"2015-01-10T23:46:48","guid":{"rendered":"http:\/\/www.mojabochnia.pl\/?p=121370"},"modified":"2015-01-11T00:46:48","modified_gmt":"2015-01-10T23:46:48","slug":"refleksje-na-niedziele-nawracanie-nieustajace","status":"publish","type":"post","link":"https:\/\/www.mojabochnia.pl\/?p=121370","title":{"rendered":"Refleksje na niedziel\u0119: Nawracanie nieustaj\u0105ce"},"content":{"rendered":"<p>Dzisiejsze pierwsze czytanie m\u00f3wi nam o Mesjaszu: \u201eNie z\u0142amie trzciny nad\u0142amanej, nie zagasi knotka o nik\u0142ym p\u0142omyku\u201d, czyli nie zg\u0142adzi tych co pob\u0142\u0105dzili, kt\u00f3rzy si\u0119 dopu\u015bcili z\u0142a. \u201eUstanowi\u0142em Ci\u0119 przymierzem dla ludzi, \u015bwiat\u0142o\u015bci\u0105 dla narod\u00f3w\u201d. \u201eAby\u015b otworzy\u0142 oczy\u201d \u2013 czyli ukaza\u0142 grzesznikom i grzech. Aby\u015b \u201ez zamkni\u0119cia wypu\u015bci\u0142 je\u0144c\u00f3w\u201d \u2013 czyli uwolni\u0142 grzesznik\u00f3w z pod w\u0142adzy grzechu i szatana. Aby\u015b wypu\u015bci\u0142 \u201ez wi\u0119zienia tych, co mieszkaj\u0105 w ciemno\u015bci\u201d \u2013 bo ka\u017cdy kto pozostaje w wi\u0119zieniu szatana traci Bo\u017ce \u015bwiat\u0142o, wybranie dobra jest dla niego wielkim problemem, przywi\u0105zanie do grzechu go kr\u0119puje. \u201eNie zniech\u0119ci si\u0119 ani nie za\u0142amie, a\u017c utrwali Prawo na ziemi, a Jego pouczenia wyczekuj\u0105 wyspy\u201d. B\u00f3g wielokrotnie wychodzi\u0142 cz\u0142owiekowi naprzeciw wskazuj\u0105c mu drog\u0119 do szcz\u0119\u015bcia, ale on jak\u017ce cz\u0119sto wybiera\u0142 inny szlak wpadaj\u0105c w pu\u0142apki Z\u0142ego.<\/p>\n<p>Jednak pami\u0119tajmy \u2013 \u201eB\u00f3g  jest S\u0119dzi\u0105 sprawiedliwym, kt\u00f3ry za dobro wynagradza, a za z\u0142o karze . Je\u015bli ten kto pob\u0142\u0105dzi\u0142 nie opami\u0119ta si\u0119 i mimo licznego nawo\u0142ywania nie przyjmie wyci\u0105gni\u0119tej r\u0119ki Boga, to trzcina zostanie z\u0142amana, a knotek zgaszony, czyli zostaniemy przez Boga os\u0105dzeni.<\/p>\n<p>\t\u015awi\u0119ty Jan chrzci\u0142. By\u0142 to chrzest nawr\u00f3cenia, czyli uznania swojej grzeszno\u015bci, przyznania si\u0119 do pope\u0142nionego z\u0142a i ch\u0119ci nawr\u00f3cenia. Ale by\u0142 to tylko gest, zewn\u0119trzne potwierdzenie podj\u0119tej decyzji. Jezus przychodz\u0105c po chrzest Janowy po pierwsze potwierdzi\u0142 s\u0142uszno\u015b\u0107 drogi i nauki janowej. Nie zewn\u0119trzne gesty, ofiary, posty czy pochodzenie si\u0119 licz\u0105, ale to co w sercu. \u201eB\u00f3g naprawd\u0119 nie ma wzgl\u0119du na osoby. Ale w ka\u017cdym narodzie mi\u0142y jest Mu ten, kto si\u0119 Go boi i post\u0119puje sprawiedliwie\u201d. Kap\u0142an te\u017c mo\u017ce by\u0107 pot\u0119piony, je\u015bli si\u0119 nie nawr\u00f3ci, faryzeusz te\u017c. Po drugie za\u015b Jezus, wchodz\u0105c w nasze \u017cycie, chce podnie\u015b\u0107 nasze wysi\u0142ki na nieosi\u0105galny dla nas poziom \u2013 Boga samego. To ju\u017c nie b\u0119dzie tylko zewn\u0119trzny rytua\u0142. Od tej pory ten gest stanie si\u0119 wyrazem Bo\u017cego dzia\u0142ania. W tym ge\u015bcie sam B\u00f3g b\u0119dzie udziela\u0142 \u0142aski nawr\u00f3cenia. O ka\u017cdym z nas, w momencie chrztu \u015bwi\u0119tego, B\u00f3g powiedzia\u0142: \u201eTy\u015b jest moje dziecko umi\u0142owane, w kt\u00f3rym mam upodobanie\u201d.  <\/p>\n<p>\tTak samo inne sakramenty \u2013 to nie s\u0105 tylko jakie\u015b rytua\u0142y, ale widoczne znaki Bo\u017cej \u0142aski. Ka\u017cdy z nich to wyci\u0105gni\u0119ta do nas r\u0119ka Pana, poniewa\u017c &#8222;B\u00f3g sta\u0142 si\u0119 cz\u0142owiekiem, aby cz\u0142owiek sta\u0142 si\u0119 Bogiem&#8221;.\t<\/p>\n","protected":false},"excerpt":{"rendered":"<p>Decyzja o zmianie sposobu w jaki \u017cyjemy to dopiero pocz\u0105tek drogi. Nawr\u00f3cenie to proces permanentny \u2013 nie powinni\u015bmy m\u00f3wi\u0107, \u017ce si\u0119 nawr\u00f3cili\u015bmy, raczej, \u017ce si\u0119 codziennie nawracamy.<\/p>\n","protected":false},"author":1165,"featured_media":102596,"comment_status":"open","ping_status":"closed","sticky":false,"template":"","format":"standard","meta":{"_acf_changed":false,"footnotes":""},"categories":[5,6250,1342],"tags":[17844,17934,17365],"class_list":["post-121370","post","type-post","status-publish","format-standard","has-post-thumbnail","hentry","category-biezace-wydarzenia","category-tematyka","category-zycie-religijne","tag-jezus","tag-refleksje-na-niedziele","tag-wiara","main_tag-refleksje-na-niedziele"],"acf":[],"yoast_head":"<!-- This site is optimized with the Yoast SEO plugin v26.9 - https:\/\/yoast.com\/product\/yoast-seo-wordpress\/ -->\n<title>Refleksje na niedziel\u0119: Nawracanie nieustaj\u0105ce - mojabochnia.pl - portal informacyjny<\/title>\n<meta name=\"robots\" content=\"index, follow, max-snippet:-1, max-image-preview:large, max-video-preview:-1\" \/>\n<link rel=\"canonical\" href=\"https:\/\/www.mojabochnia.pl\/?p=121370\" \/>\n<meta property=\"og:locale\" content=\"pl_PL\" \/>\n<meta property=\"og:type\" content=\"article\" \/>\n<meta property=\"og:title\" content=\"Refleksje na niedziel\u0119: Nawracanie nieustaj\u0105ce - mojabochnia.pl - portal informacyjny\" \/>\n<meta property=\"og:description\" content=\"Decyzja o zmianie sposobu w jaki \u017cyjemy to dopiero pocz\u0105tek drogi. Nawr\u00f3cenie to proces permanentny \u2013 nie powinni\u015bmy m\u00f3wi\u0107, \u017ce si\u0119 nawr\u00f3cili\u015bmy, raczej, \u017ce si\u0119 codziennie nawracamy.\" \/>\n<meta property=\"og:url\" content=\"https:\/\/www.mojabochnia.pl\/?p=121370\" \/>\n<meta property=\"og:site_name\" content=\"mojabochnia.pl - portal informacyjny\" \/>\n<meta property=\"article:publisher\" content=\"https:\/\/www.facebook.com\/mojabochnia\" \/>\n<meta property=\"article:published_time\" content=\"2015-01-10T23:46:48+00:00\" \/>\n<meta property=\"og:image\" content=\"https:\/\/www.mojabochnia.pl\/wp-content\/uploads\/2013\/12\/chelm-6.jpg\" \/>\n\t<meta property=\"og:image:width\" content=\"800\" \/>\n\t<meta property=\"og:image:height\" content=\"450\" \/>\n\t<meta property=\"og:image:type\" content=\"image\/jpeg\" \/>\n<meta name=\"author\" content=\"Grzegorz P. Bronowski\" \/>\n<meta name=\"twitter:card\" content=\"summary_large_image\" \/>\n<meta name=\"twitter:label1\" content=\"Written by\" \/>\n\t<meta name=\"twitter:data1\" content=\"Grzegorz P. Bronowski\" \/>\n\t<meta name=\"twitter:label2\" content=\"Est. reading time\" \/>\n\t<meta name=\"twitter:data2\" content=\"2 minuty\" \/>\n<script type=\"application\/ld+json\" class=\"yoast-schema-graph\">{\"@context\":\"https:\/\/schema.org\",\"@graph\":[{\"@type\":\"Article\",\"@id\":\"https:\/\/www.mojabochnia.pl\/?p=121370#article\",\"isPartOf\":{\"@id\":\"https:\/\/www.mojabochnia.pl\/?p=121370\"},\"author\":{\"name\":\"Grzegorz P. Bronowski\",\"@id\":\"https:\/\/www.mojabochnia.pl\/#\/schema\/person\/e69284965a8b760e6471c06218b14017\"},\"headline\":\"Refleksje na niedziel\u0119: Nawracanie nieustaj\u0105ce\",\"datePublished\":\"2015-01-10T23:46:48+00:00\",\"mainEntityOfPage\":{\"@id\":\"https:\/\/www.mojabochnia.pl\/?p=121370\"},\"wordCount\":460,\"commentCount\":0,\"publisher\":{\"@id\":\"https:\/\/www.mojabochnia.pl\/#organization\"},\"image\":{\"@id\":\"https:\/\/www.mojabochnia.pl\/?p=121370#primaryimage\"},\"thumbnailUrl\":\"https:\/\/www.mojabochnia.pl\/wp-content\/uploads\/2013\/12\/chelm-6.jpg\",\"keywords\":[\"jezus\",\"refleksje na niedziel\u0119\",\"wiara\"],\"articleSection\":[\"2_ostatnie\",\"tematyka\",\"\u017bycie religijne\"],\"inLanguage\":\"pl-PL\",\"potentialAction\":[{\"@type\":\"CommentAction\",\"name\":\"Comment\",\"target\":[\"https:\/\/www.mojabochnia.pl\/?p=121370#respond\"]}]},{\"@type\":\"WebPage\",\"@id\":\"https:\/\/www.mojabochnia.pl\/?p=121370\",\"url\":\"https:\/\/www.mojabochnia.pl\/?p=121370\",\"name\":\"Refleksje na niedziel\u0119: Nawracanie nieustaj\u0105ce - mojabochnia.pl - portal informacyjny\",\"isPartOf\":{\"@id\":\"https:\/\/www.mojabochnia.pl\/#website\"},\"primaryImageOfPage\":{\"@id\":\"https:\/\/www.mojabochnia.pl\/?p=121370#primaryimage\"},\"image\":{\"@id\":\"https:\/\/www.mojabochnia.pl\/?p=121370#primaryimage\"},\"thumbnailUrl\":\"https:\/\/www.mojabochnia.pl\/wp-content\/uploads\/2013\/12\/chelm-6.jpg\",\"datePublished\":\"2015-01-10T23:46:48+00:00\",\"breadcrumb\":{\"@id\":\"https:\/\/www.mojabochnia.pl\/?p=121370#breadcrumb\"},\"inLanguage\":\"pl-PL\",\"potentialAction\":[{\"@type\":\"ReadAction\",\"target\":[\"https:\/\/www.mojabochnia.pl\/?p=121370\"]}]},{\"@type\":\"ImageObject\",\"inLanguage\":\"pl-PL\",\"@id\":\"https:\/\/www.mojabochnia.pl\/?p=121370#primaryimage\",\"url\":\"https:\/\/www.mojabochnia.pl\/wp-content\/uploads\/2013\/12\/chelm-6.jpg\",\"contentUrl\":\"https:\/\/www.mojabochnia.pl\/wp-content\/uploads\/2013\/12\/chelm-6.jpg\",\"width\":800,\"height\":450,\"caption\":\"P. Michalczyk\"},{\"@type\":\"BreadcrumbList\",\"@id\":\"https:\/\/www.mojabochnia.pl\/?p=121370#breadcrumb\",\"itemListElement\":[{\"@type\":\"ListItem\",\"position\":1,\"name\":\"Home\",\"item\":\"https:\/\/www.mojabochnia.pl\/\"},{\"@type\":\"ListItem\",\"position\":2,\"name\":\"Refleksje na niedziel\u0119: Nawracanie nieustaj\u0105ce\"}]},{\"@type\":\"WebSite\",\"@id\":\"https:\/\/www.mojabochnia.pl\/#website\",\"url\":\"https:\/\/www.mojabochnia.pl\/\",\"name\":\"mojabochnia.pl - portal informacyjny\",\"description\":\"mojaBochnia to portal informacyjny o Bochni. Codziennie o Bochni piszemy i pokazujemy najwa\u017cniejsze wydarzenia\",\"publisher\":{\"@id\":\"https:\/\/www.mojabochnia.pl\/#organization\"},\"potentialAction\":[{\"@type\":\"SearchAction\",\"target\":{\"@type\":\"EntryPoint\",\"urlTemplate\":\"https:\/\/www.mojabochnia.pl\/?s={search_term_string}\"},\"query-input\":{\"@type\":\"PropertyValueSpecification\",\"valueRequired\":true,\"valueName\":\"search_term_string\"}}],\"inLanguage\":\"pl-PL\"},{\"@type\":\"Organization\",\"@id\":\"https:\/\/www.mojabochnia.pl\/#organization\",\"name\":\"mojabochnia.pl - portal informacyjny\",\"url\":\"https:\/\/www.mojabochnia.pl\/\",\"logo\":{\"@type\":\"ImageObject\",\"inLanguage\":\"pl-PL\",\"@id\":\"https:\/\/www.mojabochnia.pl\/#\/schema\/logo\/image\/\",\"url\":\"https:\/\/www.mojabochnia.pl\/wp-content\/uploads\/2017\/08\/logo-mb-opt.png\",\"contentUrl\":\"https:\/\/www.mojabochnia.pl\/wp-content\/uploads\/2017\/08\/logo-mb-opt.png\",\"width\":250,\"height\":48,\"caption\":\"mojabochnia.pl - portal informacyjny\"},\"image\":{\"@id\":\"https:\/\/www.mojabochnia.pl\/#\/schema\/logo\/image\/\"},\"sameAs\":[\"https:\/\/www.facebook.com\/mojabochnia\"]},{\"@type\":\"Person\",\"@id\":\"https:\/\/www.mojabochnia.pl\/#\/schema\/person\/e69284965a8b760e6471c06218b14017\",\"name\":\"Grzegorz P. Bronowski\",\"url\":\"https:\/\/www.mojabochnia.pl\/?author=1165\"}]}<\/script>\n<!-- \/ Yoast SEO plugin. -->","yoast_head_json":{"title":"Refleksje na niedziel\u0119: Nawracanie nieustaj\u0105ce - mojabochnia.pl - portal informacyjny","robots":{"index":"index","follow":"follow","max-snippet":"max-snippet:-1","max-image-preview":"max-image-preview:large","max-video-preview":"max-video-preview:-1"},"canonical":"https:\/\/www.mojabochnia.pl\/?p=121370","og_locale":"pl_PL","og_type":"article","og_title":"Refleksje na niedziel\u0119: Nawracanie nieustaj\u0105ce - mojabochnia.pl - portal informacyjny","og_description":"Decyzja o zmianie sposobu w jaki \u017cyjemy to dopiero pocz\u0105tek drogi. Nawr\u00f3cenie to proces permanentny \u2013 nie powinni\u015bmy m\u00f3wi\u0107, \u017ce si\u0119 nawr\u00f3cili\u015bmy, raczej, \u017ce si\u0119 codziennie nawracamy.","og_url":"https:\/\/www.mojabochnia.pl\/?p=121370","og_site_name":"mojabochnia.pl - portal informacyjny","article_publisher":"https:\/\/www.facebook.com\/mojabochnia","article_published_time":"2015-01-10T23:46:48+00:00","og_image":[{"width":800,"height":450,"url":"https:\/\/www.mojabochnia.pl\/wp-content\/uploads\/2013\/12\/chelm-6.jpg","type":"image\/jpeg"}],"author":"Grzegorz P. Bronowski","twitter_card":"summary_large_image","twitter_misc":{"Written by":"Grzegorz P. Bronowski","Est. reading time":"2 minuty"},"schema":{"@context":"https:\/\/schema.org","@graph":[{"@type":"Article","@id":"https:\/\/www.mojabochnia.pl\/?p=121370#article","isPartOf":{"@id":"https:\/\/www.mojabochnia.pl\/?p=121370"},"author":{"name":"Grzegorz P. Bronowski","@id":"https:\/\/www.mojabochnia.pl\/#\/schema\/person\/e69284965a8b760e6471c06218b14017"},"headline":"Refleksje na niedziel\u0119: Nawracanie nieustaj\u0105ce","datePublished":"2015-01-10T23:46:48+00:00","mainEntityOfPage":{"@id":"https:\/\/www.mojabochnia.pl\/?p=121370"},"wordCount":460,"commentCount":0,"publisher":{"@id":"https:\/\/www.mojabochnia.pl\/#organization"},"image":{"@id":"https:\/\/www.mojabochnia.pl\/?p=121370#primaryimage"},"thumbnailUrl":"https:\/\/www.mojabochnia.pl\/wp-content\/uploads\/2013\/12\/chelm-6.jpg","keywords":["jezus","refleksje na niedziel\u0119","wiara"],"articleSection":["2_ostatnie","tematyka","\u017bycie religijne"],"inLanguage":"pl-PL","potentialAction":[{"@type":"CommentAction","name":"Comment","target":["https:\/\/www.mojabochnia.pl\/?p=121370#respond"]}]},{"@type":"WebPage","@id":"https:\/\/www.mojabochnia.pl\/?p=121370","url":"https:\/\/www.mojabochnia.pl\/?p=121370","name":"Refleksje na niedziel\u0119: Nawracanie nieustaj\u0105ce - mojabochnia.pl - portal informacyjny","isPartOf":{"@id":"https:\/\/www.mojabochnia.pl\/#website"},"primaryImageOfPage":{"@id":"https:\/\/www.mojabochnia.pl\/?p=121370#primaryimage"},"image":{"@id":"https:\/\/www.mojabochnia.pl\/?p=121370#primaryimage"},"thumbnailUrl":"https:\/\/www.mojabochnia.pl\/wp-content\/uploads\/2013\/12\/chelm-6.jpg","datePublished":"2015-01-10T23:46:48+00:00","breadcrumb":{"@id":"https:\/\/www.mojabochnia.pl\/?p=121370#breadcrumb"},"inLanguage":"pl-PL","potentialAction":[{"@type":"ReadAction","target":["https:\/\/www.mojabochnia.pl\/?p=121370"]}]},{"@type":"ImageObject","inLanguage":"pl-PL","@id":"https:\/\/www.mojabochnia.pl\/?p=121370#primaryimage","url":"https:\/\/www.mojabochnia.pl\/wp-content\/uploads\/2013\/12\/chelm-6.jpg","contentUrl":"https:\/\/www.mojabochnia.pl\/wp-content\/uploads\/2013\/12\/chelm-6.jpg","width":800,"height":450,"caption":"P. Michalczyk"},{"@type":"BreadcrumbList","@id":"https:\/\/www.mojabochnia.pl\/?p=121370#breadcrumb","itemListElement":[{"@type":"ListItem","position":1,"name":"Home","item":"https:\/\/www.mojabochnia.pl\/"},{"@type":"ListItem","position":2,"name":"Refleksje na niedziel\u0119: Nawracanie nieustaj\u0105ce"}]},{"@type":"WebSite","@id":"https:\/\/www.mojabochnia.pl\/#website","url":"https:\/\/www.mojabochnia.pl\/","name":"mojabochnia.pl - portal informacyjny","description":"mojaBochnia to portal informacyjny o Bochni. Codziennie o Bochni piszemy i pokazujemy najwa\u017cniejsze wydarzenia","publisher":{"@id":"https:\/\/www.mojabochnia.pl\/#organization"},"potentialAction":[{"@type":"SearchAction","target":{"@type":"EntryPoint","urlTemplate":"https:\/\/www.mojabochnia.pl\/?s={search_term_string}"},"query-input":{"@type":"PropertyValueSpecification","valueRequired":true,"valueName":"search_term_string"}}],"inLanguage":"pl-PL"},{"@type":"Organization","@id":"https:\/\/www.mojabochnia.pl\/#organization","name":"mojabochnia.pl - portal informacyjny","url":"https:\/\/www.mojabochnia.pl\/","logo":{"@type":"ImageObject","inLanguage":"pl-PL","@id":"https:\/\/www.mojabochnia.pl\/#\/schema\/logo\/image\/","url":"https:\/\/www.mojabochnia.pl\/wp-content\/uploads\/2017\/08\/logo-mb-opt.png","contentUrl":"https:\/\/www.mojabochnia.pl\/wp-content\/uploads\/2017\/08\/logo-mb-opt.png","width":250,"height":48,"caption":"mojabochnia.pl - portal informacyjny"},"image":{"@id":"https:\/\/www.mojabochnia.pl\/#\/schema\/logo\/image\/"},"sameAs":["https:\/\/www.facebook.com\/mojabochnia"]},{"@type":"Person","@id":"https:\/\/www.mojabochnia.pl\/#\/schema\/person\/e69284965a8b760e6471c06218b14017","name":"Grzegorz P. Bronowski","url":"https:\/\/www.mojabochnia.pl\/?author=1165"}]}},"_links":{"self":[{"href":"https:\/\/www.mojabochnia.pl\/index.php?rest_route=\/wp\/v2\/posts\/121370","targetHints":{"allow":["GET"]}}],"collection":[{"href":"https:\/\/www.mojabochnia.pl\/index.php?rest_route=\/wp\/v2\/posts"}],"about":[{"href":"https:\/\/www.mojabochnia.pl\/index.php?rest_route=\/wp\/v2\/types\/post"}],"author":[{"embeddable":true,"href":"https:\/\/www.mojabochnia.pl\/index.php?rest_route=\/wp\/v2\/users\/1165"}],"replies":[{"embeddable":true,"href":"https:\/\/www.mojabochnia.pl\/index.php?rest_route=%2Fwp%2Fv2%2Fcomments&post=121370"}],"version-history":[{"count":1,"href":"https:\/\/www.mojabochnia.pl\/index.php?rest_route=\/wp\/v2\/posts\/121370\/revisions"}],"predecessor-version":[{"id":121371,"href":"https:\/\/www.mojabochnia.pl\/index.php?rest_route=\/wp\/v2\/posts\/121370\/revisions\/121371"}],"wp:featuredmedia":[{"embeddable":true,"href":"https:\/\/www.mojabochnia.pl\/index.php?rest_route=\/wp\/v2\/media\/102596"}],"wp:attachment":[{"href":"https:\/\/www.mojabochnia.pl\/index.php?rest_route=%2Fwp%2Fv2%2Fmedia&parent=121370"}],"wp:term":[{"taxonomy":"category","embeddable":true,"href":"https:\/\/www.mojabochnia.pl\/index.php?rest_route=%2Fwp%2Fv2%2Fcategories&post=121370"},{"taxonomy":"post_tag","embeddable":true,"href":"https:\/\/www.mojabochnia.pl\/index.php?rest_route=%2Fwp%2Fv2%2Ftags&post=121370"}],"curies":[{"name":"wp","href":"https:\/\/api.w.org\/{rel}","templated":true}]}}