{"id":1210,"date":"2008-09-10T22:38:50","date_gmt":"2008-09-10T20:38:50","guid":{"rendered":"http:\/\/beta.mojabochnia.pl\/?p=1210"},"modified":"2010-08-19T15:47:39","modified_gmt":"2010-08-19T13:47:39","slug":"legenda-pkp","status":"publish","type":"post","link":"https:\/\/www.mojabochnia.pl\/?p=1210","title":{"rendered":"Legenda PKP"},"content":{"rendered":"<p><strong>Legenda PKP<\/strong><\/p>\n<p>(D) kursuje od poniedzia\u0142ku do pi\u0105tku opr\u00f3cz niedziel<br \/>\n1) do Krynicy, kursuje po og\u0142oszeniu: 25\/26. VI &#8211; 29\/30. VIII codziennie, poza tym z pi\u0105tku\/sobot\u0119;<br \/>\n2) do Nowego S\u0105cza kursuje w (D), a do Tarnowa codziennie;<br \/>\n3) Gdynia G\u0142\u00f3wna &#8211; Krynica, kursuje po og\u0142oszeni: 26.VI &#8211; 30. VIII;<br \/>\n4) kursuje codziennie opr\u00f3cz 15.VIII;<br \/>\n5) Jaworzna do Krynicy;<br \/>\n6) ze Szczecina G\u0142\u00f3wnego, kursuje codziennie, a ze \u015awinouj\u015bcia 11.IV &#8211; 27.IX;<br \/>\n7) z Ko\u0142obrzegu, 27. VI &#8211; 31. VIII;<br \/>\n8) IR Podkarpacie, z Gliwic, kursuje codziennie opr\u00f3cz niedziel oraz kursuje 30, 31.VIII, 11, 12.XI;<br \/>\n9) do Krynicy, kursuje po og\u0142oszeniu w soboty i niedziele oraz kursuje 30,31.VIII, 11, 12.XI;<br \/>\n10) do Krynicy;<br \/>\n11) IR \u015al\u0105sk;<br \/>\n12) z Poznania G\u0142\u00f3wnego;<br \/>\n13) kursuje do 25.VI w (D) i od 1.IX w (D);<br \/>\n14) IR \u015al\u0105zak, z Legnicy;<br \/>\n15) kursuje do 25.VI w pi\u0105tki oraz kursuje 10.XI opr\u00f3cz 12.XI;<br \/>\n16) z Zielonej G\u00f3ry, kursuje codziennie i z Poznania G\u0142\u00f3wnego; codziennie opr\u00f3cz sob\u00f3t;<br \/>\n17) IR Wielkopolanin, z Poznania G\u0142\u00f3wnego;<br \/>\n18) RegioPlus Dunajec, do Nowego S\u0105cza;<br \/>\n19) EIC Ma\u0142opolska, z Gdyni G\u0142\u00f3wnej ( poci\u0105g obj\u0119ty ca\u0142kowit\u0105 rezerwacj\u0105 miejsc);<br \/>\n20) ze Szczecina G\u0142\u00f3wnego;<br \/>\n21) RegioPlus Rzeszowianin;<br \/>\n22) do Nowego S\u0105cza;<br \/>\n23) IR \u015awiatowid;<br \/>\n24) RegioPlus Mo\u015bcicki, kursuje do 25.VI w (D) i od 1.IX w (D);<br \/>\n25) z Gdyni G\u0142\u00f3wnej;<br \/>\n26) do Str\u00f3\u017c;<br \/>\n27) EIC Pieniny , do Przemy\u015bla G\u0142\u00f3wnego ( a do Nowego S\u0105cza po og\u0142oszeniu) kursuje w pi\u0105tki i w niedziele oraz kursuje 1, 10.XI opr\u00f3cz 31.X, 12.XI (poci\u0105g obj\u0119ty ca\u0142kowit\u0105 rezerwacj\u0105 miejsc);<br \/>\n28) IR Galicja, kursuje codziennie opr\u00f3cz sob\u00f3t;<br \/>\n29) z Krynicy, kursuje po og\u0142oszeniu 27.VI &#8211; 31.VIII codziennie, poza tym w poniedzia\u0142ki;<br \/>\n30) kursuje codziennie do 18.VI i od 31.VIII;<br \/>\n31) kursuje 19.VI &#8211; 30. VIII;<br \/>\n32) EPIC Pieniny &#8211; z Przemy\u015bla G\u0142\u00f3wnego ( a z Nowego S\u0105cza po og\u0142oszeniu) kursuje w poniedzia\u0142ki i w soboty oraz kursuje 2,11,XI opr\u00f3cz 1, 13.XI ( poci\u0105g obj\u0119ty ca\u0142kowit\u0105 rezerwacj\u0105 miejsc);<br \/>\n33) RegioPlus Dunajec , z Nowego S\u0105cza;<br \/>\n34) IR Galicja, kursuje codziennie opr\u00f3cz niedziel;<br \/>\n35) z Krynicy;<br \/>\n36) do Gdyni G\u0142\u00f3wnej;<br \/>\n37) do Szczecina G\u0142\u00f3wnego;<br \/>\n38) EIC Ma\u0142opolska, do Gdyni G\u0142\u00f3wnej ( poci\u0105g obj\u0119ty ca\u0142kowit\u0105 rezerwacj\u0105 miejsc);<br \/>\n39) IR Wielkopolanin, do Poznania G\u0142\u00f3wnego;<br \/>\n40) do Zielonej G\u00f3ry, kursuje codziennie i do Poznania G\u0142\u00f3wnego opr\u00f3cz niedziel;<br \/>\n41) IR \u015al\u0105zak, do Legnicy;<br \/>\n42) do Poznania G\u0142\u00f3wnego;<br \/>\n43) kursuje codziennie opr\u00f3cz 14.VIII;<br \/>\n44) z Nowego S\u0105cza kursuje w (D), a z Tarnowa codziennie;<br \/>\n45) kursuje do 27.VI w niedziele oraz kursuje 1.XI opr\u00f3cz 31.X;<br \/>\n46) Jaworzna z Krynicy;<br \/>\n47) IR Podkarpacie, do Gliwic, kursuje codziennie opr\u00f3cz sob\u00f3t oraz kursuje 30 X;<br \/>\n48) z Krynicy, kursuje po og\u0142oszeniu: w soboty i niedziele oraz kursuje 30, 31.VIII, 11, 12.XI;<br \/>\n49) do Ko\u0142obrzegu, kursuje 25.VI &#8211; 29.VIII;<br \/>\n50) do Szczecina G\u0142\u00f3wnego, kursuje codziennie, a do \u015awinouj\u015bcia 9\/10. IV &#8211; 25\/26 IX;<br \/>\n51) kursuje do 27.VI w niedziele i od 3.X w niedziele oraz kursuje 1.XI opr\u00f3cz 31.X;<br \/>\n52) Krynica Gdynia G\u0142\u00f3wna, kursuje po og\u0142oszeniu: 26\/27. VI &#8211; 30\/31. VIII ;<\/p>\n","protected":false},"excerpt":{"rendered":"<p>Legenda PKP (D) kursuje od poniedzia\u0142ku do pi\u0105tku opr\u00f3cz niedziel 1) do Krynicy, kursuje po og\u0142oszeniu: 25\/26. VI &#8211; 29\/30. VIII codziennie, poza tym z pi\u0105tku\/sobot\u0119; 2) do Nowego S\u0105cza kursuje w (D), a do Tarnowa codziennie; 3) Gdynia G\u0142\u00f3wna &#8211; Krynica, kursuje po og\u0142oszeni: 26.VI &#8211; 30. VIII; 4) kursuje codziennie opr\u00f3cz 15.VIII; 5)<\/p>\n","protected":false},"author":1,"featured_media":0,"comment_status":"open","ping_status":"open","sticky":false,"template":"","format":"standard","meta":{"_acf_changed":false,"footnotes":""},"categories":[362,6258],"tags":[],"class_list":["post-1210","post","type-post","status-publish","format-standard","hentry","category-informator","category-informator-szczegolne"],"acf":[],"yoast_head":"<!-- This site is optimized with the Yoast SEO plugin v26.9 - https:\/\/yoast.com\/product\/yoast-seo-wordpress\/ -->\n<title>Legenda PKP - mojabochnia.pl - portal informacyjny<\/title>\n<meta name=\"robots\" content=\"index, follow, max-snippet:-1, max-image-preview:large, max-video-preview:-1\" \/>\n<link rel=\"canonical\" href=\"https:\/\/www.mojabochnia.pl\/?p=1210\" \/>\n<meta property=\"og:locale\" content=\"pl_PL\" \/>\n<meta property=\"og:type\" content=\"article\" \/>\n<meta property=\"og:title\" content=\"Legenda PKP - mojabochnia.pl - portal informacyjny\" \/>\n<meta property=\"og:description\" content=\"Legenda PKP (D) kursuje od poniedzia\u0142ku do pi\u0105tku opr\u00f3cz niedziel 1) do Krynicy, kursuje po og\u0142oszeniu: 25\/26. VI &#8211; 29\/30. VIII codziennie, poza tym z pi\u0105tku\/sobot\u0119; 2) do Nowego S\u0105cza kursuje w (D), a do Tarnowa codziennie; 3) Gdynia G\u0142\u00f3wna &#8211; Krynica, kursuje po og\u0142oszeni: 26.VI &#8211; 30. VIII; 4) kursuje codziennie opr\u00f3cz 15.VIII; 5)\" \/>\n<meta property=\"og:url\" content=\"https:\/\/www.mojabochnia.pl\/?p=1210\" \/>\n<meta property=\"og:site_name\" content=\"mojabochnia.pl - portal informacyjny\" \/>\n<meta property=\"article:publisher\" content=\"https:\/\/www.facebook.com\/mojabochnia\" \/>\n<meta property=\"article:published_time\" content=\"2008-09-10T20:38:50+00:00\" \/>\n<meta property=\"article:modified_time\" content=\"2010-08-19T13:47:39+00:00\" \/>\n<meta name=\"author\" content=\"administrator\" \/>\n<meta name=\"twitter:card\" content=\"summary_large_image\" \/>\n<meta name=\"twitter:label1\" content=\"Written by\" \/>\n\t<meta name=\"twitter:data1\" content=\"administrator\" \/>\n\t<meta name=\"twitter:label2\" content=\"Est. reading time\" \/>\n\t<meta name=\"twitter:data2\" content=\"2 minuty\" \/>\n<script type=\"application\/ld+json\" class=\"yoast-schema-graph\">{\"@context\":\"https:\/\/schema.org\",\"@graph\":[{\"@type\":\"Article\",\"@id\":\"https:\/\/www.mojabochnia.pl\/?p=1210#article\",\"isPartOf\":{\"@id\":\"https:\/\/www.mojabochnia.pl\/?p=1210\"},\"author\":{\"name\":\"administrator\",\"@id\":\"https:\/\/www.mojabochnia.pl\/#\/schema\/person\/c00e1f64e6fa0e6de6d410f2c340017f\"},\"headline\":\"Legenda PKP\",\"datePublished\":\"2008-09-10T20:38:50+00:00\",\"dateModified\":\"2010-08-19T13:47:39+00:00\",\"mainEntityOfPage\":{\"@id\":\"https:\/\/www.mojabochnia.pl\/?p=1210\"},\"wordCount\":497,\"commentCount\":0,\"publisher\":{\"@id\":\"https:\/\/www.mojabochnia.pl\/#organization\"},\"articleSection\":[\"Informator\",\"informator-szczegolne\"],\"inLanguage\":\"pl-PL\",\"potentialAction\":[{\"@type\":\"CommentAction\",\"name\":\"Comment\",\"target\":[\"https:\/\/www.mojabochnia.pl\/?p=1210#respond\"]}]},{\"@type\":\"WebPage\",\"@id\":\"https:\/\/www.mojabochnia.pl\/?p=1210\",\"url\":\"https:\/\/www.mojabochnia.pl\/?p=1210\",\"name\":\"Legenda PKP - mojabochnia.pl - portal informacyjny\",\"isPartOf\":{\"@id\":\"https:\/\/www.mojabochnia.pl\/#website\"},\"datePublished\":\"2008-09-10T20:38:50+00:00\",\"dateModified\":\"2010-08-19T13:47:39+00:00\",\"breadcrumb\":{\"@id\":\"https:\/\/www.mojabochnia.pl\/?p=1210#breadcrumb\"},\"inLanguage\":\"pl-PL\",\"potentialAction\":[{\"@type\":\"ReadAction\",\"target\":[\"https:\/\/www.mojabochnia.pl\/?p=1210\"]}]},{\"@type\":\"BreadcrumbList\",\"@id\":\"https:\/\/www.mojabochnia.pl\/?p=1210#breadcrumb\",\"itemListElement\":[{\"@type\":\"ListItem\",\"position\":1,\"name\":\"Home\",\"item\":\"https:\/\/www.mojabochnia.pl\/\"},{\"@type\":\"ListItem\",\"position\":2,\"name\":\"Legenda PKP\"}]},{\"@type\":\"WebSite\",\"@id\":\"https:\/\/www.mojabochnia.pl\/#website\",\"url\":\"https:\/\/www.mojabochnia.pl\/\",\"name\":\"mojabochnia.pl - portal informacyjny\",\"description\":\"mojaBochnia to portal informacyjny o Bochni. Codziennie o Bochni piszemy i pokazujemy najwa\u017cniejsze wydarzenia\",\"publisher\":{\"@id\":\"https:\/\/www.mojabochnia.pl\/#organization\"},\"potentialAction\":[{\"@type\":\"SearchAction\",\"target\":{\"@type\":\"EntryPoint\",\"urlTemplate\":\"https:\/\/www.mojabochnia.pl\/?s={search_term_string}\"},\"query-input\":{\"@type\":\"PropertyValueSpecification\",\"valueRequired\":true,\"valueName\":\"search_term_string\"}}],\"inLanguage\":\"pl-PL\"},{\"@type\":\"Organization\",\"@id\":\"https:\/\/www.mojabochnia.pl\/#organization\",\"name\":\"mojabochnia.pl - portal informacyjny\",\"url\":\"https:\/\/www.mojabochnia.pl\/\",\"logo\":{\"@type\":\"ImageObject\",\"inLanguage\":\"pl-PL\",\"@id\":\"https:\/\/www.mojabochnia.pl\/#\/schema\/logo\/image\/\",\"url\":\"https:\/\/www.mojabochnia.pl\/wp-content\/uploads\/2017\/08\/logo-mb-opt.png\",\"contentUrl\":\"https:\/\/www.mojabochnia.pl\/wp-content\/uploads\/2017\/08\/logo-mb-opt.png\",\"width\":250,\"height\":48,\"caption\":\"mojabochnia.pl - portal informacyjny\"},\"image\":{\"@id\":\"https:\/\/www.mojabochnia.pl\/#\/schema\/logo\/image\/\"},\"sameAs\":[\"https:\/\/www.facebook.com\/mojabochnia\"]},{\"@type\":\"Person\",\"@id\":\"https:\/\/www.mojabochnia.pl\/#\/schema\/person\/c00e1f64e6fa0e6de6d410f2c340017f\",\"name\":\"administrator\",\"url\":\"https:\/\/www.mojabochnia.pl\/?author=1\"}]}<\/script>\n<!-- \/ Yoast SEO plugin. -->","yoast_head_json":{"title":"Legenda PKP - mojabochnia.pl - portal informacyjny","robots":{"index":"index","follow":"follow","max-snippet":"max-snippet:-1","max-image-preview":"max-image-preview:large","max-video-preview":"max-video-preview:-1"},"canonical":"https:\/\/www.mojabochnia.pl\/?p=1210","og_locale":"pl_PL","og_type":"article","og_title":"Legenda PKP - mojabochnia.pl - portal informacyjny","og_description":"Legenda PKP (D) kursuje od poniedzia\u0142ku do pi\u0105tku opr\u00f3cz niedziel 1) do Krynicy, kursuje po og\u0142oszeniu: 25\/26. VI &#8211; 29\/30. VIII codziennie, poza tym z pi\u0105tku\/sobot\u0119; 2) do Nowego S\u0105cza kursuje w (D), a do Tarnowa codziennie; 3) Gdynia G\u0142\u00f3wna &#8211; Krynica, kursuje po og\u0142oszeni: 26.VI &#8211; 30. VIII; 4) kursuje codziennie opr\u00f3cz 15.VIII; 5)","og_url":"https:\/\/www.mojabochnia.pl\/?p=1210","og_site_name":"mojabochnia.pl - portal informacyjny","article_publisher":"https:\/\/www.facebook.com\/mojabochnia","article_published_time":"2008-09-10T20:38:50+00:00","article_modified_time":"2010-08-19T13:47:39+00:00","author":"administrator","twitter_card":"summary_large_image","twitter_misc":{"Written by":"administrator","Est. reading time":"2 minuty"},"schema":{"@context":"https:\/\/schema.org","@graph":[{"@type":"Article","@id":"https:\/\/www.mojabochnia.pl\/?p=1210#article","isPartOf":{"@id":"https:\/\/www.mojabochnia.pl\/?p=1210"},"author":{"name":"administrator","@id":"https:\/\/www.mojabochnia.pl\/#\/schema\/person\/c00e1f64e6fa0e6de6d410f2c340017f"},"headline":"Legenda PKP","datePublished":"2008-09-10T20:38:50+00:00","dateModified":"2010-08-19T13:47:39+00:00","mainEntityOfPage":{"@id":"https:\/\/www.mojabochnia.pl\/?p=1210"},"wordCount":497,"commentCount":0,"publisher":{"@id":"https:\/\/www.mojabochnia.pl\/#organization"},"articleSection":["Informator","informator-szczegolne"],"inLanguage":"pl-PL","potentialAction":[{"@type":"CommentAction","name":"Comment","target":["https:\/\/www.mojabochnia.pl\/?p=1210#respond"]}]},{"@type":"WebPage","@id":"https:\/\/www.mojabochnia.pl\/?p=1210","url":"https:\/\/www.mojabochnia.pl\/?p=1210","name":"Legenda PKP - mojabochnia.pl - portal informacyjny","isPartOf":{"@id":"https:\/\/www.mojabochnia.pl\/#website"},"datePublished":"2008-09-10T20:38:50+00:00","dateModified":"2010-08-19T13:47:39+00:00","breadcrumb":{"@id":"https:\/\/www.mojabochnia.pl\/?p=1210#breadcrumb"},"inLanguage":"pl-PL","potentialAction":[{"@type":"ReadAction","target":["https:\/\/www.mojabochnia.pl\/?p=1210"]}]},{"@type":"BreadcrumbList","@id":"https:\/\/www.mojabochnia.pl\/?p=1210#breadcrumb","itemListElement":[{"@type":"ListItem","position":1,"name":"Home","item":"https:\/\/www.mojabochnia.pl\/"},{"@type":"ListItem","position":2,"name":"Legenda PKP"}]},{"@type":"WebSite","@id":"https:\/\/www.mojabochnia.pl\/#website","url":"https:\/\/www.mojabochnia.pl\/","name":"mojabochnia.pl - portal informacyjny","description":"mojaBochnia to portal informacyjny o Bochni. Codziennie o Bochni piszemy i pokazujemy najwa\u017cniejsze wydarzenia","publisher":{"@id":"https:\/\/www.mojabochnia.pl\/#organization"},"potentialAction":[{"@type":"SearchAction","target":{"@type":"EntryPoint","urlTemplate":"https:\/\/www.mojabochnia.pl\/?s={search_term_string}"},"query-input":{"@type":"PropertyValueSpecification","valueRequired":true,"valueName":"search_term_string"}}],"inLanguage":"pl-PL"},{"@type":"Organization","@id":"https:\/\/www.mojabochnia.pl\/#organization","name":"mojabochnia.pl - portal informacyjny","url":"https:\/\/www.mojabochnia.pl\/","logo":{"@type":"ImageObject","inLanguage":"pl-PL","@id":"https:\/\/www.mojabochnia.pl\/#\/schema\/logo\/image\/","url":"https:\/\/www.mojabochnia.pl\/wp-content\/uploads\/2017\/08\/logo-mb-opt.png","contentUrl":"https:\/\/www.mojabochnia.pl\/wp-content\/uploads\/2017\/08\/logo-mb-opt.png","width":250,"height":48,"caption":"mojabochnia.pl - portal informacyjny"},"image":{"@id":"https:\/\/www.mojabochnia.pl\/#\/schema\/logo\/image\/"},"sameAs":["https:\/\/www.facebook.com\/mojabochnia"]},{"@type":"Person","@id":"https:\/\/www.mojabochnia.pl\/#\/schema\/person\/c00e1f64e6fa0e6de6d410f2c340017f","name":"administrator","url":"https:\/\/www.mojabochnia.pl\/?author=1"}]}},"_links":{"self":[{"href":"https:\/\/www.mojabochnia.pl\/index.php?rest_route=\/wp\/v2\/posts\/1210","targetHints":{"allow":["GET"]}}],"collection":[{"href":"https:\/\/www.mojabochnia.pl\/index.php?rest_route=\/wp\/v2\/posts"}],"about":[{"href":"https:\/\/www.mojabochnia.pl\/index.php?rest_route=\/wp\/v2\/types\/post"}],"author":[{"embeddable":true,"href":"https:\/\/www.mojabochnia.pl\/index.php?rest_route=\/wp\/v2\/users\/1"}],"replies":[{"embeddable":true,"href":"https:\/\/www.mojabochnia.pl\/index.php?rest_route=%2Fwp%2Fv2%2Fcomments&post=1210"}],"version-history":[{"count":0,"href":"https:\/\/www.mojabochnia.pl\/index.php?rest_route=\/wp\/v2\/posts\/1210\/revisions"}],"wp:attachment":[{"href":"https:\/\/www.mojabochnia.pl\/index.php?rest_route=%2Fwp%2Fv2%2Fmedia&parent=1210"}],"wp:term":[{"taxonomy":"category","embeddable":true,"href":"https:\/\/www.mojabochnia.pl\/index.php?rest_route=%2Fwp%2Fv2%2Fcategories&post=1210"},{"taxonomy":"post_tag","embeddable":true,"href":"https:\/\/www.mojabochnia.pl\/index.php?rest_route=%2Fwp%2Fv2%2Ftags&post=1210"}],"curies":[{"name":"wp","href":"https:\/\/api.w.org\/{rel}","templated":true}]}}