{"id":120573,"date":"2014-12-30T21:56:25","date_gmt":"2014-12-30T20:56:25","guid":{"rendered":"http:\/\/www.mojabochnia.pl\/?p=120573"},"modified":"2015-01-05T14:04:18","modified_gmt":"2015-01-05T13:04:18","slug":"lipnica-6-stycznia-orszak-trzech-kroli","status":"publish","type":"post","link":"https:\/\/www.mojabochnia.pl\/?p=120573","title":{"rendered":"Lipnica: 6 stycznia Orszak Trzech Kr\u00f3li"},"content":{"rendered":"<p>Poch\u00f3d wyruszy z lipnickiego rynku w stron\u0119 Dworu Led\u00f3chowskich, nast\u0119pnie stadionu sportowego w Lipnicy Dolnej, by dalej &#8222;Zawi\u015blem&#8221; pow\u0119drowa\u0107 w stron\u0119 Zespo\u0142u Szk\u00f3\u0142 i zako\u0144czy\u0107 na dziedzi\u0144cu ko\u015bcio\u0142a parafialnego. <\/p>\n<p><em>W trakcie Orszaku odb\u0119dzie si\u0119 pi\u0119\u0107 kr\u00f3tkich przedstawie\u0144 na poszczeg\u00f3lnych przystankach. Uczestnicy otrzymaj\u0105 okazjonalne upominki i niespodzianki. W pi\u0119knym, og\u00f3lnopolskim widowisku organizowanym w naszej parafii po raz pierwszy udzia\u0142 wezm\u0105: grupy aktor\u00f3w, zespo\u0142y regionalne i obrz\u0119dowe, Orkiestra D\u0119ta z Lipnicy Dolnej, ch\u00f3r parafialny, schola, ch\u00f3r szkolny, Eucharystyczny Ruch M\u0142odych, ministranci i lektorzy, przedszkolaki, dzieci i m\u0142odzie\u017c z Zespo\u0142u Szk\u00f3\u0142, ko\u0142a Gospody\u0144 Wiejskich, Domowy Ko\u015bci\u00f3\u0142, cz\u0142onkowie Ochotniczych Stra\u017cy Po\u017carnych<\/em> &#8211; podaj\u0105 organizatorzy.<\/p>\n\t  \r\n\t\r\n\t    <div class=\"mb-gallery\">\r\n\t    <a href=\"https:\/\/www.mojabochnia.pl\/?attachment_id=120575\" class=\"\"><img loading=\"lazy\" decoding=\"async\" width=\"71\" height=\"100\" src=\"https:\/\/www.mojabochnia.pl\/wp-content\/uploads\/2014\/12\/plakat_orszak-120x169.jpg\" class=\"attachment-100x100 size-100x100\" alt=\"\" srcset=\"https:\/\/www.mojabochnia.pl\/wp-content\/uploads\/2014\/12\/plakat_orszak-120x169.jpg 120w, https:\/\/www.mojabochnia.pl\/wp-content\/uploads\/2014\/12\/plakat_orszak-468x661.jpg 468w, https:\/\/www.mojabochnia.pl\/wp-content\/uploads\/2014\/12\/plakat_orszak-660x933.jpg 660w, https:\/\/www.mojabochnia.pl\/wp-content\/uploads\/2014\/12\/plakat_orszak-152x214.jpg 152w, https:\/\/www.mojabochnia.pl\/wp-content\/uploads\/2014\/12\/plakat_orszak.jpg 724w\" sizes=\"auto, (max-width: 71px) 100vw, 71px\" \/><\/a><a href=\"https:\/\/www.mojabochnia.pl\/?attachment_id=120793\" class=\"\"><img loading=\"lazy\" decoding=\"async\" width=\"100\" height=\"53\" src=\"https:\/\/www.mojabochnia.pl\/wp-content\/uploads\/2014\/12\/plakat_orszak-660x9331-120x63.jpg\" class=\"attachment-100x100 size-100x100\" alt=\"\" srcset=\"https:\/\/www.mojabochnia.pl\/wp-content\/uploads\/2014\/12\/plakat_orszak-660x9331-120x63.jpg 120w, https:\/\/www.mojabochnia.pl\/wp-content\/uploads\/2014\/12\/plakat_orszak-660x9331-468x248.jpg 468w, https:\/\/www.mojabochnia.pl\/wp-content\/uploads\/2014\/12\/plakat_orszak-660x9331-152x80.jpg 152w, https:\/\/www.mojabochnia.pl\/wp-content\/uploads\/2014\/12\/plakat_orszak-660x9331.jpg 660w\" sizes=\"auto, (max-width: 100px) 100vw, 100px\" \/><\/a>\t    <\/div>\r\n\t    ","protected":false},"excerpt":{"rendered":"<p>Gminny Dom Kultury w Lipnicy Murowanej oraz Parafia Rzymskokatolicka pw. \u015bw. Andrzeja Aposto\u0142a w Lipnicy Murowanej  zapraszaj\u0105 na Orszak Trzech Kr\u00f3li. Odb\u0119dzie si\u0119 on we wtorek 6 stycznia 2015 r. od godz.11:30. <\/p>\n","protected":false},"author":13,"featured_media":120793,"comment_status":"open","ping_status":"closed","sticky":false,"template":"","format":"standard","meta":{"_acf_changed":false,"footnotes":""},"categories":[5,6250,1342],"tags":[3701,2101,15050],"class_list":["post-120573","post","type-post","status-publish","format-standard","has-post-thumbnail","hentry","category-biezace-wydarzenia","category-tematyka","category-zycie-religijne","tag-lipnica5","tag-objawienie-panskie","tag-orszak-trzech-kroli","main_tag-lipnica-2"],"acf":[],"yoast_head":"<!-- This site is optimized with the Yoast SEO plugin v26.9 - https:\/\/yoast.com\/product\/yoast-seo-wordpress\/ -->\n<title>Lipnica: 6 stycznia Orszak Trzech Kr\u00f3li - mojabochnia.pl - portal informacyjny<\/title>\n<meta name=\"robots\" content=\"index, follow, max-snippet:-1, max-image-preview:large, max-video-preview:-1\" \/>\n<link rel=\"canonical\" href=\"https:\/\/www.mojabochnia.pl\/?p=120573\" \/>\n<meta property=\"og:locale\" content=\"pl_PL\" \/>\n<meta property=\"og:type\" content=\"article\" \/>\n<meta property=\"og:title\" content=\"Lipnica: 6 stycznia Orszak Trzech Kr\u00f3li - mojabochnia.pl - portal informacyjny\" \/>\n<meta property=\"og:description\" content=\"Gminny Dom Kultury w Lipnicy Murowanej oraz Parafia Rzymskokatolicka pw. \u015bw. Andrzeja Aposto\u0142a w Lipnicy Murowanej zapraszaj\u0105 na Orszak Trzech Kr\u00f3li. Odb\u0119dzie si\u0119 on we wtorek 6 stycznia 2015 r. od godz.11:30.\" \/>\n<meta property=\"og:url\" content=\"https:\/\/www.mojabochnia.pl\/?p=120573\" \/>\n<meta property=\"og:site_name\" content=\"mojabochnia.pl - portal informacyjny\" \/>\n<meta property=\"article:publisher\" content=\"https:\/\/www.facebook.com\/mojabochnia\" \/>\n<meta property=\"article:published_time\" content=\"2014-12-30T20:56:25+00:00\" \/>\n<meta property=\"article:modified_time\" content=\"2015-01-05T13:04:18+00:00\" \/>\n<meta property=\"og:image\" content=\"https:\/\/www.mojabochnia.pl\/wp-content\/uploads\/2014\/12\/plakat_orszak-660x9331.jpg\" \/>\n\t<meta property=\"og:image:width\" content=\"660\" \/>\n\t<meta property=\"og:image:height\" content=\"350\" \/>\n\t<meta property=\"og:image:type\" content=\"image\/jpeg\" \/>\n<meta name=\"author\" content=\"redakcja\" \/>\n<meta name=\"twitter:card\" content=\"summary_large_image\" \/>\n<meta name=\"twitter:label1\" content=\"Written by\" \/>\n\t<meta name=\"twitter:data1\" content=\"redakcja\" \/>\n\t<meta name=\"twitter:label2\" content=\"Est. reading time\" \/>\n\t<meta name=\"twitter:data2\" content=\"1 minuta\" \/>\n<script type=\"application\/ld+json\" class=\"yoast-schema-graph\">{\"@context\":\"https:\/\/schema.org\",\"@graph\":[{\"@type\":\"Article\",\"@id\":\"https:\/\/www.mojabochnia.pl\/?p=120573#article\",\"isPartOf\":{\"@id\":\"https:\/\/www.mojabochnia.pl\/?p=120573\"},\"author\":{\"name\":\"redakcja\",\"@id\":\"https:\/\/www.mojabochnia.pl\/#\/schema\/person\/7e2f20ead9902216a3384f13606c0ab7\"},\"headline\":\"Lipnica: 6 stycznia Orszak Trzech Kr\u00f3li\",\"datePublished\":\"2014-12-30T20:56:25+00:00\",\"dateModified\":\"2015-01-05T13:04:18+00:00\",\"mainEntityOfPage\":{\"@id\":\"https:\/\/www.mojabochnia.pl\/?p=120573\"},\"wordCount\":135,\"commentCount\":0,\"publisher\":{\"@id\":\"https:\/\/www.mojabochnia.pl\/#organization\"},\"image\":{\"@id\":\"https:\/\/www.mojabochnia.pl\/?p=120573#primaryimage\"},\"thumbnailUrl\":\"https:\/\/www.mojabochnia.pl\/wp-content\/uploads\/2014\/12\/plakat_orszak-660x9331.jpg\",\"keywords\":[\"lipnica\",\"objawienie pa\u0144skie\",\"orszak trzech kr\u00f3li\"],\"articleSection\":[\"2_ostatnie\",\"tematyka\",\"\u017bycie religijne\"],\"inLanguage\":\"pl-PL\",\"potentialAction\":[{\"@type\":\"CommentAction\",\"name\":\"Comment\",\"target\":[\"https:\/\/www.mojabochnia.pl\/?p=120573#respond\"]}]},{\"@type\":\"WebPage\",\"@id\":\"https:\/\/www.mojabochnia.pl\/?p=120573\",\"url\":\"https:\/\/www.mojabochnia.pl\/?p=120573\",\"name\":\"Lipnica: 6 stycznia Orszak Trzech Kr\u00f3li - mojabochnia.pl - portal informacyjny\",\"isPartOf\":{\"@id\":\"https:\/\/www.mojabochnia.pl\/#website\"},\"primaryImageOfPage\":{\"@id\":\"https:\/\/www.mojabochnia.pl\/?p=120573#primaryimage\"},\"image\":{\"@id\":\"https:\/\/www.mojabochnia.pl\/?p=120573#primaryimage\"},\"thumbnailUrl\":\"https:\/\/www.mojabochnia.pl\/wp-content\/uploads\/2014\/12\/plakat_orszak-660x9331.jpg\",\"datePublished\":\"2014-12-30T20:56:25+00:00\",\"dateModified\":\"2015-01-05T13:04:18+00:00\",\"breadcrumb\":{\"@id\":\"https:\/\/www.mojabochnia.pl\/?p=120573#breadcrumb\"},\"inLanguage\":\"pl-PL\",\"potentialAction\":[{\"@type\":\"ReadAction\",\"target\":[\"https:\/\/www.mojabochnia.pl\/?p=120573\"]}]},{\"@type\":\"ImageObject\",\"inLanguage\":\"pl-PL\",\"@id\":\"https:\/\/www.mojabochnia.pl\/?p=120573#primaryimage\",\"url\":\"https:\/\/www.mojabochnia.pl\/wp-content\/uploads\/2014\/12\/plakat_orszak-660x9331.jpg\",\"contentUrl\":\"https:\/\/www.mojabochnia.pl\/wp-content\/uploads\/2014\/12\/plakat_orszak-660x9331.jpg\",\"width\":660,\"height\":350,\"caption\":\"plakat\"},{\"@type\":\"BreadcrumbList\",\"@id\":\"https:\/\/www.mojabochnia.pl\/?p=120573#breadcrumb\",\"itemListElement\":[{\"@type\":\"ListItem\",\"position\":1,\"name\":\"Home\",\"item\":\"https:\/\/www.mojabochnia.pl\/\"},{\"@type\":\"ListItem\",\"position\":2,\"name\":\"Lipnica: 6 stycznia Orszak Trzech Kr\u00f3li\"}]},{\"@type\":\"WebSite\",\"@id\":\"https:\/\/www.mojabochnia.pl\/#website\",\"url\":\"https:\/\/www.mojabochnia.pl\/\",\"name\":\"mojabochnia.pl - portal informacyjny\",\"description\":\"mojaBochnia to portal informacyjny o Bochni. Codziennie o Bochni piszemy i pokazujemy najwa\u017cniejsze wydarzenia\",\"publisher\":{\"@id\":\"https:\/\/www.mojabochnia.pl\/#organization\"},\"potentialAction\":[{\"@type\":\"SearchAction\",\"target\":{\"@type\":\"EntryPoint\",\"urlTemplate\":\"https:\/\/www.mojabochnia.pl\/?s={search_term_string}\"},\"query-input\":{\"@type\":\"PropertyValueSpecification\",\"valueRequired\":true,\"valueName\":\"search_term_string\"}}],\"inLanguage\":\"pl-PL\"},{\"@type\":\"Organization\",\"@id\":\"https:\/\/www.mojabochnia.pl\/#organization\",\"name\":\"mojabochnia.pl - portal informacyjny\",\"url\":\"https:\/\/www.mojabochnia.pl\/\",\"logo\":{\"@type\":\"ImageObject\",\"inLanguage\":\"pl-PL\",\"@id\":\"https:\/\/www.mojabochnia.pl\/#\/schema\/logo\/image\/\",\"url\":\"https:\/\/www.mojabochnia.pl\/wp-content\/uploads\/2017\/08\/logo-mb-opt.png\",\"contentUrl\":\"https:\/\/www.mojabochnia.pl\/wp-content\/uploads\/2017\/08\/logo-mb-opt.png\",\"width\":250,\"height\":48,\"caption\":\"mojabochnia.pl - portal informacyjny\"},\"image\":{\"@id\":\"https:\/\/www.mojabochnia.pl\/#\/schema\/logo\/image\/\"},\"sameAs\":[\"https:\/\/www.facebook.com\/mojabochnia\"]},{\"@type\":\"Person\",\"@id\":\"https:\/\/www.mojabochnia.pl\/#\/schema\/person\/7e2f20ead9902216a3384f13606c0ab7\",\"name\":\"redakcja\",\"sameAs\":[\"http:\/\/\"],\"url\":\"https:\/\/www.mojabochnia.pl\/?author=13\"}]}<\/script>\n<!-- \/ Yoast SEO plugin. -->","yoast_head_json":{"title":"Lipnica: 6 stycznia Orszak Trzech Kr\u00f3li - mojabochnia.pl - portal informacyjny","robots":{"index":"index","follow":"follow","max-snippet":"max-snippet:-1","max-image-preview":"max-image-preview:large","max-video-preview":"max-video-preview:-1"},"canonical":"https:\/\/www.mojabochnia.pl\/?p=120573","og_locale":"pl_PL","og_type":"article","og_title":"Lipnica: 6 stycznia Orszak Trzech Kr\u00f3li - mojabochnia.pl - portal informacyjny","og_description":"Gminny Dom Kultury w Lipnicy Murowanej oraz Parafia Rzymskokatolicka pw. \u015bw. Andrzeja Aposto\u0142a w Lipnicy Murowanej zapraszaj\u0105 na Orszak Trzech Kr\u00f3li. Odb\u0119dzie si\u0119 on we wtorek 6 stycznia 2015 r. od godz.11:30.","og_url":"https:\/\/www.mojabochnia.pl\/?p=120573","og_site_name":"mojabochnia.pl - portal informacyjny","article_publisher":"https:\/\/www.facebook.com\/mojabochnia","article_published_time":"2014-12-30T20:56:25+00:00","article_modified_time":"2015-01-05T13:04:18+00:00","og_image":[{"width":660,"height":350,"url":"https:\/\/www.mojabochnia.pl\/wp-content\/uploads\/2014\/12\/plakat_orszak-660x9331.jpg","type":"image\/jpeg"}],"author":"redakcja","twitter_card":"summary_large_image","twitter_misc":{"Written by":"redakcja","Est. reading time":"1 minuta"},"schema":{"@context":"https:\/\/schema.org","@graph":[{"@type":"Article","@id":"https:\/\/www.mojabochnia.pl\/?p=120573#article","isPartOf":{"@id":"https:\/\/www.mojabochnia.pl\/?p=120573"},"author":{"name":"redakcja","@id":"https:\/\/www.mojabochnia.pl\/#\/schema\/person\/7e2f20ead9902216a3384f13606c0ab7"},"headline":"Lipnica: 6 stycznia Orszak Trzech Kr\u00f3li","datePublished":"2014-12-30T20:56:25+00:00","dateModified":"2015-01-05T13:04:18+00:00","mainEntityOfPage":{"@id":"https:\/\/www.mojabochnia.pl\/?p=120573"},"wordCount":135,"commentCount":0,"publisher":{"@id":"https:\/\/www.mojabochnia.pl\/#organization"},"image":{"@id":"https:\/\/www.mojabochnia.pl\/?p=120573#primaryimage"},"thumbnailUrl":"https:\/\/www.mojabochnia.pl\/wp-content\/uploads\/2014\/12\/plakat_orszak-660x9331.jpg","keywords":["lipnica","objawienie pa\u0144skie","orszak trzech kr\u00f3li"],"articleSection":["2_ostatnie","tematyka","\u017bycie religijne"],"inLanguage":"pl-PL","potentialAction":[{"@type":"CommentAction","name":"Comment","target":["https:\/\/www.mojabochnia.pl\/?p=120573#respond"]}]},{"@type":"WebPage","@id":"https:\/\/www.mojabochnia.pl\/?p=120573","url":"https:\/\/www.mojabochnia.pl\/?p=120573","name":"Lipnica: 6 stycznia Orszak Trzech Kr\u00f3li - mojabochnia.pl - portal informacyjny","isPartOf":{"@id":"https:\/\/www.mojabochnia.pl\/#website"},"primaryImageOfPage":{"@id":"https:\/\/www.mojabochnia.pl\/?p=120573#primaryimage"},"image":{"@id":"https:\/\/www.mojabochnia.pl\/?p=120573#primaryimage"},"thumbnailUrl":"https:\/\/www.mojabochnia.pl\/wp-content\/uploads\/2014\/12\/plakat_orszak-660x9331.jpg","datePublished":"2014-12-30T20:56:25+00:00","dateModified":"2015-01-05T13:04:18+00:00","breadcrumb":{"@id":"https:\/\/www.mojabochnia.pl\/?p=120573#breadcrumb"},"inLanguage":"pl-PL","potentialAction":[{"@type":"ReadAction","target":["https:\/\/www.mojabochnia.pl\/?p=120573"]}]},{"@type":"ImageObject","inLanguage":"pl-PL","@id":"https:\/\/www.mojabochnia.pl\/?p=120573#primaryimage","url":"https:\/\/www.mojabochnia.pl\/wp-content\/uploads\/2014\/12\/plakat_orszak-660x9331.jpg","contentUrl":"https:\/\/www.mojabochnia.pl\/wp-content\/uploads\/2014\/12\/plakat_orszak-660x9331.jpg","width":660,"height":350,"caption":"plakat"},{"@type":"BreadcrumbList","@id":"https:\/\/www.mojabochnia.pl\/?p=120573#breadcrumb","itemListElement":[{"@type":"ListItem","position":1,"name":"Home","item":"https:\/\/www.mojabochnia.pl\/"},{"@type":"ListItem","position":2,"name":"Lipnica: 6 stycznia Orszak Trzech Kr\u00f3li"}]},{"@type":"WebSite","@id":"https:\/\/www.mojabochnia.pl\/#website","url":"https:\/\/www.mojabochnia.pl\/","name":"mojabochnia.pl - portal informacyjny","description":"mojaBochnia to portal informacyjny o Bochni. Codziennie o Bochni piszemy i pokazujemy najwa\u017cniejsze wydarzenia","publisher":{"@id":"https:\/\/www.mojabochnia.pl\/#organization"},"potentialAction":[{"@type":"SearchAction","target":{"@type":"EntryPoint","urlTemplate":"https:\/\/www.mojabochnia.pl\/?s={search_term_string}"},"query-input":{"@type":"PropertyValueSpecification","valueRequired":true,"valueName":"search_term_string"}}],"inLanguage":"pl-PL"},{"@type":"Organization","@id":"https:\/\/www.mojabochnia.pl\/#organization","name":"mojabochnia.pl - portal informacyjny","url":"https:\/\/www.mojabochnia.pl\/","logo":{"@type":"ImageObject","inLanguage":"pl-PL","@id":"https:\/\/www.mojabochnia.pl\/#\/schema\/logo\/image\/","url":"https:\/\/www.mojabochnia.pl\/wp-content\/uploads\/2017\/08\/logo-mb-opt.png","contentUrl":"https:\/\/www.mojabochnia.pl\/wp-content\/uploads\/2017\/08\/logo-mb-opt.png","width":250,"height":48,"caption":"mojabochnia.pl - portal informacyjny"},"image":{"@id":"https:\/\/www.mojabochnia.pl\/#\/schema\/logo\/image\/"},"sameAs":["https:\/\/www.facebook.com\/mojabochnia"]},{"@type":"Person","@id":"https:\/\/www.mojabochnia.pl\/#\/schema\/person\/7e2f20ead9902216a3384f13606c0ab7","name":"redakcja","sameAs":["http:\/\/"],"url":"https:\/\/www.mojabochnia.pl\/?author=13"}]}},"_links":{"self":[{"href":"https:\/\/www.mojabochnia.pl\/index.php?rest_route=\/wp\/v2\/posts\/120573","targetHints":{"allow":["GET"]}}],"collection":[{"href":"https:\/\/www.mojabochnia.pl\/index.php?rest_route=\/wp\/v2\/posts"}],"about":[{"href":"https:\/\/www.mojabochnia.pl\/index.php?rest_route=\/wp\/v2\/types\/post"}],"author":[{"embeddable":true,"href":"https:\/\/www.mojabochnia.pl\/index.php?rest_route=\/wp\/v2\/users\/13"}],"replies":[{"embeddable":true,"href":"https:\/\/www.mojabochnia.pl\/index.php?rest_route=%2Fwp%2Fv2%2Fcomments&post=120573"}],"version-history":[{"count":2,"href":"https:\/\/www.mojabochnia.pl\/index.php?rest_route=\/wp\/v2\/posts\/120573\/revisions"}],"predecessor-version":[{"id":120576,"href":"https:\/\/www.mojabochnia.pl\/index.php?rest_route=\/wp\/v2\/posts\/120573\/revisions\/120576"}],"wp:featuredmedia":[{"embeddable":true,"href":"https:\/\/www.mojabochnia.pl\/index.php?rest_route=\/wp\/v2\/media\/120793"}],"wp:attachment":[{"href":"https:\/\/www.mojabochnia.pl\/index.php?rest_route=%2Fwp%2Fv2%2Fmedia&parent=120573"}],"wp:term":[{"taxonomy":"category","embeddable":true,"href":"https:\/\/www.mojabochnia.pl\/index.php?rest_route=%2Fwp%2Fv2%2Fcategories&post=120573"},{"taxonomy":"post_tag","embeddable":true,"href":"https:\/\/www.mojabochnia.pl\/index.php?rest_route=%2Fwp%2Fv2%2Ftags&post=120573"}],"curies":[{"name":"wp","href":"https:\/\/api.w.org\/{rel}","templated":true}]}}