{"id":1196,"date":"2008-09-10T22:11:51","date_gmt":"2008-09-10T20:11:51","guid":{"rendered":"http:\/\/beta.mojabochnia.pl\/?p=1196"},"modified":"2010-08-19T15:46:31","modified_gmt":"2010-08-19T13:46:31","slug":"odjazdy-z-bochni-do-krakowa","status":"publish","type":"post","link":"https:\/\/www.mojabochnia.pl\/?p=1196","title":{"rendered":"PKP Bochnia &#8211; Krak\u00f3w"},"content":{"rendered":"<p><strong>Odjazdy z Bochni do Krakowa<\/strong><\/p>\n<p>01:32,01:39, 04:13, 05:18, [30]05:49,[31]05:46, 06:19, [21]06:50,[13]06:56, [32] 07:25, 07:34,07:49,[33]08:03, [34]08:30, [35]08:42, [36]08:55, (D)10:01, [23]10:26,[37] 10:55,[64] [24]11:15, [38] 11:30, 12:15, [39]12:29, [40]12:42, 14:11, [41]14:30, [42]14:52, 15:15,[43]16:13,[11]16:30, 16:55, [44]17:02, [45]17:17, 18:06, 18:55, [46] 19:02,[47]19:26, [48] 19:30, 20:07,[49] 20:23, [50] 20:45, [51]20:51, 21:43, [52] 23.23<\/p>\n<p><strong>do stacji Krak\u00f3w G\u0142\u00f3wny wje\u017cd\u017ca o godz.:<\/strong><\/p>\n<p>2:30, [29] 2:44, 5:00, 06:05, [30] 06:35, [31] 6:35, 07:05, [21]7:29, [13] 7:41, [32] 7:59, 8:19, 8:23, [33] 8:39, [34] 9:03, [35] 9:26, [36] 9:30, (D) 10:46, [23] 10:59, [37] 11:30, [24] 11:59, [38] 12:04, 12:59, [39]13:03, [40] 13:19, 14:55, [41]15:03, [42]15:27, 16:00, [43] 16:59, [11] 17:03, 17:30, [44] 17:48, [45] 17:52, 18:50, 19:30, [46] 19:46, [47] 19:59, [48] 20:04, 20:51, [49] 21:00, [50] 21:41, [51] 21:24, 22:29, [52] 0:01<\/p>\n<p><strong>Odjazdy z Krakowa do Bochni<\/strong><\/p>\n<p>[1]3:06, 3:19, [2]4:05,[3] 04:26, [4] 5:12, [5] 6:15, [6] 6:34, [7] 7:19, 7:30, [8] 8:42, [9] 8:57, 9:24, [10] 10:40, 11:03, [11] 12:02, 12:35, [12] 13:01, [13] 13:45, [14] 14:03, 14:25, [15] 14:49, [16] 15:00, 15:10, (D) 15:40, [17] 16:12, [18] 16:30, 16:38, [20] 17:02, [19] 17:15, [21] 17:18, [22] 17:45, [23] 18:06, [24] 18:18, 18:26, 18:38, [25] 18:53, [26] 19:38, [27] 19:55, [28] 20:00, 20:53, 21:49, 23:05<\/p>\n<p><strong>do stacji Bochnia wje\u017cd\u017ca o godz.:<\/strong><\/p>\n<p>[1]04:17, 4:23,[2]4:50,[3] 05:04,[4]05:56, [5]06:59, [6] 07:24,[7]07:57, 08:15, [8] 9:15, [9]9:33, 10:00, [10]11:25, 11:39,[11]12:41, 13:20, [12]13:38, [13]14:29, [14]14:38, 15:10, [15]15:22, [16]15:37,[35]15:56, (D)16:25, [17]16:45, [18]17:03, 17:23, [20]17:37, [19]17:51, [21]17:52, [22] 18:29, [23]18:39, [24] 18:51, 18:59, 19:22, [25]19:31,[26] 20:22, [27] 20:31,[28]20:40, 21:36, 22:34, 23:51<\/p>\n<p><a href=\"\/?p=1210\">Legenda<\/a><\/p>\n","protected":false},"excerpt":{"rendered":"<p>Odjazdy z Bochni do Krakowa 01:32,01:39, 04:13, 05:18, [30]05:49,[31]05:46, 06:19, [21]06:50,[13]06:56, [32] 07:25, 07:34,07:49,[33]08:03, [34]08:30, [35]08:42, [36]08:55, (D)10:01, [23]10:26,[37] 10:55,[64] [24]11:15, [38] 11:30, 12:15, [39]12:29, [40]12:42, 14:11, [41]14:30, [42]14:52, 15:15,[43]16:13,[11]16:30, 16:55, [44]17:02, [45]17:17, 18:06, 18:55, [46] 19:02,[47]19:26, [48] 19:30, 20:07,[49] 20:23, [50] 20:45, [51]20:51, 21:43, [52] 23.23 do stacji Krak\u00f3w G\u0142\u00f3wny wje\u017cd\u017ca o godz.: 2:30,<\/p>\n","protected":false},"author":1,"featured_media":0,"comment_status":"open","ping_status":"open","sticky":false,"template":"","format":"standard","meta":{"_acf_changed":false,"footnotes":""},"categories":[362,6258],"tags":[34,623,615],"class_list":["post-1196","post","type-post","status-publish","format-standard","hentry","category-informator","category-informator-szczegolne","tag-krakow","tag-pociagi","tag-rozklad-jazdy"],"acf":[],"yoast_head":"<!-- This site is optimized with the Yoast SEO plugin v26.9 - https:\/\/yoast.com\/product\/yoast-seo-wordpress\/ -->\n<title>PKP Bochnia - Krak\u00f3w - mojabochnia.pl - portal informacyjny<\/title>\n<meta name=\"robots\" content=\"index, follow, max-snippet:-1, max-image-preview:large, max-video-preview:-1\" \/>\n<link rel=\"canonical\" href=\"https:\/\/www.mojabochnia.pl\/?p=1196\" \/>\n<meta property=\"og:locale\" content=\"pl_PL\" \/>\n<meta property=\"og:type\" content=\"article\" \/>\n<meta property=\"og:title\" content=\"PKP Bochnia - Krak\u00f3w - mojabochnia.pl - portal informacyjny\" \/>\n<meta property=\"og:description\" content=\"Odjazdy z Bochni do Krakowa 01:32,01:39, 04:13, 05:18, [30]05:49,[31]05:46, 06:19, [21]06:50,[13]06:56, [32] 07:25, 07:34,07:49,[33]08:03, [34]08:30, [35]08:42, [36]08:55, (D)10:01, [23]10:26,[37] 10:55,[64] [24]11:15, [38] 11:30, 12:15, [39]12:29, [40]12:42, 14:11, [41]14:30, [42]14:52, 15:15,[43]16:13,[11]16:30, 16:55, [44]17:02, [45]17:17, 18:06, 18:55, [46] 19:02,[47]19:26, [48] 19:30, 20:07,[49] 20:23, [50] 20:45, [51]20:51, 21:43, [52] 23.23 do stacji Krak\u00f3w G\u0142\u00f3wny wje\u017cd\u017ca o godz.: 2:30,\" \/>\n<meta property=\"og:url\" content=\"https:\/\/www.mojabochnia.pl\/?p=1196\" \/>\n<meta property=\"og:site_name\" content=\"mojabochnia.pl - portal informacyjny\" \/>\n<meta property=\"article:publisher\" content=\"https:\/\/www.facebook.com\/mojabochnia\" \/>\n<meta property=\"article:published_time\" content=\"2008-09-10T20:11:51+00:00\" \/>\n<meta property=\"article:modified_time\" content=\"2010-08-19T13:46:31+00:00\" \/>\n<meta name=\"author\" content=\"administrator\" \/>\n<meta name=\"twitter:card\" content=\"summary_large_image\" \/>\n<meta name=\"twitter:label1\" content=\"Written by\" \/>\n\t<meta name=\"twitter:data1\" content=\"administrator\" \/>\n<script type=\"application\/ld+json\" class=\"yoast-schema-graph\">{\"@context\":\"https:\/\/schema.org\",\"@graph\":[{\"@type\":\"Article\",\"@id\":\"https:\/\/www.mojabochnia.pl\/?p=1196#article\",\"isPartOf\":{\"@id\":\"https:\/\/www.mojabochnia.pl\/?p=1196\"},\"author\":{\"name\":\"administrator\",\"@id\":\"https:\/\/www.mojabochnia.pl\/#\/schema\/person\/c00e1f64e6fa0e6de6d410f2c340017f\"},\"headline\":\"PKP Bochnia &#8211; Krak\u00f3w\",\"datePublished\":\"2008-09-10T20:11:51+00:00\",\"dateModified\":\"2010-08-19T13:46:31+00:00\",\"mainEntityOfPage\":{\"@id\":\"https:\/\/www.mojabochnia.pl\/?p=1196\"},\"wordCount\":39,\"commentCount\":0,\"publisher\":{\"@id\":\"https:\/\/www.mojabochnia.pl\/#organization\"},\"keywords\":[\"Krak\u00f3w\",\"poci\u0105gi\",\"rozk\u0142ad jazdy\"],\"articleSection\":[\"Informator\",\"informator-szczegolne\"],\"inLanguage\":\"pl-PL\",\"potentialAction\":[{\"@type\":\"CommentAction\",\"name\":\"Comment\",\"target\":[\"https:\/\/www.mojabochnia.pl\/?p=1196#respond\"]}]},{\"@type\":\"WebPage\",\"@id\":\"https:\/\/www.mojabochnia.pl\/?p=1196\",\"url\":\"https:\/\/www.mojabochnia.pl\/?p=1196\",\"name\":\"PKP Bochnia - Krak\u00f3w - mojabochnia.pl - portal informacyjny\",\"isPartOf\":{\"@id\":\"https:\/\/www.mojabochnia.pl\/#website\"},\"datePublished\":\"2008-09-10T20:11:51+00:00\",\"dateModified\":\"2010-08-19T13:46:31+00:00\",\"breadcrumb\":{\"@id\":\"https:\/\/www.mojabochnia.pl\/?p=1196#breadcrumb\"},\"inLanguage\":\"pl-PL\",\"potentialAction\":[{\"@type\":\"ReadAction\",\"target\":[\"https:\/\/www.mojabochnia.pl\/?p=1196\"]}]},{\"@type\":\"BreadcrumbList\",\"@id\":\"https:\/\/www.mojabochnia.pl\/?p=1196#breadcrumb\",\"itemListElement\":[{\"@type\":\"ListItem\",\"position\":1,\"name\":\"Home\",\"item\":\"https:\/\/www.mojabochnia.pl\/\"},{\"@type\":\"ListItem\",\"position\":2,\"name\":\"PKP Bochnia &#8211; Krak\u00f3w\"}]},{\"@type\":\"WebSite\",\"@id\":\"https:\/\/www.mojabochnia.pl\/#website\",\"url\":\"https:\/\/www.mojabochnia.pl\/\",\"name\":\"mojabochnia.pl - portal informacyjny\",\"description\":\"mojaBochnia to portal informacyjny o Bochni. Codziennie o Bochni piszemy i pokazujemy najwa\u017cniejsze wydarzenia\",\"publisher\":{\"@id\":\"https:\/\/www.mojabochnia.pl\/#organization\"},\"potentialAction\":[{\"@type\":\"SearchAction\",\"target\":{\"@type\":\"EntryPoint\",\"urlTemplate\":\"https:\/\/www.mojabochnia.pl\/?s={search_term_string}\"},\"query-input\":{\"@type\":\"PropertyValueSpecification\",\"valueRequired\":true,\"valueName\":\"search_term_string\"}}],\"inLanguage\":\"pl-PL\"},{\"@type\":\"Organization\",\"@id\":\"https:\/\/www.mojabochnia.pl\/#organization\",\"name\":\"mojabochnia.pl - portal informacyjny\",\"url\":\"https:\/\/www.mojabochnia.pl\/\",\"logo\":{\"@type\":\"ImageObject\",\"inLanguage\":\"pl-PL\",\"@id\":\"https:\/\/www.mojabochnia.pl\/#\/schema\/logo\/image\/\",\"url\":\"https:\/\/www.mojabochnia.pl\/wp-content\/uploads\/2017\/08\/logo-mb-opt.png\",\"contentUrl\":\"https:\/\/www.mojabochnia.pl\/wp-content\/uploads\/2017\/08\/logo-mb-opt.png\",\"width\":250,\"height\":48,\"caption\":\"mojabochnia.pl - portal informacyjny\"},\"image\":{\"@id\":\"https:\/\/www.mojabochnia.pl\/#\/schema\/logo\/image\/\"},\"sameAs\":[\"https:\/\/www.facebook.com\/mojabochnia\"]},{\"@type\":\"Person\",\"@id\":\"https:\/\/www.mojabochnia.pl\/#\/schema\/person\/c00e1f64e6fa0e6de6d410f2c340017f\",\"name\":\"administrator\",\"url\":\"https:\/\/www.mojabochnia.pl\/?author=1\"}]}<\/script>\n<!-- \/ Yoast SEO plugin. -->","yoast_head_json":{"title":"PKP Bochnia - Krak\u00f3w - mojabochnia.pl - portal informacyjny","robots":{"index":"index","follow":"follow","max-snippet":"max-snippet:-1","max-image-preview":"max-image-preview:large","max-video-preview":"max-video-preview:-1"},"canonical":"https:\/\/www.mojabochnia.pl\/?p=1196","og_locale":"pl_PL","og_type":"article","og_title":"PKP Bochnia - Krak\u00f3w - mojabochnia.pl - portal informacyjny","og_description":"Odjazdy z Bochni do Krakowa 01:32,01:39, 04:13, 05:18, [30]05:49,[31]05:46, 06:19, [21]06:50,[13]06:56, [32] 07:25, 07:34,07:49,[33]08:03, [34]08:30, [35]08:42, [36]08:55, (D)10:01, [23]10:26,[37] 10:55,[64] [24]11:15, [38] 11:30, 12:15, [39]12:29, [40]12:42, 14:11, [41]14:30, [42]14:52, 15:15,[43]16:13,[11]16:30, 16:55, [44]17:02, [45]17:17, 18:06, 18:55, [46] 19:02,[47]19:26, [48] 19:30, 20:07,[49] 20:23, [50] 20:45, [51]20:51, 21:43, [52] 23.23 do stacji Krak\u00f3w G\u0142\u00f3wny wje\u017cd\u017ca o godz.: 2:30,","og_url":"https:\/\/www.mojabochnia.pl\/?p=1196","og_site_name":"mojabochnia.pl - portal informacyjny","article_publisher":"https:\/\/www.facebook.com\/mojabochnia","article_published_time":"2008-09-10T20:11:51+00:00","article_modified_time":"2010-08-19T13:46:31+00:00","author":"administrator","twitter_card":"summary_large_image","twitter_misc":{"Written by":"administrator"},"schema":{"@context":"https:\/\/schema.org","@graph":[{"@type":"Article","@id":"https:\/\/www.mojabochnia.pl\/?p=1196#article","isPartOf":{"@id":"https:\/\/www.mojabochnia.pl\/?p=1196"},"author":{"name":"administrator","@id":"https:\/\/www.mojabochnia.pl\/#\/schema\/person\/c00e1f64e6fa0e6de6d410f2c340017f"},"headline":"PKP Bochnia &#8211; Krak\u00f3w","datePublished":"2008-09-10T20:11:51+00:00","dateModified":"2010-08-19T13:46:31+00:00","mainEntityOfPage":{"@id":"https:\/\/www.mojabochnia.pl\/?p=1196"},"wordCount":39,"commentCount":0,"publisher":{"@id":"https:\/\/www.mojabochnia.pl\/#organization"},"keywords":["Krak\u00f3w","poci\u0105gi","rozk\u0142ad jazdy"],"articleSection":["Informator","informator-szczegolne"],"inLanguage":"pl-PL","potentialAction":[{"@type":"CommentAction","name":"Comment","target":["https:\/\/www.mojabochnia.pl\/?p=1196#respond"]}]},{"@type":"WebPage","@id":"https:\/\/www.mojabochnia.pl\/?p=1196","url":"https:\/\/www.mojabochnia.pl\/?p=1196","name":"PKP Bochnia - Krak\u00f3w - mojabochnia.pl - portal informacyjny","isPartOf":{"@id":"https:\/\/www.mojabochnia.pl\/#website"},"datePublished":"2008-09-10T20:11:51+00:00","dateModified":"2010-08-19T13:46:31+00:00","breadcrumb":{"@id":"https:\/\/www.mojabochnia.pl\/?p=1196#breadcrumb"},"inLanguage":"pl-PL","potentialAction":[{"@type":"ReadAction","target":["https:\/\/www.mojabochnia.pl\/?p=1196"]}]},{"@type":"BreadcrumbList","@id":"https:\/\/www.mojabochnia.pl\/?p=1196#breadcrumb","itemListElement":[{"@type":"ListItem","position":1,"name":"Home","item":"https:\/\/www.mojabochnia.pl\/"},{"@type":"ListItem","position":2,"name":"PKP Bochnia &#8211; Krak\u00f3w"}]},{"@type":"WebSite","@id":"https:\/\/www.mojabochnia.pl\/#website","url":"https:\/\/www.mojabochnia.pl\/","name":"mojabochnia.pl - portal informacyjny","description":"mojaBochnia to portal informacyjny o Bochni. Codziennie o Bochni piszemy i pokazujemy najwa\u017cniejsze wydarzenia","publisher":{"@id":"https:\/\/www.mojabochnia.pl\/#organization"},"potentialAction":[{"@type":"SearchAction","target":{"@type":"EntryPoint","urlTemplate":"https:\/\/www.mojabochnia.pl\/?s={search_term_string}"},"query-input":{"@type":"PropertyValueSpecification","valueRequired":true,"valueName":"search_term_string"}}],"inLanguage":"pl-PL"},{"@type":"Organization","@id":"https:\/\/www.mojabochnia.pl\/#organization","name":"mojabochnia.pl - portal informacyjny","url":"https:\/\/www.mojabochnia.pl\/","logo":{"@type":"ImageObject","inLanguage":"pl-PL","@id":"https:\/\/www.mojabochnia.pl\/#\/schema\/logo\/image\/","url":"https:\/\/www.mojabochnia.pl\/wp-content\/uploads\/2017\/08\/logo-mb-opt.png","contentUrl":"https:\/\/www.mojabochnia.pl\/wp-content\/uploads\/2017\/08\/logo-mb-opt.png","width":250,"height":48,"caption":"mojabochnia.pl - portal informacyjny"},"image":{"@id":"https:\/\/www.mojabochnia.pl\/#\/schema\/logo\/image\/"},"sameAs":["https:\/\/www.facebook.com\/mojabochnia"]},{"@type":"Person","@id":"https:\/\/www.mojabochnia.pl\/#\/schema\/person\/c00e1f64e6fa0e6de6d410f2c340017f","name":"administrator","url":"https:\/\/www.mojabochnia.pl\/?author=1"}]}},"_links":{"self":[{"href":"https:\/\/www.mojabochnia.pl\/index.php?rest_route=\/wp\/v2\/posts\/1196","targetHints":{"allow":["GET"]}}],"collection":[{"href":"https:\/\/www.mojabochnia.pl\/index.php?rest_route=\/wp\/v2\/posts"}],"about":[{"href":"https:\/\/www.mojabochnia.pl\/index.php?rest_route=\/wp\/v2\/types\/post"}],"author":[{"embeddable":true,"href":"https:\/\/www.mojabochnia.pl\/index.php?rest_route=\/wp\/v2\/users\/1"}],"replies":[{"embeddable":true,"href":"https:\/\/www.mojabochnia.pl\/index.php?rest_route=%2Fwp%2Fv2%2Fcomments&post=1196"}],"version-history":[{"count":0,"href":"https:\/\/www.mojabochnia.pl\/index.php?rest_route=\/wp\/v2\/posts\/1196\/revisions"}],"wp:attachment":[{"href":"https:\/\/www.mojabochnia.pl\/index.php?rest_route=%2Fwp%2Fv2%2Fmedia&parent=1196"}],"wp:term":[{"taxonomy":"category","embeddable":true,"href":"https:\/\/www.mojabochnia.pl\/index.php?rest_route=%2Fwp%2Fv2%2Fcategories&post=1196"},{"taxonomy":"post_tag","embeddable":true,"href":"https:\/\/www.mojabochnia.pl\/index.php?rest_route=%2Fwp%2Fv2%2Ftags&post=1196"}],"curies":[{"name":"wp","href":"https:\/\/api.w.org\/{rel}","templated":true}]}}