{"id":118384,"date":"2014-11-26T19:15:19","date_gmt":"2014-11-26T18:15:19","guid":{"rendered":"http:\/\/www.mojabochnia.pl\/?p=118384"},"modified":"2014-11-28T22:47:25","modified_gmt":"2014-11-28T21:47:25","slug":"debata-balicki-kolawinski-ich-pomysly-na-przyszlosc-bochni-zapis","status":"publish","type":"post","link":"https:\/\/www.mojabochnia.pl\/?p=118384","title":{"rendered":"Debata Balicki-Kolawi\u0144ski: ich pomys\u0142y na przysz\u0142o\u015b\u0107 Bochni? &#8211; zapis"},"content":{"rendered":"<p>Na pocz\u0105tku kandydaci wyja\u015bnili powody swojej nieobecno\u015bci na debacie przed pierwsz\u0105 tur\u0105 wybor\u00f3w. <\/p>\n<p>Nast\u0119pnie Jan Balicki i Stefan Kolawi\u0144ski odpowiadali na uzgodnione wcze\u015bniej pytania. Dotyczy\u0142y one pi\u0119ciu obszar\u00f3w tematycznych: rewitalizacja, kultura, polityka spo\u0142eczna, polityka gospodarcza oraz partycypacja. <\/p>\n<p>Ca\u0142a debata przebiega\u0142a w niezwykle kulturalnej i merytorycznej atmosferze. <\/p>\n\t  \r\n\t\r\n\t    <div class=\"mb-gallery\">\r\n\t    <a href=\"https:\/\/www.mojabochnia.pl\/?attachment_id=118388\" class=\"\"><img loading=\"lazy\" decoding=\"async\" width=\"67\" height=\"100\" src=\"https:\/\/www.mojabochnia.pl\/wp-content\/uploads\/2014\/11\/IMG_0407-120x180.jpg\" class=\"attachment-100x100 size-100x100\" alt=\"\" srcset=\"https:\/\/www.mojabochnia.pl\/wp-content\/uploads\/2014\/11\/IMG_0407-120x180.jpg 120w, https:\/\/www.mojabochnia.pl\/wp-content\/uploads\/2014\/11\/IMG_0407-152x228.jpg 152w, https:\/\/www.mojabochnia.pl\/wp-content\/uploads\/2014\/11\/IMG_0407.jpg 440w\" sizes=\"auto, (max-width: 67px) 100vw, 67px\" \/><\/a><a href=\"https:\/\/www.mojabochnia.pl\/?attachment_id=118389\" class=\"\"><img loading=\"lazy\" decoding=\"async\" width=\"67\" height=\"100\" src=\"https:\/\/www.mojabochnia.pl\/wp-content\/uploads\/2014\/11\/IMG_0408-120x180.jpg\" class=\"attachment-100x100 size-100x100\" alt=\"\" srcset=\"https:\/\/www.mojabochnia.pl\/wp-content\/uploads\/2014\/11\/IMG_0408-120x180.jpg 120w, https:\/\/www.mojabochnia.pl\/wp-content\/uploads\/2014\/11\/IMG_0408-152x228.jpg 152w, https:\/\/www.mojabochnia.pl\/wp-content\/uploads\/2014\/11\/IMG_0408.jpg 440w\" sizes=\"auto, (max-width: 67px) 100vw, 67px\" \/><\/a><a href=\"https:\/\/www.mojabochnia.pl\/?attachment_id=118390\" class=\"\"><img loading=\"lazy\" decoding=\"async\" width=\"100\" height=\"67\" src=\"https:\/\/www.mojabochnia.pl\/wp-content\/uploads\/2014\/11\/IMG_0410-120x80.jpg\" class=\"attachment-100x100 size-100x100\" alt=\"\" srcset=\"https:\/\/www.mojabochnia.pl\/wp-content\/uploads\/2014\/11\/IMG_0410-120x80.jpg 120w, https:\/\/www.mojabochnia.pl\/wp-content\/uploads\/2014\/11\/IMG_0410-468x312.jpg 468w, https:\/\/www.mojabochnia.pl\/wp-content\/uploads\/2014\/11\/IMG_0410-152x101.jpg 152w, https:\/\/www.mojabochnia.pl\/wp-content\/uploads\/2014\/11\/IMG_0410.jpg 660w\" sizes=\"auto, (max-width: 100px) 100vw, 100px\" \/><\/a><a href=\"https:\/\/www.mojabochnia.pl\/?attachment_id=118391\" class=\"\"><img loading=\"lazy\" decoding=\"async\" width=\"100\" height=\"67\" src=\"https:\/\/www.mojabochnia.pl\/wp-content\/uploads\/2014\/11\/IMG_0421-120x80.jpg\" class=\"attachment-100x100 size-100x100\" alt=\"\" srcset=\"https:\/\/www.mojabochnia.pl\/wp-content\/uploads\/2014\/11\/IMG_0421-120x80.jpg 120w, https:\/\/www.mojabochnia.pl\/wp-content\/uploads\/2014\/11\/IMG_0421-468x312.jpg 468w, https:\/\/www.mojabochnia.pl\/wp-content\/uploads\/2014\/11\/IMG_0421-152x101.jpg 152w, https:\/\/www.mojabochnia.pl\/wp-content\/uploads\/2014\/11\/IMG_0421.jpg 660w\" sizes=\"auto, (max-width: 100px) 100vw, 100px\" \/><\/a><a href=\"https:\/\/www.mojabochnia.pl\/?attachment_id=118393\" class=\"\"><img loading=\"lazy\" decoding=\"async\" width=\"100\" height=\"67\" src=\"https:\/\/www.mojabochnia.pl\/wp-content\/uploads\/2014\/11\/IMG_0425-120x80.jpg\" class=\"attachment-100x100 size-100x100\" alt=\"\" srcset=\"https:\/\/www.mojabochnia.pl\/wp-content\/uploads\/2014\/11\/IMG_0425-120x80.jpg 120w, https:\/\/www.mojabochnia.pl\/wp-content\/uploads\/2014\/11\/IMG_0425-468x312.jpg 468w, https:\/\/www.mojabochnia.pl\/wp-content\/uploads\/2014\/11\/IMG_0425-152x101.jpg 152w, https:\/\/www.mojabochnia.pl\/wp-content\/uploads\/2014\/11\/IMG_0425.jpg 660w\" sizes=\"auto, (max-width: 100px) 100vw, 100px\" \/><\/a><a href=\"https:\/\/www.mojabochnia.pl\/?attachment_id=118394\" class=\"\"><img loading=\"lazy\" decoding=\"async\" width=\"100\" height=\"67\" src=\"https:\/\/www.mojabochnia.pl\/wp-content\/uploads\/2014\/11\/IMG_0427-120x80.jpg\" class=\"attachment-100x100 size-100x100\" alt=\"\" srcset=\"https:\/\/www.mojabochnia.pl\/wp-content\/uploads\/2014\/11\/IMG_0427-120x80.jpg 120w, https:\/\/www.mojabochnia.pl\/wp-content\/uploads\/2014\/11\/IMG_0427-468x312.jpg 468w, https:\/\/www.mojabochnia.pl\/wp-content\/uploads\/2014\/11\/IMG_0427-152x101.jpg 152w, https:\/\/www.mojabochnia.pl\/wp-content\/uploads\/2014\/11\/IMG_0427.jpg 660w\" sizes=\"auto, (max-width: 100px) 100vw, 100px\" \/><\/a><a href=\"https:\/\/www.mojabochnia.pl\/?attachment_id=118395\" class=\"\"><img loading=\"lazy\" decoding=\"async\" width=\"100\" height=\"67\" src=\"https:\/\/www.mojabochnia.pl\/wp-content\/uploads\/2014\/11\/IMG_0430-120x80.jpg\" class=\"attachment-100x100 size-100x100\" alt=\"\" srcset=\"https:\/\/www.mojabochnia.pl\/wp-content\/uploads\/2014\/11\/IMG_0430-120x80.jpg 120w, https:\/\/www.mojabochnia.pl\/wp-content\/uploads\/2014\/11\/IMG_0430-468x312.jpg 468w, https:\/\/www.mojabochnia.pl\/wp-content\/uploads\/2014\/11\/IMG_0430-152x101.jpg 152w, https:\/\/www.mojabochnia.pl\/wp-content\/uploads\/2014\/11\/IMG_0430.jpg 660w\" sizes=\"auto, (max-width: 100px) 100vw, 100px\" \/><\/a><a href=\"https:\/\/www.mojabochnia.pl\/?attachment_id=118396\" class=\"\"><img loading=\"lazy\" decoding=\"async\" width=\"100\" height=\"67\" src=\"https:\/\/www.mojabochnia.pl\/wp-content\/uploads\/2014\/11\/IMG_0434-120x80.jpg\" class=\"attachment-100x100 size-100x100\" alt=\"\" srcset=\"https:\/\/www.mojabochnia.pl\/wp-content\/uploads\/2014\/11\/IMG_0434-120x80.jpg 120w, https:\/\/www.mojabochnia.pl\/wp-content\/uploads\/2014\/11\/IMG_0434-468x312.jpg 468w, https:\/\/www.mojabochnia.pl\/wp-content\/uploads\/2014\/11\/IMG_0434-152x101.jpg 152w, https:\/\/www.mojabochnia.pl\/wp-content\/uploads\/2014\/11\/IMG_0434.jpg 660w\" sizes=\"auto, (max-width: 100px) 100vw, 100px\" \/><\/a><a href=\"https:\/\/www.mojabochnia.pl\/?attachment_id=118397\" class=\"\"><img loading=\"lazy\" decoding=\"async\" width=\"100\" height=\"67\" src=\"https:\/\/www.mojabochnia.pl\/wp-content\/uploads\/2014\/11\/IMG_0439-120x80.jpg\" class=\"attachment-100x100 size-100x100\" alt=\"\" srcset=\"https:\/\/www.mojabochnia.pl\/wp-content\/uploads\/2014\/11\/IMG_0439-120x80.jpg 120w, https:\/\/www.mojabochnia.pl\/wp-content\/uploads\/2014\/11\/IMG_0439-468x312.jpg 468w, https:\/\/www.mojabochnia.pl\/wp-content\/uploads\/2014\/11\/IMG_0439-152x101.jpg 152w, https:\/\/www.mojabochnia.pl\/wp-content\/uploads\/2014\/11\/IMG_0439.jpg 660w\" sizes=\"auto, (max-width: 100px) 100vw, 100px\" \/><\/a><a href=\"https:\/\/www.mojabochnia.pl\/?attachment_id=118398\" class=\"\"><img loading=\"lazy\" decoding=\"async\" width=\"100\" height=\"56\" src=\"https:\/\/www.mojabochnia.pl\/wp-content\/uploads\/2014\/11\/IMG_0424-001-120x67.jpg\" class=\"attachment-100x100 size-100x100\" alt=\"\" srcset=\"https:\/\/www.mojabochnia.pl\/wp-content\/uploads\/2014\/11\/IMG_0424-001-120x67.jpg 120w, https:\/\/www.mojabochnia.pl\/wp-content\/uploads\/2014\/11\/IMG_0424-001-468x263.jpg 468w, https:\/\/www.mojabochnia.pl\/wp-content\/uploads\/2014\/11\/IMG_0424-001-152x85.jpg 152w, https:\/\/www.mojabochnia.pl\/wp-content\/uploads\/2014\/11\/IMG_0424-001.jpg 660w\" sizes=\"auto, (max-width: 100px) 100vw, 100px\" \/><\/a>\t    <\/div>\r\n\t    ","protected":false},"excerpt":{"rendered":"<p>Jan Balicki i Stefan Kolawi\u0144ski we wsp\u00f3lnej debacie pr\u00f3bowali przekona\u0107 do siebie mieszka\u0144c\u00f3w. Obejrzyj, kto wypad\u0142 lepiej i by\u0142 bardziej przekonuj\u0105cy. <\/p>\n","protected":false},"author":4,"featured_media":118398,"comment_status":"closed","ping_status":"closed","sticky":false,"template":"","format":"standard","meta":{"_acf_changed":false,"footnotes":""},"categories":[5,6247,6246,6251,6250,3633,3276],"tags":[17525,17380,7781,18465,18469],"class_list":["post-118384","post","type-post","status-publish","format-standard","has-post-thumbnail","hentry","category-biezace-wydarzenia","category-fotogaleria","category-medium","category-polityka-i-wydarzenia","category-tematyka","category-tv","category-tv-flesz","tag-debata","tag-jan-balicki","tag-stefan-kolawinski","tag-wybory-2014","tag-wybory-2014-burmistrz","main_tag-wybory"],"acf":[],"yoast_head":"<!-- This site is optimized with the Yoast SEO plugin v26.9 - https:\/\/yoast.com\/product\/yoast-seo-wordpress\/ -->\n<title>Debata Balicki-Kolawi\u0144ski: ich pomys\u0142y na przysz\u0142o\u015b\u0107 Bochni? - zapis - mojabochnia.pl - portal informacyjny<\/title>\n<meta name=\"robots\" content=\"index, follow, max-snippet:-1, max-image-preview:large, max-video-preview:-1\" \/>\n<link rel=\"canonical\" href=\"https:\/\/www.mojabochnia.pl\/?p=118384\" \/>\n<meta property=\"og:locale\" content=\"pl_PL\" \/>\n<meta property=\"og:type\" content=\"article\" \/>\n<meta property=\"og:title\" content=\"Debata Balicki-Kolawi\u0144ski: ich pomys\u0142y na przysz\u0142o\u015b\u0107 Bochni? - zapis - mojabochnia.pl - portal informacyjny\" \/>\n<meta property=\"og:description\" content=\"Jan Balicki i Stefan Kolawi\u0144ski we wsp\u00f3lnej debacie pr\u00f3bowali przekona\u0107 do siebie mieszka\u0144c\u00f3w. Obejrzyj, kto wypad\u0142 lepiej i by\u0142 bardziej przekonuj\u0105cy.\" \/>\n<meta property=\"og:url\" content=\"https:\/\/www.mojabochnia.pl\/?p=118384\" \/>\n<meta property=\"og:site_name\" content=\"mojabochnia.pl - portal informacyjny\" \/>\n<meta property=\"article:publisher\" content=\"https:\/\/www.facebook.com\/mojabochnia\" \/>\n<meta property=\"article:published_time\" content=\"2014-11-26T18:15:19+00:00\" \/>\n<meta property=\"article:modified_time\" content=\"2014-11-28T21:47:25+00:00\" \/>\n<meta property=\"og:image\" content=\"https:\/\/www.mojabochnia.pl\/wp-content\/uploads\/2014\/11\/IMG_0424-001.jpg\" \/>\n\t<meta property=\"og:image:width\" content=\"660\" \/>\n\t<meta property=\"og:image:height\" content=\"372\" \/>\n\t<meta property=\"og:image:type\" content=\"image\/jpeg\" \/>\n<meta name=\"author\" content=\"Pawe\u0142 Michalczyk\" \/>\n<meta name=\"twitter:card\" content=\"summary_large_image\" \/>\n<meta name=\"twitter:label1\" content=\"Written by\" \/>\n\t<meta name=\"twitter:data1\" content=\"Pawe\u0142 Michalczyk\" \/>\n<script type=\"application\/ld+json\" class=\"yoast-schema-graph\">{\"@context\":\"https:\/\/schema.org\",\"@graph\":[{\"@type\":\"Article\",\"@id\":\"https:\/\/www.mojabochnia.pl\/?p=118384#article\",\"isPartOf\":{\"@id\":\"https:\/\/www.mojabochnia.pl\/?p=118384\"},\"author\":{\"name\":\"Pawe\u0142 Michalczyk\",\"@id\":\"https:\/\/www.mojabochnia.pl\/#\/schema\/person\/ea042e4724a77627963f02166828ead4\"},\"headline\":\"Debata Balicki-Kolawi\u0144ski: ich pomys\u0142y na przysz\u0142o\u015b\u0107 Bochni? &#8211; zapis\",\"datePublished\":\"2014-11-26T18:15:19+00:00\",\"dateModified\":\"2014-11-28T21:47:25+00:00\",\"mainEntityOfPage\":{\"@id\":\"https:\/\/www.mojabochnia.pl\/?p=118384\"},\"wordCount\":71,\"publisher\":{\"@id\":\"https:\/\/www.mojabochnia.pl\/#organization\"},\"image\":{\"@id\":\"https:\/\/www.mojabochnia.pl\/?p=118384#primaryimage\"},\"thumbnailUrl\":\"https:\/\/www.mojabochnia.pl\/wp-content\/uploads\/2014\/11\/IMG_0424-001.jpg\",\"keywords\":[\"debata\",\"jan balicki\",\"stefan kolawi\u0144ski\",\"wybory-2014\",\"wybory-2014-burmistrz\"],\"articleSection\":[\"2_ostatnie\",\"fotogaleria\",\"Medium\",\"polityka i wydarzenia\",\"tematyka\",\"TV\",\"TV Flesz\"],\"inLanguage\":\"pl-PL\"},{\"@type\":\"WebPage\",\"@id\":\"https:\/\/www.mojabochnia.pl\/?p=118384\",\"url\":\"https:\/\/www.mojabochnia.pl\/?p=118384\",\"name\":\"Debata Balicki-Kolawi\u0144ski: ich pomys\u0142y na przysz\u0142o\u015b\u0107 Bochni? - zapis - mojabochnia.pl - portal informacyjny\",\"isPartOf\":{\"@id\":\"https:\/\/www.mojabochnia.pl\/#website\"},\"primaryImageOfPage\":{\"@id\":\"https:\/\/www.mojabochnia.pl\/?p=118384#primaryimage\"},\"image\":{\"@id\":\"https:\/\/www.mojabochnia.pl\/?p=118384#primaryimage\"},\"thumbnailUrl\":\"https:\/\/www.mojabochnia.pl\/wp-content\/uploads\/2014\/11\/IMG_0424-001.jpg\",\"datePublished\":\"2014-11-26T18:15:19+00:00\",\"dateModified\":\"2014-11-28T21:47:25+00:00\",\"breadcrumb\":{\"@id\":\"https:\/\/www.mojabochnia.pl\/?p=118384#breadcrumb\"},\"inLanguage\":\"pl-PL\",\"potentialAction\":[{\"@type\":\"ReadAction\",\"target\":[\"https:\/\/www.mojabochnia.pl\/?p=118384\"]}]},{\"@type\":\"ImageObject\",\"inLanguage\":\"pl-PL\",\"@id\":\"https:\/\/www.mojabochnia.pl\/?p=118384#primaryimage\",\"url\":\"https:\/\/www.mojabochnia.pl\/wp-content\/uploads\/2014\/11\/IMG_0424-001.jpg\",\"contentUrl\":\"https:\/\/www.mojabochnia.pl\/wp-content\/uploads\/2014\/11\/IMG_0424-001.jpg\",\"width\":660,\"height\":372,\"caption\":\"Pawe\u0142 Michalczyk\"},{\"@type\":\"BreadcrumbList\",\"@id\":\"https:\/\/www.mojabochnia.pl\/?p=118384#breadcrumb\",\"itemListElement\":[{\"@type\":\"ListItem\",\"position\":1,\"name\":\"Home\",\"item\":\"https:\/\/www.mojabochnia.pl\/\"},{\"@type\":\"ListItem\",\"position\":2,\"name\":\"Debata Balicki-Kolawi\u0144ski: ich pomys\u0142y na przysz\u0142o\u015b\u0107 Bochni? &#8211; zapis\"}]},{\"@type\":\"WebSite\",\"@id\":\"https:\/\/www.mojabochnia.pl\/#website\",\"url\":\"https:\/\/www.mojabochnia.pl\/\",\"name\":\"mojabochnia.pl - portal informacyjny\",\"description\":\"mojaBochnia to portal informacyjny o Bochni. Codziennie o Bochni piszemy i pokazujemy najwa\u017cniejsze wydarzenia\",\"publisher\":{\"@id\":\"https:\/\/www.mojabochnia.pl\/#organization\"},\"potentialAction\":[{\"@type\":\"SearchAction\",\"target\":{\"@type\":\"EntryPoint\",\"urlTemplate\":\"https:\/\/www.mojabochnia.pl\/?s={search_term_string}\"},\"query-input\":{\"@type\":\"PropertyValueSpecification\",\"valueRequired\":true,\"valueName\":\"search_term_string\"}}],\"inLanguage\":\"pl-PL\"},{\"@type\":\"Organization\",\"@id\":\"https:\/\/www.mojabochnia.pl\/#organization\",\"name\":\"mojabochnia.pl - portal informacyjny\",\"url\":\"https:\/\/www.mojabochnia.pl\/\",\"logo\":{\"@type\":\"ImageObject\",\"inLanguage\":\"pl-PL\",\"@id\":\"https:\/\/www.mojabochnia.pl\/#\/schema\/logo\/image\/\",\"url\":\"https:\/\/www.mojabochnia.pl\/wp-content\/uploads\/2017\/08\/logo-mb-opt.png\",\"contentUrl\":\"https:\/\/www.mojabochnia.pl\/wp-content\/uploads\/2017\/08\/logo-mb-opt.png\",\"width\":250,\"height\":48,\"caption\":\"mojabochnia.pl - portal informacyjny\"},\"image\":{\"@id\":\"https:\/\/www.mojabochnia.pl\/#\/schema\/logo\/image\/\"},\"sameAs\":[\"https:\/\/www.facebook.com\/mojabochnia\"]},{\"@type\":\"Person\",\"@id\":\"https:\/\/www.mojabochnia.pl\/#\/schema\/person\/ea042e4724a77627963f02166828ead4\",\"name\":\"Pawe\u0142 Michalczyk\",\"url\":\"https:\/\/www.mojabochnia.pl\/?author=4\"}]}<\/script>\n<!-- \/ Yoast SEO plugin. -->","yoast_head_json":{"title":"Debata Balicki-Kolawi\u0144ski: ich pomys\u0142y na przysz\u0142o\u015b\u0107 Bochni? - zapis - mojabochnia.pl - portal informacyjny","robots":{"index":"index","follow":"follow","max-snippet":"max-snippet:-1","max-image-preview":"max-image-preview:large","max-video-preview":"max-video-preview:-1"},"canonical":"https:\/\/www.mojabochnia.pl\/?p=118384","og_locale":"pl_PL","og_type":"article","og_title":"Debata Balicki-Kolawi\u0144ski: ich pomys\u0142y na przysz\u0142o\u015b\u0107 Bochni? - zapis - mojabochnia.pl - portal informacyjny","og_description":"Jan Balicki i Stefan Kolawi\u0144ski we wsp\u00f3lnej debacie pr\u00f3bowali przekona\u0107 do siebie mieszka\u0144c\u00f3w. Obejrzyj, kto wypad\u0142 lepiej i by\u0142 bardziej przekonuj\u0105cy.","og_url":"https:\/\/www.mojabochnia.pl\/?p=118384","og_site_name":"mojabochnia.pl - portal informacyjny","article_publisher":"https:\/\/www.facebook.com\/mojabochnia","article_published_time":"2014-11-26T18:15:19+00:00","article_modified_time":"2014-11-28T21:47:25+00:00","og_image":[{"width":660,"height":372,"url":"https:\/\/www.mojabochnia.pl\/wp-content\/uploads\/2014\/11\/IMG_0424-001.jpg","type":"image\/jpeg"}],"author":"Pawe\u0142 Michalczyk","twitter_card":"summary_large_image","twitter_misc":{"Written by":"Pawe\u0142 Michalczyk"},"schema":{"@context":"https:\/\/schema.org","@graph":[{"@type":"Article","@id":"https:\/\/www.mojabochnia.pl\/?p=118384#article","isPartOf":{"@id":"https:\/\/www.mojabochnia.pl\/?p=118384"},"author":{"name":"Pawe\u0142 Michalczyk","@id":"https:\/\/www.mojabochnia.pl\/#\/schema\/person\/ea042e4724a77627963f02166828ead4"},"headline":"Debata Balicki-Kolawi\u0144ski: ich pomys\u0142y na przysz\u0142o\u015b\u0107 Bochni? &#8211; zapis","datePublished":"2014-11-26T18:15:19+00:00","dateModified":"2014-11-28T21:47:25+00:00","mainEntityOfPage":{"@id":"https:\/\/www.mojabochnia.pl\/?p=118384"},"wordCount":71,"publisher":{"@id":"https:\/\/www.mojabochnia.pl\/#organization"},"image":{"@id":"https:\/\/www.mojabochnia.pl\/?p=118384#primaryimage"},"thumbnailUrl":"https:\/\/www.mojabochnia.pl\/wp-content\/uploads\/2014\/11\/IMG_0424-001.jpg","keywords":["debata","jan balicki","stefan kolawi\u0144ski","wybory-2014","wybory-2014-burmistrz"],"articleSection":["2_ostatnie","fotogaleria","Medium","polityka i wydarzenia","tematyka","TV","TV Flesz"],"inLanguage":"pl-PL"},{"@type":"WebPage","@id":"https:\/\/www.mojabochnia.pl\/?p=118384","url":"https:\/\/www.mojabochnia.pl\/?p=118384","name":"Debata Balicki-Kolawi\u0144ski: ich pomys\u0142y na przysz\u0142o\u015b\u0107 Bochni? - zapis - mojabochnia.pl - portal informacyjny","isPartOf":{"@id":"https:\/\/www.mojabochnia.pl\/#website"},"primaryImageOfPage":{"@id":"https:\/\/www.mojabochnia.pl\/?p=118384#primaryimage"},"image":{"@id":"https:\/\/www.mojabochnia.pl\/?p=118384#primaryimage"},"thumbnailUrl":"https:\/\/www.mojabochnia.pl\/wp-content\/uploads\/2014\/11\/IMG_0424-001.jpg","datePublished":"2014-11-26T18:15:19+00:00","dateModified":"2014-11-28T21:47:25+00:00","breadcrumb":{"@id":"https:\/\/www.mojabochnia.pl\/?p=118384#breadcrumb"},"inLanguage":"pl-PL","potentialAction":[{"@type":"ReadAction","target":["https:\/\/www.mojabochnia.pl\/?p=118384"]}]},{"@type":"ImageObject","inLanguage":"pl-PL","@id":"https:\/\/www.mojabochnia.pl\/?p=118384#primaryimage","url":"https:\/\/www.mojabochnia.pl\/wp-content\/uploads\/2014\/11\/IMG_0424-001.jpg","contentUrl":"https:\/\/www.mojabochnia.pl\/wp-content\/uploads\/2014\/11\/IMG_0424-001.jpg","width":660,"height":372,"caption":"Pawe\u0142 Michalczyk"},{"@type":"BreadcrumbList","@id":"https:\/\/www.mojabochnia.pl\/?p=118384#breadcrumb","itemListElement":[{"@type":"ListItem","position":1,"name":"Home","item":"https:\/\/www.mojabochnia.pl\/"},{"@type":"ListItem","position":2,"name":"Debata Balicki-Kolawi\u0144ski: ich pomys\u0142y na przysz\u0142o\u015b\u0107 Bochni? &#8211; zapis"}]},{"@type":"WebSite","@id":"https:\/\/www.mojabochnia.pl\/#website","url":"https:\/\/www.mojabochnia.pl\/","name":"mojabochnia.pl - portal informacyjny","description":"mojaBochnia to portal informacyjny o Bochni. Codziennie o Bochni piszemy i pokazujemy najwa\u017cniejsze wydarzenia","publisher":{"@id":"https:\/\/www.mojabochnia.pl\/#organization"},"potentialAction":[{"@type":"SearchAction","target":{"@type":"EntryPoint","urlTemplate":"https:\/\/www.mojabochnia.pl\/?s={search_term_string}"},"query-input":{"@type":"PropertyValueSpecification","valueRequired":true,"valueName":"search_term_string"}}],"inLanguage":"pl-PL"},{"@type":"Organization","@id":"https:\/\/www.mojabochnia.pl\/#organization","name":"mojabochnia.pl - portal informacyjny","url":"https:\/\/www.mojabochnia.pl\/","logo":{"@type":"ImageObject","inLanguage":"pl-PL","@id":"https:\/\/www.mojabochnia.pl\/#\/schema\/logo\/image\/","url":"https:\/\/www.mojabochnia.pl\/wp-content\/uploads\/2017\/08\/logo-mb-opt.png","contentUrl":"https:\/\/www.mojabochnia.pl\/wp-content\/uploads\/2017\/08\/logo-mb-opt.png","width":250,"height":48,"caption":"mojabochnia.pl - portal informacyjny"},"image":{"@id":"https:\/\/www.mojabochnia.pl\/#\/schema\/logo\/image\/"},"sameAs":["https:\/\/www.facebook.com\/mojabochnia"]},{"@type":"Person","@id":"https:\/\/www.mojabochnia.pl\/#\/schema\/person\/ea042e4724a77627963f02166828ead4","name":"Pawe\u0142 Michalczyk","url":"https:\/\/www.mojabochnia.pl\/?author=4"}]}},"_links":{"self":[{"href":"https:\/\/www.mojabochnia.pl\/index.php?rest_route=\/wp\/v2\/posts\/118384","targetHints":{"allow":["GET"]}}],"collection":[{"href":"https:\/\/www.mojabochnia.pl\/index.php?rest_route=\/wp\/v2\/posts"}],"about":[{"href":"https:\/\/www.mojabochnia.pl\/index.php?rest_route=\/wp\/v2\/types\/post"}],"author":[{"embeddable":true,"href":"https:\/\/www.mojabochnia.pl\/index.php?rest_route=\/wp\/v2\/users\/4"}],"replies":[{"embeddable":true,"href":"https:\/\/www.mojabochnia.pl\/index.php?rest_route=%2Fwp%2Fv2%2Fcomments&post=118384"}],"version-history":[{"count":4,"href":"https:\/\/www.mojabochnia.pl\/index.php?rest_route=\/wp\/v2\/posts\/118384\/revisions"}],"predecessor-version":[{"id":118399,"href":"https:\/\/www.mojabochnia.pl\/index.php?rest_route=\/wp\/v2\/posts\/118384\/revisions\/118399"}],"wp:featuredmedia":[{"embeddable":true,"href":"https:\/\/www.mojabochnia.pl\/index.php?rest_route=\/wp\/v2\/media\/118398"}],"wp:attachment":[{"href":"https:\/\/www.mojabochnia.pl\/index.php?rest_route=%2Fwp%2Fv2%2Fmedia&parent=118384"}],"wp:term":[{"taxonomy":"category","embeddable":true,"href":"https:\/\/www.mojabochnia.pl\/index.php?rest_route=%2Fwp%2Fv2%2Fcategories&post=118384"},{"taxonomy":"post_tag","embeddable":true,"href":"https:\/\/www.mojabochnia.pl\/index.php?rest_route=%2Fwp%2Fv2%2Ftags&post=118384"}],"curies":[{"name":"wp","href":"https:\/\/api.w.org\/{rel}","templated":true}]}}